{"id":38725,"date":"2024-01-10T12:28:36","date_gmt":"2024-01-10T10:28:36","guid":{"rendered":"https:\/\/www.gereso.com\/actualites\/?p=38725"},"modified":"2024-01-10T12:32:15","modified_gmt":"2024-01-10T10:32:15","slug":"reduction-ecarts-remuneration-femmes-hommes-fpe","status":"publish","type":"post","link":"https:\/\/www.gereso.com\/actualites\/2024\/01\/10\/reduction-ecarts-remuneration-femmes-hommes-fpe\/","title":{"rendered":"R\u00e9duction des \u00e9carts de r\u00e9mun\u00e9ration entre les femmes et les hommes dans la FPE"},"content":{"rendered":"\n<p>Pour application des dispositions des articles L. 132-9-2 \u00e0 L. 132-9-5 du Code g\u00e9n\u00e9ral de la fonction publique visant \u00e0 renforcer l\u2019acc\u00e8s des femmes aux responsabilit\u00e9s dans la fonction publique pour ce qui concerne les administrations de l\u2019\u00c9tat et ses \u00e9tablissements publics, \u00e0 l\u2019exclusion des \u00e9tablissements publics industriels et commerciaux, le d\u00e9cret, qui vient de para\u00eetre, d\u00e9finit les indicateurs permettant de mesurer les \u00e9carts de r\u00e9mun\u00e9ration et de situation entre les femmes et les hommes dans la FPE.<\/p>\n\n\n\n<p>Il pr\u00e9cise en outre les modalit\u00e9s de publication des r\u00e9sultats de ces indicateurs et d\u2019information<br>des instances de dialogue social.<\/p>\n\n\n\n<p>Il pr\u00e9voit enfin le r\u00e9gime des sanctions applicables en cas de non-publication des r\u00e9sultats ou lorsque ces r\u00e9sultats sont inf\u00e9rieurs \u00e0 une cible fix\u00e9e par d\u00e9cret.<\/p>\n\n\n\n<p><em><a href=\"https:\/\/www.legifrance.gouv.fr\/jorf\/id\/JORFTEXT000048514563\" target=\"_blank\" rel=\"noreferrer noopener\">D\u00e9cret n\u00b0 2023-1136 du 5 d\u00e9cembre 2023 <\/a>relatif \u00e0 la mesure et \u00e0 la r\u00e9duction des \u00e9carts de r\u00e9mun\u00e9ration entre les femmes et les hommes dans la fonction publique de l\u2019\u00c9tat.<\/em><\/p>\n","protected":false},"excerpt":{"rendered":"<p>Pour application des dispositions des articles L. 132-9-2 \u00e0 L. 132-9-5 du Code g\u00e9n\u00e9ral de la fonction publique visant \u00e0 renforcer l\u2019acc\u00e8s des femmes aux responsabilit\u00e9s dans la fonction publique pour ce qui concerne les administrations de l\u2019\u00c9tat et ses \u00e9tablissements publics, \u00e0 l\u2019exclusion des \u00e9tablissements publics industriels et commerciaux, le d\u00e9cret, qui vient de [&hellip;]<\/p>\n","protected":false},"author":32,"featured_media":0,"comment_status":"open","ping_status":"open","sticky":false,"template":"","format":"quote","meta":{"_acf_changed":false,"_mi_skip_tracking":false,"footnotes":""},"categories":[12,6],"tags":[],"class_list":["post-38725","post","type-post","status-publish","format-quote","hentry","category-actualites","category-fonction-publique","post_format-post-format-quote"],"acf":[],"yoast_head":"<!-- This site is optimized with the Yoast SEO plugin v23.4 - https:\/\/yoast.com\/wordpress\/plugins\/seo\/ -->\n<title>R\u00e9duction des \u00e9carts de r\u00e9mun\u00e9ration entre les femmes et les hommes dans la FPE - Le Blog GERESO<\/title>\n<meta name=\"robots\" content=\"index, follow, max-snippet:-1, max-image-preview:large, max-video-preview:-1\" \/>\n<link rel=\"canonical\" href=\"https:\/\/www.gereso.com\/actualites\/2024\/01\/10\/reduction-ecarts-remuneration-femmes-hommes-fpe\/\" \/>\n<meta property=\"og:locale\" content=\"fr_FR\" \/>\n<meta property=\"og:type\" content=\"article\" \/>\n<meta property=\"og:title\" content=\"R\u00e9duction des \u00e9carts de r\u00e9mun\u00e9ration entre les femmes et les hommes dans la FPE - Le Blog GERESO\" \/>\n<meta property=\"og:description\" content=\"Pour application des dispositions des articles L. 132-9-2 \u00e0 L. 132-9-5 du Code g\u00e9n\u00e9ral de la fonction publique visant \u00e0 renforcer l\u2019acc\u00e8s des femmes aux responsabilit\u00e9s dans la fonction publique pour ce qui concerne les administrations de l\u2019\u00c9tat et ses \u00e9tablissements publics, \u00e0 l\u2019exclusion des \u00e9tablissements publics industriels et commerciaux, le d\u00e9cret, qui vient de [&hellip;]\" \/>\n<meta property=\"og:url\" content=\"https:\/\/www.gereso.com\/actualites\/2024\/01\/10\/reduction-ecarts-remuneration-femmes-hommes-fpe\/\" \/>\n<meta property=\"og:site_name\" content=\"Le Blog GERESO\" \/>\n<meta property=\"article:published_time\" content=\"2024-01-10T10:28:36+00:00\" \/>\n<meta property=\"article:modified_time\" content=\"2024-01-10T10:32:15+00:00\" \/>\n<meta name=\"author\" content=\"\u00c9quipe GERESO\" \/>\n<meta name=\"twitter:card\" content=\"summary_large_image\" \/>\n<script type=\"application\/ld+json\" class=\"yoast-schema-graph\">{\"@context\":\"https:\/\/schema.org\",\"@graph\":[{\"@type\":\"WebPage\",\"@id\":\"https:\/\/www.gereso.com\/actualites\/2024\/01\/10\/reduction-ecarts-remuneration-femmes-hommes-fpe\/\",\"url\":\"https:\/\/www.gereso.com\/actualites\/2024\/01\/10\/reduction-ecarts-remuneration-femmes-hommes-fpe\/\",\"name\":\"R\u00e9duction des \u00e9carts de r\u00e9mun\u00e9ration entre les femmes et les hommes dans la FPE - Le Blog GERESO\",\"isPartOf\":{\"@id\":\"https:\/\/www.gereso.com\/actualites\/#website\"},\"datePublished\":\"2024-01-10T10:28:36+00:00\",\"dateModified\":\"2024-01-10T10:32:15+00:00\",\"author\":{\"@id\":\"https:\/\/www.gereso.com\/actualites\/#\/schema\/person\/197d8aef40cb4ae3f6a0aa9e1d3df2a6\"},\"breadcrumb\":{\"@id\":\"https:\/\/www.gereso.com\/actualites\/2024\/01\/10\/reduction-ecarts-remuneration-femmes-hommes-fpe\/#breadcrumb\"},\"inLanguage\":\"fr-FR\",\"potentialAction\":[{\"@type\":\"ReadAction\",\"target\":[\"https:\/\/www.gereso.com\/actualites\/2024\/01\/10\/reduction-ecarts-remuneration-femmes-hommes-fpe\/\"]}]},{\"@type\":\"BreadcrumbList\",\"@id\":\"https:\/\/www.gereso.com\/actualites\/2024\/01\/10\/reduction-ecarts-remuneration-femmes-hommes-fpe\/#breadcrumb\",\"itemListElement\":[{\"@type\":\"ListItem\",\"position\":1,\"name\":\"Home\",\"item\":\"https:\/\/www.gereso.com\/actualites\/\"},{\"@type\":\"ListItem\",\"position\":2,\"name\":\"R\u00e9duction des \u00e9carts de r\u00e9mun\u00e9ration entre les femmes et les hommes dans la FPE\"}]},{\"@type\":\"WebSite\",\"@id\":\"https:\/\/www.gereso.com\/actualites\/#website\",\"url\":\"https:\/\/www.gereso.com\/actualites\/\",\"name\":\"Le Blog GERESO\",\"description\":\"Toute l&#039;actu RH, Finance, Fonction Publique, Management...\",\"potentialAction\":[{\"@type\":\"SearchAction\",\"target\":{\"@type\":\"EntryPoint\",\"urlTemplate\":\"https:\/\/www.gereso.com\/actualites\/?s={search_term_string}\"},\"query-input\":{\"@type\":\"PropertyValueSpecification\",\"valueRequired\":true,\"valueName\":\"search_term_string\"}}],\"inLanguage\":\"fr-FR\"},{\"@type\":\"Person\",\"@id\":\"https:\/\/www.gereso.com\/actualites\/#\/schema\/person\/197d8aef40cb4ae3f6a0aa9e1d3df2a6\",\"name\":\"\u00c9quipe GERESO\",\"image\":{\"@type\":\"ImageObject\",\"inLanguage\":\"fr-FR\",\"@id\":\"https:\/\/www.gereso.com\/actualites\/#\/schema\/person\/image\/\",\"url\":\"https:\/\/www.gereso.com\/actualites\/wp-content\/uploads\/2013\/12\/avatar-gereso-1.png\",\"contentUrl\":\"https:\/\/www.gereso.com\/actualites\/wp-content\/uploads\/2013\/12\/avatar-gereso-1.png\",\"caption\":\"\u00c9quipe GERESO\"},\"url\":\"https:\/\/www.gereso.com\/actualites\/author\/gereso\/\"}]}<\/script>\n<!-- \/ Yoast SEO plugin. -->","yoast_head_json":{"title":"R\u00e9duction des \u00e9carts de r\u00e9mun\u00e9ration entre les femmes et les hommes dans la FPE - Le Blog GERESO","robots":{"index":"index","follow":"follow","max-snippet":"max-snippet:-1","max-image-preview":"max-image-preview:large","max-video-preview":"max-video-preview:-1"},"canonical":"https:\/\/www.gereso.com\/actualites\/2024\/01\/10\/reduction-ecarts-remuneration-femmes-hommes-fpe\/","og_locale":"fr_FR","og_type":"article","og_title":"R\u00e9duction des \u00e9carts de r\u00e9mun\u00e9ration entre les femmes et les hommes dans la FPE - Le Blog GERESO","og_description":"Pour application des dispositions des articles L. 132-9-2 \u00e0 L. 132-9-5 du Code g\u00e9n\u00e9ral de la fonction publique visant \u00e0 renforcer l\u2019acc\u00e8s des femmes aux responsabilit\u00e9s dans la fonction publique pour ce qui concerne les administrations de l\u2019\u00c9tat et ses \u00e9tablissements publics, \u00e0 l\u2019exclusion des \u00e9tablissements publics industriels et commerciaux, le d\u00e9cret, qui vient de [&hellip;]","og_url":"https:\/\/www.gereso.com\/actualites\/2024\/01\/10\/reduction-ecarts-remuneration-femmes-hommes-fpe\/","og_site_name":"Le Blog GERESO","article_published_time":"2024-01-10T10:28:36+00:00","article_modified_time":"2024-01-10T10:32:15+00:00","author":"\u00c9quipe GERESO","twitter_card":"summary_large_image","schema":{"@context":"https:\/\/schema.org","@graph":[{"@type":"WebPage","@id":"https:\/\/www.gereso.com\/actualites\/2024\/01\/10\/reduction-ecarts-remuneration-femmes-hommes-fpe\/","url":"https:\/\/www.gereso.com\/actualites\/2024\/01\/10\/reduction-ecarts-remuneration-femmes-hommes-fpe\/","name":"R\u00e9duction des \u00e9carts de r\u00e9mun\u00e9ration entre les femmes et les hommes dans la FPE - Le Blog GERESO","isPartOf":{"@id":"https:\/\/www.gereso.com\/actualites\/#website"},"datePublished":"2024-01-10T10:28:36+00:00","dateModified":"2024-01-10T10:32:15+00:00","author":{"@id":"https:\/\/www.gereso.com\/actualites\/#\/schema\/person\/197d8aef40cb4ae3f6a0aa9e1d3df2a6"},"breadcrumb":{"@id":"https:\/\/www.gereso.com\/actualites\/2024\/01\/10\/reduction-ecarts-remuneration-femmes-hommes-fpe\/#breadcrumb"},"inLanguage":"fr-FR","potentialAction":[{"@type":"ReadAction","target":["https:\/\/www.gereso.com\/actualites\/2024\/01\/10\/reduction-ecarts-remuneration-femmes-hommes-fpe\/"]}]},{"@type":"BreadcrumbList","@id":"https:\/\/www.gereso.com\/actualites\/2024\/01\/10\/reduction-ecarts-remuneration-femmes-hommes-fpe\/#breadcrumb","itemListElement":[{"@type":"ListItem","position":1,"name":"Home","item":"https:\/\/www.gereso.com\/actualites\/"},{"@type":"ListItem","position":2,"name":"R\u00e9duction des \u00e9carts de r\u00e9mun\u00e9ration entre les femmes et les hommes dans la FPE"}]},{"@type":"WebSite","@id":"https:\/\/www.gereso.com\/actualites\/#website","url":"https:\/\/www.gereso.com\/actualites\/","name":"Le Blog GERESO","description":"Toute l&#039;actu RH, Finance, Fonction Publique, Management...","potentialAction":[{"@type":"SearchAction","target":{"@type":"EntryPoint","urlTemplate":"https:\/\/www.gereso.com\/actualites\/?s={search_term_string}"},"query-input":{"@type":"PropertyValueSpecification","valueRequired":true,"valueName":"search_term_string"}}],"inLanguage":"fr-FR"},{"@type":"Person","@id":"https:\/\/www.gereso.com\/actualites\/#\/schema\/person\/197d8aef40cb4ae3f6a0aa9e1d3df2a6","name":"\u00c9quipe GERESO","image":{"@type":"ImageObject","inLanguage":"fr-FR","@id":"https:\/\/www.gereso.com\/actualites\/#\/schema\/person\/image\/","url":"https:\/\/www.gereso.com\/actualites\/wp-content\/uploads\/2013\/12\/avatar-gereso-1.png","contentUrl":"https:\/\/www.gereso.com\/actualites\/wp-content\/uploads\/2013\/12\/avatar-gereso-1.png","caption":"\u00c9quipe GERESO"},"url":"https:\/\/www.gereso.com\/actualites\/author\/gereso\/"}]}},"_links":{"self":[{"href":"https:\/\/www.gereso.com\/actualites\/wp-json\/wp\/v2\/posts\/38725","targetHints":{"allow":["GET"]}}],"collection":[{"href":"https:\/\/www.gereso.com\/actualites\/wp-json\/wp\/v2\/posts"}],"about":[{"href":"https:\/\/www.gereso.com\/actualites\/wp-json\/wp\/v2\/types\/post"}],"author":[{"embeddable":true,"href":"https:\/\/www.gereso.com\/actualites\/wp-json\/wp\/v2\/users\/32"}],"replies":[{"embeddable":true,"href":"https:\/\/www.gereso.com\/actualites\/wp-json\/wp\/v2\/comments?post=38725"}],"version-history":[{"count":1,"href":"https:\/\/www.gereso.com\/actualites\/wp-json\/wp\/v2\/posts\/38725\/revisions"}],"predecessor-version":[{"id":38726,"href":"https:\/\/www.gereso.com\/actualites\/wp-json\/wp\/v2\/posts\/38725\/revisions\/38726"}],"wp:attachment":[{"href":"https:\/\/www.gereso.com\/actualites\/wp-json\/wp\/v2\/media?parent=38725"}],"wp:term":[{"taxonomy":"category","embeddable":true,"href":"https:\/\/www.gereso.com\/actualites\/wp-json\/wp\/v2\/categories?post=38725"},{"taxonomy":"post_tag","embeddable":true,"href":"https:\/\/www.gereso.com\/actualites\/wp-json\/wp\/v2\/tags?post=38725"}],"curies":[{"name":"wp","href":"https:\/\/api.w.org\/{rel}","templated":true}]}}