{"id":38734,"date":"2024-01-10T15:13:06","date_gmt":"2024-01-10T13:13:06","guid":{"rendered":"https:\/\/www.gereso.com\/actualites\/?p=38734"},"modified":"2024-01-11T09:52:12","modified_gmt":"2024-01-11T07:52:12","slug":"panorama-saisies-salaires-definition-obligations-charge-employeurs-dernieres-nouveautes","status":"publish","type":"post","link":"https:\/\/www.gereso.com\/actualites\/2024\/01\/10\/panorama-saisies-salaires-definition-obligations-charge-employeurs-dernieres-nouveautes\/","title":{"rendered":"Panorama des saisies sur salaires : d\u00e9finition, obligations \u00e0 charge des employeurs et derni\u00e8res nouveaut\u00e9s"},"content":{"rendered":"\n\n\n<p>Il y a deux formes de saisie sur salaire, chacune n\u00e9cessitant une gestion diff\u00e9rente dans le traitement de la paie&nbsp;:<\/p>\n\n\n\n<ul class=\"wp-block-list\">\n<li><strong>la saisie sur r\u00e9mun\u00e9ration&nbsp;:<\/strong> dans ce cas, le cr\u00e9ancier (ex&nbsp;: banque) sollicite le tribunal pour mettre en place une proc\u00e9dure de saisie sur r\u00e9mun\u00e9ration en cas de non-paiement de la dette par le salari\u00e9. Le montant pr\u00e9lev\u00e9 est ensuite envoy\u00e9 au greffe du tribunal, qui reverse le montant d\u00fb par le salari\u00e9 au cr\u00e9ancier&nbsp;;<\/li>\n\n\n\n<li><strong>la saisie administrative \u00e0 tiers d\u00e9tenteur&nbsp;:<\/strong> cette forme de saisie sur salaire concerne les dettes publiques (ex&nbsp;: dettes fiscales&nbsp;; amendes impay\u00e9es&nbsp;; frais hospitaliers&nbsp;; etc.) et ne passe pas par le tribunal car le montant saisi est directement vers\u00e9 au comptable public.<\/li>\n<\/ul>\n\n\n\n<p>Simple dans son principe, la saisie sur salaire est relativement complexe dans ses modalit\u00e9s d\u2019application et ne peut faire abstraction des montants non saisissables. Elle fait peser de lourdes charges sur l\u2019employeur.<\/p>\n\n\n\n<p>Depuis plusieurs ann\u00e9es, le droit des saisies est devenu plus favorable aux cr\u00e9anciers, notamment d\u2019une pension alimentaire, et la proc\u00e9dure a \u00e9t\u00e9 simplifi\u00e9e dans ce cas, en particulier avec l\u2019intervention des <em>\u00ab&nbsp;Caisses d\u2019allocations familiales&nbsp;\u00bb<\/em> [CAF].<\/p>\n\n\n\n<p>L\u2019on verra enfin les changements qui seront apport\u00e9s par la loi n\u00b0 2023-1059 du 20 novembre 2023 <em>\u00ab&nbsp;d\u2019orientation et de programmation du minist\u00e8re de la Justice<\/em> [pour la p\u00e9riode]<em> 2023-2027&nbsp;\u00bb<\/em>.<\/p>\n\n\n\n<h2 style=\"color:#D10016\"><strong>1. La d\u00e9finition de la saisie sur salaire<\/strong><\/h2>\n\n\n\n<p>Les textes relatifs aux saisies sur salaire sont pr\u00e9vus aux <a href=\"https:\/\/www.legifrance.gouv.fr\/codes\/article_lc\/LEGIARTI000006902877\" target=\"_blank\" rel=\"noreferrer noopener\">articles L. 3252-1 et suivants du Code du travail.<\/a><\/p>\n\n\n\n<p>L\u2019article L. 3252-1 pose les fondements&nbsp;: <em>\u00ab&nbsp;Les dispositions du pr\u00e9sent chapitre sont applicables aux sommes dues \u00e0 titre de r\u00e9mun\u00e9ration \u00e0 toute personne salari\u00e9e ou travaillant, \u00e0 quelque titre ou en quelque lieu que ce soit, pour un ou plusieurs employeurs, quels que soient le montant et la nature de sa r\u00e9mun\u00e9ration, la forme et la nature de son contrat.&nbsp;\u00bb<\/em><\/p>\n\n\n\n<p>L\u2019article L. 3252-2 temp\u00e8re imm\u00e9diatement ce principe en apportant des limites \u00e0 ce qui peut faire l\u2019objet d\u2019une saisie&nbsp;: <em>\u00ab&nbsp;Sous r\u00e9serve des dispositions relatives aux pensions alimentaires pr\u00e9vues \u00e0 l&rsquo;article L. 3252-5, les sommes dues \u00e0 titre de r\u00e9mun\u00e9ration ne sont saisissables ou cessibles que dans des proportions et selon des seuils de r\u00e9mun\u00e9ration affect\u00e9s d&rsquo;un correctif pour toute personne \u00e0 charge, d\u00e9termin\u00e9s par d\u00e9cret en Conseil d\u2019\u00c9tat. Ce d\u00e9cret pr\u00e9cise les conditions dans lesquelles ces seuils et correctifs sont r\u00e9vis\u00e9s en fonction de l&rsquo;\u00e9volution des circonstances \u00e9conomiques&nbsp;\u00bb<\/em>.<\/p>\n\n\n\n<p>L\u2019on trouve le pendant dans la partie r\u00e9glementaire du Code du travail \u00e0 l\u2019<a href=\"https:\/\/www.legifrance.gouv.fr\/codes\/article_lc\/LEGIARTI000031694644\" target=\"_blank\" rel=\"noreferrer noopener\">article R. 3252-5<\/a> pour ce qui est de la somme laiss\u00e9e dans tous les cas \u00e0 la disposition du salari\u00e9.<\/p>\n\n\n\n<p>Les r\u00e8gles concernant la <em>\u00ab&nbsp;fraction insaisissable&nbsp;\u00bb<\/em> ont \u00e9t\u00e9 modifi\u00e9es par la <a href=\"https:\/\/www.legifrance.gouv.fr\/loda\/id\/JORFTEXT000033734169\" target=\"_blank\" rel=\"noreferrer noopener\">loi de finances n\u00b0 2016-1917 du 29 d\u00e9cembre 2016<\/a> ainsi que par l&rsquo;<a href=\"https:\/\/www.legifrance.gouv.fr\/jorf\/id\/JORFTEXT000035607495\" target=\"_blank\" rel=\"noreferrer noopener\">ordonnance n\u00b0 2017-1390 du 22 septembre 2017.<\/a><\/p>\n\n\n\n<p>Cette ordonnance a pr\u00e9cis\u00e9 que les normes r\u00e9gissant la <em>\u00ab&nbsp;fraction insaisissable&nbsp;\u00bb<\/em> \u2013 o\u00f9 il est tenu compte du <em>\u00ab&nbsp;montant de la r\u00e9mun\u00e9ration&nbsp;\u00bb<\/em>, de ses <em>\u00ab&nbsp;accessoires&nbsp;\u00bb<\/em>, ainsi que de la <em>\u00ab&nbsp;valeur des avantages en nature&nbsp;\u00bb<\/em>, apr\u00e8s <em>\u00ab&nbsp;d\u00e9duction des cotisations et contributions sociales obligatoires et de la retenue \u00e0 la source&nbsp;\u00bb<\/em> \u2013 s\u2019appliquent <em>\u00ab&nbsp;aux revenus per\u00e7us ou r\u00e9alis\u00e9s \u00e0 compter du 1<sup>er<\/sup> janvier 2019&nbsp;\u00bb<\/em>.<\/p>\n\n\n\n<p>Il en va de m\u00eame pour la <em>\u00ab&nbsp;fraction insaisissable&nbsp;\u00bb<\/em> \u00e9gale au montant forfaitaire mentionn\u00e9 \u00e0 l\u2019article L. 262-2 du Code de l&rsquo;action sociale et des familles, article qui pose le principe de l\u2019attribution du <em>\u00ab&nbsp;Revenu de solidarit\u00e9 active&nbsp;\u00bb<\/em> [RSA].<\/p>\n\n\n\n<p>La <strong>fraction non saisissable<\/strong> est de<strong> 607,75 euros depuis le 1<sup>er<\/sup> avril 2023 <\/strong>pour une personne vivant seule et sans personne \u00e0 charge.<\/p>\n\n\n\n<p>Ce montant est r\u00e9vis\u00e9 annuellement au 1<sup>er<\/sup> avril (<a href=\"https:\/\/www.legifrance.gouv.fr\/jorf\/id\/JORFTEXT000047521562\" target=\"_blank\" rel=\"noreferrer noopener\">D\u00e9cret n\u00b0 2023-340 du 4 mai 2023<\/a> <em>\u00ab&nbsp;portant revalorisation du montant forfaitaire du revenu de solidarit\u00e9 active&nbsp;\u00bb<\/em>).<\/p>\n\n\n\n<h2 style=\"color:#D10016\"><strong>2. La proc\u00e9dure de saisie<\/strong><\/h2>\n\n\n\n<p>Un<strong> cr\u00e9ancier<\/strong> est d\u00e9fini comme une personne \u2013 physique ou morale \u2013 qui peut faire constater sa cr\u00e9ance (ex&nbsp;: le paiement d\u2019une somme d\u2019argent) et se pr\u00e9valoir d\u2019un titre ex\u00e9cutoire lui permettant d\u2019obtenir le recouvrement forc\u00e9 de celle-ci.<\/p>\n\n\n\n<p>La cr\u00e9ance doit \u00eatre <strong>liquide et exigible <\/strong>(v. pour de plus amples d\u00e9veloppements, le <em>\u00ab&nbsp;Code des proc\u00e9dures civiles d\u2019ex\u00e9cution&nbsp;\u00bb<\/em> et tout ce qui concerne les rapports entre cr\u00e9ancier et d\u00e9biteur, ainsi que les proc\u00e9dures d\u2019injonction de payer, qui sont des domaines extr\u00eamement vastes et complexes). Le premier exemple qui vient \u00e0 l\u2019esprit est celui des pensions alimentaires non pay\u00e9es, mais il existe bien d\u2019autres cas de figure diff\u00e9rents.<\/p>\n\n\n\n<p>En principe, il appartient au cr\u00e9ancier de saisir le tribunal territorialement comp\u00e9tent eu \u00e9gard au domicile du d\u00e9biteur.<\/p>\n\n\n\n<p>Cette <strong>saisine est op\u00e9r\u00e9e par le biais d\u2019une <em>\u00ab\u00a0req<\/em><\/strong><em><strong>u\u00eate<\/strong>\u00a0\u00bb<\/em> qui contient une copie du titre ex\u00e9cutoire conf\u00e9rant au cr\u00e9ancier le droit de recouvrer la somme qu\u2019il exige.<\/p>\n\n\n\n<p>La requ\u00eate mentionne les informations suivantes&nbsp;:<\/p>\n\n\n\n<ul class=\"wp-block-list\">\n<li>l\u2019identit\u00e9 et des informations sur le cr\u00e9ancier&nbsp;;<\/li>\n\n\n\n<li>le nom (ou la d\u00e9nomination s\u2019il s\u2019agit d\u2019une personne morale) et la domiciliation de la personne contre laquelle la demande est form\u00e9e&nbsp;;<\/li>\n\n\n\n<li>l\u2019objet de la demande&nbsp;;<\/li>\n\n\n\n<li>le nom et l\u2019adresse de l\u2019employeur du d\u00e9biteur&nbsp;;<\/li>\n\n\n\n<li>le d\u00e9compte des montants r\u00e9clam\u00e9s, ainsi que des int\u00e9r\u00eats et des frais&nbsp;;<\/li>\n\n\n\n<li>des pr\u00e9cisions sur les sommes saisies.<\/li>\n<\/ul>\n\n\n\n<p>Cette requ\u00eate est form\u00e9e sur papier libre ou bien sur un formulaire CERFA (n\u00b0 15708).<\/p>\n\n\n\n<p>Une <strong>proc\u00e9dure de conciliation existe, <\/strong>o\u00f9 le juge tente, par exemple, de pr\u00e9voir des paiements partiels ou d\u2019accorder des d\u00e9lais de paiement.<\/p>\n\n\n\n<p>Lorsqu\u2019un accord est fix\u00e9, un proc\u00e8s-verbal en consigne les modalit\u00e9s, ce qui \u00e9vitera la saisie.<\/p>\n\n\n\n<p><strong>Si un accord n\u2019est pas trouv\u00e9, un proc\u00e8s-verbal de non-conciliation<\/strong> est r\u00e9dig\u00e9 et il est statu\u00e9 sur le contentieux dans la foul\u00e9e ou bien lors d\u2019une audience ult\u00e9rieure. Un acte de saisie est \u00e9tabli. On distingue selon que l\u2019acte de saisie est ex\u00e9cutoire ou non.<\/p>\n\n\n\n<p>Dans le cas o\u00f9 il l\u2019est, le greffier du tribunal envoie un acte de saisie par lettre recommand\u00e9e avec avis de r\u00e9ception \u00e0 l\u2019employeur du d\u00e9biteur et en avise le d\u00e9biteur par lettre simple.<\/p>\n\n\n\n<p>Cet acte de saisie est envoy\u00e9 dans les huit jours qui suivent la notification du jugement aux parties.<\/p>\n\n\n\n<article class=\"obj_encart-formation\">\n<div class=\"ctn_encart\">\n<h3>Votre formation sur ce th\u00e8me<\/h3>\n<h2>&nbsp;LES RENDEZ-VOUS DU DROIT SOCIAL&nbsp;<\/h2>\n<h4>4 demi-journ\u00e9es &#8211; En pr\u00e9sentiel ou \u00e0 distance<\/h4>\n<ul>\n<li><strong>Int\u00e9grer dans sa pratique les derni\u00e8res \u00e9volutions<\/strong> l\u00e9gislatives et d\u00e9cisions de jurisprudence dans le domaine du droit du travail et du droit de la s\u00e9curit\u00e9 sociale.<\/li>\n<li><strong>Analyser les incidences<\/strong> de ces modifications sur les pratiques RH dans l&rsquo;entreprise.<\/li>\n<\/ul>\n<div class=\"ctn_btn\">\n<a class=\"obj_btn\" target=\"_blank\" href=\"https:\/\/www.gereso.com\/RDVW\" rel=\"noopener\"><span>En savoir plus<\/span><\/a>\n<a class=\"obj_btn\" target=\"_blank\" href=\"https:\/\/www.gereso.com\/client\/programme-pdf\/RDVW.pdf\" rel=\"noopener\"><span>T\u00e9l\u00e9charger le programme PDF<\/span><\/a>\n<\/div>\n<\/article>\n\n\n\n<h2 style=\"color:#D10016\"><strong>3. Les obligations pesant sur les employeurs <\/strong><\/h2>\n\n\n\n<p>L<strong>\u2019objectif de la saisie sur salaire<\/strong> \u2013 \u00e9galement appel\u00e9e saisie sur r\u00e9mun\u00e9ration \u2013 est que l\u2019<strong>employeur rembourse directement une partie de la dette du salari\u00e9 en pr\u00e9levant une fraction du salaire \u00e0 la source<\/strong>.<\/p>\n\n\n\n<p>L\u2019employeur doit&nbsp;:<\/p>\n\n\n\n<ul class=\"wp-block-list\">\n<li>\u00eatre inform\u00e9 par lettre recommand\u00e9e avec avis de r\u00e9ception [LRAR] de l\u2019acte de saisie puis, dans les quinze jours, informer en retour le tribunal de la nature du lien contractuel qui le lie au salari\u00e9 (ex&nbsp;: CDI, CDD, int\u00e9rim\u2026), ainsi que des autres saisies en cours concernant ce salari\u00e9&nbsp;;<\/li>\n\n\n\n<li>accomplir ces formalit\u00e9s sous peine d\u2019une amende pouvant aller jusqu\u2019\u00e0 10.000 euros, sachant qu\u2019il peut aussi se voir aussi infliger des dommages et int\u00e9r\u00eats&nbsp;;<\/li>\n\n\n\n<li>notifier, dans un d\u00e9lai de huit jours, le tribunal de toute circonstance ou changement pouvant suspendre la saisie (ex&nbsp;: cong\u00e9-maladie)&nbsp;;<\/li>\n\n\n\n<li>payer mensuellement la somme requise au greffe du tribunal&nbsp;;<\/li>\n\n\n\n<li>r\u00e9pondre au tribunal, mais non au cr\u00e9ancier lui-m\u00eame, sauf dans le cas d\u2019une pension alimentaire, o\u00f9 un huissier (devenu <em>\u00ab&nbsp;commissaire de justice&nbsp;\u00bb<\/em>) peut s\u2019adresser directement \u00e0 l\u2019entreprise&nbsp;;<\/li>\n\n\n\n<li>r\u00e9gler les sommes \u00e0 la place du salari\u00e9 (et \u00eatre consid\u00e9r\u00e9 comme personnellement d\u00e9biteur) si les montants ne sont pas pr\u00e9lev\u00e9s.<\/li>\n<\/ul>\n\n\n\n<p>La r\u00e9mun\u00e9ration du salari\u00e9 peut \u00eatre saisie pour une part seulement, car l\u2019on ne tient pas compte des montants allou\u00e9s \u00e0 titre de remboursement de frais expos\u00e9s par le travailleur et des allocations ou indemnit\u00e9s pour charges de famille.<\/p>\n\n\n\n<p>Le minist\u00e8re de la justice dispose d\u2019un simulateur qui permet de calculer cela&nbsp;: <strong><a href=\"https:\/\/www.justice.fr\/simulateurs\/saisies-remunerations\/bareme\" target=\"_blank\" rel=\"noreferrer noopener\">https:\/\/www.justice.fr\/simulateurs\/saisies-remunerations\/bareme<\/a><\/strong><\/p>\n\n\n\n<p>En tout \u00e9tat de cause, ainsi que cela a \u00e9t\u00e9 vu pr\u00e9c\u00e9demment, le montant correspondant au RSA ne peut pas \u00eatre saisi.<\/p>\n\n\n\n<p>En cas de pluralit\u00e9 d\u2019employeurs, le greffe du tribunal d\u00e9termine les retenues incombant \u00e0 chacun.<\/p>\n\n\n\n<p>&nbsp;<\/p>\n\n\n\n<html>\n<body>\n<table border=\"1\">\n<tbody>\n<tr>\n\t<td style=\"width: 550px;\"><p><strong><u>A noter&nbsp;:<\/u><\/strong><br><br>\n\t\tPour les salari\u00e9s d\u00e9munis financi\u00e8rement ou traversant un cap difficile, le Code du travail leur permet de demander \u00e0 leur employeur un \u00ab acompte sur son salaire \u00bb (id est : sur le mois suivant), mais la disposition demeure m\u00e9connue et peu usit\u00e9e.<\/p><\/td>\n\t\n<\/tr>\n<\/tbody><!doctype html>\n\t<\/table>\n<html>\n<head>\n<meta charset=\"UTF-8\">\n<title>Document sans nom<\/title>\n<\/head>\n<body>\n<\/body>\n<\/html>\n\n\n\n<h2 style=\"color:#D10016\"><strong>4. Les changements issus de la loi n\u00b0 2023-1059 du 20 novembre 2023 <em>\u00ab&nbsp;d\u2019orientation et de programmation du minist\u00e8re de la Justice<\/em> [pour la p\u00e9riode]<em> 2023-2027&nbsp;\u00bb<\/em><\/strong><\/h2>\n\n\n\n<p>Publi\u00e9e au <em>\u00ab&nbsp;Journal officiel&nbsp;\u00bb<\/em> du 21 novembre 2023, la loi pr\u00e9voit notamment des dispositions sur les saisies qui entreront en vigueur au plus tard le 1<sup>er<\/sup> juillet 2025.<\/p>\n\n\n\n<p>L\u2019article 47 de la loi indique que l&rsquo;objectif est d&rsquo;<strong>harmoniser la proc\u00e9dure de saisie des r\u00e9mun\u00e9rations<\/strong> avec les autres proc\u00e9dures de saisie en la d\u00e9judiciarisant pour la rendre plus attractive, plus rapide et plus simple.<\/p>\n\n\n\n<p>A cette fin, l\u2019<a href=\"https:\/\/www.legifrance.gouv.fr\/loda\/id\/JORFTEXT000032623732\/\" target=\"_blank\" rel=\"noreferrer noopener\">ordonnance n\u00b0 2016-728 du 2 juin 2016 <\/a>relative au statut de commissaire de justice est modifi\u00e9e. Ainsi, la mise en \u0153uvre de la saisie ne sera plus de la comp\u00e9tence du tribunal judiciaire mais des <strong>commissaires de justice<\/strong> (<em>id est<\/em>&nbsp;: profession n\u00e9e en 2022 de la fusion des fonctions d\u2019huissier de justice et de commissaire-priseur judiciaire).<\/p>\n\n\n\n<p>Les dispositions relatives \u00e0 la saisie sur salaire, ainsi que celles sur la cession des r\u00e9mun\u00e9rations, qui figurent aujourd\u2019hui dans le Code du travail, sont transf\u00e9r\u00e9es dans le Code des proc\u00e9dures civiles d\u2019ex\u00e9cution (art. L. 212-1 et s.).<\/p>\n\n\n\n<p>En revanche, les dispositions relatives \u00e0 la protection du salaire, en particulier les fractions saisissables ou insaisissables, demeurent dans le Code du travail (art. L. 3251-1 et s.).<\/p>\n\n\n\n<p>La loi cr\u00e9e un registre num\u00e9rique des saisies des r\u00e9mun\u00e9rations mis en place par la <em>\u00ab&nbsp;Chambre nationale des commissaires de justice&nbsp;\u00bb<\/em> [CNCJ].<\/p>\n\n\n\n<p>Ce traitement de donn\u00e9es recensera les informations n\u00e9cessaires \u00e0 l\u2019identification des commissaires de justice r\u00e9partiteurs, des d\u00e9biteurs saisis, des cr\u00e9anciers saisissants et des employeurs tiers saisis.<\/p>\n\n\n\n<p>La nouvelle proc\u00e9dure sera initi\u00e9e par le cr\u00e9ancier aupr\u00e8s du commissaire de justice&nbsp;:<\/p>\n\n\n\n<ul class=\"wp-block-list\">\n<li>dans un premier temps, le commissaire de justice d\u00e9livrera un commandement de payer, adress\u00e9 au salari\u00e9 d\u00e9biteur, qui disposera alors d\u2019un d\u00e9lai d\u2019un mois pour payer la somme due, conclure un accord avec le cr\u00e9ancier sur les modalit\u00e9s de paiement, ou contester la mesure devant le juge de l\u2019ex\u00e9cution avec un effet suspensif&nbsp;;<\/li>\n\n\n\n<li>au-del\u00e0 de ce d\u00e9lai, la mesure pourra encore \u00eatre contest\u00e9e, mais sans effet suspensif.<\/li>\n<\/ul>\n\n\n\n<p>Ce commandement de payer sera inscrit au registre num\u00e9rique des saisies des r\u00e9mun\u00e9rations.<\/p>\n\n\n\n<p>Un mois minimum et trois mois maximum apr\u00e8s le commandement de payer, le commissaire de justice adressera \u00e0 l\u2019employeur un proc\u00e8s-verbal de saisie.<\/p>\n\n\n\n<p>Si le proc\u00e8s-verbal est signifi\u00e9 hors d\u00e9lai, le commandement sera caduc.<\/p>\n\n\n\n<p>Le proc\u00e8s-verbal sera \u00e9galement inscrit au registre num\u00e9rique des saisies des r\u00e9mun\u00e9rations.<\/p>\n\n\n\n<p>L\u2019employeur devra d\u00e9clarer au commissaire de justice les informations suivantes&nbsp;:<\/p>\n\n\n\n<ul class=\"wp-block-list\">\n<li>situation de droit existant entre lui-m\u00eame et le salari\u00e9 d\u00e9biteur&nbsp;;<\/li>\n\n\n\n<li>montant de la r\u00e9mun\u00e9ration vers\u00e9e au d\u00e9biteur&nbsp;;<\/li>\n\n\n\n<li>autres proc\u00e9dures de cession, saisie, saisie administrative \u00e0 tiers d\u00e9tenteur ou paiement direct des pensions alimentaires en cours d\u2019ex\u00e9cution.<\/li>\n<\/ul>\n\n\n\n<p>L\u2019employeur devra ensuite proc\u00e9der au calcul de la retenue sur salaire selon des modalit\u00e9s qui restent inchang\u00e9es.<\/p>\n\n\n\n<p>Les sommes seront vers\u00e9es <em>\u00ab&nbsp;mensuellement&nbsp;\u00bb<\/em> au commissaire de justice r\u00e9partiteur.<\/p>\n\n\n\n<p>Ce commissaire de justice, d\u00e9sign\u00e9 et form\u00e9 par la <em>\u00ab&nbsp;Chambre nationale des commissaires de justice&nbsp;\u00bb<\/em>, sera charg\u00e9 de reverser les sommes au cr\u00e9ancier saisissant et de r\u00e9partir les fonds en cas de pluralit\u00e9 de cr\u00e9anciers.<\/p>\n\n\n\n<p>Si l\u2019employeur <em>\u00ab&nbsp;s\u2019abstient sans motif l\u00e9gitime&nbsp;\u00bb<\/em> de d\u00e9clarer les informations requises, ou s\u2019il <em>\u00ab&nbsp;fait une d\u00e9claration mensong\u00e8re&nbsp;\u00bb<\/em>, il <em>\u00ab&nbsp;peut \u00eatre condamn\u00e9 par le juge, \u00e0 la demande du cr\u00e9ancier saisissant ou intervenant, au paiement d\u2019une amende civile&nbsp;\u00bb<\/em> d\u2019un montant maximum de 10.000 euros et s\u2019expose \u00e0 devoir payer des dommages-int\u00e9r\u00eats.<\/p>\n\n\n\n<p>S\u2019il ne proc\u00e8de pas aux versements pr\u00e9vus, il peut \u00eatre condamn\u00e9 au paiement des retenues qui auraient d\u00fb \u00eatre op\u00e9r\u00e9es.<\/p>\n","protected":false},"excerpt":{"rendered":"<p>Il y a deux formes de saisie sur salaire, chacune n\u00e9cessitant une gestion diff\u00e9rente dans le traitement de la paie&nbsp;: Simple dans son principe, la saisie sur salaire est relativement complexe dans ses modalit\u00e9s d\u2019application et ne peut faire abstraction des montants non saisissables. Elle fait peser de lourdes charges sur l\u2019employeur. Depuis plusieurs ann\u00e9es, [&hellip;]<\/p>\n","protected":false},"author":88,"featured_media":38786,"comment_status":"open","ping_status":"open","sticky":false,"template":"","format":"standard","meta":{"_acf_changed":false,"_mi_skip_tracking":false,"footnotes":""},"categories":[12,5],"tags":[],"class_list":["post-38734","post","type-post","status-publish","format-standard","has-post-thumbnail","hentry","category-actualites","category-droit-du-travail"],"acf":[],"yoast_head":"<!-- This site is optimized with the Yoast SEO plugin v23.4 - https:\/\/yoast.com\/wordpress\/plugins\/seo\/ -->\n<title>Panorama des saisies sur salaires : d\u00e9finition, obligations \u00e0 charge des employeurs et derni\u00e8res nouveaut\u00e9s - Le Blog GERESO<\/title>\n<meta name=\"robots\" content=\"index, follow, max-snippet:-1, max-image-preview:large, max-video-preview:-1\" \/>\n<link rel=\"canonical\" href=\"https:\/\/www.gereso.com\/actualites\/2024\/01\/10\/panorama-saisies-salaires-definition-obligations-charge-employeurs-dernieres-nouveautes\/\" \/>\n<meta property=\"og:locale\" content=\"fr_FR\" \/>\n<meta property=\"og:type\" content=\"article\" \/>\n<meta property=\"og:title\" content=\"Panorama des saisies sur salaires : d\u00e9finition, obligations \u00e0 charge des employeurs et derni\u00e8res nouveaut\u00e9s - Le Blog GERESO\" \/>\n<meta property=\"og:description\" content=\"Il y a deux formes de saisie sur salaire, chacune n\u00e9cessitant une gestion diff\u00e9rente dans le traitement de la paie&nbsp;: Simple dans son principe, la saisie sur salaire est relativement complexe dans ses modalit\u00e9s d\u2019application et ne peut faire abstraction des montants non saisissables. Elle fait peser de lourdes charges sur l\u2019employeur. Depuis plusieurs ann\u00e9es, [&hellip;]\" \/>\n<meta property=\"og:url\" content=\"https:\/\/www.gereso.com\/actualites\/2024\/01\/10\/panorama-saisies-salaires-definition-obligations-charge-employeurs-dernieres-nouveautes\/\" \/>\n<meta property=\"og:site_name\" content=\"Le Blog GERESO\" \/>\n<meta property=\"article:published_time\" content=\"2024-01-10T13:13:06+00:00\" \/>\n<meta property=\"article:modified_time\" content=\"2024-01-11T07:52:12+00:00\" \/>\n<meta property=\"og:image\" content=\"https:\/\/www.gereso.com\/actualites\/wp-content\/uploads\/2024\/01\/panorama-saisies-salaires.jpg\" \/>\n\t<meta property=\"og:image:width\" content=\"600\" \/>\n\t<meta property=\"og:image:height\" content=\"400\" \/>\n\t<meta property=\"og:image:type\" content=\"image\/jpeg\" \/>\n<meta name=\"author\" content=\"Filippo Aloisi - Bavagnoli\" \/>\n<meta name=\"twitter:card\" content=\"summary_large_image\" \/>\n<script type=\"application\/ld+json\" class=\"yoast-schema-graph\">{\"@context\":\"https:\/\/schema.org\",\"@graph\":[{\"@type\":\"WebPage\",\"@id\":\"https:\/\/www.gereso.com\/actualites\/2024\/01\/10\/panorama-saisies-salaires-definition-obligations-charge-employeurs-dernieres-nouveautes\/\",\"url\":\"https:\/\/www.gereso.com\/actualites\/2024\/01\/10\/panorama-saisies-salaires-definition-obligations-charge-employeurs-dernieres-nouveautes\/\",\"name\":\"Panorama des saisies sur salaires : d\u00e9finition, obligations \u00e0 charge des employeurs et derni\u00e8res nouveaut\u00e9s - Le Blog GERESO\",\"isPartOf\":{\"@id\":\"https:\/\/www.gereso.com\/actualites\/#website\"},\"primaryImageOfPage\":{\"@id\":\"https:\/\/www.gereso.com\/actualites\/2024\/01\/10\/panorama-saisies-salaires-definition-obligations-charge-employeurs-dernieres-nouveautes\/#primaryimage\"},\"image\":{\"@id\":\"https:\/\/www.gereso.com\/actualites\/2024\/01\/10\/panorama-saisies-salaires-definition-obligations-charge-employeurs-dernieres-nouveautes\/#primaryimage\"},\"thumbnailUrl\":\"https:\/\/www.gereso.com\/actualites\/wp-content\/uploads\/2024\/01\/panorama-saisies-salaires.jpg\",\"datePublished\":\"2024-01-10T13:13:06+00:00\",\"dateModified\":\"2024-01-11T07:52:12+00:00\",\"author\":{\"@id\":\"https:\/\/www.gereso.com\/actualites\/#\/schema\/person\/3519c70645da52c167d52485380023cc\"},\"breadcrumb\":{\"@id\":\"https:\/\/www.gereso.com\/actualites\/2024\/01\/10\/panorama-saisies-salaires-definition-obligations-charge-employeurs-dernieres-nouveautes\/#breadcrumb\"},\"inLanguage\":\"fr-FR\",\"potentialAction\":[{\"@type\":\"ReadAction\",\"target\":[\"https:\/\/www.gereso.com\/actualites\/2024\/01\/10\/panorama-saisies-salaires-definition-obligations-charge-employeurs-dernieres-nouveautes\/\"]}]},{\"@type\":\"ImageObject\",\"inLanguage\":\"fr-FR\",\"@id\":\"https:\/\/www.gereso.com\/actualites\/2024\/01\/10\/panorama-saisies-salaires-definition-obligations-charge-employeurs-dernieres-nouveautes\/#primaryimage\",\"url\":\"https:\/\/www.gereso.com\/actualites\/wp-content\/uploads\/2024\/01\/panorama-saisies-salaires.jpg\",\"contentUrl\":\"https:\/\/www.gereso.com\/actualites\/wp-content\/uploads\/2024\/01\/panorama-saisies-salaires.jpg\",\"width\":600,\"height\":400,\"caption\":\"Lev\u00e9e de voile sur les saisies sur salaires : entre complexit\u00e9 et nouvelles perspectives.\"},{\"@type\":\"BreadcrumbList\",\"@id\":\"https:\/\/www.gereso.com\/actualites\/2024\/01\/10\/panorama-saisies-salaires-definition-obligations-charge-employeurs-dernieres-nouveautes\/#breadcrumb\",\"itemListElement\":[{\"@type\":\"ListItem\",\"position\":1,\"name\":\"Home\",\"item\":\"https:\/\/www.gereso.com\/actualites\/\"},{\"@type\":\"ListItem\",\"position\":2,\"name\":\"Panorama des saisies sur salaires : d\u00e9finition, obligations \u00e0 charge des employeurs et derni\u00e8res nouveaut\u00e9s\"}]},{\"@type\":\"WebSite\",\"@id\":\"https:\/\/www.gereso.com\/actualites\/#website\",\"url\":\"https:\/\/www.gereso.com\/actualites\/\",\"name\":\"Le Blog GERESO\",\"description\":\"Toute l&#039;actu RH, Finance, Fonction Publique, Management...\",\"potentialAction\":[{\"@type\":\"SearchAction\",\"target\":{\"@type\":\"EntryPoint\",\"urlTemplate\":\"https:\/\/www.gereso.com\/actualites\/?s={search_term_string}\"},\"query-input\":{\"@type\":\"PropertyValueSpecification\",\"valueRequired\":true,\"valueName\":\"search_term_string\"}}],\"inLanguage\":\"fr-FR\"},{\"@type\":\"Person\",\"@id\":\"https:\/\/www.gereso.com\/actualites\/#\/schema\/person\/3519c70645da52c167d52485380023cc\",\"name\":\"Filippo Aloisi - Bavagnoli\",\"image\":{\"@type\":\"ImageObject\",\"inLanguage\":\"fr-FR\",\"@id\":\"https:\/\/www.gereso.com\/actualites\/#\/schema\/person\/image\/\",\"url\":\"https:\/\/www.gereso.com\/actualites\/wp-content\/uploads\/2022\/11\/Filippo-Aloisi-120x120.jpg\",\"contentUrl\":\"https:\/\/www.gereso.com\/actualites\/wp-content\/uploads\/2022\/11\/Filippo-Aloisi-120x120.jpg\",\"caption\":\"Filippo Aloisi - Bavagnoli\"},\"description\":\"Filippo Aloisi a effectu\u00e9 tout son cursus dans l'\u00e9dition puis la presse juridique, d'abord comme \u00e9diteur puis comme journaliste. Il s'est dipl\u00f4m\u00e9 de Sciences Po Paris \u00e0 20 ans et a ensuite obtenu un DESS de droit europ\u00e9en des affaires.\",\"url\":\"https:\/\/www.gereso.com\/actualites\/author\/f-aloisi\/\"}]}<\/script>\n<!-- \/ Yoast SEO plugin. -->","yoast_head_json":{"title":"Panorama des saisies sur salaires : d\u00e9finition, obligations \u00e0 charge des employeurs et derni\u00e8res nouveaut\u00e9s - Le Blog GERESO","robots":{"index":"index","follow":"follow","max-snippet":"max-snippet:-1","max-image-preview":"max-image-preview:large","max-video-preview":"max-video-preview:-1"},"canonical":"https:\/\/www.gereso.com\/actualites\/2024\/01\/10\/panorama-saisies-salaires-definition-obligations-charge-employeurs-dernieres-nouveautes\/","og_locale":"fr_FR","og_type":"article","og_title":"Panorama des saisies sur salaires : d\u00e9finition, obligations \u00e0 charge des employeurs et derni\u00e8res nouveaut\u00e9s - Le Blog GERESO","og_description":"Il y a deux formes de saisie sur salaire, chacune n\u00e9cessitant une gestion diff\u00e9rente dans le traitement de la paie&nbsp;: Simple dans son principe, la saisie sur salaire est relativement complexe dans ses modalit\u00e9s d\u2019application et ne peut faire abstraction des montants non saisissables. Elle fait peser de lourdes charges sur l\u2019employeur. Depuis plusieurs ann\u00e9es, [&hellip;]","og_url":"https:\/\/www.gereso.com\/actualites\/2024\/01\/10\/panorama-saisies-salaires-definition-obligations-charge-employeurs-dernieres-nouveautes\/","og_site_name":"Le Blog GERESO","article_published_time":"2024-01-10T13:13:06+00:00","article_modified_time":"2024-01-11T07:52:12+00:00","og_image":[{"width":600,"height":400,"url":"https:\/\/www.gereso.com\/actualites\/wp-content\/uploads\/2024\/01\/panorama-saisies-salaires.jpg","type":"image\/jpeg"}],"author":"Filippo Aloisi - Bavagnoli","twitter_card":"summary_large_image","schema":{"@context":"https:\/\/schema.org","@graph":[{"@type":"WebPage","@id":"https:\/\/www.gereso.com\/actualites\/2024\/01\/10\/panorama-saisies-salaires-definition-obligations-charge-employeurs-dernieres-nouveautes\/","url":"https:\/\/www.gereso.com\/actualites\/2024\/01\/10\/panorama-saisies-salaires-definition-obligations-charge-employeurs-dernieres-nouveautes\/","name":"Panorama des saisies sur salaires : d\u00e9finition, obligations \u00e0 charge des employeurs et derni\u00e8res nouveaut\u00e9s - Le Blog GERESO","isPartOf":{"@id":"https:\/\/www.gereso.com\/actualites\/#website"},"primaryImageOfPage":{"@id":"https:\/\/www.gereso.com\/actualites\/2024\/01\/10\/panorama-saisies-salaires-definition-obligations-charge-employeurs-dernieres-nouveautes\/#primaryimage"},"image":{"@id":"https:\/\/www.gereso.com\/actualites\/2024\/01\/10\/panorama-saisies-salaires-definition-obligations-charge-employeurs-dernieres-nouveautes\/#primaryimage"},"thumbnailUrl":"https:\/\/www.gereso.com\/actualites\/wp-content\/uploads\/2024\/01\/panorama-saisies-salaires.jpg","datePublished":"2024-01-10T13:13:06+00:00","dateModified":"2024-01-11T07:52:12+00:00","author":{"@id":"https:\/\/www.gereso.com\/actualites\/#\/schema\/person\/3519c70645da52c167d52485380023cc"},"breadcrumb":{"@id":"https:\/\/www.gereso.com\/actualites\/2024\/01\/10\/panorama-saisies-salaires-definition-obligations-charge-employeurs-dernieres-nouveautes\/#breadcrumb"},"inLanguage":"fr-FR","potentialAction":[{"@type":"ReadAction","target":["https:\/\/www.gereso.com\/actualites\/2024\/01\/10\/panorama-saisies-salaires-definition-obligations-charge-employeurs-dernieres-nouveautes\/"]}]},{"@type":"ImageObject","inLanguage":"fr-FR","@id":"https:\/\/www.gereso.com\/actualites\/2024\/01\/10\/panorama-saisies-salaires-definition-obligations-charge-employeurs-dernieres-nouveautes\/#primaryimage","url":"https:\/\/www.gereso.com\/actualites\/wp-content\/uploads\/2024\/01\/panorama-saisies-salaires.jpg","contentUrl":"https:\/\/www.gereso.com\/actualites\/wp-content\/uploads\/2024\/01\/panorama-saisies-salaires.jpg","width":600,"height":400,"caption":"Lev\u00e9e de voile sur les saisies sur salaires : entre complexit\u00e9 et nouvelles perspectives."},{"@type":"BreadcrumbList","@id":"https:\/\/www.gereso.com\/actualites\/2024\/01\/10\/panorama-saisies-salaires-definition-obligations-charge-employeurs-dernieres-nouveautes\/#breadcrumb","itemListElement":[{"@type":"ListItem","position":1,"name":"Home","item":"https:\/\/www.gereso.com\/actualites\/"},{"@type":"ListItem","position":2,"name":"Panorama des saisies sur salaires : d\u00e9finition, obligations \u00e0 charge des employeurs et derni\u00e8res nouveaut\u00e9s"}]},{"@type":"WebSite","@id":"https:\/\/www.gereso.com\/actualites\/#website","url":"https:\/\/www.gereso.com\/actualites\/","name":"Le Blog GERESO","description":"Toute l&#039;actu RH, Finance, Fonction Publique, Management...","potentialAction":[{"@type":"SearchAction","target":{"@type":"EntryPoint","urlTemplate":"https:\/\/www.gereso.com\/actualites\/?s={search_term_string}"},"query-input":{"@type":"PropertyValueSpecification","valueRequired":true,"valueName":"search_term_string"}}],"inLanguage":"fr-FR"},{"@type":"Person","@id":"https:\/\/www.gereso.com\/actualites\/#\/schema\/person\/3519c70645da52c167d52485380023cc","name":"Filippo Aloisi - Bavagnoli","image":{"@type":"ImageObject","inLanguage":"fr-FR","@id":"https:\/\/www.gereso.com\/actualites\/#\/schema\/person\/image\/","url":"https:\/\/www.gereso.com\/actualites\/wp-content\/uploads\/2022\/11\/Filippo-Aloisi-120x120.jpg","contentUrl":"https:\/\/www.gereso.com\/actualites\/wp-content\/uploads\/2022\/11\/Filippo-Aloisi-120x120.jpg","caption":"Filippo Aloisi - Bavagnoli"},"description":"Filippo Aloisi a effectu\u00e9 tout son cursus dans l'\u00e9dition puis la presse juridique, d'abord comme \u00e9diteur puis comme journaliste. Il s'est dipl\u00f4m\u00e9 de Sciences Po Paris \u00e0 20 ans et a ensuite obtenu un DESS de droit europ\u00e9en des affaires.","url":"https:\/\/www.gereso.com\/actualites\/author\/f-aloisi\/"}]}},"_links":{"self":[{"href":"https:\/\/www.gereso.com\/actualites\/wp-json\/wp\/v2\/posts\/38734","targetHints":{"allow":["GET"]}}],"collection":[{"href":"https:\/\/www.gereso.com\/actualites\/wp-json\/wp\/v2\/posts"}],"about":[{"href":"https:\/\/www.gereso.com\/actualites\/wp-json\/wp\/v2\/types\/post"}],"author":[{"embeddable":true,"href":"https:\/\/www.gereso.com\/actualites\/wp-json\/wp\/v2\/users\/88"}],"replies":[{"embeddable":true,"href":"https:\/\/www.gereso.com\/actualites\/wp-json\/wp\/v2\/comments?post=38734"}],"version-history":[{"count":82,"href":"https:\/\/www.gereso.com\/actualites\/wp-json\/wp\/v2\/posts\/38734\/revisions"}],"predecessor-version":[{"id":38818,"href":"https:\/\/www.gereso.com\/actualites\/wp-json\/wp\/v2\/posts\/38734\/revisions\/38818"}],"wp:featuredmedia":[{"embeddable":true,"href":"https:\/\/www.gereso.com\/actualites\/wp-json\/wp\/v2\/media\/38786"}],"wp:attachment":[{"href":"https:\/\/www.gereso.com\/actualites\/wp-json\/wp\/v2\/media?parent=38734"}],"wp:term":[{"taxonomy":"category","embeddable":true,"href":"https:\/\/www.gereso.com\/actualites\/wp-json\/wp\/v2\/categories?post=38734"},{"taxonomy":"post_tag","embeddable":true,"href":"https:\/\/www.gereso.com\/actualites\/wp-json\/wp\/v2\/tags?post=38734"}],"curies":[{"name":"wp","href":"https:\/\/api.w.org\/{rel}","templated":true}]}}