{"id":3914,"date":"2015-04-20T10:08:43","date_gmt":"2015-04-20T08:08:43","guid":{"rendered":"https:\/\/www.gereso.com\/actualites\/?p=3914"},"modified":"2016-10-05T16:23:51","modified_gmt":"2016-10-05T14:23:51","slug":"chomage-et-desequilibre-financier-de-lunedic-vivement-2016","status":"publish","type":"post","link":"https:\/\/www.gereso.com\/actualites\/2015\/04\/20\/chomage-et-desequilibre-financier-de-lunedic-vivement-2016\/","title":{"rendered":"Ch\u00f4mage et \u00e9quilibre financier de l\u2019Unedic : vivement 2016 !"},"content":{"rendered":"<p><em>Si les derniers chiffres du ch\u00f4mage, avec une r\u00e9duction d\u2019un peu moins de 20\u00a0000 du nombre de demandeurs d\u2019emplois de cat\u00e9gorie A (sur un total de 3,48 millions), laissent entrevoir une timide am\u00e9lioration de la situation, <strong>les pr\u00e9visions financi\u00e8res de l\u2019Unedic<\/strong> concernant l\u2019\u00e9quilibre financier du r\u00e9gime d\u2019indemnisation restent pour le moins alarmantes.\u00a0<\/em><\/p>\n<p><!--more--><\/p>\n<p>Actuellement, ce sont un peu plus de <strong>2,4 millions de ch\u00f4meurs<\/strong> qui se trouvent indemnis\u00e9s par l\u2019allocation d\u2019aide au retour \u00e0 l\u2019emploi (ARE), et le d\u00e9ficit de l\u2019Unedic d\u2019\u00e9levait \u00e0\u00a0<strong>4 milliards d\u2019euros en 2014<\/strong> (-4,6 milliards pr\u00e9vu pour 2015), pour un <strong>endettement de 21,5 milliards<\/strong> (26 dans le pr\u00e9visionnel de 2015).<\/p>\n<figure id=\"attachment_3915\" aria-describedby=\"caption-attachment-3915\" style=\"width: 528px\" class=\"wp-caption aligncenter\"><img fetchpriority=\"high\" decoding=\"async\" class=\"size-full wp-image-3915\" src=\"https:\/\/www.gereso.com\/actualites\/wp-content\/uploads\/2015\/04\/Convention_assurance_chomage_UNEDIC-1.jpg\" alt=\"Convention d'assurance ch\u00f4mage - Unedic\" width=\"528\" height=\"352\" srcset=\"https:\/\/www.gereso.com\/actualites\/wp-content\/uploads\/2015\/04\/Convention_assurance_chomage_UNEDIC-1.jpg 528w, https:\/\/www.gereso.com\/actualites\/wp-content\/uploads\/2015\/04\/Convention_assurance_chomage_UNEDIC-1-300x200.jpg 300w\" sizes=\"(max-width: 528px) 100vw, 528px\" \/><figcaption id=\"caption-attachment-3915\" class=\"wp-caption-text\">Convention d&rsquo;assurance ch\u00f4mage &#8211; Unedic<\/figcaption><\/figure>\n<p><strong>\u00a0<\/strong><\/p>\n<h2>Une progression du ch\u00f4mage et des mesures aux effets incertains<\/h2>\n<p>Cette situation financi\u00e8re est tout d\u2019abord le r\u00e9sultat d\u2019une <strong>progression continue du nombre de ch\u00f4meurs depuis\u00a0d\u00e9but 2008, <\/strong>qui est pass\u00e9 de\u00a02 millions de personnes \u00e0\u00a03,5 millions fin 2014 (avec un taux de ch\u00f4mage progressant de plus de 3 points sur cette p\u00e9riode, pour atteindre 10% de la population active).<\/p>\n<p>Mais ensuite, ce constat semble d\u2019autant plus inqui\u00e9tant que la <strong>derni\u00e8re convention d\u2019Assurance ch\u00f4mage<\/strong> sign\u00e9e entre les partenaires sociaux, qui r\u00e9git notre syst\u00e8me d\u2019indemnisation depuis le 1<sup>er<\/sup> juillet 2014 et pour une dur\u00e9e de 2 ans, a choisi de mettre en \u0153uvre <strong>des modifications aux effets incertains, <\/strong>et d\u2019en rel\u00e9guer d\u2019autres aux oubliettes, pourtant susceptibles de favorablement impacter \u00e0 la fois l\u2019emploi et l\u2019\u00e9quilibre financier du syst\u00e8me.<\/p>\n<p>Il faut dire que la n\u00e9gociation qui est intervenue au sujet de cette nouvelle convention a engendr\u00e9 <strong>une certaine cristallisation sur le r\u00e9gime des intermittents du spectacle,<\/strong>\u00a0 \u00ab\u00a0vieux serpent de mer\u00a0\u00bb qui renvoie \u00e0 l\u2019exception culturelle\u00a0fran\u00e7aise, cristallisation qui n\u2019a pas permis d\u2019avancer sur d\u2019autres sujets d\u2019importance.<\/p>\n<h2>Nouveaut\u00e9\u00a0: les droits rechargeables<\/h2>\n<p>L\u2019accord <em>a minima<\/em> sign\u00e9 par les syndicats (CGT et FO exclus) a principalement act\u00e9 la <strong>cr\u00e9ation d\u2019un dispositif de droits rechargeables,<\/strong> et promu de <strong>nouvelles modalit\u00e9s de cumul de l\u2019ARE<\/strong> <strong>avec \u00a0le salaire<\/strong>, dans un souci l\u00e9gitime d\u2019incitation accrue \u00e0 la reprise d\u2019activit\u00e9.<a href=\"#lien1\">[1]<\/a><\/p>\n<p>S\u2019agissant en particulier des <strong>droits rechargeables<\/strong>, il est dor\u00e9navant possible de capitaliser des droits \u00e0 l\u2019indemnisation ch\u00f4mage non consomm\u00e9s avec de nouveaux droits acquis\u00a0: chaque nouvelle p\u00e9riode de travail augmente la dur\u00e9e des droits \u00e0 l\u2019indemnisation.<\/p>\n<p>Le corollaire de cela est \u00e9videmment une <strong>diminution des sorties d\u2019indemnisation ch\u00f4mage<\/strong> pour fin de droits, susceptible de contrecarrer les effets b\u00e9n\u00e9fiques en mati\u00e8re d\u2019\u00e9quilibre financier des incitations \u00e0 la reprise d\u2019emploi.<\/p>\n<p>Dans un premier bilan dress\u00e9 fin d\u00e9cembre 2014, l\u2019Unedic \u00e9valuait ainsi d\u00e9j\u00e0 \u00e0 un peu plus de <strong>80\u00a0000 le nombre de ch\u00f4meurs suppl\u00e9mentaires indemnis\u00e9s<\/strong> du fait de ce dispositif\u00a0(+25\u00a0000 suppl\u00e9mentaires anticip\u00e9s pour 2015).<a href=\"#lien2\">[2]<\/a><\/p>\n<h2>L\u2019indemnisation des 50 ans et plus\u00a0: des enjeux significatifs en termes d\u2019emploi et de finances<\/h2>\n<p>Enfin, sur le terrain des dossiers oubli\u00e9s, on notera en particulier<strong> le r\u00e9gime sp\u00e9cifique des 50 ans et plus,<\/strong> encore qualifi\u00e9 de \u00ab\u00a0fili\u00e8re seniors\u00a0\u00bb, avec une dur\u00e9e d\u2019indemnisation maximale de 36 mois contre 23 mois pour les moins de 50 ans.<\/p>\n<p>Une harmonisation, ou tout du moins une augmentation de la borne d\u2019\u00e2ge, aurait \u00e9t\u00e9 souhaitable, cette sp\u00e9cificit\u00e9 contribuant \u00e0 <strong>entretenir le sous-emploi des seniors<\/strong> plut\u00f4t qu\u2019\u00e0 les prot\u00e9ger.\u00a0 Le dispositif de \u00ab\u00a0dispense de recherche d\u2019emploi\u00a0\u00bb (pour les plus de 57 ans) avait pour sa part \u00e9t\u00e9 d\u00e9finitivement supprim\u00e9 en 2012.<\/p>\n<p>Il s\u2019agit donc ici en quelque sorte d\u2019un des <strong>derniers \u00ab\u00a0vestiges\u00a0\u00bb de la logique des pr\u00e9retraites,<\/strong> \u00e0 l\u2019origine d\u2019une d\u00e9valorisation de l\u2019emploi relativement au ch\u00f4mage ou \u00e0 l\u2019inactivit\u00e9. S\u2019attaquer \u00e0 ce dossier repr\u00e9sente pourtant des enjeux significatifs, tant en termes d\u2019emplois que financier.<\/p>\n<p>J\u2019ai eu l\u2019occasion de souligner ces enjeux, dans le cadre d\u2019une \u00e9tude qui \u00e9value l\u2019impact d\u2019une <strong>r\u00e9duction de la dur\u00e9e maximale d\u2019indemnisation pour les plus de 50 ans, de 36 \u00e0 23 mois.<\/strong><a href=\"#lien3\">[3]<\/a> Ce type de r\u00e9forme aurait principalement deux incidences : non seulement une incitation \u00e0 une recherche d\u2019emploi plus intense pour les ch\u00f4meurs, mais aussi, pour ne pas dire surtout, une incitation pour les employ\u00e9s en place \u00e0 accepter plus facilement des mod\u00e9rations salariales favorisant leur maintien en emploi et leur \u00e9vitant de basculer vers le ch\u00f4mage, susceptible de se transformer en une trappe \u00e0 exclusion du march\u00e9 du travail en fin de carri\u00e8re.<\/p>\n<p>Les simulations effectu\u00e9es indiquent qu\u2019une telle <strong>suppression de cette \u00ab\u00a0fili\u00e8re seniors\u00a0\u00bb<\/strong> pourrait g\u00e9n\u00e9rer un gain de l\u2019ordre de 6 points d\u2019emploi pour les 55-59 ans, et 3 points pour les 50-54 ans, soit globalement environ 150\u00a0000 emplois cr\u00e9\u00e9s ou maintenus (pour 8 millions de travailleurs \u00e2g\u00e9s de 50 \u00e0 59 ans).<\/p>\n<p>Par ailleurs, ceci repr\u00e9senterait globalement \u00e0 long-terme, <em>via <\/em>\u00a0l\u2019octroi de prestations sur une plus courte dur\u00e9e et les effets positifs d\u2019emplois induits, <strong>une diminution des d\u00e9penses d\u2019indemnisation et un gain financier <\/strong>de l\u2019ordre d\u20191 milliard d\u2019euros, soit le quart du d\u00e9ficit actuel.<\/p>\n<p>Au bilan, on l\u2019aura donc compris, il y a <strong>deux raisons d\u2019attendre avec impatience 2016<\/strong>\u00a0: sous l\u2019effet d\u2019une croissance \u00e9conomique (esp\u00e9rons le) retrouv\u00e9e, les chiffres du ch\u00f4mage et l\u2019\u00e9quilibre financier de l\u2019Unedic ne pourront que s\u2019en trouver mieux, mais ce sera aussi <strong>l\u2019opportunit\u00e9 de ren\u00e9gocier, avec plus d\u2019ambition, la convention d\u2019Assurance ch\u00f4mage de Mai 2014<\/strong> qui sera arriv\u00e9e \u00e0 \u00e9ch\u00e9ance.<\/p>\n<h2>Convention d\u2019assurance ch\u00f4mage\u00a0: pour aller plus loin sur ce th\u00e8me<\/h2>\n<p>GERESO propose aux professionnels RH une formation de 2 jours intitul\u00e9e \u00ab\u00a0<a title=\"Formation ch\u00f4mage\" href=\"http:\/\/www.gereso.com\/formations\/retraite-et-protection-sociale\/formation-perte-d-emploi-et-indemnisation-chomage\">Perte d\u2019emploi et indemnisation ch\u00f4mage<\/a>\u00a0\u00bb\u00a0qui pr\u00e9sente les modalit\u00e9s d\u2019application pratique de la derni\u00e8re convention d\u2019assurance ch\u00f4mage.<\/p>\n<p>Cette formation permet aux professionnels de mieux informer les salari\u00e9s sur leurs droits\u00a0: indemnisation, calculs, incidences du ch\u00f4mage sur la retraite\u2026<\/p>\n<p>GERESO a \u00e9galement publi\u00e9 un ouvrage pratique intitul\u00e9 \u00ab\u00a0<a title=\"Livre ch\u00f4mage\" href=\"http:\/\/www.la-librairie-rh.com\/retraite-et-protection-sociale_1_les-prestations-d-assurance-chomage-dispositifs-de-preretraite__asd.html\" target=\"_blank\">Prestations d\u2019assurance ch\u00f4mage &amp; dispositifs de pr\u00e9retraite<\/a>\u00a0\u00bb. Mis \u00e0 jour r\u00e9guli\u00e8rement en fonction de l\u2019actualit\u00e9, cet ouvrage offre une vue d&rsquo;ensemble de tous les dispositifs de pr\u00e9retraite et toutes les prestations du r\u00e9gime d&rsquo;assurance ch\u00f4mage (indemnisation et aides au reclassement) notamment les dispositions issues de la nouvelle convention d&rsquo;assurance ch\u00f4mage 2014.<\/p>\n<p>&nbsp;<\/p>\n<p><a name=\"lien1\"><\/a><em>[1] On peut aussi noter l\u2019allongement du d\u00e9lai de carence \u00e0 180 jours (au lieu de 75), qui concernent donc les salari\u00e9s b\u00e9n\u00e9ficiant d\u2019une indemnit\u00e9 de d\u00e9part importante lors de la perte de leur emploi.<\/em><\/p>\n<p><a name=\"lien2\"><\/a><em>[2] Voir le rapport de l\u2019Unedic intitul\u00e9 \u00ab\u00a0Situation financi\u00e8re de l\u2019Assurance ch\u00f4mage\u00a0\u00bb, Janvier 2015.<\/em><\/p>\n<p><a name=\"lien3\"><\/a><em>[3] Voir l\u2019Edhec Position Paper, \u00ab\u00a0Pour une r\u00e9forme de l\u2019assurance ch\u00f4mage des 50 ans et plus\u00a0\u00bb, A. Ch\u00e9ron, Janvier 2013.<\/em><\/p>\n<p>&nbsp;<\/p>\n","protected":false},"excerpt":{"rendered":"<p>Si les derniers chiffres du ch\u00f4mage, avec une r\u00e9duction d\u2019un peu moins de 20\u00a0000 du nombre de demandeurs d\u2019emplois de cat\u00e9gorie A (sur un total de 3,48 millions), laissent entrevoir une timide am\u00e9lioration de la situation, les pr\u00e9visions financi\u00e8res de l\u2019Unedic concernant l\u2019\u00e9quilibre financier du r\u00e9gime d\u2019indemnisation restent pour le moins alarmantes.\u00a0<\/p>\n","protected":false},"author":39,"featured_media":3915,"comment_status":"open","ping_status":"open","sticky":false,"template":"","format":"standard","meta":{"_acf_changed":false,"_mi_skip_tracking":false,"footnotes":""},"categories":[4],"tags":[477,379,553,149,15,590],"class_list":["post-3914","post","type-post","status-publish","format-standard","has-post-thumbnail","hentry","category-retraite-et-protection-sociale","tag-assurance-chomage","tag-chomage","tag-emploi","tag-indemnisation","tag-retraite","tag-unedic"],"acf":[],"yoast_head":"<!-- This site is optimized with the Yoast SEO plugin v23.4 - https:\/\/yoast.com\/wordpress\/plugins\/seo\/ -->\n<title>Ch\u00f4mage et \u00e9quilibre financier de l\u2019Unedic : vivement 2016 ! - Le Blog GERESO<\/title>\n<meta name=\"robots\" content=\"index, follow, max-snippet:-1, max-image-preview:large, max-video-preview:-1\" \/>\n<link rel=\"canonical\" href=\"https:\/\/www.gereso.com\/actualites\/2015\/04\/20\/chomage-et-desequilibre-financier-de-lunedic-vivement-2016\/\" \/>\n<meta property=\"og:locale\" content=\"fr_FR\" \/>\n<meta property=\"og:type\" content=\"article\" \/>\n<meta property=\"og:title\" content=\"Ch\u00f4mage et \u00e9quilibre financier de l\u2019Unedic : vivement 2016 ! - Le Blog GERESO\" \/>\n<meta property=\"og:description\" content=\"Si les derniers chiffres du ch\u00f4mage, avec une r\u00e9duction d\u2019un peu moins de 20\u00a0000 du nombre de demandeurs d\u2019emplois de cat\u00e9gorie A (sur un total de 3,48 millions), laissent entrevoir une timide am\u00e9lioration de la situation, les pr\u00e9visions financi\u00e8res de l\u2019Unedic concernant l\u2019\u00e9quilibre financier du r\u00e9gime d\u2019indemnisation restent pour le moins alarmantes.\u00a0\" \/>\n<meta property=\"og:url\" content=\"https:\/\/www.gereso.com\/actualites\/2015\/04\/20\/chomage-et-desequilibre-financier-de-lunedic-vivement-2016\/\" \/>\n<meta property=\"og:site_name\" content=\"Le Blog GERESO\" \/>\n<meta property=\"article:published_time\" content=\"2015-04-20T08:08:43+00:00\" \/>\n<meta property=\"article:modified_time\" content=\"2016-10-05T14:23:51+00:00\" \/>\n<meta property=\"og:image\" content=\"https:\/\/www.gereso.com\/actualites\/wp-content\/uploads\/2015\/04\/Convention_assurance_chomage_UNEDIC-1.jpg\" \/>\n\t<meta property=\"og:image:width\" content=\"528\" \/>\n\t<meta property=\"og:image:height\" content=\"352\" \/>\n\t<meta property=\"og:image:type\" content=\"image\/jpeg\" \/>\n<meta name=\"author\" content=\"Arnaud Ch\u00e9ron\" \/>\n<meta name=\"twitter:card\" content=\"summary_large_image\" \/>\n<script type=\"application\/ld+json\" class=\"yoast-schema-graph\">{\"@context\":\"https:\/\/schema.org\",\"@graph\":[{\"@type\":\"WebPage\",\"@id\":\"https:\/\/www.gereso.com\/actualites\/2015\/04\/20\/chomage-et-desequilibre-financier-de-lunedic-vivement-2016\/\",\"url\":\"https:\/\/www.gereso.com\/actualites\/2015\/04\/20\/chomage-et-desequilibre-financier-de-lunedic-vivement-2016\/\",\"name\":\"Ch\u00f4mage et \u00e9quilibre financier de l\u2019Unedic : vivement 2016 ! - Le Blog GERESO\",\"isPartOf\":{\"@id\":\"https:\/\/www.gereso.com\/actualites\/#website\"},\"primaryImageOfPage\":{\"@id\":\"https:\/\/www.gereso.com\/actualites\/2015\/04\/20\/chomage-et-desequilibre-financier-de-lunedic-vivement-2016\/#primaryimage\"},\"image\":{\"@id\":\"https:\/\/www.gereso.com\/actualites\/2015\/04\/20\/chomage-et-desequilibre-financier-de-lunedic-vivement-2016\/#primaryimage\"},\"thumbnailUrl\":\"https:\/\/www.gereso.com\/actualites\/wp-content\/uploads\/2015\/04\/Convention_assurance_chomage_UNEDIC-1.jpg\",\"datePublished\":\"2015-04-20T08:08:43+00:00\",\"dateModified\":\"2016-10-05T14:23:51+00:00\",\"author\":{\"@id\":\"https:\/\/www.gereso.com\/actualites\/#\/schema\/person\/bd8035c533871798b31e533374ade96f\"},\"breadcrumb\":{\"@id\":\"https:\/\/www.gereso.com\/actualites\/2015\/04\/20\/chomage-et-desequilibre-financier-de-lunedic-vivement-2016\/#breadcrumb\"},\"inLanguage\":\"fr-FR\",\"potentialAction\":[{\"@type\":\"ReadAction\",\"target\":[\"https:\/\/www.gereso.com\/actualites\/2015\/04\/20\/chomage-et-desequilibre-financier-de-lunedic-vivement-2016\/\"]}]},{\"@type\":\"ImageObject\",\"inLanguage\":\"fr-FR\",\"@id\":\"https:\/\/www.gereso.com\/actualites\/2015\/04\/20\/chomage-et-desequilibre-financier-de-lunedic-vivement-2016\/#primaryimage\",\"url\":\"https:\/\/www.gereso.com\/actualites\/wp-content\/uploads\/2015\/04\/Convention_assurance_chomage_UNEDIC-1.jpg\",\"contentUrl\":\"https:\/\/www.gereso.com\/actualites\/wp-content\/uploads\/2015\/04\/Convention_assurance_chomage_UNEDIC-1.jpg\",\"width\":528,\"height\":352,\"caption\":\"Convention d'assurance ch\u00f4mage - Unedic\"},{\"@type\":\"BreadcrumbList\",\"@id\":\"https:\/\/www.gereso.com\/actualites\/2015\/04\/20\/chomage-et-desequilibre-financier-de-lunedic-vivement-2016\/#breadcrumb\",\"itemListElement\":[{\"@type\":\"ListItem\",\"position\":1,\"name\":\"Home\",\"item\":\"https:\/\/www.gereso.com\/actualites\/\"},{\"@type\":\"ListItem\",\"position\":2,\"name\":\"Ch\u00f4mage et \u00e9quilibre financier de l\u2019Unedic : vivement 2016 !\"}]},{\"@type\":\"WebSite\",\"@id\":\"https:\/\/www.gereso.com\/actualites\/#website\",\"url\":\"https:\/\/www.gereso.com\/actualites\/\",\"name\":\"Le Blog GERESO\",\"description\":\"Toute l&#039;actu RH, Finance, Fonction Publique, Management...\",\"potentialAction\":[{\"@type\":\"SearchAction\",\"target\":{\"@type\":\"EntryPoint\",\"urlTemplate\":\"https:\/\/www.gereso.com\/actualites\/?s={search_term_string}\"},\"query-input\":{\"@type\":\"PropertyValueSpecification\",\"valueRequired\":true,\"valueName\":\"search_term_string\"}}],\"inLanguage\":\"fr-FR\"},{\"@type\":\"Person\",\"@id\":\"https:\/\/www.gereso.com\/actualites\/#\/schema\/person\/bd8035c533871798b31e533374ade96f\",\"name\":\"Arnaud Ch\u00e9ron\",\"image\":{\"@type\":\"ImageObject\",\"inLanguage\":\"fr-FR\",\"@id\":\"https:\/\/www.gereso.com\/actualites\/#\/schema\/person\/image\/\",\"url\":\"https:\/\/www.gereso.com\/actualites\/wp-content\/uploads\/2014\/07\/arnaud-cheron-1-144x144.jpg\",\"contentUrl\":\"https:\/\/www.gereso.com\/actualites\/wp-content\/uploads\/2014\/07\/arnaud-cheron-1-144x144.jpg\",\"caption\":\"Arnaud Ch\u00e9ron\"},\"description\":\"Directeur du p\u00f4le de recherche en \u00e9conomie \u00e0 l\u2019EDHEC Business School et professeur des Universit\u00e9s en Sciences Economiques au Mans. Ses travaux de recherche concernent principalement l'\u00e9conomie du travail et l'\u00e9valuation des politiques publiques. Ils ont donn\u00e9 lieu \u00e0 de nombreuses publications dans des revues acad\u00e9miques (Annales d'Economie et Statistiques, Journal of Economic Theory, The Economic Journal, The Journal of Labor Economics...) ainsi qu'\u00e0 des rapports r\u00e9alis\u00e9s pour le compte d'organisations nationales et internationales (Minist\u00e8re du Travail, Commission Europ\u00e9enne, MEDEF...).\",\"url\":\"https:\/\/www.gereso.com\/actualites\/author\/a-cheron\/\"}]}<\/script>\n<!-- \/ Yoast SEO plugin. -->","yoast_head_json":{"title":"Ch\u00f4mage et \u00e9quilibre financier de l\u2019Unedic : vivement 2016 ! - Le Blog GERESO","robots":{"index":"index","follow":"follow","max-snippet":"max-snippet:-1","max-image-preview":"max-image-preview:large","max-video-preview":"max-video-preview:-1"},"canonical":"https:\/\/www.gereso.com\/actualites\/2015\/04\/20\/chomage-et-desequilibre-financier-de-lunedic-vivement-2016\/","og_locale":"fr_FR","og_type":"article","og_title":"Ch\u00f4mage et \u00e9quilibre financier de l\u2019Unedic : vivement 2016 ! - Le Blog GERESO","og_description":"Si les derniers chiffres du ch\u00f4mage, avec une r\u00e9duction d\u2019un peu moins de 20\u00a0000 du nombre de demandeurs d\u2019emplois de cat\u00e9gorie A (sur un total de 3,48 millions), laissent entrevoir une timide am\u00e9lioration de la situation, les pr\u00e9visions financi\u00e8res de l\u2019Unedic concernant l\u2019\u00e9quilibre financier du r\u00e9gime d\u2019indemnisation restent pour le moins alarmantes.\u00a0","og_url":"https:\/\/www.gereso.com\/actualites\/2015\/04\/20\/chomage-et-desequilibre-financier-de-lunedic-vivement-2016\/","og_site_name":"Le Blog GERESO","article_published_time":"2015-04-20T08:08:43+00:00","article_modified_time":"2016-10-05T14:23:51+00:00","og_image":[{"width":528,"height":352,"url":"https:\/\/www.gereso.com\/actualites\/wp-content\/uploads\/2015\/04\/Convention_assurance_chomage_UNEDIC-1.jpg","type":"image\/jpeg"}],"author":"Arnaud Ch\u00e9ron","twitter_card":"summary_large_image","schema":{"@context":"https:\/\/schema.org","@graph":[{"@type":"WebPage","@id":"https:\/\/www.gereso.com\/actualites\/2015\/04\/20\/chomage-et-desequilibre-financier-de-lunedic-vivement-2016\/","url":"https:\/\/www.gereso.com\/actualites\/2015\/04\/20\/chomage-et-desequilibre-financier-de-lunedic-vivement-2016\/","name":"Ch\u00f4mage et \u00e9quilibre financier de l\u2019Unedic : vivement 2016 ! - Le Blog GERESO","isPartOf":{"@id":"https:\/\/www.gereso.com\/actualites\/#website"},"primaryImageOfPage":{"@id":"https:\/\/www.gereso.com\/actualites\/2015\/04\/20\/chomage-et-desequilibre-financier-de-lunedic-vivement-2016\/#primaryimage"},"image":{"@id":"https:\/\/www.gereso.com\/actualites\/2015\/04\/20\/chomage-et-desequilibre-financier-de-lunedic-vivement-2016\/#primaryimage"},"thumbnailUrl":"https:\/\/www.gereso.com\/actualites\/wp-content\/uploads\/2015\/04\/Convention_assurance_chomage_UNEDIC-1.jpg","datePublished":"2015-04-20T08:08:43+00:00","dateModified":"2016-10-05T14:23:51+00:00","author":{"@id":"https:\/\/www.gereso.com\/actualites\/#\/schema\/person\/bd8035c533871798b31e533374ade96f"},"breadcrumb":{"@id":"https:\/\/www.gereso.com\/actualites\/2015\/04\/20\/chomage-et-desequilibre-financier-de-lunedic-vivement-2016\/#breadcrumb"},"inLanguage":"fr-FR","potentialAction":[{"@type":"ReadAction","target":["https:\/\/www.gereso.com\/actualites\/2015\/04\/20\/chomage-et-desequilibre-financier-de-lunedic-vivement-2016\/"]}]},{"@type":"ImageObject","inLanguage":"fr-FR","@id":"https:\/\/www.gereso.com\/actualites\/2015\/04\/20\/chomage-et-desequilibre-financier-de-lunedic-vivement-2016\/#primaryimage","url":"https:\/\/www.gereso.com\/actualites\/wp-content\/uploads\/2015\/04\/Convention_assurance_chomage_UNEDIC-1.jpg","contentUrl":"https:\/\/www.gereso.com\/actualites\/wp-content\/uploads\/2015\/04\/Convention_assurance_chomage_UNEDIC-1.jpg","width":528,"height":352,"caption":"Convention d'assurance ch\u00f4mage - Unedic"},{"@type":"BreadcrumbList","@id":"https:\/\/www.gereso.com\/actualites\/2015\/04\/20\/chomage-et-desequilibre-financier-de-lunedic-vivement-2016\/#breadcrumb","itemListElement":[{"@type":"ListItem","position":1,"name":"Home","item":"https:\/\/www.gereso.com\/actualites\/"},{"@type":"ListItem","position":2,"name":"Ch\u00f4mage et \u00e9quilibre financier de l\u2019Unedic : vivement 2016 !"}]},{"@type":"WebSite","@id":"https:\/\/www.gereso.com\/actualites\/#website","url":"https:\/\/www.gereso.com\/actualites\/","name":"Le Blog GERESO","description":"Toute l&#039;actu RH, Finance, Fonction Publique, Management...","potentialAction":[{"@type":"SearchAction","target":{"@type":"EntryPoint","urlTemplate":"https:\/\/www.gereso.com\/actualites\/?s={search_term_string}"},"query-input":{"@type":"PropertyValueSpecification","valueRequired":true,"valueName":"search_term_string"}}],"inLanguage":"fr-FR"},{"@type":"Person","@id":"https:\/\/www.gereso.com\/actualites\/#\/schema\/person\/bd8035c533871798b31e533374ade96f","name":"Arnaud Ch\u00e9ron","image":{"@type":"ImageObject","inLanguage":"fr-FR","@id":"https:\/\/www.gereso.com\/actualites\/#\/schema\/person\/image\/","url":"https:\/\/www.gereso.com\/actualites\/wp-content\/uploads\/2014\/07\/arnaud-cheron-1-144x144.jpg","contentUrl":"https:\/\/www.gereso.com\/actualites\/wp-content\/uploads\/2014\/07\/arnaud-cheron-1-144x144.jpg","caption":"Arnaud Ch\u00e9ron"},"description":"Directeur du p\u00f4le de recherche en \u00e9conomie \u00e0 l\u2019EDHEC Business School et professeur des Universit\u00e9s en Sciences Economiques au Mans. Ses travaux de recherche concernent principalement l'\u00e9conomie du travail et l'\u00e9valuation des politiques publiques. Ils ont donn\u00e9 lieu \u00e0 de nombreuses publications dans des revues acad\u00e9miques (Annales d'Economie et Statistiques, Journal of Economic Theory, The Economic Journal, The Journal of Labor Economics...) ainsi qu'\u00e0 des rapports r\u00e9alis\u00e9s pour le compte d'organisations nationales et internationales (Minist\u00e8re du Travail, Commission Europ\u00e9enne, MEDEF...).","url":"https:\/\/www.gereso.com\/actualites\/author\/a-cheron\/"}]}},"_links":{"self":[{"href":"https:\/\/www.gereso.com\/actualites\/wp-json\/wp\/v2\/posts\/3914","targetHints":{"allow":["GET"]}}],"collection":[{"href":"https:\/\/www.gereso.com\/actualites\/wp-json\/wp\/v2\/posts"}],"about":[{"href":"https:\/\/www.gereso.com\/actualites\/wp-json\/wp\/v2\/types\/post"}],"author":[{"embeddable":true,"href":"https:\/\/www.gereso.com\/actualites\/wp-json\/wp\/v2\/users\/39"}],"replies":[{"embeddable":true,"href":"https:\/\/www.gereso.com\/actualites\/wp-json\/wp\/v2\/comments?post=3914"}],"version-history":[{"count":1,"href":"https:\/\/www.gereso.com\/actualites\/wp-json\/wp\/v2\/posts\/3914\/revisions"}],"predecessor-version":[{"id":7185,"href":"https:\/\/www.gereso.com\/actualites\/wp-json\/wp\/v2\/posts\/3914\/revisions\/7185"}],"wp:featuredmedia":[{"embeddable":true,"href":"https:\/\/www.gereso.com\/actualites\/wp-json\/wp\/v2\/media\/3915"}],"wp:attachment":[{"href":"https:\/\/www.gereso.com\/actualites\/wp-json\/wp\/v2\/media?parent=3914"}],"wp:term":[{"taxonomy":"category","embeddable":true,"href":"https:\/\/www.gereso.com\/actualites\/wp-json\/wp\/v2\/categories?post=3914"},{"taxonomy":"post_tag","embeddable":true,"href":"https:\/\/www.gereso.com\/actualites\/wp-json\/wp\/v2\/tags?post=3914"}],"curies":[{"name":"wp","href":"https:\/\/api.w.org\/{rel}","templated":true}]}}