{"id":3922,"date":"2015-04-29T09:29:37","date_gmt":"2015-04-29T07:29:37","guid":{"rendered":"https:\/\/www.gereso.com\/actualites\/?p=3922"},"modified":"2015-04-29T09:29:37","modified_gmt":"2015-04-29T07:29:37","slug":"nos-formations-en-comptabilite-paris","status":"publish","type":"post","link":"https:\/\/www.gereso.com\/actualites\/2015\/04\/29\/nos-formations-en-comptabilite-paris\/","title":{"rendered":"Nos formations en comptabilit\u00e9, gestion financi\u00e8re et fiscalit\u00e9"},"content":{"rendered":"<p style=\"text-align: justify;\">GERESO est le sp\u00e9cialiste de la <a title=\"formation en comptabilit\u00e9, gestion financi\u00e8re et fiscalit\u00e9\" href=\"http:\/\/www.gereso.com\/formations\/comptabilite-fiscalite-gestion-financiere\/\" target=\"_blank\">formation en comptabilit\u00e9, gestion financi\u00e8re et fiscalit\u00e9<\/a>. Que vous vouliez approfondir vos connaissances ou mettre \u00e0 jour vos comp\u00e9tences, les stages propos\u00e9s se r\u00e9v\u00e9leront forc\u00e9ment d\u2019une grande utilit\u00e9.<\/p>\n<figure id=\"attachment_3933\" aria-describedby=\"caption-attachment-3933\" style=\"width: 520px\" class=\"wp-caption aligncenter\"><img fetchpriority=\"high\" decoding=\"async\" class=\"size-full wp-image-3933\" src=\"https:\/\/www.gereso.com\/actualites\/wp-content\/uploads\/2015\/04\/formations-comptabilit\u00e9-1.jpg\" alt=\"Formation comptabilit\u00e9 \u00e0 Paris Montparnasse\" width=\"520\" height=\"358\" srcset=\"https:\/\/www.gereso.com\/actualites\/wp-content\/uploads\/2015\/04\/formations-comptabilit\u00e9-1.jpg 520w, https:\/\/www.gereso.com\/actualites\/wp-content\/uploads\/2015\/04\/formations-comptabilit\u00e9-1-300x207.jpg 300w\" sizes=\"(max-width: 520px) 100vw, 520px\" \/><figcaption id=\"caption-attachment-3933\" class=\"wp-caption-text\">Formation comptabilit\u00e9 \u00e0 Paris Montparnasse<\/figcaption><\/figure>\n<p style=\"text-align: justify;\"><!--more--><\/p>\n<h2 style=\"text-align: justify;\"><strong>Suivre une formation en comptabilit\u00e9, gestion financi\u00e8re et fiscalit\u00e9<\/strong><\/h2>\n<p style=\"text-align: justify;\">GERESO propose un grand nombre de stages, du <strong>contr\u00f4le de gestion en passant par la comptabilit\u00e9 g\u00e9n\u00e9rale<\/strong>. Ainsi, quel que soit le point que vous souhaitez approfondir, vous n\u2019aurez aucune difficult\u00e9 \u00e0 trouver une formation correspondante parmi notre offre. En plus des stages classiques, vous retrouverez aussi dans notre prestation des formations certifiantes ainsi que des parcours personnalis\u00e9s \u00ab\u00a0cursus expert\u00a0\u00bb. Comptable, contr\u00f4leur de gestion ou assistant du service comptabilit\u00e9 assign\u00e9 aux paies\u00a0: l\u2019offre de GERESO va vous permettre de devenir un \u00e9l\u00e9ment incontournable de votre entreprise\u00a0!<\/p>\n<h2 style=\"text-align: justify;\"><strong>Quelles formations en comptabilit\u00e9, gestion financi\u00e8re et fiscalit\u00e9 suivre en juin 2015 gr\u00e2ce \u00e0 GERESO\u00a0?<\/strong><\/h2>\n<p style=\"text-align: justify;\">Chaque mois, il est possible de suivre certaines <strong>formations en comptabilit\u00e9, gestion financi\u00e8re et fiscalit\u00e9<\/strong>, organis\u00e9es par GERESO. Par exemple, en juin 2015, voici quelques stages phares qui peuvent se r\u00e9v\u00e9ler int\u00e9ressants pour votre profession\u00a0:<\/p>\n<ul style=\"text-align: justify;\">\n<li>La comptabilit\u00e9 clients le 15 et 16 juin<\/li>\n<li>La pratique des normes IAS\/IFRS le 22 et le 23 juin<\/li>\n<li>Les leviers d\u2019action pour le contr\u00f4le de gestion du 3 au 5 juin<\/li>\n<li>La conception et la r\u00e9daction des proc\u00e9dures comptables le 4 et 5 juin<\/li>\n<li>Le contr\u00f4le fiscal le 15 et 16 juin<\/li>\n<\/ul>\n<p style=\"text-align: justify;\">Nous vous invitons \u00e0 choisir une formation qui vous permettra de r\u00e9soudre vos probl\u00e9matiques quotidiennes. Nos formateurs seront l\u00e0 pour vous apporter des cl\u00e9s th\u00e9oriques et pratiques. Vous aurez bien \u00e9videmment la possibilit\u00e9 de faire part de vos questionnements et de vos cas pratiques.<\/p>\n","protected":false},"excerpt":{"rendered":"<p>GERESO est le sp\u00e9cialiste de la formation en comptabilit\u00e9, gestion financi\u00e8re et fiscalit\u00e9. Que vous vouliez approfondir vos connaissances ou mettre \u00e0 jour vos comp\u00e9tences, les stages propos\u00e9s se r\u00e9v\u00e9leront forc\u00e9ment d\u2019une grande utilit\u00e9.<\/p>\n","protected":false},"author":32,"featured_media":3933,"comment_status":"open","ping_status":"open","sticky":false,"template":"","format":"standard","meta":{"_acf_changed":false,"_mi_skip_tracking":false,"footnotes":""},"categories":[3],"tags":[593,594],"class_list":["post-3922","post","type-post","status-publish","format-standard","has-post-thumbnail","hentry","category-comptabilite-fiscalite-et-gestion-financiere","tag-formation-en-comptabilite","tag-gestion-financiere-et-fiscalite"],"acf":[],"yoast_head":"<!-- This site is optimized with the Yoast SEO plugin v23.4 - https:\/\/yoast.com\/wordpress\/plugins\/seo\/ -->\n<title>Nos formations en comptabilit\u00e9, gestion financi\u00e8re et fiscalit\u00e9 - Le Blog GERESO<\/title>\n<meta name=\"robots\" content=\"index, follow, max-snippet:-1, max-image-preview:large, max-video-preview:-1\" \/>\n<link rel=\"canonical\" href=\"https:\/\/www.gereso.com\/actualites\/2015\/04\/29\/nos-formations-en-comptabilite-paris\/\" \/>\n<meta property=\"og:locale\" content=\"fr_FR\" \/>\n<meta property=\"og:type\" content=\"article\" \/>\n<meta property=\"og:title\" content=\"Nos formations en comptabilit\u00e9, gestion financi\u00e8re et fiscalit\u00e9 - Le Blog GERESO\" \/>\n<meta property=\"og:description\" content=\"GERESO est le sp\u00e9cialiste de la formation en comptabilit\u00e9, gestion financi\u00e8re et fiscalit\u00e9. Que vous vouliez approfondir vos connaissances ou mettre \u00e0 jour vos comp\u00e9tences, les stages propos\u00e9s se r\u00e9v\u00e9leront forc\u00e9ment d\u2019une grande utilit\u00e9.\" \/>\n<meta property=\"og:url\" content=\"https:\/\/www.gereso.com\/actualites\/2015\/04\/29\/nos-formations-en-comptabilite-paris\/\" \/>\n<meta property=\"og:site_name\" content=\"Le Blog GERESO\" \/>\n<meta property=\"article:published_time\" content=\"2015-04-29T07:29:37+00:00\" \/>\n<meta property=\"og:image\" content=\"https:\/\/www.gereso.com\/actualites\/wp-content\/uploads\/2015\/04\/formations-comptabilit\u00e9-1.jpg\" \/>\n\t<meta property=\"og:image:width\" content=\"520\" \/>\n\t<meta property=\"og:image:height\" content=\"358\" \/>\n\t<meta property=\"og:image:type\" content=\"image\/jpeg\" \/>\n<meta name=\"author\" content=\"\u00c9quipe GERESO\" \/>\n<meta name=\"twitter:card\" content=\"summary_large_image\" \/>\n<script type=\"application\/ld+json\" class=\"yoast-schema-graph\">{\"@context\":\"https:\/\/schema.org\",\"@graph\":[{\"@type\":\"WebPage\",\"@id\":\"https:\/\/www.gereso.com\/actualites\/2015\/04\/29\/nos-formations-en-comptabilite-paris\/\",\"url\":\"https:\/\/www.gereso.com\/actualites\/2015\/04\/29\/nos-formations-en-comptabilite-paris\/\",\"name\":\"Nos formations en comptabilit\u00e9, gestion financi\u00e8re et fiscalit\u00e9 - Le Blog GERESO\",\"isPartOf\":{\"@id\":\"https:\/\/www.gereso.com\/actualites\/#website\"},\"primaryImageOfPage\":{\"@id\":\"https:\/\/www.gereso.com\/actualites\/2015\/04\/29\/nos-formations-en-comptabilite-paris\/#primaryimage\"},\"image\":{\"@id\":\"https:\/\/www.gereso.com\/actualites\/2015\/04\/29\/nos-formations-en-comptabilite-paris\/#primaryimage\"},\"thumbnailUrl\":\"https:\/\/www.gereso.com\/actualites\/wp-content\/uploads\/2015\/04\/formations-comptabilit\u00e9-1.jpg\",\"datePublished\":\"2015-04-29T07:29:37+00:00\",\"dateModified\":\"2015-04-29T07:29:37+00:00\",\"author\":{\"@id\":\"https:\/\/www.gereso.com\/actualites\/#\/schema\/person\/197d8aef40cb4ae3f6a0aa9e1d3df2a6\"},\"breadcrumb\":{\"@id\":\"https:\/\/www.gereso.com\/actualites\/2015\/04\/29\/nos-formations-en-comptabilite-paris\/#breadcrumb\"},\"inLanguage\":\"fr-FR\",\"potentialAction\":[{\"@type\":\"ReadAction\",\"target\":[\"https:\/\/www.gereso.com\/actualites\/2015\/04\/29\/nos-formations-en-comptabilite-paris\/\"]}]},{\"@type\":\"ImageObject\",\"inLanguage\":\"fr-FR\",\"@id\":\"https:\/\/www.gereso.com\/actualites\/2015\/04\/29\/nos-formations-en-comptabilite-paris\/#primaryimage\",\"url\":\"https:\/\/www.gereso.com\/actualites\/wp-content\/uploads\/2015\/04\/formations-comptabilit\u00e9-1.jpg\",\"contentUrl\":\"https:\/\/www.gereso.com\/actualites\/wp-content\/uploads\/2015\/04\/formations-comptabilit\u00e9-1.jpg\",\"width\":520,\"height\":358,\"caption\":\"Formation comptabilit\u00e9 \u00e0 Paris Montparnasse\"},{\"@type\":\"BreadcrumbList\",\"@id\":\"https:\/\/www.gereso.com\/actualites\/2015\/04\/29\/nos-formations-en-comptabilite-paris\/#breadcrumb\",\"itemListElement\":[{\"@type\":\"ListItem\",\"position\":1,\"name\":\"Home\",\"item\":\"https:\/\/www.gereso.com\/actualites\/\"},{\"@type\":\"ListItem\",\"position\":2,\"name\":\"Nos formations en comptabilit\u00e9, gestion financi\u00e8re et fiscalit\u00e9\"}]},{\"@type\":\"WebSite\",\"@id\":\"https:\/\/www.gereso.com\/actualites\/#website\",\"url\":\"https:\/\/www.gereso.com\/actualites\/\",\"name\":\"Le Blog GERESO\",\"description\":\"Toute l&#039;actu RH, Finance, Fonction Publique, Management...\",\"potentialAction\":[{\"@type\":\"SearchAction\",\"target\":{\"@type\":\"EntryPoint\",\"urlTemplate\":\"https:\/\/www.gereso.com\/actualites\/?s={search_term_string}\"},\"query-input\":{\"@type\":\"PropertyValueSpecification\",\"valueRequired\":true,\"valueName\":\"search_term_string\"}}],\"inLanguage\":\"fr-FR\"},{\"@type\":\"Person\",\"@id\":\"https:\/\/www.gereso.com\/actualites\/#\/schema\/person\/197d8aef40cb4ae3f6a0aa9e1d3df2a6\",\"name\":\"\u00c9quipe GERESO\",\"image\":{\"@type\":\"ImageObject\",\"inLanguage\":\"fr-FR\",\"@id\":\"https:\/\/www.gereso.com\/actualites\/#\/schema\/person\/image\/\",\"url\":\"https:\/\/www.gereso.com\/actualites\/wp-content\/uploads\/2013\/12\/avatar-gereso-1.png\",\"contentUrl\":\"https:\/\/www.gereso.com\/actualites\/wp-content\/uploads\/2013\/12\/avatar-gereso-1.png\",\"caption\":\"\u00c9quipe GERESO\"},\"url\":\"https:\/\/www.gereso.com\/actualites\/author\/gereso\/\"}]}<\/script>\n<!-- \/ Yoast SEO plugin. -->","yoast_head_json":{"title":"Nos formations en comptabilit\u00e9, gestion financi\u00e8re et fiscalit\u00e9 - Le Blog GERESO","robots":{"index":"index","follow":"follow","max-snippet":"max-snippet:-1","max-image-preview":"max-image-preview:large","max-video-preview":"max-video-preview:-1"},"canonical":"https:\/\/www.gereso.com\/actualites\/2015\/04\/29\/nos-formations-en-comptabilite-paris\/","og_locale":"fr_FR","og_type":"article","og_title":"Nos formations en comptabilit\u00e9, gestion financi\u00e8re et fiscalit\u00e9 - Le Blog GERESO","og_description":"GERESO est le sp\u00e9cialiste de la formation en comptabilit\u00e9, gestion financi\u00e8re et fiscalit\u00e9. Que vous vouliez approfondir vos connaissances ou mettre \u00e0 jour vos comp\u00e9tences, les stages propos\u00e9s se r\u00e9v\u00e9leront forc\u00e9ment d\u2019une grande utilit\u00e9.","og_url":"https:\/\/www.gereso.com\/actualites\/2015\/04\/29\/nos-formations-en-comptabilite-paris\/","og_site_name":"Le Blog GERESO","article_published_time":"2015-04-29T07:29:37+00:00","og_image":[{"width":520,"height":358,"url":"https:\/\/www.gereso.com\/actualites\/wp-content\/uploads\/2015\/04\/formations-comptabilit\u00e9-1.jpg","type":"image\/jpeg"}],"author":"\u00c9quipe GERESO","twitter_card":"summary_large_image","schema":{"@context":"https:\/\/schema.org","@graph":[{"@type":"WebPage","@id":"https:\/\/www.gereso.com\/actualites\/2015\/04\/29\/nos-formations-en-comptabilite-paris\/","url":"https:\/\/www.gereso.com\/actualites\/2015\/04\/29\/nos-formations-en-comptabilite-paris\/","name":"Nos formations en comptabilit\u00e9, gestion financi\u00e8re et fiscalit\u00e9 - Le Blog GERESO","isPartOf":{"@id":"https:\/\/www.gereso.com\/actualites\/#website"},"primaryImageOfPage":{"@id":"https:\/\/www.gereso.com\/actualites\/2015\/04\/29\/nos-formations-en-comptabilite-paris\/#primaryimage"},"image":{"@id":"https:\/\/www.gereso.com\/actualites\/2015\/04\/29\/nos-formations-en-comptabilite-paris\/#primaryimage"},"thumbnailUrl":"https:\/\/www.gereso.com\/actualites\/wp-content\/uploads\/2015\/04\/formations-comptabilit\u00e9-1.jpg","datePublished":"2015-04-29T07:29:37+00:00","dateModified":"2015-04-29T07:29:37+00:00","author":{"@id":"https:\/\/www.gereso.com\/actualites\/#\/schema\/person\/197d8aef40cb4ae3f6a0aa9e1d3df2a6"},"breadcrumb":{"@id":"https:\/\/www.gereso.com\/actualites\/2015\/04\/29\/nos-formations-en-comptabilite-paris\/#breadcrumb"},"inLanguage":"fr-FR","potentialAction":[{"@type":"ReadAction","target":["https:\/\/www.gereso.com\/actualites\/2015\/04\/29\/nos-formations-en-comptabilite-paris\/"]}]},{"@type":"ImageObject","inLanguage":"fr-FR","@id":"https:\/\/www.gereso.com\/actualites\/2015\/04\/29\/nos-formations-en-comptabilite-paris\/#primaryimage","url":"https:\/\/www.gereso.com\/actualites\/wp-content\/uploads\/2015\/04\/formations-comptabilit\u00e9-1.jpg","contentUrl":"https:\/\/www.gereso.com\/actualites\/wp-content\/uploads\/2015\/04\/formations-comptabilit\u00e9-1.jpg","width":520,"height":358,"caption":"Formation comptabilit\u00e9 \u00e0 Paris Montparnasse"},{"@type":"BreadcrumbList","@id":"https:\/\/www.gereso.com\/actualites\/2015\/04\/29\/nos-formations-en-comptabilite-paris\/#breadcrumb","itemListElement":[{"@type":"ListItem","position":1,"name":"Home","item":"https:\/\/www.gereso.com\/actualites\/"},{"@type":"ListItem","position":2,"name":"Nos formations en comptabilit\u00e9, gestion financi\u00e8re et fiscalit\u00e9"}]},{"@type":"WebSite","@id":"https:\/\/www.gereso.com\/actualites\/#website","url":"https:\/\/www.gereso.com\/actualites\/","name":"Le Blog GERESO","description":"Toute l&#039;actu RH, Finance, Fonction Publique, Management...","potentialAction":[{"@type":"SearchAction","target":{"@type":"EntryPoint","urlTemplate":"https:\/\/www.gereso.com\/actualites\/?s={search_term_string}"},"query-input":{"@type":"PropertyValueSpecification","valueRequired":true,"valueName":"search_term_string"}}],"inLanguage":"fr-FR"},{"@type":"Person","@id":"https:\/\/www.gereso.com\/actualites\/#\/schema\/person\/197d8aef40cb4ae3f6a0aa9e1d3df2a6","name":"\u00c9quipe GERESO","image":{"@type":"ImageObject","inLanguage":"fr-FR","@id":"https:\/\/www.gereso.com\/actualites\/#\/schema\/person\/image\/","url":"https:\/\/www.gereso.com\/actualites\/wp-content\/uploads\/2013\/12\/avatar-gereso-1.png","contentUrl":"https:\/\/www.gereso.com\/actualites\/wp-content\/uploads\/2013\/12\/avatar-gereso-1.png","caption":"\u00c9quipe GERESO"},"url":"https:\/\/www.gereso.com\/actualites\/author\/gereso\/"}]}},"_links":{"self":[{"href":"https:\/\/www.gereso.com\/actualites\/wp-json\/wp\/v2\/posts\/3922","targetHints":{"allow":["GET"]}}],"collection":[{"href":"https:\/\/www.gereso.com\/actualites\/wp-json\/wp\/v2\/posts"}],"about":[{"href":"https:\/\/www.gereso.com\/actualites\/wp-json\/wp\/v2\/types\/post"}],"author":[{"embeddable":true,"href":"https:\/\/www.gereso.com\/actualites\/wp-json\/wp\/v2\/users\/32"}],"replies":[{"embeddable":true,"href":"https:\/\/www.gereso.com\/actualites\/wp-json\/wp\/v2\/comments?post=3922"}],"version-history":[{"count":0,"href":"https:\/\/www.gereso.com\/actualites\/wp-json\/wp\/v2\/posts\/3922\/revisions"}],"wp:featuredmedia":[{"embeddable":true,"href":"https:\/\/www.gereso.com\/actualites\/wp-json\/wp\/v2\/media\/3933"}],"wp:attachment":[{"href":"https:\/\/www.gereso.com\/actualites\/wp-json\/wp\/v2\/media?parent=3922"}],"wp:term":[{"taxonomy":"category","embeddable":true,"href":"https:\/\/www.gereso.com\/actualites\/wp-json\/wp\/v2\/categories?post=3922"},{"taxonomy":"post_tag","embeddable":true,"href":"https:\/\/www.gereso.com\/actualites\/wp-json\/wp\/v2\/tags?post=3922"}],"curies":[{"name":"wp","href":"https:\/\/api.w.org\/{rel}","templated":true}]}}