{"id":39358,"date":"2024-02-13T11:40:15","date_gmt":"2024-02-13T09:40:15","guid":{"rendered":"https:\/\/www.gereso.com\/actualites\/?p=39358"},"modified":"2024-02-13T11:40:16","modified_gmt":"2024-02-13T09:40:16","slug":"webinaire-professionnels-rh-comment-allez-vous-resultats-enquete-2024","status":"publish","type":"post","link":"https:\/\/www.gereso.com\/actualites\/2024\/02\/13\/webinaire-professionnels-rh-comment-allez-vous-resultats-enquete-2024\/","title":{"rendered":"Webinaire \u00ab Professionnels RH : comment allez-vous ? &#8211; R\u00e9sultats de l&rsquo;enqu\u00eate nationale 2024 ! \u00bb"},"content":{"rendered":"\n<h2>D\u00e9tails du webinaire&nbsp;:<\/h2>\n<h3 class=\"section-title\"><span class=\"title-inner\" data-animation=\"fadeInRight\" data-animation-delay=\"500\">DATE&nbsp;:<\/span><\/h3>\n<p>Jeudi 8 f\u00e9vrier 2024 de 14h30 \u00e0 15h30<\/p>\n<h3 class=\"section-title\"><span class=\"title-inner\" data-animation=\"fadeInRight\" data-animation-delay=\"500\">R\u00c9SUM\u00c9&nbsp;:<\/span><\/h3>\n<p>2023 a \u00e9t\u00e9 une ann\u00e9e charni\u00e8re pour les professionnels des ressources humaines. Apr\u00e8s les d\u00e9fis de la crise sanitaire, ces derniers ont navigu\u00e9 dans un contexte g\u00e9opolitique et \u00e9conomique complexe et incertain. <strong>GERESO publie la 4e \u00e9dition de l&rsquo;enqu\u00eate nationale sur le moral des RH<\/strong> qui explore l\u2019\u00e9tat d\u2019esprit, les perspectives, et les d\u00e9fis de ces professionnels.<\/p>\n\n<p>L&rsquo;enqu\u00eate a \u00e9t\u00e9 men\u00e9e entre le 10 octobre et le 12 novembre 2023, avec plus de 300 participants anonymes issus de diff\u00e9rents segments d&rsquo;\u00e2ge, de genre et de fonctions RH, pr\u00e9sents sur toute la France.<\/p>\n\n<p>Quels sont les <strong>principaux enseignements de cette \u00e9tude 2023\/2024&nbsp;?<\/strong> D\u00e9tail des r\u00e9sultats et tour d\u2019horizon des points cl\u00e9s \u00e0 retenir.<\/p>\n\n\n<h3 class=\"section-title\"><span class=\"title-inner\" data-animation=\"fadeInRight\" data-animation-delay=\"500\">AU PROGRAMME&nbsp;:<\/span><\/h3>\n\n<ul>\n<li>Le ressenti des RH fin 2023<\/li>\n<li>Les pr\u00e9occupations et les facteurs d\u2019engagement des RH en 2023<\/li>\n<li>Les perspectives pour 2024<\/li>\n<li>Questions \/ r\u00e9ponses<\/li>\n<\/ul>\n<\/ul>\n\n\n<h3 class=\"section-title\"><span class=\"title-inner\" data-animation=\"fadeInRight\" data-animation-delay=\"500\">INTERVENANTS&nbsp;:<\/span><\/h3>\n<p><strong>Herv\u00e9 RIOCHE<\/strong> est responsable marketing et communication et <strong>Kelly Baligand<\/strong> est charg\u00e9e de communication et marketing chez GERESO. Ensemble, ils ont cr\u00e9\u00e9 l&rsquo;enqu\u00eate \u00ab\u00a0Professionnels RH&nbsp;: comment allez-vous&nbsp;?\u00a0\u00bb<\/p>\n\n\n<h3 class=\"section-title\"><span class=\"title-inner\" data-animation=\"fadeInRight\" data-animation-delay=\"500\">WEBINAIRE&nbsp;:<\/span><\/h3>\n<h4>Replay du webinaire&nbsp;: \u00ab\u00a0Professionnels RH&nbsp;: comment allez-vous&nbsp;? &#8211; R\u00e9sultats de l&rsquo;enqu\u00eate nationale 2024&nbsp;!\u00a0\u00bb&nbsp;:<\/h4>\n\n\n\n<figure class=\"wp-block-embed is-type-video is-provider-youtube wp-block-embed-youtube wp-embed-aspect-16-9 wp-has-aspect-ratio\"><div class=\"wp-block-embed__wrapper\">\n<iframe title=\"WEBINAIRE - R\u00e9sultats enqu\u00eate 2024 &quot;Professionnels RH : comment allez-vous ?&quot; - Herv\u00e9 &amp; Kelly\" width=\"644\" height=\"362\" src=\"https:\/\/www.youtube.com\/embed\/t71d7o7KquU?feature=oembed\" frameborder=\"0\" allow=\"accelerometer; autoplay; clipboard-write; encrypted-media; gyroscope; picture-in-picture; web-share\" referrerpolicy=\"strict-origin-when-cross-origin\" allowfullscreen><\/iframe>\n<\/div><\/figure>\n\n\n\n<p><h3 class=\"section-title\"><span class=\"title-inner\" data-animation=\"fadeInRight\" data-animation-delay=\"500\">LES R\u00c9SULTATS DE L&rsquo;ENQU\u00caTE&nbsp;:<\/span><\/h3><\/p>\n\n\n<div class=\"wp-block-image\">\n<figure class=\"aligncenter size-full\"><a href=\"https:\/\/www.gereso.com\/actualites\/2024\/01\/02\/enquete-annuelle-professionnels-rh-comment-allez-vous-resultats-2024\/\" target=\"_blank\" rel=\"noreferrer noopener\"><img fetchpriority=\"high\" decoding=\"async\" width=\"620\" height=\"158\" src=\"https:\/\/www.gereso.com\/actualites\/wp-content\/uploads\/2024\/02\/2401-GExxx-Resultats-enquete-RH-2024.jpg\" alt=\"\" class=\"wp-image-39365\" srcset=\"https:\/\/www.gereso.com\/actualites\/wp-content\/uploads\/2024\/02\/2401-GExxx-Resultats-enquete-RH-2024.jpg 620w, https:\/\/www.gereso.com\/actualites\/wp-content\/uploads\/2024\/02\/2401-GExxx-Resultats-enquete-RH-2024-300x76.jpg 300w\" sizes=\"(max-width: 620px) 100vw, 620px\" \/><\/a><\/figure>\n<\/div>","protected":false},"excerpt":{"rendered":"<p>D\u00e9tails du webinaire&nbsp;: DATE&nbsp;: Jeudi 8 f\u00e9vrier 2024 de 14h30 \u00e0 15h30 R\u00c9SUM\u00c9&nbsp;: 2023 a \u00e9t\u00e9 une ann\u00e9e charni\u00e8re pour les professionnels des ressources humaines. Apr\u00e8s les d\u00e9fis de la crise sanitaire, ces derniers ont navigu\u00e9 dans un contexte g\u00e9opolitique et \u00e9conomique complexe et incertain. GERESO publie la 4e \u00e9dition de l&rsquo;enqu\u00eate nationale sur le [&hellip;]<\/p>\n","protected":false},"author":32,"featured_media":0,"comment_status":"open","ping_status":"open","sticky":false,"template":"","format":"standard","meta":{"_acf_changed":false,"_mi_skip_tracking":false,"footnotes":""},"categories":[12,2],"tags":[],"class_list":["post-39358","post","type-post","status-publish","format-standard","hentry","category-actualites","category-ressources-humaines"],"acf":[],"yoast_head":"<!-- This site is optimized with the Yoast SEO plugin v23.4 - https:\/\/yoast.com\/wordpress\/plugins\/seo\/ -->\n<title>Webinaire \u00ab Professionnels RH : comment allez-vous ? &#8211; R\u00e9sultats de l&rsquo;enqu\u00eate nationale 2024 ! \u00bb - Le Blog GERESO<\/title>\n<meta name=\"robots\" content=\"index, follow, max-snippet:-1, max-image-preview:large, max-video-preview:-1\" \/>\n<link rel=\"canonical\" href=\"https:\/\/www.gereso.com\/actualites\/2024\/02\/13\/webinaire-professionnels-rh-comment-allez-vous-resultats-enquete-2024\/\" \/>\n<meta property=\"og:locale\" content=\"fr_FR\" \/>\n<meta property=\"og:type\" content=\"article\" \/>\n<meta property=\"og:title\" content=\"Webinaire \u00ab Professionnels RH : comment allez-vous ? &#8211; R\u00e9sultats de l&rsquo;enqu\u00eate nationale 2024 ! \u00bb - Le Blog GERESO\" \/>\n<meta property=\"og:description\" content=\"D\u00e9tails du webinaire&nbsp;: DATE&nbsp;: Jeudi 8 f\u00e9vrier 2024 de 14h30 \u00e0 15h30 R\u00c9SUM\u00c9&nbsp;: 2023 a \u00e9t\u00e9 une ann\u00e9e charni\u00e8re pour les professionnels des ressources humaines. Apr\u00e8s les d\u00e9fis de la crise sanitaire, ces derniers ont navigu\u00e9 dans un contexte g\u00e9opolitique et \u00e9conomique complexe et incertain. GERESO publie la 4e \u00e9dition de l&rsquo;enqu\u00eate nationale sur le [&hellip;]\" \/>\n<meta property=\"og:url\" content=\"https:\/\/www.gereso.com\/actualites\/2024\/02\/13\/webinaire-professionnels-rh-comment-allez-vous-resultats-enquete-2024\/\" \/>\n<meta property=\"og:site_name\" content=\"Le Blog GERESO\" \/>\n<meta property=\"article:published_time\" content=\"2024-02-13T09:40:15+00:00\" \/>\n<meta property=\"article:modified_time\" content=\"2024-02-13T09:40:16+00:00\" \/>\n<meta property=\"og:image\" content=\"https:\/\/www.gereso.com\/actualites\/wp-content\/uploads\/2024\/02\/2401-GExxx-Resultats-enquete-RH-2024.jpg\" \/>\n<meta name=\"author\" content=\"\u00c9quipe GERESO\" \/>\n<meta name=\"twitter:card\" content=\"summary_large_image\" \/>\n<script type=\"application\/ld+json\" class=\"yoast-schema-graph\">{\"@context\":\"https:\/\/schema.org\",\"@graph\":[{\"@type\":\"WebPage\",\"@id\":\"https:\/\/www.gereso.com\/actualites\/2024\/02\/13\/webinaire-professionnels-rh-comment-allez-vous-resultats-enquete-2024\/\",\"url\":\"https:\/\/www.gereso.com\/actualites\/2024\/02\/13\/webinaire-professionnels-rh-comment-allez-vous-resultats-enquete-2024\/\",\"name\":\"Webinaire \u00ab Professionnels RH : comment allez-vous ? &#8211; R\u00e9sultats de l&rsquo;enqu\u00eate nationale 2024 ! \u00bb - Le Blog GERESO\",\"isPartOf\":{\"@id\":\"https:\/\/www.gereso.com\/actualites\/#website\"},\"primaryImageOfPage\":{\"@id\":\"https:\/\/www.gereso.com\/actualites\/2024\/02\/13\/webinaire-professionnels-rh-comment-allez-vous-resultats-enquete-2024\/#primaryimage\"},\"image\":{\"@id\":\"https:\/\/www.gereso.com\/actualites\/2024\/02\/13\/webinaire-professionnels-rh-comment-allez-vous-resultats-enquete-2024\/#primaryimage\"},\"thumbnailUrl\":\"https:\/\/www.gereso.com\/actualites\/wp-content\/uploads\/2024\/02\/2401-GExxx-Resultats-enquete-RH-2024.jpg\",\"datePublished\":\"2024-02-13T09:40:15+00:00\",\"dateModified\":\"2024-02-13T09:40:16+00:00\",\"author\":{\"@id\":\"https:\/\/www.gereso.com\/actualites\/#\/schema\/person\/197d8aef40cb4ae3f6a0aa9e1d3df2a6\"},\"breadcrumb\":{\"@id\":\"https:\/\/www.gereso.com\/actualites\/2024\/02\/13\/webinaire-professionnels-rh-comment-allez-vous-resultats-enquete-2024\/#breadcrumb\"},\"inLanguage\":\"fr-FR\",\"potentialAction\":[{\"@type\":\"ReadAction\",\"target\":[\"https:\/\/www.gereso.com\/actualites\/2024\/02\/13\/webinaire-professionnels-rh-comment-allez-vous-resultats-enquete-2024\/\"]}]},{\"@type\":\"ImageObject\",\"inLanguage\":\"fr-FR\",\"@id\":\"https:\/\/www.gereso.com\/actualites\/2024\/02\/13\/webinaire-professionnels-rh-comment-allez-vous-resultats-enquete-2024\/#primaryimage\",\"url\":\"https:\/\/www.gereso.com\/actualites\/wp-content\/uploads\/2024\/02\/2401-GExxx-Resultats-enquete-RH-2024.jpg\",\"contentUrl\":\"https:\/\/www.gereso.com\/actualites\/wp-content\/uploads\/2024\/02\/2401-GExxx-Resultats-enquete-RH-2024.jpg\",\"width\":620,\"height\":158},{\"@type\":\"BreadcrumbList\",\"@id\":\"https:\/\/www.gereso.com\/actualites\/2024\/02\/13\/webinaire-professionnels-rh-comment-allez-vous-resultats-enquete-2024\/#breadcrumb\",\"itemListElement\":[{\"@type\":\"ListItem\",\"position\":1,\"name\":\"Home\",\"item\":\"https:\/\/www.gereso.com\/actualites\/\"},{\"@type\":\"ListItem\",\"position\":2,\"name\":\"Webinaire \u00ab Professionnels RH : comment allez-vous ? &#8211; R\u00e9sultats de l&rsquo;enqu\u00eate nationale 2024 ! \u00bb\"}]},{\"@type\":\"WebSite\",\"@id\":\"https:\/\/www.gereso.com\/actualites\/#website\",\"url\":\"https:\/\/www.gereso.com\/actualites\/\",\"name\":\"Le Blog GERESO\",\"description\":\"Toute l&#039;actu RH, Finance, Fonction Publique, Management...\",\"potentialAction\":[{\"@type\":\"SearchAction\",\"target\":{\"@type\":\"EntryPoint\",\"urlTemplate\":\"https:\/\/www.gereso.com\/actualites\/?s={search_term_string}\"},\"query-input\":{\"@type\":\"PropertyValueSpecification\",\"valueRequired\":true,\"valueName\":\"search_term_string\"}}],\"inLanguage\":\"fr-FR\"},{\"@type\":\"Person\",\"@id\":\"https:\/\/www.gereso.com\/actualites\/#\/schema\/person\/197d8aef40cb4ae3f6a0aa9e1d3df2a6\",\"name\":\"\u00c9quipe GERESO\",\"image\":{\"@type\":\"ImageObject\",\"inLanguage\":\"fr-FR\",\"@id\":\"https:\/\/www.gereso.com\/actualites\/#\/schema\/person\/image\/\",\"url\":\"https:\/\/www.gereso.com\/actualites\/wp-content\/uploads\/2013\/12\/avatar-gereso-1.png\",\"contentUrl\":\"https:\/\/www.gereso.com\/actualites\/wp-content\/uploads\/2013\/12\/avatar-gereso-1.png\",\"caption\":\"\u00c9quipe GERESO\"},\"url\":\"https:\/\/www.gereso.com\/actualites\/author\/gereso\/\"}]}<\/script>\n<!-- \/ Yoast SEO plugin. -->","yoast_head_json":{"title":"Webinaire \u00ab Professionnels RH : comment allez-vous ? &#8211; R\u00e9sultats de l&rsquo;enqu\u00eate nationale 2024 ! \u00bb - Le Blog GERESO","robots":{"index":"index","follow":"follow","max-snippet":"max-snippet:-1","max-image-preview":"max-image-preview:large","max-video-preview":"max-video-preview:-1"},"canonical":"https:\/\/www.gereso.com\/actualites\/2024\/02\/13\/webinaire-professionnels-rh-comment-allez-vous-resultats-enquete-2024\/","og_locale":"fr_FR","og_type":"article","og_title":"Webinaire \u00ab Professionnels RH : comment allez-vous ? &#8211; R\u00e9sultats de l&rsquo;enqu\u00eate nationale 2024 ! \u00bb - Le Blog GERESO","og_description":"D\u00e9tails du webinaire&nbsp;: DATE&nbsp;: Jeudi 8 f\u00e9vrier 2024 de 14h30 \u00e0 15h30 R\u00c9SUM\u00c9&nbsp;: 2023 a \u00e9t\u00e9 une ann\u00e9e charni\u00e8re pour les professionnels des ressources humaines. Apr\u00e8s les d\u00e9fis de la crise sanitaire, ces derniers ont navigu\u00e9 dans un contexte g\u00e9opolitique et \u00e9conomique complexe et incertain. GERESO publie la 4e \u00e9dition de l&rsquo;enqu\u00eate nationale sur le [&hellip;]","og_url":"https:\/\/www.gereso.com\/actualites\/2024\/02\/13\/webinaire-professionnels-rh-comment-allez-vous-resultats-enquete-2024\/","og_site_name":"Le Blog GERESO","article_published_time":"2024-02-13T09:40:15+00:00","article_modified_time":"2024-02-13T09:40:16+00:00","og_image":[{"url":"https:\/\/www.gereso.com\/actualites\/wp-content\/uploads\/2024\/02\/2401-GExxx-Resultats-enquete-RH-2024.jpg"}],"author":"\u00c9quipe GERESO","twitter_card":"summary_large_image","schema":{"@context":"https:\/\/schema.org","@graph":[{"@type":"WebPage","@id":"https:\/\/www.gereso.com\/actualites\/2024\/02\/13\/webinaire-professionnels-rh-comment-allez-vous-resultats-enquete-2024\/","url":"https:\/\/www.gereso.com\/actualites\/2024\/02\/13\/webinaire-professionnels-rh-comment-allez-vous-resultats-enquete-2024\/","name":"Webinaire \u00ab Professionnels RH : comment allez-vous ? &#8211; R\u00e9sultats de l&rsquo;enqu\u00eate nationale 2024 ! \u00bb - Le Blog GERESO","isPartOf":{"@id":"https:\/\/www.gereso.com\/actualites\/#website"},"primaryImageOfPage":{"@id":"https:\/\/www.gereso.com\/actualites\/2024\/02\/13\/webinaire-professionnels-rh-comment-allez-vous-resultats-enquete-2024\/#primaryimage"},"image":{"@id":"https:\/\/www.gereso.com\/actualites\/2024\/02\/13\/webinaire-professionnels-rh-comment-allez-vous-resultats-enquete-2024\/#primaryimage"},"thumbnailUrl":"https:\/\/www.gereso.com\/actualites\/wp-content\/uploads\/2024\/02\/2401-GExxx-Resultats-enquete-RH-2024.jpg","datePublished":"2024-02-13T09:40:15+00:00","dateModified":"2024-02-13T09:40:16+00:00","author":{"@id":"https:\/\/www.gereso.com\/actualites\/#\/schema\/person\/197d8aef40cb4ae3f6a0aa9e1d3df2a6"},"breadcrumb":{"@id":"https:\/\/www.gereso.com\/actualites\/2024\/02\/13\/webinaire-professionnels-rh-comment-allez-vous-resultats-enquete-2024\/#breadcrumb"},"inLanguage":"fr-FR","potentialAction":[{"@type":"ReadAction","target":["https:\/\/www.gereso.com\/actualites\/2024\/02\/13\/webinaire-professionnels-rh-comment-allez-vous-resultats-enquete-2024\/"]}]},{"@type":"ImageObject","inLanguage":"fr-FR","@id":"https:\/\/www.gereso.com\/actualites\/2024\/02\/13\/webinaire-professionnels-rh-comment-allez-vous-resultats-enquete-2024\/#primaryimage","url":"https:\/\/www.gereso.com\/actualites\/wp-content\/uploads\/2024\/02\/2401-GExxx-Resultats-enquete-RH-2024.jpg","contentUrl":"https:\/\/www.gereso.com\/actualites\/wp-content\/uploads\/2024\/02\/2401-GExxx-Resultats-enquete-RH-2024.jpg","width":620,"height":158},{"@type":"BreadcrumbList","@id":"https:\/\/www.gereso.com\/actualites\/2024\/02\/13\/webinaire-professionnels-rh-comment-allez-vous-resultats-enquete-2024\/#breadcrumb","itemListElement":[{"@type":"ListItem","position":1,"name":"Home","item":"https:\/\/www.gereso.com\/actualites\/"},{"@type":"ListItem","position":2,"name":"Webinaire \u00ab Professionnels RH : comment allez-vous ? &#8211; R\u00e9sultats de l&rsquo;enqu\u00eate nationale 2024 ! \u00bb"}]},{"@type":"WebSite","@id":"https:\/\/www.gereso.com\/actualites\/#website","url":"https:\/\/www.gereso.com\/actualites\/","name":"Le Blog GERESO","description":"Toute l&#039;actu RH, Finance, Fonction Publique, Management...","potentialAction":[{"@type":"SearchAction","target":{"@type":"EntryPoint","urlTemplate":"https:\/\/www.gereso.com\/actualites\/?s={search_term_string}"},"query-input":{"@type":"PropertyValueSpecification","valueRequired":true,"valueName":"search_term_string"}}],"inLanguage":"fr-FR"},{"@type":"Person","@id":"https:\/\/www.gereso.com\/actualites\/#\/schema\/person\/197d8aef40cb4ae3f6a0aa9e1d3df2a6","name":"\u00c9quipe GERESO","image":{"@type":"ImageObject","inLanguage":"fr-FR","@id":"https:\/\/www.gereso.com\/actualites\/#\/schema\/person\/image\/","url":"https:\/\/www.gereso.com\/actualites\/wp-content\/uploads\/2013\/12\/avatar-gereso-1.png","contentUrl":"https:\/\/www.gereso.com\/actualites\/wp-content\/uploads\/2013\/12\/avatar-gereso-1.png","caption":"\u00c9quipe GERESO"},"url":"https:\/\/www.gereso.com\/actualites\/author\/gereso\/"}]}},"_links":{"self":[{"href":"https:\/\/www.gereso.com\/actualites\/wp-json\/wp\/v2\/posts\/39358","targetHints":{"allow":["GET"]}}],"collection":[{"href":"https:\/\/www.gereso.com\/actualites\/wp-json\/wp\/v2\/posts"}],"about":[{"href":"https:\/\/www.gereso.com\/actualites\/wp-json\/wp\/v2\/types\/post"}],"author":[{"embeddable":true,"href":"https:\/\/www.gereso.com\/actualites\/wp-json\/wp\/v2\/users\/32"}],"replies":[{"embeddable":true,"href":"https:\/\/www.gereso.com\/actualites\/wp-json\/wp\/v2\/comments?post=39358"}],"version-history":[{"count":8,"href":"https:\/\/www.gereso.com\/actualites\/wp-json\/wp\/v2\/posts\/39358\/revisions"}],"predecessor-version":[{"id":39572,"href":"https:\/\/www.gereso.com\/actualites\/wp-json\/wp\/v2\/posts\/39358\/revisions\/39572"}],"wp:attachment":[{"href":"https:\/\/www.gereso.com\/actualites\/wp-json\/wp\/v2\/media?parent=39358"}],"wp:term":[{"taxonomy":"category","embeddable":true,"href":"https:\/\/www.gereso.com\/actualites\/wp-json\/wp\/v2\/categories?post=39358"},{"taxonomy":"post_tag","embeddable":true,"href":"https:\/\/www.gereso.com\/actualites\/wp-json\/wp\/v2\/tags?post=39358"}],"curies":[{"name":"wp","href":"https:\/\/api.w.org\/{rel}","templated":true}]}}