{"id":3945,"date":"2015-05-05T16:15:08","date_gmt":"2015-05-05T14:15:08","guid":{"rendered":"https:\/\/www.gereso.com\/actualites\/?p=3945"},"modified":"2017-01-26T16:13:14","modified_gmt":"2017-01-26T14:13:14","slug":"les-formations-certifiantes-de-gereso-dans-le-domaine-de-la-paie-et-de-ladministration-du-personnel","status":"publish","type":"post","link":"https:\/\/www.gereso.com\/actualites\/2015\/05\/05\/les-formations-certifiantes-de-gereso-dans-le-domaine-de-la-paie-et-de-ladministration-du-personnel\/","title":{"rendered":"Les formations certifiantes de GERESO dans le domaine de la paie et de l\u2019administration du personnel"},"content":{"rendered":"<p style=\"text-align: justify\">Le catalogue de GERESO dans le domaine de la paie et de l\u2019administration du personnel est complet et permet facilement aux professionnels de trouver des stages int\u00e9ressants pour leur carri\u00e8re. Mais savez-vous que GERESO propose aussi des formations certifiantes\u00a0? Explications dans cet article\u00a0:<\/p>\n<figure id=\"attachment_3954\" aria-describedby=\"caption-attachment-3954\" style=\"width: 528px\" class=\"wp-caption aligncenter\"><img fetchpriority=\"high\" decoding=\"async\" class=\"size-full wp-image-3954\" src=\"https:\/\/www.gereso.com\/actualites\/wp-content\/uploads\/2015\/04\/Formation-certifiante-paie-1.jpg\" alt=\"Certificat paie &amp; administration du personnel\" width=\"528\" height=\"352\" srcset=\"https:\/\/www.gereso.com\/actualites\/wp-content\/uploads\/2015\/04\/Formation-certifiante-paie-1.jpg 528w, https:\/\/www.gereso.com\/actualites\/wp-content\/uploads\/2015\/04\/Formation-certifiante-paie-1-300x200.jpg 300w\" sizes=\"(max-width: 528px) 100vw, 528px\" \/><figcaption id=\"caption-attachment-3954\" class=\"wp-caption-text\">Certificat paie &amp; administration du personnel<\/figcaption><\/figure>\n<p style=\"text-align: justify\"><!--more--><\/p>\n<h2 style=\"text-align: justify\"><strong>Quelles sont nos formations certifiantes en paie et administration du personnel\u00a0?<\/strong><\/h2>\n<p style=\"text-align: justify\">Nous proposons un certain nombre de <strong>parcours certifiants pour les professionnels de la paie<\/strong> et de l\u2019administration du personnel\u00a0:<\/p>\n<ul style=\"text-align: justify\">\n<li><a href=\"http:\/\/www.gereso.com\/formations\/paie\/formation-certifiante-gestionnaire-paie_1\">Certificat professionnel <strong>Gestionnaire Paie Sp\u00e9cificit\u00e9 Gestion des arr\u00eats maladie<\/strong><\/a><\/li>\n<li><a href=\"http:\/\/www.gereso.com\/formations\/paie\/formation-certifiante-gestionnaire-paie_2\">Certificat Professionnel <strong>Gestionnaire Paie <\/strong><\/a><\/li>\n<li><a href=\"http:\/\/www.gereso.com\/formations\/paie\/formation-certifiante-gestionnaire-paie\">Certificat Professionnel <strong>Gestionnaire Paie Sp\u00e9cificit\u00e9 Gestion des cotisations sociales<\/strong><\/a><\/li>\n<li><a href=\"http:\/\/www.gereso.com\/formations\/paie\/formation-certifiante-responsable-paie\">Certificat Professionnel <strong>Responsable Paie <\/strong><\/a><\/li>\n<li><a href=\"http:\/\/www.gereso.com\/formations\/paie\/formation-certifiante-responsable-administration-du-personnel\">Certificat Professionnel <strong>Responsable administration du personnel<\/strong><\/a><\/li>\n<\/ul>\n<p style=\"text-align: justify\">Quels que soient vos objectifs professionnels, vous aurez la possibilit\u00e9 de suivre une formation certifiante organis\u00e9e par GERESO\u00a0: un atout pour votre carri\u00e8re.<\/p>\n<h2 style=\"text-align: justify\"><strong>Quel est l\u2019int\u00e9r\u00eat de suivre l\u2019une de ces formations\u00a0? <\/strong><\/h2>\n<p style=\"text-align: justify\">Nos formations certifiantes dans le domaine de la paie et de l\u2019administration du personnel ont plusieurs objectifs. Par exemple, si vous exercez la fonction de responsable paie, mais que <strong>vous ne poss\u00e9dez pas le dipl\u00f4me ad\u00e9quat,<\/strong> vous pourrez <strong>faire reconna\u00eetre votre expertise<\/strong> gr\u00e2ce au certificat obtenu.<\/p>\n<p style=\"text-align: justify\">Par ailleurs, si votre m\u00e9tier consiste \u00e0 g\u00e9rer les paies, vous pouvez d\u00e9cider de <strong>donner un nouveau souffle \u00e0 votre carri\u00e8re<\/strong> en vous sp\u00e9cialisant, par exemple, sur le traitement en paie des absences (maladie, maternit\u00e9&#8230;) ou des suspensions de contrats. Pour cela, il faudra <strong>acqu\u00e9rir de nouvelles comp\u00e9tences,<\/strong> ce qui est rendu possible par la formation certifiante.<\/p>\n<p style=\"text-align: justify\">A savoir\u00a0: toutes les formations certifiantes qui sont propos\u00e9es par GERESO sont reconnues par la F\u00e9d\u00e9ration de la Formation Professionnelle (FFP). En choisissant de participer \u00e0 l\u2019un de nos stages, vous aurez donc la certitude que le programme sera d\u2019excellente qualit\u00e9 et que <strong>votre certificat sera bien reconnu dans votre entreprise et pour vos prochaines exp\u00e9riences professionnelles.<\/strong><\/p>\n<p style=\"text-align: justify\">\n","protected":false},"excerpt":{"rendered":"<p>Le catalogue de GERESO dans le domaine de la paie et de l\u2019administration du personnel est complet et permet facilement aux professionnels de trouver des stages int\u00e9ressants pour leur carri\u00e8re. Mais savez-vous que GERESO propose aussi des formations certifiantes\u00a0? Explications dans cet article\u00a0:<\/p>\n","protected":false},"author":32,"featured_media":3954,"comment_status":"open","ping_status":"open","sticky":false,"template":"","format":"standard","meta":{"_acf_changed":false,"_mi_skip_tracking":false,"footnotes":""},"categories":[8],"tags":[514,516,108],"class_list":["post-3945","post","type-post","status-publish","format-standard","has-post-thumbnail","hentry","category-paie-et-administration-du-personnel","tag-certificat","tag-formation-certifiante","tag-paie"],"acf":[],"yoast_head":"<!-- This site is optimized with the Yoast SEO plugin v23.4 - https:\/\/yoast.com\/wordpress\/plugins\/seo\/ -->\n<title>Les formations certifiantes de GERESO dans le domaine de la paie et de l\u2019administration du personnel - Le Blog GERESO<\/title>\n<meta name=\"robots\" content=\"index, follow, max-snippet:-1, max-image-preview:large, max-video-preview:-1\" \/>\n<link rel=\"canonical\" href=\"https:\/\/www.gereso.com\/actualites\/2015\/05\/05\/les-formations-certifiantes-de-gereso-dans-le-domaine-de-la-paie-et-de-ladministration-du-personnel\/\" \/>\n<meta property=\"og:locale\" content=\"fr_FR\" \/>\n<meta property=\"og:type\" content=\"article\" \/>\n<meta property=\"og:title\" content=\"Les formations certifiantes de GERESO dans le domaine de la paie et de l\u2019administration du personnel - Le Blog GERESO\" \/>\n<meta property=\"og:description\" content=\"Le catalogue de GERESO dans le domaine de la paie et de l\u2019administration du personnel est complet et permet facilement aux professionnels de trouver des stages int\u00e9ressants pour leur carri\u00e8re. Mais savez-vous que GERESO propose aussi des formations certifiantes\u00a0? Explications dans cet article\u00a0:\" \/>\n<meta property=\"og:url\" content=\"https:\/\/www.gereso.com\/actualites\/2015\/05\/05\/les-formations-certifiantes-de-gereso-dans-le-domaine-de-la-paie-et-de-ladministration-du-personnel\/\" \/>\n<meta property=\"og:site_name\" content=\"Le Blog GERESO\" \/>\n<meta property=\"article:published_time\" content=\"2015-05-05T14:15:08+00:00\" \/>\n<meta property=\"article:modified_time\" content=\"2017-01-26T14:13:14+00:00\" \/>\n<meta property=\"og:image\" content=\"https:\/\/www.gereso.com\/actualites\/wp-content\/uploads\/2015\/04\/Formation-certifiante-paie-1.jpg\" \/>\n\t<meta property=\"og:image:width\" content=\"528\" \/>\n\t<meta property=\"og:image:height\" content=\"352\" \/>\n\t<meta property=\"og:image:type\" content=\"image\/jpeg\" \/>\n<meta name=\"author\" content=\"\u00c9quipe GERESO\" \/>\n<meta name=\"twitter:card\" content=\"summary_large_image\" \/>\n<script type=\"application\/ld+json\" class=\"yoast-schema-graph\">{\"@context\":\"https:\/\/schema.org\",\"@graph\":[{\"@type\":\"WebPage\",\"@id\":\"https:\/\/www.gereso.com\/actualites\/2015\/05\/05\/les-formations-certifiantes-de-gereso-dans-le-domaine-de-la-paie-et-de-ladministration-du-personnel\/\",\"url\":\"https:\/\/www.gereso.com\/actualites\/2015\/05\/05\/les-formations-certifiantes-de-gereso-dans-le-domaine-de-la-paie-et-de-ladministration-du-personnel\/\",\"name\":\"Les formations certifiantes de GERESO dans le domaine de la paie et de l\u2019administration du personnel - Le Blog GERESO\",\"isPartOf\":{\"@id\":\"https:\/\/www.gereso.com\/actualites\/#website\"},\"primaryImageOfPage\":{\"@id\":\"https:\/\/www.gereso.com\/actualites\/2015\/05\/05\/les-formations-certifiantes-de-gereso-dans-le-domaine-de-la-paie-et-de-ladministration-du-personnel\/#primaryimage\"},\"image\":{\"@id\":\"https:\/\/www.gereso.com\/actualites\/2015\/05\/05\/les-formations-certifiantes-de-gereso-dans-le-domaine-de-la-paie-et-de-ladministration-du-personnel\/#primaryimage\"},\"thumbnailUrl\":\"https:\/\/www.gereso.com\/actualites\/wp-content\/uploads\/2015\/04\/Formation-certifiante-paie-1.jpg\",\"datePublished\":\"2015-05-05T14:15:08+00:00\",\"dateModified\":\"2017-01-26T14:13:14+00:00\",\"author\":{\"@id\":\"https:\/\/www.gereso.com\/actualites\/#\/schema\/person\/197d8aef40cb4ae3f6a0aa9e1d3df2a6\"},\"breadcrumb\":{\"@id\":\"https:\/\/www.gereso.com\/actualites\/2015\/05\/05\/les-formations-certifiantes-de-gereso-dans-le-domaine-de-la-paie-et-de-ladministration-du-personnel\/#breadcrumb\"},\"inLanguage\":\"fr-FR\",\"potentialAction\":[{\"@type\":\"ReadAction\",\"target\":[\"https:\/\/www.gereso.com\/actualites\/2015\/05\/05\/les-formations-certifiantes-de-gereso-dans-le-domaine-de-la-paie-et-de-ladministration-du-personnel\/\"]}]},{\"@type\":\"ImageObject\",\"inLanguage\":\"fr-FR\",\"@id\":\"https:\/\/www.gereso.com\/actualites\/2015\/05\/05\/les-formations-certifiantes-de-gereso-dans-le-domaine-de-la-paie-et-de-ladministration-du-personnel\/#primaryimage\",\"url\":\"https:\/\/www.gereso.com\/actualites\/wp-content\/uploads\/2015\/04\/Formation-certifiante-paie-1.jpg\",\"contentUrl\":\"https:\/\/www.gereso.com\/actualites\/wp-content\/uploads\/2015\/04\/Formation-certifiante-paie-1.jpg\",\"width\":528,\"height\":352,\"caption\":\"Certificat paie & administration du personnel\"},{\"@type\":\"BreadcrumbList\",\"@id\":\"https:\/\/www.gereso.com\/actualites\/2015\/05\/05\/les-formations-certifiantes-de-gereso-dans-le-domaine-de-la-paie-et-de-ladministration-du-personnel\/#breadcrumb\",\"itemListElement\":[{\"@type\":\"ListItem\",\"position\":1,\"name\":\"Home\",\"item\":\"https:\/\/www.gereso.com\/actualites\/\"},{\"@type\":\"ListItem\",\"position\":2,\"name\":\"Les formations certifiantes de GERESO dans le domaine de la paie et de l\u2019administration du personnel\"}]},{\"@type\":\"WebSite\",\"@id\":\"https:\/\/www.gereso.com\/actualites\/#website\",\"url\":\"https:\/\/www.gereso.com\/actualites\/\",\"name\":\"Le Blog GERESO\",\"description\":\"Toute l&#039;actu RH, Finance, Fonction Publique, Management...\",\"potentialAction\":[{\"@type\":\"SearchAction\",\"target\":{\"@type\":\"EntryPoint\",\"urlTemplate\":\"https:\/\/www.gereso.com\/actualites\/?s={search_term_string}\"},\"query-input\":{\"@type\":\"PropertyValueSpecification\",\"valueRequired\":true,\"valueName\":\"search_term_string\"}}],\"inLanguage\":\"fr-FR\"},{\"@type\":\"Person\",\"@id\":\"https:\/\/www.gereso.com\/actualites\/#\/schema\/person\/197d8aef40cb4ae3f6a0aa9e1d3df2a6\",\"name\":\"\u00c9quipe GERESO\",\"image\":{\"@type\":\"ImageObject\",\"inLanguage\":\"fr-FR\",\"@id\":\"https:\/\/www.gereso.com\/actualites\/#\/schema\/person\/image\/\",\"url\":\"https:\/\/www.gereso.com\/actualites\/wp-content\/uploads\/2013\/12\/avatar-gereso-1.png\",\"contentUrl\":\"https:\/\/www.gereso.com\/actualites\/wp-content\/uploads\/2013\/12\/avatar-gereso-1.png\",\"caption\":\"\u00c9quipe GERESO\"},\"url\":\"https:\/\/www.gereso.com\/actualites\/author\/gereso\/\"}]}<\/script>\n<!-- \/ Yoast SEO plugin. -->","yoast_head_json":{"title":"Les formations certifiantes de GERESO dans le domaine de la paie et de l\u2019administration du personnel - Le Blog GERESO","robots":{"index":"index","follow":"follow","max-snippet":"max-snippet:-1","max-image-preview":"max-image-preview:large","max-video-preview":"max-video-preview:-1"},"canonical":"https:\/\/www.gereso.com\/actualites\/2015\/05\/05\/les-formations-certifiantes-de-gereso-dans-le-domaine-de-la-paie-et-de-ladministration-du-personnel\/","og_locale":"fr_FR","og_type":"article","og_title":"Les formations certifiantes de GERESO dans le domaine de la paie et de l\u2019administration du personnel - Le Blog GERESO","og_description":"Le catalogue de GERESO dans le domaine de la paie et de l\u2019administration du personnel est complet et permet facilement aux professionnels de trouver des stages int\u00e9ressants pour leur carri\u00e8re. Mais savez-vous que GERESO propose aussi des formations certifiantes\u00a0? Explications dans cet article\u00a0:","og_url":"https:\/\/www.gereso.com\/actualites\/2015\/05\/05\/les-formations-certifiantes-de-gereso-dans-le-domaine-de-la-paie-et-de-ladministration-du-personnel\/","og_site_name":"Le Blog GERESO","article_published_time":"2015-05-05T14:15:08+00:00","article_modified_time":"2017-01-26T14:13:14+00:00","og_image":[{"width":528,"height":352,"url":"https:\/\/www.gereso.com\/actualites\/wp-content\/uploads\/2015\/04\/Formation-certifiante-paie-1.jpg","type":"image\/jpeg"}],"author":"\u00c9quipe GERESO","twitter_card":"summary_large_image","schema":{"@context":"https:\/\/schema.org","@graph":[{"@type":"WebPage","@id":"https:\/\/www.gereso.com\/actualites\/2015\/05\/05\/les-formations-certifiantes-de-gereso-dans-le-domaine-de-la-paie-et-de-ladministration-du-personnel\/","url":"https:\/\/www.gereso.com\/actualites\/2015\/05\/05\/les-formations-certifiantes-de-gereso-dans-le-domaine-de-la-paie-et-de-ladministration-du-personnel\/","name":"Les formations certifiantes de GERESO dans le domaine de la paie et de l\u2019administration du personnel - Le Blog GERESO","isPartOf":{"@id":"https:\/\/www.gereso.com\/actualites\/#website"},"primaryImageOfPage":{"@id":"https:\/\/www.gereso.com\/actualites\/2015\/05\/05\/les-formations-certifiantes-de-gereso-dans-le-domaine-de-la-paie-et-de-ladministration-du-personnel\/#primaryimage"},"image":{"@id":"https:\/\/www.gereso.com\/actualites\/2015\/05\/05\/les-formations-certifiantes-de-gereso-dans-le-domaine-de-la-paie-et-de-ladministration-du-personnel\/#primaryimage"},"thumbnailUrl":"https:\/\/www.gereso.com\/actualites\/wp-content\/uploads\/2015\/04\/Formation-certifiante-paie-1.jpg","datePublished":"2015-05-05T14:15:08+00:00","dateModified":"2017-01-26T14:13:14+00:00","author":{"@id":"https:\/\/www.gereso.com\/actualites\/#\/schema\/person\/197d8aef40cb4ae3f6a0aa9e1d3df2a6"},"breadcrumb":{"@id":"https:\/\/www.gereso.com\/actualites\/2015\/05\/05\/les-formations-certifiantes-de-gereso-dans-le-domaine-de-la-paie-et-de-ladministration-du-personnel\/#breadcrumb"},"inLanguage":"fr-FR","potentialAction":[{"@type":"ReadAction","target":["https:\/\/www.gereso.com\/actualites\/2015\/05\/05\/les-formations-certifiantes-de-gereso-dans-le-domaine-de-la-paie-et-de-ladministration-du-personnel\/"]}]},{"@type":"ImageObject","inLanguage":"fr-FR","@id":"https:\/\/www.gereso.com\/actualites\/2015\/05\/05\/les-formations-certifiantes-de-gereso-dans-le-domaine-de-la-paie-et-de-ladministration-du-personnel\/#primaryimage","url":"https:\/\/www.gereso.com\/actualites\/wp-content\/uploads\/2015\/04\/Formation-certifiante-paie-1.jpg","contentUrl":"https:\/\/www.gereso.com\/actualites\/wp-content\/uploads\/2015\/04\/Formation-certifiante-paie-1.jpg","width":528,"height":352,"caption":"Certificat paie & administration du personnel"},{"@type":"BreadcrumbList","@id":"https:\/\/www.gereso.com\/actualites\/2015\/05\/05\/les-formations-certifiantes-de-gereso-dans-le-domaine-de-la-paie-et-de-ladministration-du-personnel\/#breadcrumb","itemListElement":[{"@type":"ListItem","position":1,"name":"Home","item":"https:\/\/www.gereso.com\/actualites\/"},{"@type":"ListItem","position":2,"name":"Les formations certifiantes de GERESO dans le domaine de la paie et de l\u2019administration du personnel"}]},{"@type":"WebSite","@id":"https:\/\/www.gereso.com\/actualites\/#website","url":"https:\/\/www.gereso.com\/actualites\/","name":"Le Blog GERESO","description":"Toute l&#039;actu RH, Finance, Fonction Publique, Management...","potentialAction":[{"@type":"SearchAction","target":{"@type":"EntryPoint","urlTemplate":"https:\/\/www.gereso.com\/actualites\/?s={search_term_string}"},"query-input":{"@type":"PropertyValueSpecification","valueRequired":true,"valueName":"search_term_string"}}],"inLanguage":"fr-FR"},{"@type":"Person","@id":"https:\/\/www.gereso.com\/actualites\/#\/schema\/person\/197d8aef40cb4ae3f6a0aa9e1d3df2a6","name":"\u00c9quipe GERESO","image":{"@type":"ImageObject","inLanguage":"fr-FR","@id":"https:\/\/www.gereso.com\/actualites\/#\/schema\/person\/image\/","url":"https:\/\/www.gereso.com\/actualites\/wp-content\/uploads\/2013\/12\/avatar-gereso-1.png","contentUrl":"https:\/\/www.gereso.com\/actualites\/wp-content\/uploads\/2013\/12\/avatar-gereso-1.png","caption":"\u00c9quipe GERESO"},"url":"https:\/\/www.gereso.com\/actualites\/author\/gereso\/"}]}},"_links":{"self":[{"href":"https:\/\/www.gereso.com\/actualites\/wp-json\/wp\/v2\/posts\/3945","targetHints":{"allow":["GET"]}}],"collection":[{"href":"https:\/\/www.gereso.com\/actualites\/wp-json\/wp\/v2\/posts"}],"about":[{"href":"https:\/\/www.gereso.com\/actualites\/wp-json\/wp\/v2\/types\/post"}],"author":[{"embeddable":true,"href":"https:\/\/www.gereso.com\/actualites\/wp-json\/wp\/v2\/users\/32"}],"replies":[{"embeddable":true,"href":"https:\/\/www.gereso.com\/actualites\/wp-json\/wp\/v2\/comments?post=3945"}],"version-history":[{"count":1,"href":"https:\/\/www.gereso.com\/actualites\/wp-json\/wp\/v2\/posts\/3945\/revisions"}],"predecessor-version":[{"id":7622,"href":"https:\/\/www.gereso.com\/actualites\/wp-json\/wp\/v2\/posts\/3945\/revisions\/7622"}],"wp:featuredmedia":[{"embeddable":true,"href":"https:\/\/www.gereso.com\/actualites\/wp-json\/wp\/v2\/media\/3954"}],"wp:attachment":[{"href":"https:\/\/www.gereso.com\/actualites\/wp-json\/wp\/v2\/media?parent=3945"}],"wp:term":[{"taxonomy":"category","embeddable":true,"href":"https:\/\/www.gereso.com\/actualites\/wp-json\/wp\/v2\/categories?post=3945"},{"taxonomy":"post_tag","embeddable":true,"href":"https:\/\/www.gereso.com\/actualites\/wp-json\/wp\/v2\/tags?post=3945"}],"curies":[{"name":"wp","href":"https:\/\/api.w.org\/{rel}","templated":true}]}}