{"id":39462,"date":"2024-02-23T12:11:11","date_gmt":"2024-02-23T10:11:11","guid":{"rendered":"https:\/\/www.gereso.com\/actualites\/?p=39462"},"modified":"2024-06-27T10:38:09","modified_gmt":"2024-06-27T08:38:09","slug":"alternance-aides-embauche","status":"publish","type":"post","link":"https:\/\/www.gereso.com\/actualites\/2024\/02\/23\/alternance-aides-embauche\/","title":{"rendered":"Alternance\u00a0: aides \u00e0 l\u2019embauche"},"content":{"rendered":"\n<p>Un <strong>d\u00e9cret prolonge jusqu\u2019au 31 d\u00e9cembre 2024<\/strong> l\u2019<strong>aide exceptionnelle<\/strong> vers\u00e9e aux employeurs d\u2019apprentis et de salari\u00e9s en contrat de professionnalisation n\u2019entrant pas dans le champ d\u2019application de l\u2019aide unique aux employeurs d\u2019apprentis.<\/p>\n\n\n\n<p>Pour rappel, il s\u2019agit d\u2019une aide pour le <strong>recrutement d\u2019alternants <\/strong>d\u2019un montant de <strong>6\u00a0000\u00a0\u20ac <\/strong>au maximum pour la premi\u00e8re ann\u00e9e du contrat. Elle concerne l\u2019embauche d\u2019un apprenti de tout \u00e2ge ou d\u2019un salari\u00e9 en contrat de professionnalisation de moins de 30\u00a0ans.<\/p>\n\n\n\n<p>Celle-ci s\u2019adresse aux employeurs des secteurs priv\u00e9, public industriel et commercial, et concerne chaque contrat d\u2019apprentissage visant un dipl\u00f4me ou titre de niveau inf\u00e9rieur ou \u00e9gal au niveau 7 du cadre national de certification professionnelle.<\/p>\n\n\n\n<p>L\u2019aide est accord\u00e9e sans condition aux entreprises de moins de 250 salari\u00e9s. Celles de plus de 250 salari\u00e9s devront toujours s\u2019engager \u00e0 atteindre un seuil de contrats d\u2019alternance ou de contrats favorisant l\u2019insertion professionnelle dans leur effectif, d\u2019ici le 31 d\u00e9cembre 2025 pour b\u00e9n\u00e9ficier de l\u2019aide.<\/p>\n\n\n\n<p>Par ailleurs, elle est cumulable avec les aides sp\u00e9cifiques destin\u00e9es aux apprentis en situation de handicap.<\/p>\n\n\n\n<p><em><a href=\"https:\/\/www.legifrance.gouv.fr\/jorf\/id\/JORFTEXT000048729142#:~:text=de%20salari%C3%A9s%20...-,D%C3%A9cret%20n%C2%B0%202023%2D1354%20du%2029%20d%C3%A9cembre%202023%20portant,salari%C3%A9s%20en%20contrat%20de%20professionnalisation\" target=\"_blank\" rel=\"noreferrer noopener\">D\u00e9cret n\u00b0&nbsp;2023-1354 du 29 d\u00e9cembre 2023<\/a> portant prolongation de l\u2019aide aux employeurs d\u2019apprentis et de salari\u00e9s en contrat de professionnalisation<\/em><\/p>\n","protected":false},"excerpt":{"rendered":"<p>Un d\u00e9cret prolonge jusqu\u2019au 31 d\u00e9cembre 2024 l\u2019aide exceptionnelle vers\u00e9e aux employeurs d\u2019apprentis et de salari\u00e9s en contrat de professionnalisation n\u2019entrant pas dans le champ d\u2019application de l\u2019aide unique aux employeurs d\u2019apprentis. Pour rappel, il s\u2019agit d\u2019une aide pour le recrutement d\u2019alternants d\u2019un montant de 6\u00a0000\u00a0\u20ac au maximum pour la premi\u00e8re ann\u00e9e du contrat. Elle [&hellip;]<\/p>\n","protected":false},"author":32,"featured_media":0,"comment_status":"open","ping_status":"open","sticky":false,"template":"","format":"quote","meta":{"_acf_changed":false,"_mi_skip_tracking":false,"footnotes":""},"categories":[12,2],"tags":[],"class_list":["post-39462","post","type-post","status-publish","format-quote","hentry","category-actualites","category-ressources-humaines","post_format-post-format-quote"],"acf":[],"yoast_head":"<!-- This site is optimized with the Yoast SEO plugin v23.4 - https:\/\/yoast.com\/wordpress\/plugins\/seo\/ -->\n<title>Alternance\u00a0: aides \u00e0 l\u2019embauche - Le Blog GERESO<\/title>\n<meta name=\"robots\" content=\"index, follow, max-snippet:-1, max-image-preview:large, max-video-preview:-1\" \/>\n<link rel=\"canonical\" href=\"https:\/\/www.gereso.com\/actualites\/2024\/02\/23\/alternance-aides-embauche\/\" \/>\n<meta property=\"og:locale\" content=\"fr_FR\" \/>\n<meta property=\"og:type\" content=\"article\" \/>\n<meta property=\"og:title\" content=\"Alternance\u00a0: aides \u00e0 l\u2019embauche - Le Blog GERESO\" \/>\n<meta property=\"og:description\" content=\"Un d\u00e9cret prolonge jusqu\u2019au 31 d\u00e9cembre 2024 l\u2019aide exceptionnelle vers\u00e9e aux employeurs d\u2019apprentis et de salari\u00e9s en contrat de professionnalisation n\u2019entrant pas dans le champ d\u2019application de l\u2019aide unique aux employeurs d\u2019apprentis. Pour rappel, il s\u2019agit d\u2019une aide pour le recrutement d\u2019alternants d\u2019un montant de 6\u00a0000\u00a0\u20ac au maximum pour la premi\u00e8re ann\u00e9e du contrat. Elle [&hellip;]\" \/>\n<meta property=\"og:url\" content=\"https:\/\/www.gereso.com\/actualites\/2024\/02\/23\/alternance-aides-embauche\/\" \/>\n<meta property=\"og:site_name\" content=\"Le Blog GERESO\" \/>\n<meta property=\"article:published_time\" content=\"2024-02-23T10:11:11+00:00\" \/>\n<meta property=\"article:modified_time\" content=\"2024-06-27T08:38:09+00:00\" \/>\n<meta name=\"author\" content=\"\u00c9quipe GERESO\" \/>\n<meta name=\"twitter:card\" content=\"summary_large_image\" \/>\n<script type=\"application\/ld+json\" class=\"yoast-schema-graph\">{\"@context\":\"https:\/\/schema.org\",\"@graph\":[{\"@type\":\"WebPage\",\"@id\":\"https:\/\/www.gereso.com\/actualites\/2024\/02\/23\/alternance-aides-embauche\/\",\"url\":\"https:\/\/www.gereso.com\/actualites\/2024\/02\/23\/alternance-aides-embauche\/\",\"name\":\"Alternance\u00a0: aides \u00e0 l\u2019embauche - Le Blog GERESO\",\"isPartOf\":{\"@id\":\"https:\/\/www.gereso.com\/actualites\/#website\"},\"datePublished\":\"2024-02-23T10:11:11+00:00\",\"dateModified\":\"2024-06-27T08:38:09+00:00\",\"author\":{\"@id\":\"https:\/\/www.gereso.com\/actualites\/#\/schema\/person\/197d8aef40cb4ae3f6a0aa9e1d3df2a6\"},\"breadcrumb\":{\"@id\":\"https:\/\/www.gereso.com\/actualites\/2024\/02\/23\/alternance-aides-embauche\/#breadcrumb\"},\"inLanguage\":\"fr-FR\",\"potentialAction\":[{\"@type\":\"ReadAction\",\"target\":[\"https:\/\/www.gereso.com\/actualites\/2024\/02\/23\/alternance-aides-embauche\/\"]}]},{\"@type\":\"BreadcrumbList\",\"@id\":\"https:\/\/www.gereso.com\/actualites\/2024\/02\/23\/alternance-aides-embauche\/#breadcrumb\",\"itemListElement\":[{\"@type\":\"ListItem\",\"position\":1,\"name\":\"Home\",\"item\":\"https:\/\/www.gereso.com\/actualites\/\"},{\"@type\":\"ListItem\",\"position\":2,\"name\":\"Alternance\u00a0: aides \u00e0 l\u2019embauche\"}]},{\"@type\":\"WebSite\",\"@id\":\"https:\/\/www.gereso.com\/actualites\/#website\",\"url\":\"https:\/\/www.gereso.com\/actualites\/\",\"name\":\"Le Blog GERESO\",\"description\":\"Toute l&#039;actu RH, Finance, Fonction Publique, Management...\",\"potentialAction\":[{\"@type\":\"SearchAction\",\"target\":{\"@type\":\"EntryPoint\",\"urlTemplate\":\"https:\/\/www.gereso.com\/actualites\/?s={search_term_string}\"},\"query-input\":{\"@type\":\"PropertyValueSpecification\",\"valueRequired\":true,\"valueName\":\"search_term_string\"}}],\"inLanguage\":\"fr-FR\"},{\"@type\":\"Person\",\"@id\":\"https:\/\/www.gereso.com\/actualites\/#\/schema\/person\/197d8aef40cb4ae3f6a0aa9e1d3df2a6\",\"name\":\"\u00c9quipe GERESO\",\"image\":{\"@type\":\"ImageObject\",\"inLanguage\":\"fr-FR\",\"@id\":\"https:\/\/www.gereso.com\/actualites\/#\/schema\/person\/image\/\",\"url\":\"https:\/\/www.gereso.com\/actualites\/wp-content\/uploads\/2013\/12\/avatar-gereso-1.png\",\"contentUrl\":\"https:\/\/www.gereso.com\/actualites\/wp-content\/uploads\/2013\/12\/avatar-gereso-1.png\",\"caption\":\"\u00c9quipe GERESO\"},\"url\":\"https:\/\/www.gereso.com\/actualites\/author\/gereso\/\"}]}<\/script>\n<!-- \/ Yoast SEO plugin. -->","yoast_head_json":{"title":"Alternance\u00a0: aides \u00e0 l\u2019embauche - Le Blog GERESO","robots":{"index":"index","follow":"follow","max-snippet":"max-snippet:-1","max-image-preview":"max-image-preview:large","max-video-preview":"max-video-preview:-1"},"canonical":"https:\/\/www.gereso.com\/actualites\/2024\/02\/23\/alternance-aides-embauche\/","og_locale":"fr_FR","og_type":"article","og_title":"Alternance\u00a0: aides \u00e0 l\u2019embauche - Le Blog GERESO","og_description":"Un d\u00e9cret prolonge jusqu\u2019au 31 d\u00e9cembre 2024 l\u2019aide exceptionnelle vers\u00e9e aux employeurs d\u2019apprentis et de salari\u00e9s en contrat de professionnalisation n\u2019entrant pas dans le champ d\u2019application de l\u2019aide unique aux employeurs d\u2019apprentis. Pour rappel, il s\u2019agit d\u2019une aide pour le recrutement d\u2019alternants d\u2019un montant de 6\u00a0000\u00a0\u20ac au maximum pour la premi\u00e8re ann\u00e9e du contrat. Elle [&hellip;]","og_url":"https:\/\/www.gereso.com\/actualites\/2024\/02\/23\/alternance-aides-embauche\/","og_site_name":"Le Blog GERESO","article_published_time":"2024-02-23T10:11:11+00:00","article_modified_time":"2024-06-27T08:38:09+00:00","author":"\u00c9quipe GERESO","twitter_card":"summary_large_image","schema":{"@context":"https:\/\/schema.org","@graph":[{"@type":"WebPage","@id":"https:\/\/www.gereso.com\/actualites\/2024\/02\/23\/alternance-aides-embauche\/","url":"https:\/\/www.gereso.com\/actualites\/2024\/02\/23\/alternance-aides-embauche\/","name":"Alternance\u00a0: aides \u00e0 l\u2019embauche - Le Blog GERESO","isPartOf":{"@id":"https:\/\/www.gereso.com\/actualites\/#website"},"datePublished":"2024-02-23T10:11:11+00:00","dateModified":"2024-06-27T08:38:09+00:00","author":{"@id":"https:\/\/www.gereso.com\/actualites\/#\/schema\/person\/197d8aef40cb4ae3f6a0aa9e1d3df2a6"},"breadcrumb":{"@id":"https:\/\/www.gereso.com\/actualites\/2024\/02\/23\/alternance-aides-embauche\/#breadcrumb"},"inLanguage":"fr-FR","potentialAction":[{"@type":"ReadAction","target":["https:\/\/www.gereso.com\/actualites\/2024\/02\/23\/alternance-aides-embauche\/"]}]},{"@type":"BreadcrumbList","@id":"https:\/\/www.gereso.com\/actualites\/2024\/02\/23\/alternance-aides-embauche\/#breadcrumb","itemListElement":[{"@type":"ListItem","position":1,"name":"Home","item":"https:\/\/www.gereso.com\/actualites\/"},{"@type":"ListItem","position":2,"name":"Alternance\u00a0: aides \u00e0 l\u2019embauche"}]},{"@type":"WebSite","@id":"https:\/\/www.gereso.com\/actualites\/#website","url":"https:\/\/www.gereso.com\/actualites\/","name":"Le Blog GERESO","description":"Toute l&#039;actu RH, Finance, Fonction Publique, Management...","potentialAction":[{"@type":"SearchAction","target":{"@type":"EntryPoint","urlTemplate":"https:\/\/www.gereso.com\/actualites\/?s={search_term_string}"},"query-input":{"@type":"PropertyValueSpecification","valueRequired":true,"valueName":"search_term_string"}}],"inLanguage":"fr-FR"},{"@type":"Person","@id":"https:\/\/www.gereso.com\/actualites\/#\/schema\/person\/197d8aef40cb4ae3f6a0aa9e1d3df2a6","name":"\u00c9quipe GERESO","image":{"@type":"ImageObject","inLanguage":"fr-FR","@id":"https:\/\/www.gereso.com\/actualites\/#\/schema\/person\/image\/","url":"https:\/\/www.gereso.com\/actualites\/wp-content\/uploads\/2013\/12\/avatar-gereso-1.png","contentUrl":"https:\/\/www.gereso.com\/actualites\/wp-content\/uploads\/2013\/12\/avatar-gereso-1.png","caption":"\u00c9quipe GERESO"},"url":"https:\/\/www.gereso.com\/actualites\/author\/gereso\/"}]}},"_links":{"self":[{"href":"https:\/\/www.gereso.com\/actualites\/wp-json\/wp\/v2\/posts\/39462","targetHints":{"allow":["GET"]}}],"collection":[{"href":"https:\/\/www.gereso.com\/actualites\/wp-json\/wp\/v2\/posts"}],"about":[{"href":"https:\/\/www.gereso.com\/actualites\/wp-json\/wp\/v2\/types\/post"}],"author":[{"embeddable":true,"href":"https:\/\/www.gereso.com\/actualites\/wp-json\/wp\/v2\/users\/32"}],"replies":[{"embeddable":true,"href":"https:\/\/www.gereso.com\/actualites\/wp-json\/wp\/v2\/comments?post=39462"}],"version-history":[{"count":8,"href":"https:\/\/www.gereso.com\/actualites\/wp-json\/wp\/v2\/posts\/39462\/revisions"}],"predecessor-version":[{"id":40908,"href":"https:\/\/www.gereso.com\/actualites\/wp-json\/wp\/v2\/posts\/39462\/revisions\/40908"}],"wp:attachment":[{"href":"https:\/\/www.gereso.com\/actualites\/wp-json\/wp\/v2\/media?parent=39462"}],"wp:term":[{"taxonomy":"category","embeddable":true,"href":"https:\/\/www.gereso.com\/actualites\/wp-json\/wp\/v2\/categories?post=39462"},{"taxonomy":"post_tag","embeddable":true,"href":"https:\/\/www.gereso.com\/actualites\/wp-json\/wp\/v2\/tags?post=39462"}],"curies":[{"name":"wp","href":"https:\/\/api.w.org\/{rel}","templated":true}]}}