{"id":39525,"date":"2024-02-26T15:33:19","date_gmt":"2024-02-26T13:33:19","guid":{"rendered":"https:\/\/www.gereso.com\/actualites\/?p=39525"},"modified":"2024-02-26T15:33:21","modified_gmt":"2024-02-26T13:33:21","slug":"loi-29-decembre-2023-finances-2024","status":"publish","type":"post","link":"https:\/\/www.gereso.com\/actualites\/2024\/02\/26\/loi-29-decembre-2023-finances-2024\/","title":{"rendered":"Loi n\u00b0 2023-1322 du 29 d\u00e9cembre 2023 de finances pour 2024"},"content":{"rendered":"\n<p>La <strong>loi de finances pour 2024 <\/strong>pr\u00e9voit des dispositions concernant les agents publics.<\/p>\n\n\n\n<p>Elle modifie notamment les modalit\u00e9s d\u2019indemnisation du Cong\u00e9 de longue maladie des fonctionnaires. L\u2019<a href=\"https:\/\/www.legifrance.gouv.fr\/codes\/article_lc\/LEGIARTI000044424585#:~:text=Version%20en%20vigueur%20depuis%20le%2031%20d%C3%A9cembre%202023,-Modifi%C3%A9%20par%20LOI&amp;text=Le%20fonctionnaire%20en%20cong%C3%A9%20de,la%20moiti%C3%A9%20de%20celui%2Dci.\" target=\"_blank\" rel=\"noreferrer noopener\">article L822-8 du Code g\u00e9n\u00e9ral de la fonction publique<\/a> est modifi\u00e9 pour porter \u00e0 60 % l\u2019indemnisation pour les 2 ann\u00e9es suivant la premi\u00e8re ann\u00e9e \u00e0 plein traitement. Cette disposition est \u00e9tendue aux militaires modifiants ainsi <a href=\"https:\/\/www.legifrance.gouv.fr\/codes\/article_lc\/LEGIARTI000042567464#:~:text=Le%20militaire%20qui%20a%20obtenu,ses%20fonctions%20pendant%20un%20an.\" target=\"_blank\" rel=\"noreferrer noopener\">l\u2019article L4138-13 du Code de la d\u00e9fense<\/a>.<\/p>\n\n\n\n<p>La loi de finances vient \u00e9galement cr\u00e9er un article dans le Code g\u00e9n\u00e9ral de la fonction publique qui pr\u00e9voit le versement du capital d\u00e9c\u00e8s aux ayants droit si le fonctionnaire d\u00e9c\u00e8de en service. Cette disposition \u00e9tait auparavant pr\u00e9sente dans le Code de la S\u00e9curit\u00e9 sociale aux <a href=\"https:\/\/www.legifrance.gouv.fr\/codes\/section_lc\/LEGITEXT000006073189\/LEGISCTA000006185658\/#LEGISCTA000006185658\" target=\"_blank\" rel=\"noreferrer noopener\">articles D712-19 et suivants<\/a>.<\/p>\n\n\n\n<p>Cette rente est compl\u00e9t\u00e9e d\u2019une \u00ab&nbsp;<strong>rente temporaire d\u2019\u00e9ducation<\/strong>&nbsp;\u00bb pour l\u2019enfant du fonctionnaire ou du militaire qui d\u00e9c\u00e8de en service. Les modalit\u00e9s du versement de cette rente sont renvoy\u00e9es \u00e0 un d\u00e9cret.<\/p>\n\n\n\n<p>La loi de finances pour 2024 modifie la date d\u2019entr\u00e9e en vigueur du nouveau r\u00e9gime de protection compl\u00e9mentaire en sant\u00e9 et s\u00e9curise le cadre applicable aux agents affect\u00e9s \u00e0 l\u2019\u00e9tranger.<\/p>\n\n\n\n<p>Le d\u00e9ploiement du nouveau r\u00e9gime de protection compl\u00e9mentaire en sant\u00e9 est report\u00e9 au 1<sup>er<\/sup> janvier 2025 pour ceux des minist\u00e8res qui devaient le mettre en \u0153uvre au 1<sup>er<\/sup> janvier 2024.<\/p>\n\n\n\n<p>Ce report n\u00e9cessite par ailleurs d\u2019autoriser une <strong>prolongation des conventions de r\u00e9f\u00e9rencement<\/strong> d\u00e9j\u00e0 renouvel\u00e9es jusqu\u2019\u00e0 la date du 31 d\u00e9cembre 2024 afin d\u2019\u00e9viter toute rupture de couverture. Dans l\u2019attente de la mise en \u0153uvre du nouveau r\u00e9gime, les agents continueront de percevoir, comme c\u2019est le cas depuis le 1<sup>er<\/sup> janvier 2022, le <strong>financement forfaitaire de 15&nbsp;\u20ac par mois au titre du remboursement d\u2019une partie des cotisations de protection sociale compl\u00e9mentaire en sant\u00e9<\/strong>.<\/p>\n\n\n\n<p>Par ailleurs, la loi de finances pour 2024, s\u00e9curise le r\u00e9gime juridique applicable \u00e0 la couverture des agents de l\u2019\u00c9tat et militaires affect\u00e9s \u00e0 l\u2019\u00e9tranger, le r\u00e9gime des contrats solidaires et responsables ne trouve pas \u00e0 s\u2019appliquer dans ces territoires. Il \u00e9tait donc n\u00e9cessaire de <strong>permettre aux employeurs de financer \u00e0 hauteur de 50&nbsp;% du co\u00fbt de la cotisation des contrats de protection sociale compl\u00e9mentaire en sant\u00e9<\/strong>.<\/p>\n","protected":false},"excerpt":{"rendered":"<p>La loi de finances pour 2024 pr\u00e9voit des dispositions concernant les agents publics. Elle modifie notamment les modalit\u00e9s d\u2019indemnisation du Cong\u00e9 de longue maladie des fonctionnaires. L\u2019article L822-8 du Code g\u00e9n\u00e9ral de la fonction publique est modifi\u00e9 pour porter \u00e0 60 % l\u2019indemnisation pour les 2 ann\u00e9es suivant la premi\u00e8re ann\u00e9e \u00e0 plein traitement. Cette [&hellip;]<\/p>\n","protected":false},"author":32,"featured_media":0,"comment_status":"open","ping_status":"open","sticky":false,"template":"","format":"quote","meta":{"_acf_changed":false,"_mi_skip_tracking":false,"footnotes":""},"categories":[12,6],"tags":[],"class_list":["post-39525","post","type-post","status-publish","format-quote","hentry","category-actualites","category-fonction-publique","post_format-post-format-quote"],"acf":[],"yoast_head":"<!-- This site is optimized with the Yoast SEO plugin v23.4 - https:\/\/yoast.com\/wordpress\/plugins\/seo\/ -->\n<title>Loi n\u00b0 2023-1322 du 29 d\u00e9cembre 2023 de finances pour 2024 - Le Blog GERESO<\/title>\n<meta name=\"robots\" content=\"index, follow, max-snippet:-1, max-image-preview:large, max-video-preview:-1\" \/>\n<link rel=\"canonical\" href=\"https:\/\/www.gereso.com\/actualites\/2024\/02\/26\/loi-29-decembre-2023-finances-2024\/\" \/>\n<meta property=\"og:locale\" content=\"fr_FR\" \/>\n<meta property=\"og:type\" content=\"article\" \/>\n<meta property=\"og:title\" content=\"Loi n\u00b0 2023-1322 du 29 d\u00e9cembre 2023 de finances pour 2024 - Le Blog GERESO\" \/>\n<meta property=\"og:description\" content=\"La loi de finances pour 2024 pr\u00e9voit des dispositions concernant les agents publics. Elle modifie notamment les modalit\u00e9s d\u2019indemnisation du Cong\u00e9 de longue maladie des fonctionnaires. L\u2019article L822-8 du Code g\u00e9n\u00e9ral de la fonction publique est modifi\u00e9 pour porter \u00e0 60 % l\u2019indemnisation pour les 2 ann\u00e9es suivant la premi\u00e8re ann\u00e9e \u00e0 plein traitement. Cette [&hellip;]\" \/>\n<meta property=\"og:url\" content=\"https:\/\/www.gereso.com\/actualites\/2024\/02\/26\/loi-29-decembre-2023-finances-2024\/\" \/>\n<meta property=\"og:site_name\" content=\"Le Blog GERESO\" \/>\n<meta property=\"article:published_time\" content=\"2024-02-26T13:33:19+00:00\" \/>\n<meta property=\"article:modified_time\" content=\"2024-02-26T13:33:21+00:00\" \/>\n<meta name=\"author\" content=\"\u00c9quipe GERESO\" \/>\n<meta name=\"twitter:card\" content=\"summary_large_image\" \/>\n<script type=\"application\/ld+json\" class=\"yoast-schema-graph\">{\"@context\":\"https:\/\/schema.org\",\"@graph\":[{\"@type\":\"WebPage\",\"@id\":\"https:\/\/www.gereso.com\/actualites\/2024\/02\/26\/loi-29-decembre-2023-finances-2024\/\",\"url\":\"https:\/\/www.gereso.com\/actualites\/2024\/02\/26\/loi-29-decembre-2023-finances-2024\/\",\"name\":\"Loi n\u00b0 2023-1322 du 29 d\u00e9cembre 2023 de finances pour 2024 - Le Blog GERESO\",\"isPartOf\":{\"@id\":\"https:\/\/www.gereso.com\/actualites\/#website\"},\"datePublished\":\"2024-02-26T13:33:19+00:00\",\"dateModified\":\"2024-02-26T13:33:21+00:00\",\"author\":{\"@id\":\"https:\/\/www.gereso.com\/actualites\/#\/schema\/person\/197d8aef40cb4ae3f6a0aa9e1d3df2a6\"},\"breadcrumb\":{\"@id\":\"https:\/\/www.gereso.com\/actualites\/2024\/02\/26\/loi-29-decembre-2023-finances-2024\/#breadcrumb\"},\"inLanguage\":\"fr-FR\",\"potentialAction\":[{\"@type\":\"ReadAction\",\"target\":[\"https:\/\/www.gereso.com\/actualites\/2024\/02\/26\/loi-29-decembre-2023-finances-2024\/\"]}]},{\"@type\":\"BreadcrumbList\",\"@id\":\"https:\/\/www.gereso.com\/actualites\/2024\/02\/26\/loi-29-decembre-2023-finances-2024\/#breadcrumb\",\"itemListElement\":[{\"@type\":\"ListItem\",\"position\":1,\"name\":\"Home\",\"item\":\"https:\/\/www.gereso.com\/actualites\/\"},{\"@type\":\"ListItem\",\"position\":2,\"name\":\"Loi n\u00b0 2023-1322 du 29 d\u00e9cembre 2023 de finances pour 2024\"}]},{\"@type\":\"WebSite\",\"@id\":\"https:\/\/www.gereso.com\/actualites\/#website\",\"url\":\"https:\/\/www.gereso.com\/actualites\/\",\"name\":\"Le Blog GERESO\",\"description\":\"Toute l&#039;actu RH, Finance, Fonction Publique, Management...\",\"potentialAction\":[{\"@type\":\"SearchAction\",\"target\":{\"@type\":\"EntryPoint\",\"urlTemplate\":\"https:\/\/www.gereso.com\/actualites\/?s={search_term_string}\"},\"query-input\":{\"@type\":\"PropertyValueSpecification\",\"valueRequired\":true,\"valueName\":\"search_term_string\"}}],\"inLanguage\":\"fr-FR\"},{\"@type\":\"Person\",\"@id\":\"https:\/\/www.gereso.com\/actualites\/#\/schema\/person\/197d8aef40cb4ae3f6a0aa9e1d3df2a6\",\"name\":\"\u00c9quipe GERESO\",\"image\":{\"@type\":\"ImageObject\",\"inLanguage\":\"fr-FR\",\"@id\":\"https:\/\/www.gereso.com\/actualites\/#\/schema\/person\/image\/\",\"url\":\"https:\/\/www.gereso.com\/actualites\/wp-content\/uploads\/2013\/12\/avatar-gereso-1.png\",\"contentUrl\":\"https:\/\/www.gereso.com\/actualites\/wp-content\/uploads\/2013\/12\/avatar-gereso-1.png\",\"caption\":\"\u00c9quipe GERESO\"},\"url\":\"https:\/\/www.gereso.com\/actualites\/author\/gereso\/\"}]}<\/script>\n<!-- \/ Yoast SEO plugin. -->","yoast_head_json":{"title":"Loi n\u00b0 2023-1322 du 29 d\u00e9cembre 2023 de finances pour 2024 - Le Blog GERESO","robots":{"index":"index","follow":"follow","max-snippet":"max-snippet:-1","max-image-preview":"max-image-preview:large","max-video-preview":"max-video-preview:-1"},"canonical":"https:\/\/www.gereso.com\/actualites\/2024\/02\/26\/loi-29-decembre-2023-finances-2024\/","og_locale":"fr_FR","og_type":"article","og_title":"Loi n\u00b0 2023-1322 du 29 d\u00e9cembre 2023 de finances pour 2024 - Le Blog GERESO","og_description":"La loi de finances pour 2024 pr\u00e9voit des dispositions concernant les agents publics. Elle modifie notamment les modalit\u00e9s d\u2019indemnisation du Cong\u00e9 de longue maladie des fonctionnaires. L\u2019article L822-8 du Code g\u00e9n\u00e9ral de la fonction publique est modifi\u00e9 pour porter \u00e0 60 % l\u2019indemnisation pour les 2 ann\u00e9es suivant la premi\u00e8re ann\u00e9e \u00e0 plein traitement. Cette [&hellip;]","og_url":"https:\/\/www.gereso.com\/actualites\/2024\/02\/26\/loi-29-decembre-2023-finances-2024\/","og_site_name":"Le Blog GERESO","article_published_time":"2024-02-26T13:33:19+00:00","article_modified_time":"2024-02-26T13:33:21+00:00","author":"\u00c9quipe GERESO","twitter_card":"summary_large_image","schema":{"@context":"https:\/\/schema.org","@graph":[{"@type":"WebPage","@id":"https:\/\/www.gereso.com\/actualites\/2024\/02\/26\/loi-29-decembre-2023-finances-2024\/","url":"https:\/\/www.gereso.com\/actualites\/2024\/02\/26\/loi-29-decembre-2023-finances-2024\/","name":"Loi n\u00b0 2023-1322 du 29 d\u00e9cembre 2023 de finances pour 2024 - Le Blog GERESO","isPartOf":{"@id":"https:\/\/www.gereso.com\/actualites\/#website"},"datePublished":"2024-02-26T13:33:19+00:00","dateModified":"2024-02-26T13:33:21+00:00","author":{"@id":"https:\/\/www.gereso.com\/actualites\/#\/schema\/person\/197d8aef40cb4ae3f6a0aa9e1d3df2a6"},"breadcrumb":{"@id":"https:\/\/www.gereso.com\/actualites\/2024\/02\/26\/loi-29-decembre-2023-finances-2024\/#breadcrumb"},"inLanguage":"fr-FR","potentialAction":[{"@type":"ReadAction","target":["https:\/\/www.gereso.com\/actualites\/2024\/02\/26\/loi-29-decembre-2023-finances-2024\/"]}]},{"@type":"BreadcrumbList","@id":"https:\/\/www.gereso.com\/actualites\/2024\/02\/26\/loi-29-decembre-2023-finances-2024\/#breadcrumb","itemListElement":[{"@type":"ListItem","position":1,"name":"Home","item":"https:\/\/www.gereso.com\/actualites\/"},{"@type":"ListItem","position":2,"name":"Loi n\u00b0 2023-1322 du 29 d\u00e9cembre 2023 de finances pour 2024"}]},{"@type":"WebSite","@id":"https:\/\/www.gereso.com\/actualites\/#website","url":"https:\/\/www.gereso.com\/actualites\/","name":"Le Blog GERESO","description":"Toute l&#039;actu RH, Finance, Fonction Publique, Management...","potentialAction":[{"@type":"SearchAction","target":{"@type":"EntryPoint","urlTemplate":"https:\/\/www.gereso.com\/actualites\/?s={search_term_string}"},"query-input":{"@type":"PropertyValueSpecification","valueRequired":true,"valueName":"search_term_string"}}],"inLanguage":"fr-FR"},{"@type":"Person","@id":"https:\/\/www.gereso.com\/actualites\/#\/schema\/person\/197d8aef40cb4ae3f6a0aa9e1d3df2a6","name":"\u00c9quipe GERESO","image":{"@type":"ImageObject","inLanguage":"fr-FR","@id":"https:\/\/www.gereso.com\/actualites\/#\/schema\/person\/image\/","url":"https:\/\/www.gereso.com\/actualites\/wp-content\/uploads\/2013\/12\/avatar-gereso-1.png","contentUrl":"https:\/\/www.gereso.com\/actualites\/wp-content\/uploads\/2013\/12\/avatar-gereso-1.png","caption":"\u00c9quipe GERESO"},"url":"https:\/\/www.gereso.com\/actualites\/author\/gereso\/"}]}},"_links":{"self":[{"href":"https:\/\/www.gereso.com\/actualites\/wp-json\/wp\/v2\/posts\/39525","targetHints":{"allow":["GET"]}}],"collection":[{"href":"https:\/\/www.gereso.com\/actualites\/wp-json\/wp\/v2\/posts"}],"about":[{"href":"https:\/\/www.gereso.com\/actualites\/wp-json\/wp\/v2\/types\/post"}],"author":[{"embeddable":true,"href":"https:\/\/www.gereso.com\/actualites\/wp-json\/wp\/v2\/users\/32"}],"replies":[{"embeddable":true,"href":"https:\/\/www.gereso.com\/actualites\/wp-json\/wp\/v2\/comments?post=39525"}],"version-history":[{"count":7,"href":"https:\/\/www.gereso.com\/actualites\/wp-json\/wp\/v2\/posts\/39525\/revisions"}],"predecessor-version":[{"id":39563,"href":"https:\/\/www.gereso.com\/actualites\/wp-json\/wp\/v2\/posts\/39525\/revisions\/39563"}],"wp:attachment":[{"href":"https:\/\/www.gereso.com\/actualites\/wp-json\/wp\/v2\/media?parent=39525"}],"wp:term":[{"taxonomy":"category","embeddable":true,"href":"https:\/\/www.gereso.com\/actualites\/wp-json\/wp\/v2\/categories?post=39525"},{"taxonomy":"post_tag","embeddable":true,"href":"https:\/\/www.gereso.com\/actualites\/wp-json\/wp\/v2\/tags?post=39525"}],"curies":[{"name":"wp","href":"https:\/\/api.w.org\/{rel}","templated":true}]}}