{"id":39564,"date":"2024-02-27T12:58:11","date_gmt":"2024-02-27T10:58:11","guid":{"rendered":"https:\/\/www.gereso.com\/actualites\/?p=39564"},"modified":"2024-02-27T12:58:12","modified_gmt":"2024-02-27T10:58:12","slug":"webinaire-duree-travail-securisez-pratiques-rh","status":"publish","type":"post","link":"https:\/\/www.gereso.com\/actualites\/2024\/02\/27\/webinaire-duree-travail-securisez-pratiques-rh\/","title":{"rendered":"Webinaire \u00ab Dur\u00e9e du travail : s\u00e9curisez vos pratiques RH ! \u00bb"},"content":{"rendered":"\n\n\n<h2>D\u00e9tails du webinaire&nbsp;:<\/h2>\n<h3 class=\"section-title\"><span class=\"title-inner\" data-animation=\"fadeInRight\" data-animation-delay=\"500\">DATE&nbsp;:<\/span><\/h3>\n<p>Mardi 27 f\u00e9vrier 2024 de 10h \u00e0 11h<\/p>\n<h3 class=\"section-title\"><span class=\"title-inner\" data-animation=\"fadeInRight\" data-animation-delay=\"500\">R\u00c9SUM\u00c9&nbsp;:<\/span><\/h3>\n<p>Semaine de 4 jours, forfaits jours, heures compl\u00e9mentaires ou suppl\u00e9mentaires, annualisation\u2026<\/p>\n\n<p>Le th\u00e8me de la <strong>dur\u00e9e du travail<\/strong>, certainement du fait de la <strong>complexit\u00e9 de sa r\u00e9glementation<\/strong>, de la <strong>difficult\u00e9 de son interpr\u00e9tation et de sa mise en \u0153uvre<\/strong>, mais \u00e9galement des <strong>\u00e9volutions du monde du travail<\/strong>, (t\u00e9l\u00e9travail, activit\u00e9 et temps partiels, autonomie d\u2019organisation\u2026) est l\u2019un des sujets qui suscite <strong>le plus de d\u00e9bats en RH.<\/strong><\/p>\n\n<p>Et c\u2019est aussi l\u2019un des th\u00e8mes qui alimente tr\u00e8s fr\u00e9quemment le contentieux en droit social&nbsp;!<\/p>\n\n<p>Dans ce contexte, il est essentiel de pouvoir apporter des r\u00e9ponses claires, tant aux employeurs qu\u2019aux salari\u00e9s, sur la <strong>d\u00e9finition, le suivi et le contr\u00f4le du temps de travail&nbsp;:<\/strong><\/p>\n\n<ul>\n<li>Quelle est la dur\u00e9e l\u00e9gale du travail&nbsp;?<\/li>\n<li>Quelles sont les absences assimil\u00e9es \u00e0 du travail effectif au regard de la l\u00e9gislation sur la dur\u00e9e du travail&nbsp;?<li>Comment s&rsquo;ajuster aux am\u00e9nagements possibles du temps de travail&nbsp;?<\/li>\n<li>Qu&rsquo;en est-il du repos compensateur&nbsp;?<\/li>\n<li>Quels sont les derniers d\u00e9veloppements jurisprudentiels sur les forfaits jours&nbsp;?<\/li>\n<li>Comment s\u00e9curiser ses pratiques et \u00e9viter les contentieux&nbsp;?<\/li>\n\n<\/ul>\n\n<p>Au cours de ce webinaire, notre intervenante r\u00e9pondra \u00e0 l\u2019ensemble de ces questions, et vous aidera \u00e0 assurer la bonne mise en \u0153uvre des r\u00e8gles en mati\u00e8re de dur\u00e9e du travail.<\/p>\n\n\n<h3 class=\"section-title\"><span class=\"title-inner\" data-animation=\"fadeInRight\" data-animation-delay=\"500\">AU PROGRAMME&nbsp;:<\/span><\/h3>\n\n<ul>\n<li>\u00ab&nbsp;Dur\u00e9e du travail&nbsp;: que dit la loi&nbsp;?&nbsp;\u00bb&nbsp;: rappel des dispositions l\u00e9gales fondamentales<\/li>\n<li>S\u00e9curiser sa gestion RH de la dur\u00e9e du travail&nbsp;: bonnes pratiques et \u00e9cueils<\/li>\n<li>Optimiser la dur\u00e9e du travail dans son entreprise&nbsp;: de l\u2019audit du temps de travail jusqu\u2019\u00e0 la mise en \u0153uvre d\u2019une nouvelle organisation<\/li>\n\n<\/ul>\n\n<h3 class=\"section-title\"><span class=\"title-inner\" data-animation=\"fadeInRight\" data-animation-delay=\"500\">OBJECTIFS&nbsp;:<\/span><\/h3>\n<ul>\n<li>Int\u00e9grer la r\u00e9glementation en mati\u00e8re de dur\u00e9e du travail<\/li>\n<li>Apprendre \u00e0 s\u00e9curiser ses pratiques et pr\u00e9venir les conduites \u00e0 risque<\/li>\n<li>Optimiser ses pratiques de fixation et de suivi du temps de travail<\/li>\n<\/ul>\n\n<h3 class=\"section-title\"><span class=\"title-inner\" data-animation=\"fadeInRight\" data-animation-delay=\"500\">INTERVENANTE&nbsp;:<\/span><\/h3>\n<p><strong>Amandine LECOMTE<\/strong> est consultante en paie et droit social depuis plus de 15 ans.<br><br>\n\nElle a commenc\u00e9 sa carri\u00e8re dans une soci\u00e9t\u00e9 de conseil en droit social avant d\u2019intervenir comme consultante paie et droit social pour GERESO. Forte de plus de 15 ans de rencontres diverses au travers de l\u2019animation des formations, elle est capable de comprendre les difficult\u00e9s et les enjeux tant des salari\u00e9s que des employeurs. Ayant un go\u00fbt tr\u00e8s prononc\u00e9 pour la r\u00e9solution des probl\u00e9matiques terrain ? elle accompagne \u00e9galement les DRH, DAF et patron d\u2019entreprises de toutes tailles dans la r\u00e9solution de leurs probl\u00e9matiques en tentant de leur apporter des r\u00e9ponses claires, pr\u00e9cises et pragmatiques \u00e0 leurs enjeux du quotidien.<\/p>\n\n\n<h3 class=\"section-title\"><span class=\"title-inner\" data-animation=\"fadeInRight\" data-animation-delay=\"500\">WEBINAIRE&nbsp;:<\/span><\/h3>\n<h4>Replay du webinaire&nbsp;: \u00ab\u00a0Dur\u00e9e du travail&nbsp;: s\u00e9curisez vos pratiques RH&nbsp;!\u00a0\u00bb&nbsp;:<\/h4>\n\n\n\n<figure class=\"wp-block-embed is-type-video is-provider-youtube wp-block-embed-youtube wp-embed-aspect-16-9 wp-has-aspect-ratio\"><div class=\"wp-block-embed__wrapper\">\n<iframe title=\"WEBINAIRE - Dur\u00e9e du travail : s\u00e9curisez vos pratiques - Amandine Lecomte\" width=\"644\" height=\"362\" src=\"https:\/\/www.youtube.com\/embed\/al1U0g-hIXM?feature=oembed\" frameborder=\"0\" allow=\"accelerometer; autoplay; clipboard-write; encrypted-media; gyroscope; picture-in-picture; web-share\" referrerpolicy=\"strict-origin-when-cross-origin\" allowfullscreen><\/iframe>\n<\/div><\/figure>\n\n\n\n<p><h3 class=\"section-title\"><span class=\"title-inner\" data-animation=\"fadeInRight\" data-animation-delay=\"500\">DOCUMENT&nbsp;:<\/span><\/h3><\/p>\n\n\n\n<div data-wp-interactive=\"core\/file\" class=\"wp-block-file aligncenter\"><object data-wp-bind--hidden=\"!state.hasPdfPreview\" hidden class=\"wp-block-file__embed\" data=\"https:\/\/www.gereso.com\/actualites\/wp-content\/uploads\/2024\/02\/Webinaire-GERESO-Duree-du-travail2.pdf\" type=\"application\/pdf\" style=\"width:100%;height:600px\" aria-label=\"Contenu embarqu\u00e9 Webinaire-GERESO-Duree-du-travail.\"><\/object><a id=\"wp-block-file--media-399be0c8-5fab-41d5-a1da-d10cde7cf140\" href=\"https:\/\/www.gereso.com\/actualites\/wp-content\/uploads\/2024\/02\/Webinaire-GERESO-Duree-du-travail2.pdf\">Webinaire-GERESO-Duree-du-travail<\/a><a href=\"https:\/\/www.gereso.com\/actualites\/wp-content\/uploads\/2024\/02\/Webinaire-GERESO-Duree-du-travail2.pdf\" class=\"wp-block-file__button wp-element-button\" download aria-describedby=\"wp-block-file--media-399be0c8-5fab-41d5-a1da-d10cde7cf140\">T\u00e9l\u00e9charger<\/a><\/div>\n","protected":false},"excerpt":{"rendered":"<p>D\u00e9tails du webinaire&nbsp;: DATE&nbsp;: Mardi 27 f\u00e9vrier 2024 de 10h \u00e0 11h R\u00c9SUM\u00c9&nbsp;: Semaine de 4 jours, forfaits jours, heures compl\u00e9mentaires ou suppl\u00e9mentaires, annualisation\u2026 Le th\u00e8me de la dur\u00e9e du travail, certainement du fait de la complexit\u00e9 de sa r\u00e9glementation, de la difficult\u00e9 de son interpr\u00e9tation et de sa mise en \u0153uvre, mais \u00e9galement des [&hellip;]<\/p>\n","protected":false},"author":32,"featured_media":0,"comment_status":"open","ping_status":"open","sticky":false,"template":"","format":"standard","meta":{"_acf_changed":false,"_mi_skip_tracking":false,"footnotes":""},"categories":[12,8],"tags":[],"class_list":["post-39564","post","type-post","status-publish","format-standard","hentry","category-actualites","category-paie-et-administration-du-personnel"],"acf":[],"yoast_head":"<!-- This site is optimized with the Yoast SEO plugin v23.4 - https:\/\/yoast.com\/wordpress\/plugins\/seo\/ -->\n<title>Webinaire \u00ab Dur\u00e9e du travail : s\u00e9curisez vos pratiques RH ! \u00bb - Le Blog GERESO<\/title>\n<meta name=\"robots\" content=\"index, follow, max-snippet:-1, max-image-preview:large, max-video-preview:-1\" \/>\n<link rel=\"canonical\" href=\"https:\/\/www.gereso.com\/actualites\/2024\/02\/27\/webinaire-duree-travail-securisez-pratiques-rh\/\" \/>\n<meta property=\"og:locale\" content=\"fr_FR\" \/>\n<meta property=\"og:type\" content=\"article\" \/>\n<meta property=\"og:title\" content=\"Webinaire \u00ab Dur\u00e9e du travail : s\u00e9curisez vos pratiques RH ! \u00bb - Le Blog GERESO\" \/>\n<meta property=\"og:description\" content=\"D\u00e9tails du webinaire&nbsp;: DATE&nbsp;: Mardi 27 f\u00e9vrier 2024 de 10h \u00e0 11h R\u00c9SUM\u00c9&nbsp;: Semaine de 4 jours, forfaits jours, heures compl\u00e9mentaires ou suppl\u00e9mentaires, annualisation\u2026 Le th\u00e8me de la dur\u00e9e du travail, certainement du fait de la complexit\u00e9 de sa r\u00e9glementation, de la difficult\u00e9 de son interpr\u00e9tation et de sa mise en \u0153uvre, mais \u00e9galement des [&hellip;]\" \/>\n<meta property=\"og:url\" content=\"https:\/\/www.gereso.com\/actualites\/2024\/02\/27\/webinaire-duree-travail-securisez-pratiques-rh\/\" \/>\n<meta property=\"og:site_name\" content=\"Le Blog GERESO\" \/>\n<meta property=\"article:published_time\" content=\"2024-02-27T10:58:11+00:00\" \/>\n<meta property=\"article:modified_time\" content=\"2024-02-27T10:58:12+00:00\" \/>\n<meta name=\"author\" content=\"\u00c9quipe GERESO\" \/>\n<meta name=\"twitter:card\" content=\"summary_large_image\" \/>\n<script type=\"application\/ld+json\" class=\"yoast-schema-graph\">{\"@context\":\"https:\/\/schema.org\",\"@graph\":[{\"@type\":\"WebPage\",\"@id\":\"https:\/\/www.gereso.com\/actualites\/2024\/02\/27\/webinaire-duree-travail-securisez-pratiques-rh\/\",\"url\":\"https:\/\/www.gereso.com\/actualites\/2024\/02\/27\/webinaire-duree-travail-securisez-pratiques-rh\/\",\"name\":\"Webinaire \u00ab Dur\u00e9e du travail : s\u00e9curisez vos pratiques RH ! \u00bb - Le Blog GERESO\",\"isPartOf\":{\"@id\":\"https:\/\/www.gereso.com\/actualites\/#website\"},\"datePublished\":\"2024-02-27T10:58:11+00:00\",\"dateModified\":\"2024-02-27T10:58:12+00:00\",\"author\":{\"@id\":\"https:\/\/www.gereso.com\/actualites\/#\/schema\/person\/197d8aef40cb4ae3f6a0aa9e1d3df2a6\"},\"breadcrumb\":{\"@id\":\"https:\/\/www.gereso.com\/actualites\/2024\/02\/27\/webinaire-duree-travail-securisez-pratiques-rh\/#breadcrumb\"},\"inLanguage\":\"fr-FR\",\"potentialAction\":[{\"@type\":\"ReadAction\",\"target\":[\"https:\/\/www.gereso.com\/actualites\/2024\/02\/27\/webinaire-duree-travail-securisez-pratiques-rh\/\"]}]},{\"@type\":\"BreadcrumbList\",\"@id\":\"https:\/\/www.gereso.com\/actualites\/2024\/02\/27\/webinaire-duree-travail-securisez-pratiques-rh\/#breadcrumb\",\"itemListElement\":[{\"@type\":\"ListItem\",\"position\":1,\"name\":\"Home\",\"item\":\"https:\/\/www.gereso.com\/actualites\/\"},{\"@type\":\"ListItem\",\"position\":2,\"name\":\"Webinaire \u00ab Dur\u00e9e du travail : s\u00e9curisez vos pratiques RH ! \u00bb\"}]},{\"@type\":\"WebSite\",\"@id\":\"https:\/\/www.gereso.com\/actualites\/#website\",\"url\":\"https:\/\/www.gereso.com\/actualites\/\",\"name\":\"Le Blog GERESO\",\"description\":\"Toute l&#039;actu RH, Finance, Fonction Publique, Management...\",\"potentialAction\":[{\"@type\":\"SearchAction\",\"target\":{\"@type\":\"EntryPoint\",\"urlTemplate\":\"https:\/\/www.gereso.com\/actualites\/?s={search_term_string}\"},\"query-input\":{\"@type\":\"PropertyValueSpecification\",\"valueRequired\":true,\"valueName\":\"search_term_string\"}}],\"inLanguage\":\"fr-FR\"},{\"@type\":\"Person\",\"@id\":\"https:\/\/www.gereso.com\/actualites\/#\/schema\/person\/197d8aef40cb4ae3f6a0aa9e1d3df2a6\",\"name\":\"\u00c9quipe GERESO\",\"image\":{\"@type\":\"ImageObject\",\"inLanguage\":\"fr-FR\",\"@id\":\"https:\/\/www.gereso.com\/actualites\/#\/schema\/person\/image\/\",\"url\":\"https:\/\/www.gereso.com\/actualites\/wp-content\/uploads\/2013\/12\/avatar-gereso-1.png\",\"contentUrl\":\"https:\/\/www.gereso.com\/actualites\/wp-content\/uploads\/2013\/12\/avatar-gereso-1.png\",\"caption\":\"\u00c9quipe GERESO\"},\"url\":\"https:\/\/www.gereso.com\/actualites\/author\/gereso\/\"}]}<\/script>\n<!-- \/ Yoast SEO plugin. -->","yoast_head_json":{"title":"Webinaire \u00ab Dur\u00e9e du travail : s\u00e9curisez vos pratiques RH ! \u00bb - Le Blog GERESO","robots":{"index":"index","follow":"follow","max-snippet":"max-snippet:-1","max-image-preview":"max-image-preview:large","max-video-preview":"max-video-preview:-1"},"canonical":"https:\/\/www.gereso.com\/actualites\/2024\/02\/27\/webinaire-duree-travail-securisez-pratiques-rh\/","og_locale":"fr_FR","og_type":"article","og_title":"Webinaire \u00ab Dur\u00e9e du travail : s\u00e9curisez vos pratiques RH ! \u00bb - Le Blog GERESO","og_description":"D\u00e9tails du webinaire&nbsp;: DATE&nbsp;: Mardi 27 f\u00e9vrier 2024 de 10h \u00e0 11h R\u00c9SUM\u00c9&nbsp;: Semaine de 4 jours, forfaits jours, heures compl\u00e9mentaires ou suppl\u00e9mentaires, annualisation\u2026 Le th\u00e8me de la dur\u00e9e du travail, certainement du fait de la complexit\u00e9 de sa r\u00e9glementation, de la difficult\u00e9 de son interpr\u00e9tation et de sa mise en \u0153uvre, mais \u00e9galement des [&hellip;]","og_url":"https:\/\/www.gereso.com\/actualites\/2024\/02\/27\/webinaire-duree-travail-securisez-pratiques-rh\/","og_site_name":"Le Blog GERESO","article_published_time":"2024-02-27T10:58:11+00:00","article_modified_time":"2024-02-27T10:58:12+00:00","author":"\u00c9quipe GERESO","twitter_card":"summary_large_image","schema":{"@context":"https:\/\/schema.org","@graph":[{"@type":"WebPage","@id":"https:\/\/www.gereso.com\/actualites\/2024\/02\/27\/webinaire-duree-travail-securisez-pratiques-rh\/","url":"https:\/\/www.gereso.com\/actualites\/2024\/02\/27\/webinaire-duree-travail-securisez-pratiques-rh\/","name":"Webinaire \u00ab Dur\u00e9e du travail : s\u00e9curisez vos pratiques RH ! \u00bb - Le Blog GERESO","isPartOf":{"@id":"https:\/\/www.gereso.com\/actualites\/#website"},"datePublished":"2024-02-27T10:58:11+00:00","dateModified":"2024-02-27T10:58:12+00:00","author":{"@id":"https:\/\/www.gereso.com\/actualites\/#\/schema\/person\/197d8aef40cb4ae3f6a0aa9e1d3df2a6"},"breadcrumb":{"@id":"https:\/\/www.gereso.com\/actualites\/2024\/02\/27\/webinaire-duree-travail-securisez-pratiques-rh\/#breadcrumb"},"inLanguage":"fr-FR","potentialAction":[{"@type":"ReadAction","target":["https:\/\/www.gereso.com\/actualites\/2024\/02\/27\/webinaire-duree-travail-securisez-pratiques-rh\/"]}]},{"@type":"BreadcrumbList","@id":"https:\/\/www.gereso.com\/actualites\/2024\/02\/27\/webinaire-duree-travail-securisez-pratiques-rh\/#breadcrumb","itemListElement":[{"@type":"ListItem","position":1,"name":"Home","item":"https:\/\/www.gereso.com\/actualites\/"},{"@type":"ListItem","position":2,"name":"Webinaire \u00ab Dur\u00e9e du travail : s\u00e9curisez vos pratiques RH ! \u00bb"}]},{"@type":"WebSite","@id":"https:\/\/www.gereso.com\/actualites\/#website","url":"https:\/\/www.gereso.com\/actualites\/","name":"Le Blog GERESO","description":"Toute l&#039;actu RH, Finance, Fonction Publique, Management...","potentialAction":[{"@type":"SearchAction","target":{"@type":"EntryPoint","urlTemplate":"https:\/\/www.gereso.com\/actualites\/?s={search_term_string}"},"query-input":{"@type":"PropertyValueSpecification","valueRequired":true,"valueName":"search_term_string"}}],"inLanguage":"fr-FR"},{"@type":"Person","@id":"https:\/\/www.gereso.com\/actualites\/#\/schema\/person\/197d8aef40cb4ae3f6a0aa9e1d3df2a6","name":"\u00c9quipe GERESO","image":{"@type":"ImageObject","inLanguage":"fr-FR","@id":"https:\/\/www.gereso.com\/actualites\/#\/schema\/person\/image\/","url":"https:\/\/www.gereso.com\/actualites\/wp-content\/uploads\/2013\/12\/avatar-gereso-1.png","contentUrl":"https:\/\/www.gereso.com\/actualites\/wp-content\/uploads\/2013\/12\/avatar-gereso-1.png","caption":"\u00c9quipe GERESO"},"url":"https:\/\/www.gereso.com\/actualites\/author\/gereso\/"}]}},"_links":{"self":[{"href":"https:\/\/www.gereso.com\/actualites\/wp-json\/wp\/v2\/posts\/39564","targetHints":{"allow":["GET"]}}],"collection":[{"href":"https:\/\/www.gereso.com\/actualites\/wp-json\/wp\/v2\/posts"}],"about":[{"href":"https:\/\/www.gereso.com\/actualites\/wp-json\/wp\/v2\/types\/post"}],"author":[{"embeddable":true,"href":"https:\/\/www.gereso.com\/actualites\/wp-json\/wp\/v2\/users\/32"}],"replies":[{"embeddable":true,"href":"https:\/\/www.gereso.com\/actualites\/wp-json\/wp\/v2\/comments?post=39564"}],"version-history":[{"count":10,"href":"https:\/\/www.gereso.com\/actualites\/wp-json\/wp\/v2\/posts\/39564\/revisions"}],"predecessor-version":[{"id":39578,"href":"https:\/\/www.gereso.com\/actualites\/wp-json\/wp\/v2\/posts\/39564\/revisions\/39578"}],"wp:attachment":[{"href":"https:\/\/www.gereso.com\/actualites\/wp-json\/wp\/v2\/media?parent=39564"}],"wp:term":[{"taxonomy":"category","embeddable":true,"href":"https:\/\/www.gereso.com\/actualites\/wp-json\/wp\/v2\/categories?post=39564"},{"taxonomy":"post_tag","embeddable":true,"href":"https:\/\/www.gereso.com\/actualites\/wp-json\/wp\/v2\/tags?post=39564"}],"curies":[{"name":"wp","href":"https:\/\/api.w.org\/{rel}","templated":true}]}}