{"id":3960,"date":"2015-05-27T11:30:22","date_gmt":"2015-05-27T09:30:22","guid":{"rendered":"https:\/\/www.gereso.com\/actualites\/?p=3960"},"modified":"2017-04-04T14:23:07","modified_gmt":"2017-04-04T12:23:07","slug":"developpez-vos-competences-relationnelles-cet-ete-pour-etre-pret-pour-la-rentree","status":"publish","type":"post","link":"https:\/\/www.gereso.com\/actualites\/2015\/05\/27\/developpez-vos-competences-relationnelles-cet-ete-pour-etre-pret-pour-la-rentree\/","title":{"rendered":"D\u00e9veloppez vos comp\u00e9tences relationnelles cet \u00e9t\u00e9 pour \u00eatre pr\u00eat pour la rentr\u00e9e !"},"content":{"rendered":"<p style=\"text-align: justify;\">Les <strong>comp\u00e9tences relationnelles<\/strong> sont indispensables en entreprise. Si vous pensez avoir besoin d\u2019optimiser votre fa\u00e7on de communiquer avec vos coll\u00e8gues ou m\u00eame si vous souhaitez am\u00e9liorer la gestion des situations sensibles dans votre service, c\u2019est le moment ou jamais de suivre une <a href=\"http:\/\/www.gereso.com\/formations\/developpement-personnel-et-efficacite-professionnelle\/\" target=\"_blank\">formation en efficacit\u00e9 professionnelle<\/a>. En vous y prenant maintenant, vous serez pr\u00eat pour la rentr\u00e9e\u00a0!<\/p>\n<figure id=\"attachment_3982\" aria-describedby=\"caption-attachment-3982\" style=\"width: 530px\" class=\"wp-caption aligncenter\"><img fetchpriority=\"high\" decoding=\"async\" class=\"wp-image-3982 size-full\" src=\"https:\/\/www.gereso.com\/actualites\/wp-content\/uploads\/2015\/05\/Optimiser-sa-communication-et-ses-relations-1.jpg\" alt=\"Optimiser sa communication et ses relations\" width=\"530\" height=\"354\" srcset=\"https:\/\/www.gereso.com\/actualites\/wp-content\/uploads\/2015\/05\/Optimiser-sa-communication-et-ses-relations-1.jpg 530w, https:\/\/www.gereso.com\/actualites\/wp-content\/uploads\/2015\/05\/Optimiser-sa-communication-et-ses-relations-1-300x200.jpg 300w\" sizes=\"(max-width: 530px) 100vw, 530px\" \/><figcaption id=\"caption-attachment-3982\" class=\"wp-caption-text\">Talent<\/figcaption><\/figure>\n<p style=\"text-align: justify;\"><!--more--><\/p>\n<p style=\"text-align: justify;\">De mai \u00e0 septembre, GERESO organise des formations tr\u00e8s pratiques qui vont vous permettre de <strong>donner le meilleur de vous-m\u00eame \u00e0 la rentr\u00e9e.<\/strong> A vous de choisir le stage qui vous apportera le plus sur le plan professionnel\u00a0parmi ces 4 grandes th\u00e9matiques\u00a0:<\/p>\n<h2 style=\"text-align: justify;\"><strong>Optimiser sa communication et ses relations<\/strong><\/h2>\n<p style=\"text-align: justify;\">Que vous vouliez gagner en <strong>aisance relationnelle<\/strong>, vous affirmer ou renforcer votre pouvoir de conviction, vous trouverez forc\u00e9ment une solution parmi nos diff\u00e9rents stages.<\/p>\n<h2 style=\"text-align: justify;\"><strong>G\u00e9rer les situations sensibles<\/strong><\/h2>\n<p style=\"text-align: justify;\">Plusieurs formations vous sont propos\u00e9es pour apprendre \u00e0 mieux <strong>g\u00e9rer les situations sensibles en entreprise<\/strong>\u00a0: la gestion des conflits et des personnalit\u00e9s difficiles, le d\u00e9veloppement de l\u2019intelligence \u00e9motionnelle, etc.<\/p>\n<h2 style=\"text-align: justify;\"><strong>Am\u00e9liorer son organisation et son efficacit\u00e9 professionnelle<\/strong><\/h2>\n<p style=\"text-align: justify;\">Si votre objectif est d\u2019<strong>optimiser votre organisation<\/strong>, les formations de GERESO vous seront d\u2019une grande aide pour mieux g\u00e9rer votre temps, mieux ranger vos documents et prendre plus efficacement des notes.<\/p>\n<h2 style=\"text-align: justify;\"><strong>Renforcer son potentiel<\/strong><\/h2>\n<p style=\"text-align: justify;\">En entreprise, il est essentiel de <strong>renforcer son potentiel<\/strong> pour \u00eatre attractif. GERESO vous invite \u00e0 d\u00e9couvrir ses formations sur le d\u00e9veloppement des capacit\u00e9s de raisonnement, d\u2019analyse ou encore de synth\u00e8se.<\/p>\n","protected":false},"excerpt":{"rendered":"<p>Les comp\u00e9tences relationnelles sont indispensables en entreprise. Si vous pensez avoir besoin d\u2019optimiser votre fa\u00e7on de communiquer avec vos coll\u00e8gues ou m\u00eame si vous souhaitez am\u00e9liorer la gestion des situations sensibles dans votre service, c\u2019est le moment ou jamais de suivre une formation en efficacit\u00e9 professionnelle. En vous y prenant maintenant, vous serez pr\u00eat pour [&hellip;]<\/p>\n","protected":false},"author":32,"featured_media":3982,"comment_status":"open","ping_status":"open","sticky":false,"template":"","format":"standard","meta":{"_acf_changed":false,"_mi_skip_tracking":false,"footnotes":""},"categories":[9],"tags":[559],"class_list":["post-3960","post","type-post","status-publish","format-standard","has-post-thumbnail","hentry","category-developpement-personnel-et-efficacite-professionnelle","tag-formation-efficacite-professionnelle"],"acf":[],"yoast_head":"<!-- This site is optimized with the Yoast SEO plugin v23.4 - https:\/\/yoast.com\/wordpress\/plugins\/seo\/ -->\n<title>D\u00e9veloppez vos comp\u00e9tences relationnelles cet \u00e9t\u00e9 pour \u00eatre pr\u00eat pour la rentr\u00e9e ! - Le Blog GERESO<\/title>\n<meta name=\"robots\" content=\"index, follow, max-snippet:-1, max-image-preview:large, max-video-preview:-1\" \/>\n<link rel=\"canonical\" href=\"https:\/\/www.gereso.com\/actualites\/2015\/05\/27\/developpez-vos-competences-relationnelles-cet-ete-pour-etre-pret-pour-la-rentree\/\" \/>\n<meta property=\"og:locale\" content=\"fr_FR\" \/>\n<meta property=\"og:type\" content=\"article\" \/>\n<meta property=\"og:title\" content=\"D\u00e9veloppez vos comp\u00e9tences relationnelles cet \u00e9t\u00e9 pour \u00eatre pr\u00eat pour la rentr\u00e9e ! - Le Blog GERESO\" \/>\n<meta property=\"og:description\" content=\"Les comp\u00e9tences relationnelles sont indispensables en entreprise. Si vous pensez avoir besoin d\u2019optimiser votre fa\u00e7on de communiquer avec vos coll\u00e8gues ou m\u00eame si vous souhaitez am\u00e9liorer la gestion des situations sensibles dans votre service, c\u2019est le moment ou jamais de suivre une formation en efficacit\u00e9 professionnelle. En vous y prenant maintenant, vous serez pr\u00eat pour [&hellip;]\" \/>\n<meta property=\"og:url\" content=\"https:\/\/www.gereso.com\/actualites\/2015\/05\/27\/developpez-vos-competences-relationnelles-cet-ete-pour-etre-pret-pour-la-rentree\/\" \/>\n<meta property=\"og:site_name\" content=\"Le Blog GERESO\" \/>\n<meta property=\"article:published_time\" content=\"2015-05-27T09:30:22+00:00\" \/>\n<meta property=\"article:modified_time\" content=\"2017-04-04T12:23:07+00:00\" \/>\n<meta property=\"og:image\" content=\"https:\/\/www.gereso.com\/actualites\/wp-content\/uploads\/2015\/05\/Optimiser-sa-communication-et-ses-relations-1.jpg\" \/>\n\t<meta property=\"og:image:width\" content=\"530\" \/>\n\t<meta property=\"og:image:height\" content=\"354\" \/>\n\t<meta property=\"og:image:type\" content=\"image\/jpeg\" \/>\n<meta name=\"author\" content=\"\u00c9quipe GERESO\" \/>\n<meta name=\"twitter:card\" content=\"summary_large_image\" \/>\n<script type=\"application\/ld+json\" class=\"yoast-schema-graph\">{\"@context\":\"https:\/\/schema.org\",\"@graph\":[{\"@type\":\"WebPage\",\"@id\":\"https:\/\/www.gereso.com\/actualites\/2015\/05\/27\/developpez-vos-competences-relationnelles-cet-ete-pour-etre-pret-pour-la-rentree\/\",\"url\":\"https:\/\/www.gereso.com\/actualites\/2015\/05\/27\/developpez-vos-competences-relationnelles-cet-ete-pour-etre-pret-pour-la-rentree\/\",\"name\":\"D\u00e9veloppez vos comp\u00e9tences relationnelles cet \u00e9t\u00e9 pour \u00eatre pr\u00eat pour la rentr\u00e9e ! - Le Blog GERESO\",\"isPartOf\":{\"@id\":\"https:\/\/www.gereso.com\/actualites\/#website\"},\"primaryImageOfPage\":{\"@id\":\"https:\/\/www.gereso.com\/actualites\/2015\/05\/27\/developpez-vos-competences-relationnelles-cet-ete-pour-etre-pret-pour-la-rentree\/#primaryimage\"},\"image\":{\"@id\":\"https:\/\/www.gereso.com\/actualites\/2015\/05\/27\/developpez-vos-competences-relationnelles-cet-ete-pour-etre-pret-pour-la-rentree\/#primaryimage\"},\"thumbnailUrl\":\"https:\/\/www.gereso.com\/actualites\/wp-content\/uploads\/2015\/05\/Optimiser-sa-communication-et-ses-relations-1.jpg\",\"datePublished\":\"2015-05-27T09:30:22+00:00\",\"dateModified\":\"2017-04-04T12:23:07+00:00\",\"author\":{\"@id\":\"https:\/\/www.gereso.com\/actualites\/#\/schema\/person\/197d8aef40cb4ae3f6a0aa9e1d3df2a6\"},\"breadcrumb\":{\"@id\":\"https:\/\/www.gereso.com\/actualites\/2015\/05\/27\/developpez-vos-competences-relationnelles-cet-ete-pour-etre-pret-pour-la-rentree\/#breadcrumb\"},\"inLanguage\":\"fr-FR\",\"potentialAction\":[{\"@type\":\"ReadAction\",\"target\":[\"https:\/\/www.gereso.com\/actualites\/2015\/05\/27\/developpez-vos-competences-relationnelles-cet-ete-pour-etre-pret-pour-la-rentree\/\"]}]},{\"@type\":\"ImageObject\",\"inLanguage\":\"fr-FR\",\"@id\":\"https:\/\/www.gereso.com\/actualites\/2015\/05\/27\/developpez-vos-competences-relationnelles-cet-ete-pour-etre-pret-pour-la-rentree\/#primaryimage\",\"url\":\"https:\/\/www.gereso.com\/actualites\/wp-content\/uploads\/2015\/05\/Optimiser-sa-communication-et-ses-relations-1.jpg\",\"contentUrl\":\"https:\/\/www.gereso.com\/actualites\/wp-content\/uploads\/2015\/05\/Optimiser-sa-communication-et-ses-relations-1.jpg\",\"width\":530,\"height\":354},{\"@type\":\"BreadcrumbList\",\"@id\":\"https:\/\/www.gereso.com\/actualites\/2015\/05\/27\/developpez-vos-competences-relationnelles-cet-ete-pour-etre-pret-pour-la-rentree\/#breadcrumb\",\"itemListElement\":[{\"@type\":\"ListItem\",\"position\":1,\"name\":\"Home\",\"item\":\"https:\/\/www.gereso.com\/actualites\/\"},{\"@type\":\"ListItem\",\"position\":2,\"name\":\"D\u00e9veloppez vos comp\u00e9tences relationnelles cet \u00e9t\u00e9 pour \u00eatre pr\u00eat pour la rentr\u00e9e !\"}]},{\"@type\":\"WebSite\",\"@id\":\"https:\/\/www.gereso.com\/actualites\/#website\",\"url\":\"https:\/\/www.gereso.com\/actualites\/\",\"name\":\"Le Blog GERESO\",\"description\":\"Toute l&#039;actu RH, Finance, Fonction Publique, Management...\",\"potentialAction\":[{\"@type\":\"SearchAction\",\"target\":{\"@type\":\"EntryPoint\",\"urlTemplate\":\"https:\/\/www.gereso.com\/actualites\/?s={search_term_string}\"},\"query-input\":{\"@type\":\"PropertyValueSpecification\",\"valueRequired\":true,\"valueName\":\"search_term_string\"}}],\"inLanguage\":\"fr-FR\"},{\"@type\":\"Person\",\"@id\":\"https:\/\/www.gereso.com\/actualites\/#\/schema\/person\/197d8aef40cb4ae3f6a0aa9e1d3df2a6\",\"name\":\"\u00c9quipe GERESO\",\"image\":{\"@type\":\"ImageObject\",\"inLanguage\":\"fr-FR\",\"@id\":\"https:\/\/www.gereso.com\/actualites\/#\/schema\/person\/image\/\",\"url\":\"https:\/\/www.gereso.com\/actualites\/wp-content\/uploads\/2013\/12\/avatar-gereso-1.png\",\"contentUrl\":\"https:\/\/www.gereso.com\/actualites\/wp-content\/uploads\/2013\/12\/avatar-gereso-1.png\",\"caption\":\"\u00c9quipe GERESO\"},\"url\":\"https:\/\/www.gereso.com\/actualites\/author\/gereso\/\"}]}<\/script>\n<!-- \/ Yoast SEO plugin. -->","yoast_head_json":{"title":"D\u00e9veloppez vos comp\u00e9tences relationnelles cet \u00e9t\u00e9 pour \u00eatre pr\u00eat pour la rentr\u00e9e ! - Le Blog GERESO","robots":{"index":"index","follow":"follow","max-snippet":"max-snippet:-1","max-image-preview":"max-image-preview:large","max-video-preview":"max-video-preview:-1"},"canonical":"https:\/\/www.gereso.com\/actualites\/2015\/05\/27\/developpez-vos-competences-relationnelles-cet-ete-pour-etre-pret-pour-la-rentree\/","og_locale":"fr_FR","og_type":"article","og_title":"D\u00e9veloppez vos comp\u00e9tences relationnelles cet \u00e9t\u00e9 pour \u00eatre pr\u00eat pour la rentr\u00e9e ! - Le Blog GERESO","og_description":"Les comp\u00e9tences relationnelles sont indispensables en entreprise. Si vous pensez avoir besoin d\u2019optimiser votre fa\u00e7on de communiquer avec vos coll\u00e8gues ou m\u00eame si vous souhaitez am\u00e9liorer la gestion des situations sensibles dans votre service, c\u2019est le moment ou jamais de suivre une formation en efficacit\u00e9 professionnelle. En vous y prenant maintenant, vous serez pr\u00eat pour [&hellip;]","og_url":"https:\/\/www.gereso.com\/actualites\/2015\/05\/27\/developpez-vos-competences-relationnelles-cet-ete-pour-etre-pret-pour-la-rentree\/","og_site_name":"Le Blog GERESO","article_published_time":"2015-05-27T09:30:22+00:00","article_modified_time":"2017-04-04T12:23:07+00:00","og_image":[{"width":530,"height":354,"url":"https:\/\/www.gereso.com\/actualites\/wp-content\/uploads\/2015\/05\/Optimiser-sa-communication-et-ses-relations-1.jpg","type":"image\/jpeg"}],"author":"\u00c9quipe GERESO","twitter_card":"summary_large_image","schema":{"@context":"https:\/\/schema.org","@graph":[{"@type":"WebPage","@id":"https:\/\/www.gereso.com\/actualites\/2015\/05\/27\/developpez-vos-competences-relationnelles-cet-ete-pour-etre-pret-pour-la-rentree\/","url":"https:\/\/www.gereso.com\/actualites\/2015\/05\/27\/developpez-vos-competences-relationnelles-cet-ete-pour-etre-pret-pour-la-rentree\/","name":"D\u00e9veloppez vos comp\u00e9tences relationnelles cet \u00e9t\u00e9 pour \u00eatre pr\u00eat pour la rentr\u00e9e ! - Le Blog GERESO","isPartOf":{"@id":"https:\/\/www.gereso.com\/actualites\/#website"},"primaryImageOfPage":{"@id":"https:\/\/www.gereso.com\/actualites\/2015\/05\/27\/developpez-vos-competences-relationnelles-cet-ete-pour-etre-pret-pour-la-rentree\/#primaryimage"},"image":{"@id":"https:\/\/www.gereso.com\/actualites\/2015\/05\/27\/developpez-vos-competences-relationnelles-cet-ete-pour-etre-pret-pour-la-rentree\/#primaryimage"},"thumbnailUrl":"https:\/\/www.gereso.com\/actualites\/wp-content\/uploads\/2015\/05\/Optimiser-sa-communication-et-ses-relations-1.jpg","datePublished":"2015-05-27T09:30:22+00:00","dateModified":"2017-04-04T12:23:07+00:00","author":{"@id":"https:\/\/www.gereso.com\/actualites\/#\/schema\/person\/197d8aef40cb4ae3f6a0aa9e1d3df2a6"},"breadcrumb":{"@id":"https:\/\/www.gereso.com\/actualites\/2015\/05\/27\/developpez-vos-competences-relationnelles-cet-ete-pour-etre-pret-pour-la-rentree\/#breadcrumb"},"inLanguage":"fr-FR","potentialAction":[{"@type":"ReadAction","target":["https:\/\/www.gereso.com\/actualites\/2015\/05\/27\/developpez-vos-competences-relationnelles-cet-ete-pour-etre-pret-pour-la-rentree\/"]}]},{"@type":"ImageObject","inLanguage":"fr-FR","@id":"https:\/\/www.gereso.com\/actualites\/2015\/05\/27\/developpez-vos-competences-relationnelles-cet-ete-pour-etre-pret-pour-la-rentree\/#primaryimage","url":"https:\/\/www.gereso.com\/actualites\/wp-content\/uploads\/2015\/05\/Optimiser-sa-communication-et-ses-relations-1.jpg","contentUrl":"https:\/\/www.gereso.com\/actualites\/wp-content\/uploads\/2015\/05\/Optimiser-sa-communication-et-ses-relations-1.jpg","width":530,"height":354},{"@type":"BreadcrumbList","@id":"https:\/\/www.gereso.com\/actualites\/2015\/05\/27\/developpez-vos-competences-relationnelles-cet-ete-pour-etre-pret-pour-la-rentree\/#breadcrumb","itemListElement":[{"@type":"ListItem","position":1,"name":"Home","item":"https:\/\/www.gereso.com\/actualites\/"},{"@type":"ListItem","position":2,"name":"D\u00e9veloppez vos comp\u00e9tences relationnelles cet \u00e9t\u00e9 pour \u00eatre pr\u00eat pour la rentr\u00e9e !"}]},{"@type":"WebSite","@id":"https:\/\/www.gereso.com\/actualites\/#website","url":"https:\/\/www.gereso.com\/actualites\/","name":"Le Blog GERESO","description":"Toute l&#039;actu RH, Finance, Fonction Publique, Management...","potentialAction":[{"@type":"SearchAction","target":{"@type":"EntryPoint","urlTemplate":"https:\/\/www.gereso.com\/actualites\/?s={search_term_string}"},"query-input":{"@type":"PropertyValueSpecification","valueRequired":true,"valueName":"search_term_string"}}],"inLanguage":"fr-FR"},{"@type":"Person","@id":"https:\/\/www.gereso.com\/actualites\/#\/schema\/person\/197d8aef40cb4ae3f6a0aa9e1d3df2a6","name":"\u00c9quipe GERESO","image":{"@type":"ImageObject","inLanguage":"fr-FR","@id":"https:\/\/www.gereso.com\/actualites\/#\/schema\/person\/image\/","url":"https:\/\/www.gereso.com\/actualites\/wp-content\/uploads\/2013\/12\/avatar-gereso-1.png","contentUrl":"https:\/\/www.gereso.com\/actualites\/wp-content\/uploads\/2013\/12\/avatar-gereso-1.png","caption":"\u00c9quipe GERESO"},"url":"https:\/\/www.gereso.com\/actualites\/author\/gereso\/"}]}},"_links":{"self":[{"href":"https:\/\/www.gereso.com\/actualites\/wp-json\/wp\/v2\/posts\/3960","targetHints":{"allow":["GET"]}}],"collection":[{"href":"https:\/\/www.gereso.com\/actualites\/wp-json\/wp\/v2\/posts"}],"about":[{"href":"https:\/\/www.gereso.com\/actualites\/wp-json\/wp\/v2\/types\/post"}],"author":[{"embeddable":true,"href":"https:\/\/www.gereso.com\/actualites\/wp-json\/wp\/v2\/users\/32"}],"replies":[{"embeddable":true,"href":"https:\/\/www.gereso.com\/actualites\/wp-json\/wp\/v2\/comments?post=3960"}],"version-history":[{"count":1,"href":"https:\/\/www.gereso.com\/actualites\/wp-json\/wp\/v2\/posts\/3960\/revisions"}],"predecessor-version":[{"id":7838,"href":"https:\/\/www.gereso.com\/actualites\/wp-json\/wp\/v2\/posts\/3960\/revisions\/7838"}],"wp:featuredmedia":[{"embeddable":true,"href":"https:\/\/www.gereso.com\/actualites\/wp-json\/wp\/v2\/media\/3982"}],"wp:attachment":[{"href":"https:\/\/www.gereso.com\/actualites\/wp-json\/wp\/v2\/media?parent=3960"}],"wp:term":[{"taxonomy":"category","embeddable":true,"href":"https:\/\/www.gereso.com\/actualites\/wp-json\/wp\/v2\/categories?post=3960"},{"taxonomy":"post_tag","embeddable":true,"href":"https:\/\/www.gereso.com\/actualites\/wp-json\/wp\/v2\/tags?post=3960"}],"curies":[{"name":"wp","href":"https:\/\/api.w.org\/{rel}","templated":true}]}}