{"id":39685,"date":"2024-03-04T14:36:43","date_gmt":"2024-03-04T12:36:43","guid":{"rendered":"https:\/\/www.gereso.com\/actualites\/?p=39685"},"modified":"2024-03-04T14:36:45","modified_gmt":"2024-03-04T12:36:45","slug":"droit-preuve-revirement-cour-cassation","status":"publish","type":"post","link":"https:\/\/www.gereso.com\/actualites\/2024\/03\/04\/droit-preuve-revirement-cour-cassation\/","title":{"rendered":"Du droit de la preuve au droit \u00e0 la preuve\u00a0: le pr\u00e9visible revirement de la Cour de cassation en mati\u00e8re de preuve"},"content":{"rendered":"\n\n\n<h2 style=\"color:#D10016\"><strong>Cons\u00e9cration du principe de loyaut\u00e9<\/strong><\/h2>\n\n\n\n<p>Le principe de loyaut\u00e9 dans l\u2019administration de la preuve a ainsi \u00e9t\u00e9 consacr\u00e9 par l\u2019Assembl\u00e9e Pl\u00e9ni\u00e8re de la Cour de cassation, d\u00e8s 2011, en jugeant irrecevable \u00ab l\u2019enregistrement d\u2019une communication t\u00e9l\u00e9phonique r\u00e9alis\u00e9 par une partie \u00e0 l\u2019insu de l\u2019auteur des propos \u00bb (Cass. AP., 7 janv. 2011, n\u00b0 09-14316 et 09-14667).<\/p>\n\n\n\n<h2 style=\"color:#D10016\"><strong>Changement de position de la Cour de cassation<\/strong><\/h2>\n\n\n\n<p>Le 22 d\u00e9cembre 2023, cette m\u00eame Assembl\u00e9e Pl\u00e9ni\u00e8re (la composition la plus solennelle) estime au contraire que les <strong>preuves obtenues de fa\u00e7on d\u00e9loyale ou masqu\u00e9e sont d\u00e9sormais valables<\/strong> lorsqu\u2019elles constituent la seule fa\u00e7on de faire \u00e9clater la v\u00e9rit\u00e9 et de permettre \u00e0 une des parties de faire valoir ses droits (<a href=\"https:\/\/www.legifrance.gouv.fr\/juri\/id\/JURITEXT000048769030\" target=\"_blank\" rel=\"noreferrer noopener\">Cass. AP, 22 d\u00e9cembre 2023, n\u00b020-20648<\/a> et 21-11330).<\/p>\n\n\n\n<h2 style=\"color:#D10016\"><strong>R\u00e9volution ou \u00e9volution&nbsp;?<\/strong><\/h2>\n\n\n\n<p>Pr\u00e9sent\u00e9e comme une r\u00e9volution, il s\u2019agit en r\u00e9alit\u00e9 d\u2019une pr\u00e9visible \u00e9volution. En effet, d\u00e8s le 26 mars 2021, la Cour d\u2019appel de Bourges indiquait dans un arr\u00eat (CA Bourges, 26 mars 2021, RG n\u00b019\/01169) \u00ab\u00a0<em>que le droit \u00e0 la preuve peut justifier la production en justice d\u2019\u00e9l\u00e9ments extraits d\u2019une conversation, m\u00eame priv\u00e9e, \u00e0 la condition que cette production soit indispensable \u00e0 l\u2019exercice de ce droit et que l\u2019atteinte soit proportionn\u00e9e au but poursuivi<\/em>\u00a0\u00bb. Par ailleurs, la chambre criminelle de la Cour de cassation\u00a0Chambre criminelle de la Cour de cassation rappelle r\u00e9guli\u00e8rement que <strong>rien ne justifie d\u2019\u00e9carter les preuves obtenues de fa\u00e7on illicite ou d\u00e9loyale<\/strong> (<a href=\"https:\/\/www.legifrance.gouv.fr\/juri\/id\/JURITEXT000007065333\" target=\"_blank\" rel=\"noreferrer noopener\">Cass. crim., 28 avr. 1987, n\u00b0 86-96621<\/a> ; <a href=\"https:\/\/www.legifrance.gouv.fr\/juri\/id\/JURITEXT000021853927\" target=\"_blank\" rel=\"noreferrer noopener\">Cass. crim., 27 janv. 2010, n\u00b0 09-83395<\/a>) allant jusqu\u2019\u00e0 valider les <strong>enregistrements clandestins<\/strong> (<a href=\"https:\/\/www.legifrance.gouv.fr\/juri\/id\/JURITEXT000025293872\/\" target=\"_blank\" rel=\"noreferrer noopener\">Cass. Crim, 31 janvier 2012, n\u00b011-85464<\/a>).<\/p>\n\n\n\n<h2 style=\"color:#D10016\"><strong>Les cons\u00e9quences dans les pratiques RH<\/strong><\/h2>\n\n\n\n<p>Cette \u00e9volution pr\u00e9sente n\u00e9anmoins des cons\u00e9quences concr\u00e8tes dans les pratiques RH&nbsp;:<\/p>\n\n\n\n<ul class=\"wp-block-list\">\n<li>A l\u2019embauche tout d\u2019abord o\u00f9 des enregistrements clandestins pourraient permettre de mettre en lumi\u00e8re des pratiques discriminatoires ou interdites (les fameuses questions sur la vie de famille, les d\u00e9sirs d\u2019enfants ou les origines)&nbsp;;<\/li>\n\n\n\n<li>Lors des entretiens d\u2019\u00e9valuation o\u00f9 l\u00e0 aussi, des propos inappropri\u00e9s des managers ou l\u2019humour d\u00e9plac\u00e9 pourraient devenir le terreau fertile de nombreux contentieux&nbsp;;<\/li>\n\n\n\n<li>Et bien entendu en mati\u00e8re de rupture du contrat avec les propos tenus lors des entretiens pr\u00e9alables.<\/li>\n<\/ul>\n\n\n\n<p>Lorsqu\u2019on songe aux obligations de l\u2019employeur il est plus que temps de <strong>former ses \u00e9quipes<\/strong> sur les droits et les devoirs de chacun dans la relation de travail afin d\u2019\u00e9viter de couteux contentieux en devenir.<\/p>\n","protected":false},"excerpt":{"rendered":"<p>Cons\u00e9cration du principe de loyaut\u00e9 Le principe de loyaut\u00e9 dans l\u2019administration de la preuve a ainsi \u00e9t\u00e9 consacr\u00e9 par l\u2019Assembl\u00e9e Pl\u00e9ni\u00e8re de la Cour de cassation, d\u00e8s 2011, en jugeant irrecevable \u00ab l\u2019enregistrement d\u2019une communication t\u00e9l\u00e9phonique r\u00e9alis\u00e9 par une partie \u00e0 l\u2019insu de l\u2019auteur des propos \u00bb (Cass. AP., 7 janv. 2011, n\u00b0 09-14316 et [&hellip;]<\/p>\n","protected":false},"author":5,"featured_media":39708,"comment_status":"open","ping_status":"open","sticky":false,"template":"","format":"standard","meta":{"_acf_changed":false,"_mi_skip_tracking":false,"footnotes":""},"categories":[12,5],"tags":[],"class_list":["post-39685","post","type-post","status-publish","format-standard","has-post-thumbnail","hentry","category-actualites","category-droit-du-travail"],"acf":[],"yoast_head":"<!-- This site is optimized with the Yoast SEO plugin v23.4 - https:\/\/yoast.com\/wordpress\/plugins\/seo\/ -->\n<title>Du droit de la preuve au droit \u00e0 la preuve\u00a0: le pr\u00e9visible revirement de la Cour de cassation en mati\u00e8re de preuve - Le Blog GERESO<\/title>\n<meta name=\"robots\" content=\"index, follow, max-snippet:-1, max-image-preview:large, max-video-preview:-1\" \/>\n<link rel=\"canonical\" href=\"https:\/\/www.gereso.com\/actualites\/2024\/03\/04\/droit-preuve-revirement-cour-cassation\/\" \/>\n<meta property=\"og:locale\" content=\"fr_FR\" \/>\n<meta property=\"og:type\" content=\"article\" \/>\n<meta property=\"og:title\" content=\"Du droit de la preuve au droit \u00e0 la preuve\u00a0: le pr\u00e9visible revirement de la Cour de cassation en mati\u00e8re de preuve - Le Blog GERESO\" \/>\n<meta property=\"og:description\" content=\"Cons\u00e9cration du principe de loyaut\u00e9 Le principe de loyaut\u00e9 dans l\u2019administration de la preuve a ainsi \u00e9t\u00e9 consacr\u00e9 par l\u2019Assembl\u00e9e Pl\u00e9ni\u00e8re de la Cour de cassation, d\u00e8s 2011, en jugeant irrecevable \u00ab l\u2019enregistrement d\u2019une communication t\u00e9l\u00e9phonique r\u00e9alis\u00e9 par une partie \u00e0 l\u2019insu de l\u2019auteur des propos \u00bb (Cass. AP., 7 janv. 2011, n\u00b0 09-14316 et [&hellip;]\" \/>\n<meta property=\"og:url\" content=\"https:\/\/www.gereso.com\/actualites\/2024\/03\/04\/droit-preuve-revirement-cour-cassation\/\" \/>\n<meta property=\"og:site_name\" content=\"Le Blog GERESO\" \/>\n<meta property=\"article:published_time\" content=\"2024-03-04T12:36:43+00:00\" \/>\n<meta property=\"article:modified_time\" content=\"2024-03-04T12:36:45+00:00\" \/>\n<meta property=\"og:image\" content=\"https:\/\/www.gereso.com\/actualites\/wp-content\/uploads\/2024\/03\/droit-preuve.jpg\" \/>\n\t<meta property=\"og:image:width\" content=\"600\" \/>\n\t<meta property=\"og:image:height\" content=\"400\" \/>\n\t<meta property=\"og:image:type\" content=\"image\/jpeg\" \/>\n<meta name=\"author\" content=\"Amandine Lecomte\" \/>\n<meta name=\"twitter:card\" content=\"summary_large_image\" \/>\n<script type=\"application\/ld+json\" class=\"yoast-schema-graph\">{\"@context\":\"https:\/\/schema.org\",\"@graph\":[{\"@type\":\"WebPage\",\"@id\":\"https:\/\/www.gereso.com\/actualites\/2024\/03\/04\/droit-preuve-revirement-cour-cassation\/\",\"url\":\"https:\/\/www.gereso.com\/actualites\/2024\/03\/04\/droit-preuve-revirement-cour-cassation\/\",\"name\":\"Du droit de la preuve au droit \u00e0 la preuve\u00a0: le pr\u00e9visible revirement de la Cour de cassation en mati\u00e8re de preuve - Le Blog GERESO\",\"isPartOf\":{\"@id\":\"https:\/\/www.gereso.com\/actualites\/#website\"},\"primaryImageOfPage\":{\"@id\":\"https:\/\/www.gereso.com\/actualites\/2024\/03\/04\/droit-preuve-revirement-cour-cassation\/#primaryimage\"},\"image\":{\"@id\":\"https:\/\/www.gereso.com\/actualites\/2024\/03\/04\/droit-preuve-revirement-cour-cassation\/#primaryimage\"},\"thumbnailUrl\":\"https:\/\/www.gereso.com\/actualites\/wp-content\/uploads\/2024\/03\/droit-preuve.jpg\",\"datePublished\":\"2024-03-04T12:36:43+00:00\",\"dateModified\":\"2024-03-04T12:36:45+00:00\",\"author\":{\"@id\":\"https:\/\/www.gereso.com\/actualites\/#\/schema\/person\/9c36abe4465810ebf3ae6ad6b5a24599\"},\"breadcrumb\":{\"@id\":\"https:\/\/www.gereso.com\/actualites\/2024\/03\/04\/droit-preuve-revirement-cour-cassation\/#breadcrumb\"},\"inLanguage\":\"fr-FR\",\"potentialAction\":[{\"@type\":\"ReadAction\",\"target\":[\"https:\/\/www.gereso.com\/actualites\/2024\/03\/04\/droit-preuve-revirement-cour-cassation\/\"]}]},{\"@type\":\"ImageObject\",\"inLanguage\":\"fr-FR\",\"@id\":\"https:\/\/www.gereso.com\/actualites\/2024\/03\/04\/droit-preuve-revirement-cour-cassation\/#primaryimage\",\"url\":\"https:\/\/www.gereso.com\/actualites\/wp-content\/uploads\/2024\/03\/droit-preuve.jpg\",\"contentUrl\":\"https:\/\/www.gereso.com\/actualites\/wp-content\/uploads\/2024\/03\/droit-preuve.jpg\",\"width\":600,\"height\":400,\"caption\":\"La Cour de cassation red\u00e9finit son approche des preuves illicites, passant d'un rejet \u00e0 une acceptation sous conditions, marquant une \u00e9volution significative dans le paysage juridique et impactant les pratiques RH.\"},{\"@type\":\"BreadcrumbList\",\"@id\":\"https:\/\/www.gereso.com\/actualites\/2024\/03\/04\/droit-preuve-revirement-cour-cassation\/#breadcrumb\",\"itemListElement\":[{\"@type\":\"ListItem\",\"position\":1,\"name\":\"Home\",\"item\":\"https:\/\/www.gereso.com\/actualites\/\"},{\"@type\":\"ListItem\",\"position\":2,\"name\":\"Du droit de la preuve au droit \u00e0 la preuve\u00a0: le pr\u00e9visible revirement de la Cour de cassation en mati\u00e8re de preuve\"}]},{\"@type\":\"WebSite\",\"@id\":\"https:\/\/www.gereso.com\/actualites\/#website\",\"url\":\"https:\/\/www.gereso.com\/actualites\/\",\"name\":\"Le Blog GERESO\",\"description\":\"Toute l&#039;actu RH, Finance, Fonction Publique, Management...\",\"potentialAction\":[{\"@type\":\"SearchAction\",\"target\":{\"@type\":\"EntryPoint\",\"urlTemplate\":\"https:\/\/www.gereso.com\/actualites\/?s={search_term_string}\"},\"query-input\":{\"@type\":\"PropertyValueSpecification\",\"valueRequired\":true,\"valueName\":\"search_term_string\"}}],\"inLanguage\":\"fr-FR\"},{\"@type\":\"Person\",\"@id\":\"https:\/\/www.gereso.com\/actualites\/#\/schema\/person\/9c36abe4465810ebf3ae6ad6b5a24599\",\"name\":\"Amandine Lecomte\",\"image\":{\"@type\":\"ImageObject\",\"inLanguage\":\"fr-FR\",\"@id\":\"https:\/\/www.gereso.com\/actualites\/#\/schema\/person\/image\/\",\"url\":\"https:\/\/www.gereso.com\/actualites\/wp-content\/uploads\/2024\/03\/amandine-lecomte-120x120.jpg\",\"contentUrl\":\"https:\/\/www.gereso.com\/actualites\/wp-content\/uploads\/2024\/03\/amandine-lecomte-120x120.jpg\",\"caption\":\"Amandine Lecomte\"},\"description\":\"Amandine LECOMTE est consultante en paie et droit social depuis plus de 15 ans. Elle a commenc\u00e9 sa carri\u00e8re dans une soci\u00e9t\u00e9 de conseil en droit social avant d\u2019intervenir comme consultante paie et droit social pour GERESO. Forte de plus de 15 ans de rencontres diverses au travers de l\u2019animation des formations, elle est capable de comprendre les difficult\u00e9s et les enjeux tant des salari\u00e9s que des employeurs. Ayant un go\u00fbt tr\u00e8s prononc\u00e9 pour la r\u00e9solution des probl\u00e9matiques terrain ? elle accompagne \u00e9galement les DRH, DAF et patron d\u2019entreprises de toutes tailles dans la r\u00e9solution de leurs probl\u00e9matiques en tentant de leur apporter des r\u00e9ponses claires, pr\u00e9cises et pragmatiques \u00e0 leurs enjeux du quotidien.\",\"url\":\"https:\/\/www.gereso.com\/actualites\/author\/a-lecomte\/\"}]}<\/script>\n<!-- \/ Yoast SEO plugin. -->","yoast_head_json":{"title":"Du droit de la preuve au droit \u00e0 la preuve\u00a0: le pr\u00e9visible revirement de la Cour de cassation en mati\u00e8re de preuve - Le Blog GERESO","robots":{"index":"index","follow":"follow","max-snippet":"max-snippet:-1","max-image-preview":"max-image-preview:large","max-video-preview":"max-video-preview:-1"},"canonical":"https:\/\/www.gereso.com\/actualites\/2024\/03\/04\/droit-preuve-revirement-cour-cassation\/","og_locale":"fr_FR","og_type":"article","og_title":"Du droit de la preuve au droit \u00e0 la preuve\u00a0: le pr\u00e9visible revirement de la Cour de cassation en mati\u00e8re de preuve - Le Blog GERESO","og_description":"Cons\u00e9cration du principe de loyaut\u00e9 Le principe de loyaut\u00e9 dans l\u2019administration de la preuve a ainsi \u00e9t\u00e9 consacr\u00e9 par l\u2019Assembl\u00e9e Pl\u00e9ni\u00e8re de la Cour de cassation, d\u00e8s 2011, en jugeant irrecevable \u00ab l\u2019enregistrement d\u2019une communication t\u00e9l\u00e9phonique r\u00e9alis\u00e9 par une partie \u00e0 l\u2019insu de l\u2019auteur des propos \u00bb (Cass. AP., 7 janv. 2011, n\u00b0 09-14316 et [&hellip;]","og_url":"https:\/\/www.gereso.com\/actualites\/2024\/03\/04\/droit-preuve-revirement-cour-cassation\/","og_site_name":"Le Blog GERESO","article_published_time":"2024-03-04T12:36:43+00:00","article_modified_time":"2024-03-04T12:36:45+00:00","og_image":[{"width":600,"height":400,"url":"https:\/\/www.gereso.com\/actualites\/wp-content\/uploads\/2024\/03\/droit-preuve.jpg","type":"image\/jpeg"}],"author":"Amandine Lecomte","twitter_card":"summary_large_image","schema":{"@context":"https:\/\/schema.org","@graph":[{"@type":"WebPage","@id":"https:\/\/www.gereso.com\/actualites\/2024\/03\/04\/droit-preuve-revirement-cour-cassation\/","url":"https:\/\/www.gereso.com\/actualites\/2024\/03\/04\/droit-preuve-revirement-cour-cassation\/","name":"Du droit de la preuve au droit \u00e0 la preuve\u00a0: le pr\u00e9visible revirement de la Cour de cassation en mati\u00e8re de preuve - Le Blog GERESO","isPartOf":{"@id":"https:\/\/www.gereso.com\/actualites\/#website"},"primaryImageOfPage":{"@id":"https:\/\/www.gereso.com\/actualites\/2024\/03\/04\/droit-preuve-revirement-cour-cassation\/#primaryimage"},"image":{"@id":"https:\/\/www.gereso.com\/actualites\/2024\/03\/04\/droit-preuve-revirement-cour-cassation\/#primaryimage"},"thumbnailUrl":"https:\/\/www.gereso.com\/actualites\/wp-content\/uploads\/2024\/03\/droit-preuve.jpg","datePublished":"2024-03-04T12:36:43+00:00","dateModified":"2024-03-04T12:36:45+00:00","author":{"@id":"https:\/\/www.gereso.com\/actualites\/#\/schema\/person\/9c36abe4465810ebf3ae6ad6b5a24599"},"breadcrumb":{"@id":"https:\/\/www.gereso.com\/actualites\/2024\/03\/04\/droit-preuve-revirement-cour-cassation\/#breadcrumb"},"inLanguage":"fr-FR","potentialAction":[{"@type":"ReadAction","target":["https:\/\/www.gereso.com\/actualites\/2024\/03\/04\/droit-preuve-revirement-cour-cassation\/"]}]},{"@type":"ImageObject","inLanguage":"fr-FR","@id":"https:\/\/www.gereso.com\/actualites\/2024\/03\/04\/droit-preuve-revirement-cour-cassation\/#primaryimage","url":"https:\/\/www.gereso.com\/actualites\/wp-content\/uploads\/2024\/03\/droit-preuve.jpg","contentUrl":"https:\/\/www.gereso.com\/actualites\/wp-content\/uploads\/2024\/03\/droit-preuve.jpg","width":600,"height":400,"caption":"La Cour de cassation red\u00e9finit son approche des preuves illicites, passant d'un rejet \u00e0 une acceptation sous conditions, marquant une \u00e9volution significative dans le paysage juridique et impactant les pratiques RH."},{"@type":"BreadcrumbList","@id":"https:\/\/www.gereso.com\/actualites\/2024\/03\/04\/droit-preuve-revirement-cour-cassation\/#breadcrumb","itemListElement":[{"@type":"ListItem","position":1,"name":"Home","item":"https:\/\/www.gereso.com\/actualites\/"},{"@type":"ListItem","position":2,"name":"Du droit de la preuve au droit \u00e0 la preuve\u00a0: le pr\u00e9visible revirement de la Cour de cassation en mati\u00e8re de preuve"}]},{"@type":"WebSite","@id":"https:\/\/www.gereso.com\/actualites\/#website","url":"https:\/\/www.gereso.com\/actualites\/","name":"Le Blog GERESO","description":"Toute l&#039;actu RH, Finance, Fonction Publique, Management...","potentialAction":[{"@type":"SearchAction","target":{"@type":"EntryPoint","urlTemplate":"https:\/\/www.gereso.com\/actualites\/?s={search_term_string}"},"query-input":{"@type":"PropertyValueSpecification","valueRequired":true,"valueName":"search_term_string"}}],"inLanguage":"fr-FR"},{"@type":"Person","@id":"https:\/\/www.gereso.com\/actualites\/#\/schema\/person\/9c36abe4465810ebf3ae6ad6b5a24599","name":"Amandine Lecomte","image":{"@type":"ImageObject","inLanguage":"fr-FR","@id":"https:\/\/www.gereso.com\/actualites\/#\/schema\/person\/image\/","url":"https:\/\/www.gereso.com\/actualites\/wp-content\/uploads\/2024\/03\/amandine-lecomte-120x120.jpg","contentUrl":"https:\/\/www.gereso.com\/actualites\/wp-content\/uploads\/2024\/03\/amandine-lecomte-120x120.jpg","caption":"Amandine Lecomte"},"description":"Amandine LECOMTE est consultante en paie et droit social depuis plus de 15 ans. Elle a commenc\u00e9 sa carri\u00e8re dans une soci\u00e9t\u00e9 de conseil en droit social avant d\u2019intervenir comme consultante paie et droit social pour GERESO. Forte de plus de 15 ans de rencontres diverses au travers de l\u2019animation des formations, elle est capable de comprendre les difficult\u00e9s et les enjeux tant des salari\u00e9s que des employeurs. Ayant un go\u00fbt tr\u00e8s prononc\u00e9 pour la r\u00e9solution des probl\u00e9matiques terrain ? elle accompagne \u00e9galement les DRH, DAF et patron d\u2019entreprises de toutes tailles dans la r\u00e9solution de leurs probl\u00e9matiques en tentant de leur apporter des r\u00e9ponses claires, pr\u00e9cises et pragmatiques \u00e0 leurs enjeux du quotidien.","url":"https:\/\/www.gereso.com\/actualites\/author\/a-lecomte\/"}]}},"_links":{"self":[{"href":"https:\/\/www.gereso.com\/actualites\/wp-json\/wp\/v2\/posts\/39685","targetHints":{"allow":["GET"]}}],"collection":[{"href":"https:\/\/www.gereso.com\/actualites\/wp-json\/wp\/v2\/posts"}],"about":[{"href":"https:\/\/www.gereso.com\/actualites\/wp-json\/wp\/v2\/types\/post"}],"author":[{"embeddable":true,"href":"https:\/\/www.gereso.com\/actualites\/wp-json\/wp\/v2\/users\/5"}],"replies":[{"embeddable":true,"href":"https:\/\/www.gereso.com\/actualites\/wp-json\/wp\/v2\/comments?post=39685"}],"version-history":[{"count":26,"href":"https:\/\/www.gereso.com\/actualites\/wp-json\/wp\/v2\/posts\/39685\/revisions"}],"predecessor-version":[{"id":39713,"href":"https:\/\/www.gereso.com\/actualites\/wp-json\/wp\/v2\/posts\/39685\/revisions\/39713"}],"wp:featuredmedia":[{"embeddable":true,"href":"https:\/\/www.gereso.com\/actualites\/wp-json\/wp\/v2\/media\/39708"}],"wp:attachment":[{"href":"https:\/\/www.gereso.com\/actualites\/wp-json\/wp\/v2\/media?parent=39685"}],"wp:term":[{"taxonomy":"category","embeddable":true,"href":"https:\/\/www.gereso.com\/actualites\/wp-json\/wp\/v2\/categories?post=39685"},{"taxonomy":"post_tag","embeddable":true,"href":"https:\/\/www.gereso.com\/actualites\/wp-json\/wp\/v2\/tags?post=39685"}],"curies":[{"name":"wp","href":"https:\/\/api.w.org\/{rel}","templated":true}]}}