{"id":4030,"date":"2015-06-03T15:12:49","date_gmt":"2015-06-03T13:12:49","guid":{"rendered":"https:\/\/www.gereso.com\/actualites\/?p=4030"},"modified":"2015-06-03T15:12:49","modified_gmt":"2015-06-03T13:12:49","slug":"actualite-questions-de-protection-sociale","status":"publish","type":"post","link":"https:\/\/www.gereso.com\/actualites\/2015\/06\/03\/actualite-questions-de-protection-sociale\/","title":{"rendered":"L\u2019actualit\u00e9 sur les questions de protection sociale"},"content":{"rendered":"<h2><strong>Alignement des r\u00e8gles de cumul emploi-retraite dans les r\u00e9gimes de bases et les <a href=\"http:\/\/www.gereso.com\/formations\/retraite-et-protection-sociale\/formation-regimes-de-retraite\">r\u00e9gimes de retraite<\/a> compl\u00e9mentaire\u00a0<\/strong><strong>\u00a0:\u00a0<\/strong><\/h2>\n<p>Lors de la r\u00e9union commune des commissions paritaires de l\u2019AGIRC et de l\u2019ARRCO du 16 mars dernier, <strong>il a \u00e9t\u00e9 d\u00e9cid\u00e9 de transposer dans les r\u00e9gimes compl\u00e9mentaires les r\u00e8gles de cumul emploi retraite applicables dans les r\u00e9gimes de base<\/strong>.\u00a0 Pour b\u00e9n\u00e9ficier des nouvelles r\u00e8gles de cumul, l\u2019assur\u00e9 doit, premi\u00e8rement, avoir mis fin \u00e0 l\u2019ensemble de ses activit\u00e9s dans tous les r\u00e9gimes de base et compl\u00e9mentaires, \u00e0 l\u2019exception des personnes poly affili\u00e9es, c\u2019est-\u00e0-dire de celles qui ont eu des activit\u00e9s relevant de plusieurs r\u00e9gimes et qui peuvent avoir une d\u00e9rogation pour certaines activit\u00e9s poursuivies, \u00e0 savoir\u00a0:<\/p>\n<ul>\n<li>les assistantes maternelles<\/li>\n<li>les artistes du spectacle<\/li>\n<li>les parlementaires<\/li>\n<li>les activit\u00e9s donnant lieu \u00e0 l\u2019affiliation \u00e0 un r\u00e9gime \u00e9tranger<\/li>\n<\/ul>\n<p>La deuxi\u00e8me condition suppose d\u2019avoir liquid\u00e9 la totalit\u00e9 de ses pensions de vieillesse sauf si le droit au cumul n\u2019est pas ouvert dans tous les r\u00e9gimes en raison d\u2019une condition d\u2019\u00e2ge. L\u2019assur\u00e9 peut alors reprendre une activit\u00e9 sans obligation d\u2019avoir liquid\u00e9 le r\u00e9gime en cause. N\u00e9anmoins, il devra y proc\u00e9der d\u00e8s que la condition d\u2019\u00e2ge sera satisfaite ou la d\u00e9cote supprim\u00e9e.\u00a0(circulaire AGIRC-ARRCO no 2015-4DRJ du 8 avril 2015)<\/p>\n<p>La troisi\u00e8me condition suppose de justifier de la dur\u00e9e d\u2019assurance requise pour b\u00e9n\u00e9ficier d\u2019une retraite \u00e0 taux plein puisque la reprise d\u2019activit\u00e9 ne g\u00e9n\u00e8re pas de nouveaux droits. Ces nouvelles r\u00e8gles s\u2019appliquent aux assur\u00e9s dont la retraite de base a pris effet \u00e0 compter du 1<sup>er<\/sup> janvier 2015.<\/p>\n<p>&nbsp;<\/p>\n<h2><strong>Le sort des p\u00e9riodes indemnis\u00e9es par la CFE \u00a0:<\/strong><\/h2>\n<p>Les p\u00e9riodes donnant lieu \u00e0 cotisation volontaire aupr\u00e8s de<strong> la caisse des fran\u00e7ais de l\u2019\u00e9tranger ne sont plus consid\u00e9r\u00e9es comme des p\u00e9riodes assimil\u00e9es<\/strong> et donc cotis\u00e9es. Elles ne doivent donc plus \u00eatre retenues pour le calcul de la dur\u00e9e d\u2019assurance ou pour l\u2019examen du droit \u00e0 une retraite anticip\u00e9e au titre d\u2019une carri\u00e8re longue. ( circ. CNAV\u00a0 no 2015-20 du 10 avril 2015)<\/p>\n<p>&nbsp;<\/p>\n<h2><strong>Les cons\u00e9quences de la reconnaissance de l\u2019existence d\u2019une faute inexcusable :<\/strong><\/h2>\n<p>En principe,<strong> le Code de la s\u00e9curit\u00e9 sociale n\u2019accorde r\u00e9paration, en cas de reconnaissance d\u2019une faute inexcusable, que pour les pr\u00e9judices suivants\u00a0<\/strong>:<\/p>\n<ul>\n<li>souffrances physiques et morales,<\/li>\n<li>pr\u00e9judices esth\u00e9tiques et d\u2019agr\u00e9ment,<\/li>\n<li>pr\u00e9judice r\u00e9sultant de la perte ou de la diminution des possibilit\u00e9s de promotion professionnelle<\/li>\n<\/ul>\n<p><strong>La Cour de cassation a par la suite admis l\u2019indemnisation d\u2019autres pr\u00e9judices<\/strong> d\u00e8s lors qu\u2019il pouvait \u00eatre \u00e9tabli que la victime avait bien souffert des dommages invoqu\u00e9s (pr\u00e9judice sexuel, am\u00e9nagement du domicile ou acquisition d\u2019un v\u00e9hicule adapt\u00e9 compte tenu d\u2019un \u00e9tat de handicap en r\u00e9sultant). Tel n\u2019est pas le cas de l\u2019installation du chauffage central puisqu&rsquo;elle ne constitue pas un am\u00e9nagement indispensable du fait du handicap.\u00a0(Cass. civ., 12 f\u00e9vrier 2015, 13-17677)<\/p>\n<p>&nbsp;<\/p>\n<h2><strong>L\u2019assureur d\u2019un employeur peut \u00eatre partie \u00e0 l\u2019instance de reconnaissance de la faute inexcusable \u00a0: \u00a0\u00a0<\/strong><\/h2>\n<p>L\u2019employeur pouvant s\u2019assurer contre les cons\u00e9quences financi\u00e8res de sa propre faute inexcusable, la caisse d\u2019assurance maladie peut r\u00e9cup\u00e9rer aupr\u00e8s de l\u2019assureur les sommes vers\u00e9es au salari\u00e9, en r\u00e9paration des pr\u00e9judices subis. Cela permet d\u2019\u00e9tablir \u00e0 l\u2019\u00e9gard de l\u2019assureur un int\u00e9r\u00eat \u00e0 agir au cours de l\u2019instance devant le TASS, destin\u00e9e \u00e0 statuer sur l\u2019existence ou non d\u2019une faute inexcusable.\u00a0\u00a0(Cass. civ., 12 f\u00e9v. 2015, 13-26133)<\/p>\n<p><strong>\u00a0<\/strong><\/p>\n","protected":false},"excerpt":{"rendered":"<p>Alignement des r\u00e8gles de cumul emploi-retraite dans les r\u00e9gimes de bases et les r\u00e9gimes de retraite compl\u00e9mentaire\u00a0\u00a0:\u00a0 Lors de la r\u00e9union commune des commissions paritaires de l\u2019AGIRC et de l\u2019ARRCO du 16 mars dernier, il a \u00e9t\u00e9 d\u00e9cid\u00e9 de transposer dans les r\u00e9gimes compl\u00e9mentaires les r\u00e8gles de cumul emploi retraite applicables dans les r\u00e9gimes de [&hellip;]<\/p>\n","protected":false},"author":12,"featured_media":4031,"comment_status":"open","ping_status":"open","sticky":false,"template":"","format":"standard","meta":{"_acf_changed":false,"_mi_skip_tracking":false,"footnotes":""},"categories":[12,393],"tags":[611,129,612,613],"class_list":["post-4030","post","type-post","status-publish","format-standard","has-post-thumbnail","hentry","category-actualites","category-protection-sociale-2","tag-emploi-retraite","tag-protection-sociale","tag-regime-de-retraite","tag-regles-de-cumul"],"acf":[],"yoast_head":"<!-- This site is optimized with the Yoast SEO plugin v23.4 - https:\/\/yoast.com\/wordpress\/plugins\/seo\/ -->\n<title>L\u2019actualit\u00e9 sur les questions de protection sociale - Le Blog GERESO<\/title>\n<meta name=\"robots\" content=\"index, follow, max-snippet:-1, max-image-preview:large, max-video-preview:-1\" \/>\n<link rel=\"canonical\" href=\"https:\/\/www.gereso.com\/actualites\/2015\/06\/03\/actualite-questions-de-protection-sociale\/\" \/>\n<meta property=\"og:locale\" content=\"fr_FR\" \/>\n<meta property=\"og:type\" content=\"article\" \/>\n<meta property=\"og:title\" content=\"L\u2019actualit\u00e9 sur les questions de protection sociale - Le Blog GERESO\" \/>\n<meta property=\"og:description\" content=\"Alignement des r\u00e8gles de cumul emploi-retraite dans les r\u00e9gimes de bases et les r\u00e9gimes de retraite compl\u00e9mentaire\u00a0\u00a0:\u00a0 Lors de la r\u00e9union commune des commissions paritaires de l\u2019AGIRC et de l\u2019ARRCO du 16 mars dernier, il a \u00e9t\u00e9 d\u00e9cid\u00e9 de transposer dans les r\u00e9gimes compl\u00e9mentaires les r\u00e8gles de cumul emploi retraite applicables dans les r\u00e9gimes de [&hellip;]\" \/>\n<meta property=\"og:url\" content=\"https:\/\/www.gereso.com\/actualites\/2015\/06\/03\/actualite-questions-de-protection-sociale\/\" \/>\n<meta property=\"og:site_name\" content=\"Le Blog GERESO\" \/>\n<meta property=\"article:published_time\" content=\"2015-06-03T13:12:49+00:00\" \/>\n<meta property=\"og:image\" content=\"https:\/\/www.gereso.com\/actualites\/wp-content\/uploads\/2015\/06\/Protection-sociale-1.jpg\" \/>\n\t<meta property=\"og:image:width\" content=\"533\" \/>\n\t<meta property=\"og:image:height\" content=\"355\" \/>\n\t<meta property=\"og:image:type\" content=\"image\/jpeg\" \/>\n<meta name=\"author\" content=\"Anne-Lise Douat\" \/>\n<meta name=\"twitter:card\" content=\"summary_large_image\" \/>\n<script type=\"application\/ld+json\" class=\"yoast-schema-graph\">{\"@context\":\"https:\/\/schema.org\",\"@graph\":[{\"@type\":\"WebPage\",\"@id\":\"https:\/\/www.gereso.com\/actualites\/2015\/06\/03\/actualite-questions-de-protection-sociale\/\",\"url\":\"https:\/\/www.gereso.com\/actualites\/2015\/06\/03\/actualite-questions-de-protection-sociale\/\",\"name\":\"L\u2019actualit\u00e9 sur les questions de protection sociale - Le Blog GERESO\",\"isPartOf\":{\"@id\":\"https:\/\/www.gereso.com\/actualites\/#website\"},\"primaryImageOfPage\":{\"@id\":\"https:\/\/www.gereso.com\/actualites\/2015\/06\/03\/actualite-questions-de-protection-sociale\/#primaryimage\"},\"image\":{\"@id\":\"https:\/\/www.gereso.com\/actualites\/2015\/06\/03\/actualite-questions-de-protection-sociale\/#primaryimage\"},\"thumbnailUrl\":\"https:\/\/www.gereso.com\/actualites\/wp-content\/uploads\/2015\/06\/Protection-sociale-1.jpg\",\"datePublished\":\"2015-06-03T13:12:49+00:00\",\"dateModified\":\"2015-06-03T13:12:49+00:00\",\"author\":{\"@id\":\"https:\/\/www.gereso.com\/actualites\/#\/schema\/person\/f9b9cd95b838e92d2022ffafbaa46491\"},\"breadcrumb\":{\"@id\":\"https:\/\/www.gereso.com\/actualites\/2015\/06\/03\/actualite-questions-de-protection-sociale\/#breadcrumb\"},\"inLanguage\":\"fr-FR\",\"potentialAction\":[{\"@type\":\"ReadAction\",\"target\":[\"https:\/\/www.gereso.com\/actualites\/2015\/06\/03\/actualite-questions-de-protection-sociale\/\"]}]},{\"@type\":\"ImageObject\",\"inLanguage\":\"fr-FR\",\"@id\":\"https:\/\/www.gereso.com\/actualites\/2015\/06\/03\/actualite-questions-de-protection-sociale\/#primaryimage\",\"url\":\"https:\/\/www.gereso.com\/actualites\/wp-content\/uploads\/2015\/06\/Protection-sociale-1.jpg\",\"contentUrl\":\"https:\/\/www.gereso.com\/actualites\/wp-content\/uploads\/2015\/06\/Protection-sociale-1.jpg\",\"width\":533,\"height\":355,\"caption\":\"R\u00e8gles r\u00e9gime de retraite\"},{\"@type\":\"BreadcrumbList\",\"@id\":\"https:\/\/www.gereso.com\/actualites\/2015\/06\/03\/actualite-questions-de-protection-sociale\/#breadcrumb\",\"itemListElement\":[{\"@type\":\"ListItem\",\"position\":1,\"name\":\"Home\",\"item\":\"https:\/\/www.gereso.com\/actualites\/\"},{\"@type\":\"ListItem\",\"position\":2,\"name\":\"L\u2019actualit\u00e9 sur les questions de protection sociale\"}]},{\"@type\":\"WebSite\",\"@id\":\"https:\/\/www.gereso.com\/actualites\/#website\",\"url\":\"https:\/\/www.gereso.com\/actualites\/\",\"name\":\"Le Blog GERESO\",\"description\":\"Toute l&#039;actu RH, Finance, Fonction Publique, Management...\",\"potentialAction\":[{\"@type\":\"SearchAction\",\"target\":{\"@type\":\"EntryPoint\",\"urlTemplate\":\"https:\/\/www.gereso.com\/actualites\/?s={search_term_string}\"},\"query-input\":{\"@type\":\"PropertyValueSpecification\",\"valueRequired\":true,\"valueName\":\"search_term_string\"}}],\"inLanguage\":\"fr-FR\"},{\"@type\":\"Person\",\"@id\":\"https:\/\/www.gereso.com\/actualites\/#\/schema\/person\/f9b9cd95b838e92d2022ffafbaa46491\",\"name\":\"Anne-Lise Douat\",\"image\":{\"@type\":\"ImageObject\",\"inLanguage\":\"fr-FR\",\"@id\":\"https:\/\/www.gereso.com\/actualites\/#\/schema\/person\/image\/\",\"url\":\"https:\/\/www.gereso.com\/actualites\/wp-content\/uploads\/2012\/03\/anne-lise-douat-1-144x144.png\",\"contentUrl\":\"https:\/\/www.gereso.com\/actualites\/wp-content\/uploads\/2012\/03\/anne-lise-douat-1-144x144.png\",\"caption\":\"Anne-Lise Douat\"},\"description\":\"Consultante en droit social et mobilit\u00e9 internationale pour GERESO. Elle intervient au cours de formations inter et intra-entreprises sur les th\u00e8mes de la gestion des salari\u00e9s expatri\u00e9s, impatri\u00e9s et de la r\u00e9glementation du travail en France et \u00e0 l'international. Elle est \u00e9galement l'auteur de l'ouvrage \u00ab\u00a0La Protection Sociale en Europe\u00a0\u00bb, et collabore \u00e0 l'actualisation r\u00e9guli\u00e8re du best-seller \u00ab La Mobilit\u00e9 Internationale\u00a0\u00bb\",\"url\":\"https:\/\/www.gereso.com\/actualites\/author\/a-douat\/\"}]}<\/script>\n<!-- \/ Yoast SEO plugin. -->","yoast_head_json":{"title":"L\u2019actualit\u00e9 sur les questions de protection sociale - Le Blog GERESO","robots":{"index":"index","follow":"follow","max-snippet":"max-snippet:-1","max-image-preview":"max-image-preview:large","max-video-preview":"max-video-preview:-1"},"canonical":"https:\/\/www.gereso.com\/actualites\/2015\/06\/03\/actualite-questions-de-protection-sociale\/","og_locale":"fr_FR","og_type":"article","og_title":"L\u2019actualit\u00e9 sur les questions de protection sociale - Le Blog GERESO","og_description":"Alignement des r\u00e8gles de cumul emploi-retraite dans les r\u00e9gimes de bases et les r\u00e9gimes de retraite compl\u00e9mentaire\u00a0\u00a0:\u00a0 Lors de la r\u00e9union commune des commissions paritaires de l\u2019AGIRC et de l\u2019ARRCO du 16 mars dernier, il a \u00e9t\u00e9 d\u00e9cid\u00e9 de transposer dans les r\u00e9gimes compl\u00e9mentaires les r\u00e8gles de cumul emploi retraite applicables dans les r\u00e9gimes de [&hellip;]","og_url":"https:\/\/www.gereso.com\/actualites\/2015\/06\/03\/actualite-questions-de-protection-sociale\/","og_site_name":"Le Blog GERESO","article_published_time":"2015-06-03T13:12:49+00:00","og_image":[{"width":533,"height":355,"url":"https:\/\/www.gereso.com\/actualites\/wp-content\/uploads\/2015\/06\/Protection-sociale-1.jpg","type":"image\/jpeg"}],"author":"Anne-Lise Douat","twitter_card":"summary_large_image","schema":{"@context":"https:\/\/schema.org","@graph":[{"@type":"WebPage","@id":"https:\/\/www.gereso.com\/actualites\/2015\/06\/03\/actualite-questions-de-protection-sociale\/","url":"https:\/\/www.gereso.com\/actualites\/2015\/06\/03\/actualite-questions-de-protection-sociale\/","name":"L\u2019actualit\u00e9 sur les questions de protection sociale - Le Blog GERESO","isPartOf":{"@id":"https:\/\/www.gereso.com\/actualites\/#website"},"primaryImageOfPage":{"@id":"https:\/\/www.gereso.com\/actualites\/2015\/06\/03\/actualite-questions-de-protection-sociale\/#primaryimage"},"image":{"@id":"https:\/\/www.gereso.com\/actualites\/2015\/06\/03\/actualite-questions-de-protection-sociale\/#primaryimage"},"thumbnailUrl":"https:\/\/www.gereso.com\/actualites\/wp-content\/uploads\/2015\/06\/Protection-sociale-1.jpg","datePublished":"2015-06-03T13:12:49+00:00","dateModified":"2015-06-03T13:12:49+00:00","author":{"@id":"https:\/\/www.gereso.com\/actualites\/#\/schema\/person\/f9b9cd95b838e92d2022ffafbaa46491"},"breadcrumb":{"@id":"https:\/\/www.gereso.com\/actualites\/2015\/06\/03\/actualite-questions-de-protection-sociale\/#breadcrumb"},"inLanguage":"fr-FR","potentialAction":[{"@type":"ReadAction","target":["https:\/\/www.gereso.com\/actualites\/2015\/06\/03\/actualite-questions-de-protection-sociale\/"]}]},{"@type":"ImageObject","inLanguage":"fr-FR","@id":"https:\/\/www.gereso.com\/actualites\/2015\/06\/03\/actualite-questions-de-protection-sociale\/#primaryimage","url":"https:\/\/www.gereso.com\/actualites\/wp-content\/uploads\/2015\/06\/Protection-sociale-1.jpg","contentUrl":"https:\/\/www.gereso.com\/actualites\/wp-content\/uploads\/2015\/06\/Protection-sociale-1.jpg","width":533,"height":355,"caption":"R\u00e8gles r\u00e9gime de retraite"},{"@type":"BreadcrumbList","@id":"https:\/\/www.gereso.com\/actualites\/2015\/06\/03\/actualite-questions-de-protection-sociale\/#breadcrumb","itemListElement":[{"@type":"ListItem","position":1,"name":"Home","item":"https:\/\/www.gereso.com\/actualites\/"},{"@type":"ListItem","position":2,"name":"L\u2019actualit\u00e9 sur les questions de protection sociale"}]},{"@type":"WebSite","@id":"https:\/\/www.gereso.com\/actualites\/#website","url":"https:\/\/www.gereso.com\/actualites\/","name":"Le Blog GERESO","description":"Toute l&#039;actu RH, Finance, Fonction Publique, Management...","potentialAction":[{"@type":"SearchAction","target":{"@type":"EntryPoint","urlTemplate":"https:\/\/www.gereso.com\/actualites\/?s={search_term_string}"},"query-input":{"@type":"PropertyValueSpecification","valueRequired":true,"valueName":"search_term_string"}}],"inLanguage":"fr-FR"},{"@type":"Person","@id":"https:\/\/www.gereso.com\/actualites\/#\/schema\/person\/f9b9cd95b838e92d2022ffafbaa46491","name":"Anne-Lise Douat","image":{"@type":"ImageObject","inLanguage":"fr-FR","@id":"https:\/\/www.gereso.com\/actualites\/#\/schema\/person\/image\/","url":"https:\/\/www.gereso.com\/actualites\/wp-content\/uploads\/2012\/03\/anne-lise-douat-1-144x144.png","contentUrl":"https:\/\/www.gereso.com\/actualites\/wp-content\/uploads\/2012\/03\/anne-lise-douat-1-144x144.png","caption":"Anne-Lise Douat"},"description":"Consultante en droit social et mobilit\u00e9 internationale pour GERESO. Elle intervient au cours de formations inter et intra-entreprises sur les th\u00e8mes de la gestion des salari\u00e9s expatri\u00e9s, impatri\u00e9s et de la r\u00e9glementation du travail en France et \u00e0 l'international. Elle est \u00e9galement l'auteur de l'ouvrage \u00ab\u00a0La Protection Sociale en Europe\u00a0\u00bb, et collabore \u00e0 l'actualisation r\u00e9guli\u00e8re du best-seller \u00ab La Mobilit\u00e9 Internationale\u00a0\u00bb","url":"https:\/\/www.gereso.com\/actualites\/author\/a-douat\/"}]}},"_links":{"self":[{"href":"https:\/\/www.gereso.com\/actualites\/wp-json\/wp\/v2\/posts\/4030","targetHints":{"allow":["GET"]}}],"collection":[{"href":"https:\/\/www.gereso.com\/actualites\/wp-json\/wp\/v2\/posts"}],"about":[{"href":"https:\/\/www.gereso.com\/actualites\/wp-json\/wp\/v2\/types\/post"}],"author":[{"embeddable":true,"href":"https:\/\/www.gereso.com\/actualites\/wp-json\/wp\/v2\/users\/12"}],"replies":[{"embeddable":true,"href":"https:\/\/www.gereso.com\/actualites\/wp-json\/wp\/v2\/comments?post=4030"}],"version-history":[{"count":0,"href":"https:\/\/www.gereso.com\/actualites\/wp-json\/wp\/v2\/posts\/4030\/revisions"}],"wp:featuredmedia":[{"embeddable":true,"href":"https:\/\/www.gereso.com\/actualites\/wp-json\/wp\/v2\/media\/4031"}],"wp:attachment":[{"href":"https:\/\/www.gereso.com\/actualites\/wp-json\/wp\/v2\/media?parent=4030"}],"wp:term":[{"taxonomy":"category","embeddable":true,"href":"https:\/\/www.gereso.com\/actualites\/wp-json\/wp\/v2\/categories?post=4030"},{"taxonomy":"post_tag","embeddable":true,"href":"https:\/\/www.gereso.com\/actualites\/wp-json\/wp\/v2\/tags?post=4030"}],"curies":[{"name":"wp","href":"https:\/\/api.w.org\/{rel}","templated":true}]}}