{"id":40456,"date":"2024-05-14T09:05:23","date_gmt":"2024-05-14T07:05:23","guid":{"rendered":"https:\/\/www.gereso.com\/actualites\/?p=40456"},"modified":"2024-05-14T09:05:26","modified_gmt":"2024-05-14T07:05:26","slug":"conference-temps-heure","status":"publish","type":"post","link":"https:\/\/www.gereso.com\/actualites\/2024\/05\/14\/conference-temps-heure\/","title":{"rendered":"Conf\u00e9rence \u00ab En temps et en heure ! \u00bb"},"content":{"rendered":"\n\n\n<h2>D\u00e9tails de la conf\u00e9rence&nbsp;:<\/h2>\n<h3 class=\"section-title\"><span class=\"title-inner\" data-animation=\"fadeInRight\" data-animation-delay=\"500\">DATE&nbsp;:<\/span><\/h3>\n<p>Jeudi 25 avril 2024 de 18h15 \u00e0 20h<\/p>\n<h3 class=\"section-title\"><span class=\"title-inner\" data-animation=\"fadeInRight\" data-animation-delay=\"500\">R\u00c9SUM\u00c9&nbsp;:<\/span><\/h3>\n<p>Votre vie professionnelle ressemble \u00e0 une <strong>course contre la montre&nbsp;?<\/strong><\/p>\n\n<p>Vous \u00eates <strong>noy\u00e9(e) sous les mails,<\/strong> vous passez d\u2019une <strong>t\u00e2che \u00e0 l\u2019autre<\/strong> et vous ne savez plus <strong>dans quel ordre<\/strong> faire les choses&nbsp;?<\/p>\n\n<p>Au final, vous <strong>vous perdez dans vos priorit\u00e9s<\/strong> et vous n\u2019avez plus du tout de temps pour vous&nbsp;?<\/p>\n\n<p>Dites \u00ab&nbsp;Stop&nbsp;\u00bb \u00e0 cette course effr\u00e9n\u00e9e contre le temps, reprenez le <strong>contr\u00f4le de votre agenda<\/strong> et retrouvez enfin de la <strong>s\u00e9r\u00e9nit\u00e9 dans votre organisation professionnelle&nbsp;!<\/strong><\/p>\n\n<p>Au cours de cette conf\u00e9rence Paroles d\u2019Auteur, et \u00e0 l\u2019appui de son livre \u00ab&nbsp;<em><strong>En temps et en heure&nbsp;<\/strong><\/em>\u00bb publi\u00e9 chez GERESO \u00c9dition, Philippe Helmstetter vous propose de d\u00e9couvrir des <strong>techniques simples<\/strong> pour <strong>mieux vous organiser et mieux g\u00e9rer votre temps au travail.<\/strong><\/p>\n\n\n\n<p><strong>3 bonnes raisons de participer \u00e0 cette soir\u00e9e gratuite&nbsp;:<\/strong><\/p>\n\n<ul>\n<li>D\u00e9couvrir une strat\u00e9gie d\u2019organisation pratique et adapt\u00e9e \u00e0 votre style de vie.<\/li>\n<li>Apprendre \u00e0 r\u00e9organiser vos priorit\u00e9s et \u00e0 trouver de l&rsquo;espace pour votre vie personnelle.<\/li>\n<li>Am\u00e9liorer votre efficacit\u00e9 professionnelle, mais aussi pr\u00e9server votre bien-\u00eatre personnel.<\/li>\n<\/ul>\n\n<h3 class=\"section-title\"><span class=\"title-inner\" data-animation=\"fadeInRight\" data-animation-delay=\"500\">AUTEUR&nbsp;:<\/span><\/h3>\n\n\n<p><strong>Philippe Helmstetter<\/strong> est consultant-formateur et auteur sp\u00e9cialis\u00e9 en efficacit\u00e9 professionnelle, et notamment en organisation et en gestion du temps. Au sein de son cabinet Tempeo, il accompagne les entreprises et organisations de toutes tailles et de tous secteur d\u2019activit\u00e9. Parmi ses clients : Novartis, ArcelorMittal, Mercedes Benz, Siemens, Universit\u00e9 de Strasbourg, Hager, Waterair, Mars, Liebherr\u2026 Expert reconnu, il partage volontiers avec ses stagiaires et lecteurs les meilleures m\u00e9thodes et astuces pour mieux g\u00e9rer son temps.<\/p>\n\n\n\n\n<h3 class=\"section-title\"><span class=\"title-inner\" data-animation=\"fadeInRight\" data-animation-delay=\"500\">CONF\u00c9RENCE&nbsp;:<\/span><\/h3>\n<h4>Replay de la conf\u00e9rence&nbsp;: \u00ab\u00a0En temps et en heure&nbsp;!\u00a0\u00bb&nbsp;:<\/h4>\n\n\n\n<figure class=\"wp-block-embed is-type-video is-provider-youtube wp-block-embed-youtube wp-embed-aspect-16-9 wp-has-aspect-ratio\"><div class=\"wp-block-embed__wrapper\">\n<iframe title=\"PAROLES AUTEUR - En temps et en heure - Philippe Helmstetter\" width=\"644\" height=\"362\" src=\"https:\/\/www.youtube.com\/embed\/qc1aYxYRtTI?feature=oembed\" frameborder=\"0\" allow=\"accelerometer; autoplay; clipboard-write; encrypted-media; gyroscope; picture-in-picture; web-share\" referrerpolicy=\"strict-origin-when-cross-origin\" allowfullscreen><\/iframe>\n<\/div><\/figure>\n\n\n\n<p><article class=\"obj_encart-formation\">\n<div class=\"ctn_encart\">\n<h3>L&rsquo;ouvrage<\/h3>\n<h2>&nbsp;EN TEMPS ET EN HEURE&nbsp;<\/h2>\n<h3>La gestion du temps en pratique<\/h3>\n<p><strong><img decoding=\"async\" class=\"size-full wp-image-8994 alignleft\" src=\"https:\/\/www.gereso.com\/actualites\/wp-content\/uploads\/2024\/05\/ETEH.jpg\" alt=\"En temps et en heure\" width=\"140\" height=\"130\"><\/strong><\/p>\n\n\n<p>Vous ne savez plus quelles sont vos priorit\u00e9s, vous n\u2019arrivez pas \u00e0 rentrer chez vous \u00e0 l\u2019heure, vous avez le sentiment de sacrifier votre vie personnelle&#8230;<\/p>\n\n<p>Pourtant, vous r\u00eavez de mieux g\u00e9rer le flux de mails quotidien, de mieux travailler avec les autres, de garder de la place pour votre vie priv\u00e9e&#8230;<\/p>\n\n<p>L\u2019auteur vous propose de faire le tour des probl\u00e9matiques li\u00e9es \u00e0 l\u2019organisation et \u00e0 la gestion du temps et d\u2019y apporter des solutions pratiques, concr\u00e8tes et adapt\u00e9es \u00e0 chacun.<\/p>\n\n<p>Il vous pr\u00e9sente des outils faciles \u00e0 mettre en \u0153uvre pour g\u00e9rer les flux d\u2019informations au quotidien avec l\u2019objectif de reprendre le contr\u00f4le et retrouver de la s\u00e9r\u00e9nit\u00e9.<\/p>\n\n<p>Car si g\u00e9rer son temps permet d\u2019\u00eatre efficace, c\u2019est aussi gagner en tranquillit\u00e9 d\u2019esprit de savoir que tout est sous contr\u00f4le.<\/p>\n\n<p>&nbsp;<\/p>\n<div class=\"ctn_btn\">\n<a class=\"obj_btn\" target=\"_blank\" href=\"https:\/\/librairie.gereso.com\/livre-developpement-professionnel-et-personnel\/efficacite-professionnelle\/en-temps-et-en-heure-eteh.html\" rel=\"noopener\"><span>En savoir plus<\/span><\/a>\n<\/div>\n<\/div>\n<\/article><\/p>\n","protected":false},"excerpt":{"rendered":"<p>D\u00e9tails de la conf\u00e9rence&nbsp;: DATE&nbsp;: Jeudi 25 avril 2024 de 18h15 \u00e0 20h R\u00c9SUM\u00c9&nbsp;: Votre vie professionnelle ressemble \u00e0 une course contre la montre&nbsp;? Vous \u00eates noy\u00e9(e) sous les mails, vous passez d\u2019une t\u00e2che \u00e0 l\u2019autre et vous ne savez plus dans quel ordre faire les choses&nbsp;? Au final, vous vous perdez dans vos priorit\u00e9s [&hellip;]<\/p>\n","protected":false},"author":32,"featured_media":0,"comment_status":"open","ping_status":"open","sticky":false,"template":"","format":"standard","meta":{"_acf_changed":false,"_mi_skip_tracking":false,"footnotes":""},"categories":[12,9],"tags":[],"class_list":["post-40456","post","type-post","status-publish","format-standard","hentry","category-actualites","category-developpement-personnel-et-efficacite-professionnelle"],"acf":[],"yoast_head":"<!-- This site is optimized with the Yoast SEO plugin v23.4 - https:\/\/yoast.com\/wordpress\/plugins\/seo\/ -->\n<title>Conf\u00e9rence \u00ab En temps et en heure ! \u00bb - Le Blog GERESO<\/title>\n<meta name=\"robots\" content=\"index, follow, max-snippet:-1, max-image-preview:large, max-video-preview:-1\" \/>\n<link rel=\"canonical\" href=\"https:\/\/www.gereso.com\/actualites\/2024\/05\/14\/conference-temps-heure\/\" \/>\n<meta property=\"og:locale\" content=\"fr_FR\" \/>\n<meta property=\"og:type\" content=\"article\" \/>\n<meta property=\"og:title\" content=\"Conf\u00e9rence \u00ab En temps et en heure ! \u00bb - Le Blog GERESO\" \/>\n<meta property=\"og:description\" content=\"D\u00e9tails de la conf\u00e9rence&nbsp;: DATE&nbsp;: Jeudi 25 avril 2024 de 18h15 \u00e0 20h R\u00c9SUM\u00c9&nbsp;: Votre vie professionnelle ressemble \u00e0 une course contre la montre&nbsp;? Vous \u00eates noy\u00e9(e) sous les mails, vous passez d\u2019une t\u00e2che \u00e0 l\u2019autre et vous ne savez plus dans quel ordre faire les choses&nbsp;? Au final, vous vous perdez dans vos priorit\u00e9s [&hellip;]\" \/>\n<meta property=\"og:url\" content=\"https:\/\/www.gereso.com\/actualites\/2024\/05\/14\/conference-temps-heure\/\" \/>\n<meta property=\"og:site_name\" content=\"Le Blog GERESO\" \/>\n<meta property=\"article:published_time\" content=\"2024-05-14T07:05:23+00:00\" \/>\n<meta property=\"article:modified_time\" content=\"2024-05-14T07:05:26+00:00\" \/>\n<meta property=\"og:image\" content=\"https:\/\/www.gereso.com\/actualites\/wp-content\/uploads\/2024\/05\/ETEH.jpg\" \/>\n<meta name=\"author\" content=\"\u00c9quipe GERESO\" \/>\n<meta name=\"twitter:card\" content=\"summary_large_image\" \/>\n<script type=\"application\/ld+json\" class=\"yoast-schema-graph\">{\"@context\":\"https:\/\/schema.org\",\"@graph\":[{\"@type\":\"WebPage\",\"@id\":\"https:\/\/www.gereso.com\/actualites\/2024\/05\/14\/conference-temps-heure\/\",\"url\":\"https:\/\/www.gereso.com\/actualites\/2024\/05\/14\/conference-temps-heure\/\",\"name\":\"Conf\u00e9rence \u00ab En temps et en heure ! \u00bb - Le Blog GERESO\",\"isPartOf\":{\"@id\":\"https:\/\/www.gereso.com\/actualites\/#website\"},\"primaryImageOfPage\":{\"@id\":\"https:\/\/www.gereso.com\/actualites\/2024\/05\/14\/conference-temps-heure\/#primaryimage\"},\"image\":{\"@id\":\"https:\/\/www.gereso.com\/actualites\/2024\/05\/14\/conference-temps-heure\/#primaryimage\"},\"thumbnailUrl\":\"https:\/\/www.gereso.com\/actualites\/wp-content\/uploads\/2024\/05\/ETEH.jpg\",\"datePublished\":\"2024-05-14T07:05:23+00:00\",\"dateModified\":\"2024-05-14T07:05:26+00:00\",\"author\":{\"@id\":\"https:\/\/www.gereso.com\/actualites\/#\/schema\/person\/197d8aef40cb4ae3f6a0aa9e1d3df2a6\"},\"breadcrumb\":{\"@id\":\"https:\/\/www.gereso.com\/actualites\/2024\/05\/14\/conference-temps-heure\/#breadcrumb\"},\"inLanguage\":\"fr-FR\",\"potentialAction\":[{\"@type\":\"ReadAction\",\"target\":[\"https:\/\/www.gereso.com\/actualites\/2024\/05\/14\/conference-temps-heure\/\"]}]},{\"@type\":\"ImageObject\",\"inLanguage\":\"fr-FR\",\"@id\":\"https:\/\/www.gereso.com\/actualites\/2024\/05\/14\/conference-temps-heure\/#primaryimage\",\"url\":\"https:\/\/www.gereso.com\/actualites\/wp-content\/uploads\/2024\/05\/ETEH.jpg\",\"contentUrl\":\"https:\/\/www.gereso.com\/actualites\/wp-content\/uploads\/2024\/05\/ETEH.jpg\",\"width\":1216,\"height\":1710},{\"@type\":\"BreadcrumbList\",\"@id\":\"https:\/\/www.gereso.com\/actualites\/2024\/05\/14\/conference-temps-heure\/#breadcrumb\",\"itemListElement\":[{\"@type\":\"ListItem\",\"position\":1,\"name\":\"Home\",\"item\":\"https:\/\/www.gereso.com\/actualites\/\"},{\"@type\":\"ListItem\",\"position\":2,\"name\":\"Conf\u00e9rence \u00ab En temps et en heure ! \u00bb\"}]},{\"@type\":\"WebSite\",\"@id\":\"https:\/\/www.gereso.com\/actualites\/#website\",\"url\":\"https:\/\/www.gereso.com\/actualites\/\",\"name\":\"Le Blog GERESO\",\"description\":\"Toute l&#039;actu RH, Finance, Fonction Publique, Management...\",\"potentialAction\":[{\"@type\":\"SearchAction\",\"target\":{\"@type\":\"EntryPoint\",\"urlTemplate\":\"https:\/\/www.gereso.com\/actualites\/?s={search_term_string}\"},\"query-input\":{\"@type\":\"PropertyValueSpecification\",\"valueRequired\":true,\"valueName\":\"search_term_string\"}}],\"inLanguage\":\"fr-FR\"},{\"@type\":\"Person\",\"@id\":\"https:\/\/www.gereso.com\/actualites\/#\/schema\/person\/197d8aef40cb4ae3f6a0aa9e1d3df2a6\",\"name\":\"\u00c9quipe GERESO\",\"image\":{\"@type\":\"ImageObject\",\"inLanguage\":\"fr-FR\",\"@id\":\"https:\/\/www.gereso.com\/actualites\/#\/schema\/person\/image\/\",\"url\":\"https:\/\/www.gereso.com\/actualites\/wp-content\/uploads\/2013\/12\/avatar-gereso-1.png\",\"contentUrl\":\"https:\/\/www.gereso.com\/actualites\/wp-content\/uploads\/2013\/12\/avatar-gereso-1.png\",\"caption\":\"\u00c9quipe GERESO\"},\"url\":\"https:\/\/www.gereso.com\/actualites\/author\/gereso\/\"}]}<\/script>\n<!-- \/ Yoast SEO plugin. -->","yoast_head_json":{"title":"Conf\u00e9rence \u00ab En temps et en heure ! \u00bb - Le Blog GERESO","robots":{"index":"index","follow":"follow","max-snippet":"max-snippet:-1","max-image-preview":"max-image-preview:large","max-video-preview":"max-video-preview:-1"},"canonical":"https:\/\/www.gereso.com\/actualites\/2024\/05\/14\/conference-temps-heure\/","og_locale":"fr_FR","og_type":"article","og_title":"Conf\u00e9rence \u00ab En temps et en heure ! \u00bb - Le Blog GERESO","og_description":"D\u00e9tails de la conf\u00e9rence&nbsp;: DATE&nbsp;: Jeudi 25 avril 2024 de 18h15 \u00e0 20h R\u00c9SUM\u00c9&nbsp;: Votre vie professionnelle ressemble \u00e0 une course contre la montre&nbsp;? Vous \u00eates noy\u00e9(e) sous les mails, vous passez d\u2019une t\u00e2che \u00e0 l\u2019autre et vous ne savez plus dans quel ordre faire les choses&nbsp;? Au final, vous vous perdez dans vos priorit\u00e9s [&hellip;]","og_url":"https:\/\/www.gereso.com\/actualites\/2024\/05\/14\/conference-temps-heure\/","og_site_name":"Le Blog GERESO","article_published_time":"2024-05-14T07:05:23+00:00","article_modified_time":"2024-05-14T07:05:26+00:00","og_image":[{"url":"https:\/\/www.gereso.com\/actualites\/wp-content\/uploads\/2024\/05\/ETEH.jpg"}],"author":"\u00c9quipe GERESO","twitter_card":"summary_large_image","schema":{"@context":"https:\/\/schema.org","@graph":[{"@type":"WebPage","@id":"https:\/\/www.gereso.com\/actualites\/2024\/05\/14\/conference-temps-heure\/","url":"https:\/\/www.gereso.com\/actualites\/2024\/05\/14\/conference-temps-heure\/","name":"Conf\u00e9rence \u00ab En temps et en heure ! \u00bb - Le Blog GERESO","isPartOf":{"@id":"https:\/\/www.gereso.com\/actualites\/#website"},"primaryImageOfPage":{"@id":"https:\/\/www.gereso.com\/actualites\/2024\/05\/14\/conference-temps-heure\/#primaryimage"},"image":{"@id":"https:\/\/www.gereso.com\/actualites\/2024\/05\/14\/conference-temps-heure\/#primaryimage"},"thumbnailUrl":"https:\/\/www.gereso.com\/actualites\/wp-content\/uploads\/2024\/05\/ETEH.jpg","datePublished":"2024-05-14T07:05:23+00:00","dateModified":"2024-05-14T07:05:26+00:00","author":{"@id":"https:\/\/www.gereso.com\/actualites\/#\/schema\/person\/197d8aef40cb4ae3f6a0aa9e1d3df2a6"},"breadcrumb":{"@id":"https:\/\/www.gereso.com\/actualites\/2024\/05\/14\/conference-temps-heure\/#breadcrumb"},"inLanguage":"fr-FR","potentialAction":[{"@type":"ReadAction","target":["https:\/\/www.gereso.com\/actualites\/2024\/05\/14\/conference-temps-heure\/"]}]},{"@type":"ImageObject","inLanguage":"fr-FR","@id":"https:\/\/www.gereso.com\/actualites\/2024\/05\/14\/conference-temps-heure\/#primaryimage","url":"https:\/\/www.gereso.com\/actualites\/wp-content\/uploads\/2024\/05\/ETEH.jpg","contentUrl":"https:\/\/www.gereso.com\/actualites\/wp-content\/uploads\/2024\/05\/ETEH.jpg","width":1216,"height":1710},{"@type":"BreadcrumbList","@id":"https:\/\/www.gereso.com\/actualites\/2024\/05\/14\/conference-temps-heure\/#breadcrumb","itemListElement":[{"@type":"ListItem","position":1,"name":"Home","item":"https:\/\/www.gereso.com\/actualites\/"},{"@type":"ListItem","position":2,"name":"Conf\u00e9rence \u00ab En temps et en heure ! \u00bb"}]},{"@type":"WebSite","@id":"https:\/\/www.gereso.com\/actualites\/#website","url":"https:\/\/www.gereso.com\/actualites\/","name":"Le Blog GERESO","description":"Toute l&#039;actu RH, Finance, Fonction Publique, Management...","potentialAction":[{"@type":"SearchAction","target":{"@type":"EntryPoint","urlTemplate":"https:\/\/www.gereso.com\/actualites\/?s={search_term_string}"},"query-input":{"@type":"PropertyValueSpecification","valueRequired":true,"valueName":"search_term_string"}}],"inLanguage":"fr-FR"},{"@type":"Person","@id":"https:\/\/www.gereso.com\/actualites\/#\/schema\/person\/197d8aef40cb4ae3f6a0aa9e1d3df2a6","name":"\u00c9quipe GERESO","image":{"@type":"ImageObject","inLanguage":"fr-FR","@id":"https:\/\/www.gereso.com\/actualites\/#\/schema\/person\/image\/","url":"https:\/\/www.gereso.com\/actualites\/wp-content\/uploads\/2013\/12\/avatar-gereso-1.png","contentUrl":"https:\/\/www.gereso.com\/actualites\/wp-content\/uploads\/2013\/12\/avatar-gereso-1.png","caption":"\u00c9quipe GERESO"},"url":"https:\/\/www.gereso.com\/actualites\/author\/gereso\/"}]}},"_links":{"self":[{"href":"https:\/\/www.gereso.com\/actualites\/wp-json\/wp\/v2\/posts\/40456","targetHints":{"allow":["GET"]}}],"collection":[{"href":"https:\/\/www.gereso.com\/actualites\/wp-json\/wp\/v2\/posts"}],"about":[{"href":"https:\/\/www.gereso.com\/actualites\/wp-json\/wp\/v2\/types\/post"}],"author":[{"embeddable":true,"href":"https:\/\/www.gereso.com\/actualites\/wp-json\/wp\/v2\/users\/32"}],"replies":[{"embeddable":true,"href":"https:\/\/www.gereso.com\/actualites\/wp-json\/wp\/v2\/comments?post=40456"}],"version-history":[{"count":6,"href":"https:\/\/www.gereso.com\/actualites\/wp-json\/wp\/v2\/posts\/40456\/revisions"}],"predecessor-version":[{"id":40464,"href":"https:\/\/www.gereso.com\/actualites\/wp-json\/wp\/v2\/posts\/40456\/revisions\/40464"}],"wp:attachment":[{"href":"https:\/\/www.gereso.com\/actualites\/wp-json\/wp\/v2\/media?parent=40456"}],"wp:term":[{"taxonomy":"category","embeddable":true,"href":"https:\/\/www.gereso.com\/actualites\/wp-json\/wp\/v2\/categories?post=40456"},{"taxonomy":"post_tag","embeddable":true,"href":"https:\/\/www.gereso.com\/actualites\/wp-json\/wp\/v2\/tags?post=40456"}],"curies":[{"name":"wp","href":"https:\/\/api.w.org\/{rel}","templated":true}]}}