{"id":40502,"date":"2024-05-15T09:37:32","date_gmt":"2024-05-15T07:37:32","guid":{"rendered":"https:\/\/www.gereso.com\/actualites\/?p=40502"},"modified":"2024-05-15T09:37:34","modified_gmt":"2024-05-15T07:37:34","slug":"situation-administrative-fonctionnaire-durant-grossesse","status":"publish","type":"post","link":"https:\/\/www.gereso.com\/actualites\/2024\/05\/15\/situation-administrative-fonctionnaire-durant-grossesse\/","title":{"rendered":"La situation administrative de la fonctionnaire durant sa grossesse"},"content":{"rendered":"\n\n\n<h2 style=\"color:#D10016\"><strong>Quelles sont les conditions de travail d\u2019une fonctionnaire enceinte avant son cong\u00e9 de maternit\u00e9&nbsp;?<\/strong><\/h2>\n\n\n\n<p>En premier lieu, le m\u00e9decin du travail doit exercer <strong>une surveillance m\u00e9dicale<\/strong> particuli\u00e8re \u00e0 l\u2019\u00e9gard des femmes enceintes ; il d\u00e9finit, notamment, la fr\u00e9quence et la nature des visites m\u00e9dicales obligatoires (1).<\/p>\n\n\n\n<p>En outre, <strong>lorsqu\u2019une incompatibilit\u00e9 est constat\u00e9e entre l\u2019\u00e9tat de grossesse et les fonctions exerc\u00e9es<\/strong>, l\u2019administration doit proposer, sur demande de l\u2019agente et sur avis du m\u00e9decin du travail, un changement temporaire d\u2019affectation.<br>Le maintien des avantages, notamment p\u00e9cuniaires, li\u00e9s aux fonctions initialement exerc\u00e9es, doit, en corollaire, \u00eatre garanti.<\/p>\n\n\n\n<p>Le m\u00e9decin du travail a \u00e9galement comp\u00e9tence pour proposer des am\u00e9nagements temporaires du poste de travail ou des conditions d\u2019exercice des fonctions (2).<\/p>\n\n\n\n<p>L\u2019administration doit, en particulier, accorder \u00e0 toute fonctionnaire enceinte, compte tenu des n\u00e9cessit\u00e9s des horaires du service et des demandes des int\u00e9ress\u00e9es et sur avis du m\u00e9decin du travail, <strong>des facilit\u00e9s dans la r\u00e9partition des horaires de travail.<\/strong> Ces facilit\u00e9s sont accord\u00e9es \u00e0 partir du troisi\u00e8me mois de grossesse, dans la limite d\u2019une heure par jour au maximum ; elles ne sont pas r\u00e9cup\u00e9rables.<\/p>\n\n\n\n<p>En outre, <strong>dans le cas de fonctions exerc\u00e9es en t\u00e9l\u00e9travail<\/strong>, la fonctionnaire en \u00e9tat de grossesse peut, \u00e0 sa demande, b\u00e9n\u00e9ficier d&rsquo;une quotit\u00e9 de t\u00e9l\u00e9travail sup\u00e9rieure \u00e0 la quotit\u00e9 de droit commun (3).<\/p>\n\n\n\n<p>Enfin, il convient de noter que le jour de carence ne s&rsquo;applique pas aux cong\u00e9s de maladie accord\u00e9s post\u00e9rieurement \u00e0 la d\u00e9claration de grossesse et avant le d\u00e9but du cong\u00e9 de maternit\u00e9 (4).<\/p>\n\n\n\n<h2 style=\"color:#D10016\"><strong>Quelle est la r\u00e9mun\u00e9ration des fonctionnaires durant leur cong\u00e9 de maternit\u00e9&nbsp;?<\/strong><\/h2>\n\n\n\n<p>L\u2019<a href=\"https:\/\/www.legifrance.gouv.fr\/codes\/article_lc\/LEGIARTI000044424954\" target=\"_blank\" rel=\"noreferrer noopener\">article L. 631-1 du code g\u00e9n\u00e9ral de la fonction publique<\/a> (CGFP) pr\u00e9voit le maintien du traitement indiciaire durant le cong\u00e9 de maternit\u00e9. Il en est de m\u00eame pour les agentes contractuelles de droit public.En outre Conseil d\u2019Etat a \u00e9t\u00e9 amen\u00e9 \u00e0 pr\u00e9ciser que doivent \u00eatre maintenues, en plus du traitement, les \u00ab r\u00e9mun\u00e9rations accessoires \u00bb du traitement, qui incluent le suppl\u00e9ment familial de traitement (SFT) et l\u2019indemnit\u00e9 de r\u00e9sidence (IR) (5).La nouvelle bonification indiciaire (NBI) doit \u00e9galement \u00eatre maintenue, durant le cong\u00e9 de maternit\u00e9.<\/p>\n\n\n\n<p>Par ailleurs, en application des dispositions de l\u2019<a href=\"https:\/\/www.legifrance.gouv.fr\/codes\/article_lc\/LEGIARTI000046195741\" target=\"_blank\" rel=\"noreferrer noopener\">article L. 714-6 du CGFP<\/a>, le r\u00e9gime indemnitaire doit \u00e9galement \u00eatre vers\u00e9, dans les m\u00eames proportions que le traitement, sans pr\u00e9judice de sa modulation en fonction de l&rsquo;engagement professionnel de l&rsquo;agent et des r\u00e9sultats collectifs du service.<\/p>\n\n\n\n<p>Enfin, la prise en charge des titres de transport pour les d\u00e9placements domicile \u2013 lieu de travail est suspendue pour les mois durant lesquels l\u2019agent est absent tout le mois en raison de certains cong\u00e9s, parmi lesquels le cong\u00e9 de maternit\u00e9 (6).<\/p>\n\n\n\n<p>Lorsque la fonctionnaire ou l\u2019agente contractuelle <strong>exer\u00e7ant ses fonctions \u00e0 temps partiel est plac\u00e9e en cong\u00e9 de maternit\u00e9<\/strong>, l\u2019autorisation de temps partiel est automatiquement suspendue pendant la dur\u00e9e du cong\u00e9 de maternit\u00e9, l\u2019agente est donc r\u00e9tablie \u00e0 temps plein pour la dur\u00e9e du cong\u00e9.<\/p>\n\n\n\n<p>C\u2019est \u00e0 la caisse primaire d\u2019assurance maladie de la s\u00e9curit\u00e9 sociale (CPAM) qu\u2019il revient de verser, durant le cong\u00e9 de maternit\u00e9, des prestations en esp\u00e8ces pour les agents relevant du r\u00e9gime g\u00e9n\u00e9ral : qu\u2019il s\u2019agisse des agentes contractuelles, ou de fonctionnaires territoriaux occupant un ou plusieurs emplois \u00e0 temps non complet dont la dur\u00e9e de service totale est inf\u00e9rieure \u00e0 28 heures hebdomadaires. Ces prestations, d\u00e9nomm\u00e9es \u00ab indemnit\u00e9s journali\u00e8res de repos \u00bb, sont pr\u00e9vues par les dispositions de l\u2019article L. 331-3 du code de la s\u00e9curit\u00e9 sociale.<\/p>\n\n\n\n<h2 style=\"color:#D10016\"><strong>Quelles sont les incidences du cong\u00e9 de maternit\u00e9 sur les cong\u00e9s des fonctionnaires&nbsp;?<\/strong><\/h2>\n\n\n\n<p>Par principe, le cong\u00e9 de maternit\u00e9 est consid\u00e9r\u00e9 comme service accompli et ouvre donc des droits \u00e0 cong\u00e9 annuel. Pour autant, la question de l\u2019\u00e9ventuel report des cong\u00e9s annuels non pris en raison de la maternit\u00e9 doit \u00eatre pos\u00e9e. La r\u00e9glementation pr\u00e9voit peu de dispositions en mati\u00e8re de report de cong\u00e9s annuels. Seule est pr\u00e9vue la r\u00e8gle selon laquelle le cong\u00e9 d\u00fb pour une ann\u00e9e de service accompli ne peut se reporter sur l&rsquo;ann\u00e9e suivante, sauf autorisation exceptionnelle donn\u00e9e par l&rsquo;administration.<\/p>\n\n\n\n<p>Cependant, la Cour de justice de l\u2019Union europ\u00e9enne (CJUE) a \u00e9t\u00e9 amen\u00e9e \u00e0 juger qu\u2019une salari\u00e9e devait pouvoir b\u00e9n\u00e9ficier de son cong\u00e9 annuel lors d\u2019une p\u00e9riode distincte de celle de son cong\u00e9 de maternit\u00e9, y compris en cas de co\u00efncidence entre la p\u00e9riode de cong\u00e9 de maternit\u00e9 et celle fix\u00e9e pour les cong\u00e9s annuels de l\u2019ensemble du personnel (7). La m\u00eame cour a, par ailleurs, pr\u00e9cis\u00e9 qu\u2019une salari\u00e9e avait droit, dans ces circonstances et si la l\u00e9gislation nationale le pr\u00e9voit, \u00e0 un cong\u00e9 annuel plus long que le minimum de quatre semaine, pr\u00e9vu par le droit europ\u00e9en.<\/p>\n\n\n\n<p>La loi n\u00b0 2024-364 du 22 avril 2024 (8) a transpos\u00e9 dans la fonction publique les dispositions du droit europ\u00e9en relatives \u00e0 l\u2019\u00e9quilibre entre vie professionnelle et vie priv\u00e9e des parents et des aidants. <strong>Ainsi, l\u2019article L. 631-3 du CGFP, modifi\u00e9 par l\u2019article 36 de cette loi, pr\u00e9voit d\u00e9sormais que l&rsquo;agent plac\u00e9 en cong\u00e9 de maternit\u00e9 conserve le b\u00e9n\u00e9fice des droits acquis avant le d\u00e9but du cong\u00e9 qu&rsquo;il n&rsquo;a pas \u00e9t\u00e9 en mesure d&rsquo;exercer en raison de ce cong\u00e9. <\/strong>Ce maintien des droits acquis concerne notamment les cong\u00e9s annuels. La parution de mesures r\u00e9glementaires est attendue afin de permettre l\u2019application compl\u00e8te de ces dispositions. Elles devraient notamment venir modifier les d\u00e9crets relatifs aux cong\u00e9s des fonctionnaires et pr\u00e9ciser la limite dans laquelle le report des droits acquis est possible. En outre, la fonctionnaire qui a accumul\u00e9 des droits \u00e0 cong\u00e9s sur un compte \u00e9pargne-temps peut en b\u00e9n\u00e9ficier de plein droit, sur sa demande, \u00e0 l\u2019issue du cong\u00e9 de maternit\u00e9.<\/p>\n\n\n\n<h2 style=\"color:#D10016\"><strong>Quelles sont les incidences du cong\u00e9 de maternit\u00e9 sur les jours de cong\u00e9 li\u00e9s \u00e0 l\u2019<\/strong><strong>am\u00e9nagement et r\u00e9duction du temps de travail (ARTT)&nbsp;?<\/strong><\/h2>\n\n\n\n<p>Aucune disposition l\u00e9gislative ou r\u00e9glementaire n&rsquo;exclut express\u00e9ment le cong\u00e9 de maternit\u00e9 des p\u00e9riodes g\u00e9n\u00e9rant des droits \u00e0 l\u2019acquisition de jours d\u2019ARTT. Cependant, pour le juge administratif, un tel cong\u00e9 ne permet pas l&rsquo;acquisition de tels droits. Les juges fondent leur position sur la notion de travail effectif. Ainsi, d\u00e8s lors qu&rsquo;ils ne sont pas en situation de travail effectif, les agents en cong\u00e9 de maternit\u00e9 ne peuvent acqu\u00e9rir des jours d&rsquo;ARTT (9).<\/p>\n\n\n\n<h2 style=\"color:#D10016\"><strong>Quelles sont les incidences du cong\u00e9 de maternit\u00e9 sur l\u2019entretien professionnel et l\u2019avancement de la fonctionnaire&nbsp;?<\/strong><\/h2>\n\n\n\n<p>Comme indiqu\u00e9 ci-dessus, et en application de l\u2019article L. 631-3 du CGFP, tel que modifi\u00e9 par la loi du 22 avril 2024, pr\u00e9cit\u00e9e, la fonctionnaire plac\u00e9e en cong\u00e9 de maternit\u00e9 conserve le b\u00e9n\u00e9fice des droits acquis avant le d\u00e9but du cong\u00e9 qu&rsquo;il n&rsquo;a pas \u00e9t\u00e9 en mesure d&rsquo;exercer en raison de ce cong\u00e9. Ce maintien des droits acquis concerne notamment le droit de b\u00e9n\u00e9ficier d&rsquo;un entretien annuel. La publication de mesures r\u00e9glementaires est attendue afin de permettre l\u2019application compl\u00e8te de ces dispositions. Elles devraient notamment venir modifier les d\u00e9crets relatifs aux cong\u00e9s des fonctionnaires et pr\u00e9ciser la limite dans laquelle le report des droits acquis est possible.<\/p>\n\n\n\n<p><strong>La fonctionnaire qui est en cours de cong\u00e9 de maternit\u00e9 ou qui a b\u00e9n\u00e9fici\u00e9, durant l\u2019ann\u00e9e, d\u2019une telle p\u00e9riode de cong\u00e9, ne perd donc pas son droit \u00e0 un entretien professionnel, sous r\u00e9serve d\u2019avoir \u00e9t\u00e9 pr\u00e9sente assez longtemps pour que sa valeur professionnelle puisse \u00eatre \u00e9valu\u00e9e.<\/strong> <strong>Par ailleurs, la p\u00e9riode du cong\u00e9 de maternit\u00e9 est consid\u00e9r\u00e9e comme une p\u00e9riode de service accompli.<\/strong> Elle est donc prise en compte prise en compte dans l\u2019anciennet\u00e9 comptabilis\u00e9e au titre de l\u2019avancement.<\/p>\n\n\n\n<article class=\"obj_encart-formation\">\n<div class=\"ctn_encart\">\n<h3>Votre formation sur ce th\u00e8me<\/h3>\n<h2>&nbsp;CONG\u00c9S DANS LA FONCTION PUBLIQUE&nbsp;<\/h2>\n<h4>1 jour &#8211; En pr\u00e9sentiel ou \u00e0 distance<\/h4>\n<ul>\n<li><strong>Distinguer les diff\u00e9rents cong\u00e9s<\/strong> applicables aux agents de la fonction publique.<\/li>\n<li><strong>G\u00e9rer les cong\u00e9s des agents<\/strong> apr\u00e8s validation des conditions d&rsquo;ouverture de droits.<\/strong><\/li>\n<li><strong>Respecter les modalit\u00e9s d&rsquo;attribution<\/strong> des cong\u00e9s selon le motif de l&rsquo;absence.<\/li>\n\n<\/ul>\n<div class=\"ctn_btn\">\n<a class=\"obj_btn\" target=\"_blank\" href=\"https:\/\/www.gereso.com\/CGCL\" rel=\"noopener\"><span>En savoir plus<\/span><\/a>\n<a class=\"obj_btn\" target=\"_blank\" href=\"https:\/\/www.gereso.com\/client\/programme-pdf\/CGCL.pdf\" rel=\"noopener\"><span>T\u00e9l\u00e9charger le programme PDF<\/span><\/a>\n<\/div>\n<\/article>\n\n\n\n<h2 style=\"color:#D10016\"><strong>Quelles sont les incidences du cong\u00e9 de maternit\u00e9 la fonctionnaire&nbsp;stagiaire&nbsp;?<\/strong><\/h2>\n\n\n\n<p>S\u2019agissant des fonctionnaires stagiaires, le cong\u00e9 de maternit\u00e9 a des effets sur la dur\u00e9e du stage. <strong>Il n\u2019est, en effet, pris en compte comme temps de stage que dans la limite d\u2019un dixi\u00e8me de la dur\u00e9e globale de celui-ci.<\/strong> Ainsi, pour une dur\u00e9e de stage d\u2019un an, les 36 premiers jours de cong\u00e9 de maternit\u00e9 seront pris en compte comme temps de stage ; en revanche, \u00e0 partir du 37<sup>\u00e8me<\/sup> jour, la dur\u00e9e du stage est allong\u00e9e d\u2019autant. En revanches, la prolongation imputable au cong\u00e9 de maternit\u00e9 ne reporte pas la date de titularisation, qui prend effet \u00e0 la date de la fin de la dur\u00e9e statutaire du stage. Ainsi, la date de titularisation est r\u00e9troactive.<\/p>\n\n\n\n<h2 style=\"color:#D10016\"><strong>Quelles sont les incidences du cong\u00e9 de maternit\u00e9 sur les droits \u00e0 pension&nbsp;?<\/strong><\/h2>\n\n\n\n<p>La p\u00e9riode du cong\u00e9 de maternit\u00e9 est prise en compte, pour la retraite, dans la constitution des droits \u00e0 pension et pour la liquidation des droits \u00e0 pension des fonctionnaires.<\/p>\n\n\n\n<hr class=\"wp-block-separator has-alpha-channel-opacity\"\/>\n\n\n\n<h2 style=\"color:#D10016\"><strong>R\u00e9f\u00e9rences&nbsp;:<\/strong><\/h2>\n\n\n\n<ol class=\"wp-block-list\">\n<li><a href=\"https:\/\/www.legifrance.gouv.fr\/loda\/article_lc\/LEGIARTI000041934584\" target=\"_blank\" rel=\"noreferrer noopener\">Article 24 du d\u00e9cret n\u00b0 82-453 du 28 mai 1982<\/a>, relatif \u00e0 l&rsquo;hygi\u00e8ne et \u00e0 la s\u00e9curit\u00e9 du travail ainsi qu&rsquo;\u00e0 la pr\u00e9vention m\u00e9dicale dans la fonction publique, s\u2019agissant de la fonction publique de l\u2019Etat et article 21 du d\u00e9cret n\u00b0 85-603 du 10 juin 1985, relatif \u00e0 l&rsquo;hygi\u00e8ne et \u00e0 la s\u00e9curit\u00e9 du travail ainsi qu&rsquo;\u00e0 la m\u00e9decine professionnelle et pr\u00e9ventive dans la fonction publique territoriale\u00a0;<\/li>\n\n\n\n<li><a href=\"https:\/\/www.legifrance.gouv.fr\/loda\/article_lc\/LEGIARTI000024312547\/2011-11-01\" target=\"_blank\" rel=\"noreferrer noopener\">Article 26 du d\u00e9cret n\u00b0 82-453 du 28 mai 1982<\/a>, pr\u00e9cit\u00e9\u00a0; et<a href=\"https:\/\/www.legifrance.gouv.fr\/loda\/article_lc\/LEGIARTI000045589146\" target=\"_blank\" rel=\"noreferrer noopener\"> article 24 du d\u00e9cret n\u00b0 85-603 du 10 juin 1985<\/a>, pr\u00e9cit\u00e9\u00a0;<\/li>\n\n\n\n<li><a href=\"https:\/\/www.legifrance.gouv.fr\/loda\/article_lc\/LEGIARTI000044542569\" target=\"_blank\" rel=\"noreferrer noopener\">Article 4 du d\u00e9cret n\u00b0 2016-151 du 11 f\u00e9vrier 2016<\/a>, relatif aux conditions et modalit\u00e9s de mise en \u0153uvre du t\u00e9l\u00e9travail dans la fonction publique et la magistrature\u00a0;<\/li>\n\n\n\n<li><a href=\"https:\/\/www.legifrance.gouv.fr\/loda\/article_lc\/LEGIARTI000041979774\" target=\"_blank\" rel=\"noreferrer noopener\">Article 115 de la loi n\u00b0 2017-1837 du 30 d\u00e9cembre 2017<\/a>, de finances pour 2018\u00a0;<\/li>\n\n\n\n<li>CE, 22 f\u00e9vrier 2010, ministre de la Sant\u00e9, de la Jeunesse et des Sports, requ\u00eate n\u00b0 311290\u00a0;<\/li>\n\n\n\n<li><a href=\"https:\/\/www.legifrance.gouv.fr\/loda\/article_lc\/LEGIARTI000022374928\" target=\"_blank\" rel=\"noreferrer noopener\">Article 6 du d\u00e9cret n\u00b0 2010-676 du 21 juin 2010<\/a>, instituant une prise en charge partielle du prix des titres d&rsquo;abonnement correspondant aux d\u00e9placements effectu\u00e9s par les agents publics entre leur r\u00e9sidence habituelle et leur lieu de travail\u00a0;<\/li>\n\n\n\n<li>CJUE, 18 mars 2004, affaire C-342\/01\u00a0;<\/li>\n\n\n\n<li><a href=\"https:\/\/www.legifrance.gouv.fr\/jorf\/id\/JORFTEXT000049453263\" target=\"_blank\" rel=\"noreferrer noopener\">Loi n\u00b0 2024-364 du 22 avril 2024<\/a>, portant diverses dispositions d&rsquo;adaptation au droit de l&rsquo;Union europ\u00e9enne en mati\u00e8re d&rsquo;\u00e9conomie, de finances, de transition \u00e9cologique, de droit p\u00e9nal, de droit social et en mati\u00e8re agricole\u00a0;<\/li>\n\n\n\n<li>CAA Marseille, 4 novembre 2014, Centre hospitalier d\u2019Hy\u00e8res, requ\u00eate n\u00b0 13MA01275.<\/li>\n<\/ol>\n","protected":false},"excerpt":{"rendered":"<p>Quelles sont les conditions de travail d\u2019une fonctionnaire enceinte avant son cong\u00e9 de maternit\u00e9&nbsp;? En premier lieu, le m\u00e9decin du travail doit exercer une surveillance m\u00e9dicale particuli\u00e8re \u00e0 l\u2019\u00e9gard des femmes enceintes ; il d\u00e9finit, notamment, la fr\u00e9quence et la nature des visites m\u00e9dicales obligatoires (1). En outre, lorsqu\u2019une incompatibilit\u00e9 est constat\u00e9e entre l\u2019\u00e9tat de [&hellip;]<\/p>\n","protected":false},"author":32,"featured_media":40541,"comment_status":"open","ping_status":"open","sticky":false,"template":"","format":"standard","meta":{"_acf_changed":false,"_mi_skip_tracking":false,"footnotes":""},"categories":[12,6],"tags":[],"class_list":["post-40502","post","type-post","status-publish","format-standard","has-post-thumbnail","hentry","category-actualites","category-fonction-publique"],"acf":[],"yoast_head":"<!-- This site is optimized with the Yoast SEO plugin v23.4 - https:\/\/yoast.com\/wordpress\/plugins\/seo\/ -->\n<title>La situation administrative de la fonctionnaire durant sa grossesse - Le Blog GERESO<\/title>\n<meta name=\"robots\" content=\"index, follow, max-snippet:-1, max-image-preview:large, max-video-preview:-1\" \/>\n<link rel=\"canonical\" href=\"https:\/\/www.gereso.com\/actualites\/2024\/05\/15\/situation-administrative-fonctionnaire-durant-grossesse\/\" \/>\n<meta property=\"og:locale\" content=\"fr_FR\" \/>\n<meta property=\"og:type\" content=\"article\" \/>\n<meta property=\"og:title\" content=\"La situation administrative de la fonctionnaire durant sa grossesse - Le Blog GERESO\" \/>\n<meta property=\"og:description\" content=\"Quelles sont les conditions de travail d\u2019une fonctionnaire enceinte avant son cong\u00e9 de maternit\u00e9&nbsp;? En premier lieu, le m\u00e9decin du travail doit exercer une surveillance m\u00e9dicale particuli\u00e8re \u00e0 l\u2019\u00e9gard des femmes enceintes ; il d\u00e9finit, notamment, la fr\u00e9quence et la nature des visites m\u00e9dicales obligatoires (1). En outre, lorsqu\u2019une incompatibilit\u00e9 est constat\u00e9e entre l\u2019\u00e9tat de [&hellip;]\" \/>\n<meta property=\"og:url\" content=\"https:\/\/www.gereso.com\/actualites\/2024\/05\/15\/situation-administrative-fonctionnaire-durant-grossesse\/\" \/>\n<meta property=\"og:site_name\" content=\"Le Blog GERESO\" \/>\n<meta property=\"article:published_time\" content=\"2024-05-15T07:37:32+00:00\" \/>\n<meta property=\"article:modified_time\" content=\"2024-05-15T07:37:34+00:00\" \/>\n<meta property=\"og:image\" content=\"https:\/\/www.gereso.com\/actualites\/wp-content\/uploads\/2024\/05\/situation-administrative-fonctionnaire-grossesse.jpg\" \/>\n\t<meta property=\"og:image:width\" content=\"600\" \/>\n\t<meta property=\"og:image:height\" content=\"400\" \/>\n\t<meta property=\"og:image:type\" content=\"image\/jpeg\" \/>\n<meta name=\"author\" content=\"\u00c9quipe GERESO\" \/>\n<meta name=\"twitter:card\" content=\"summary_large_image\" \/>\n<script type=\"application\/ld+json\" class=\"yoast-schema-graph\">{\"@context\":\"https:\/\/schema.org\",\"@graph\":[{\"@type\":\"WebPage\",\"@id\":\"https:\/\/www.gereso.com\/actualites\/2024\/05\/15\/situation-administrative-fonctionnaire-durant-grossesse\/\",\"url\":\"https:\/\/www.gereso.com\/actualites\/2024\/05\/15\/situation-administrative-fonctionnaire-durant-grossesse\/\",\"name\":\"La situation administrative de la fonctionnaire durant sa grossesse - Le Blog GERESO\",\"isPartOf\":{\"@id\":\"https:\/\/www.gereso.com\/actualites\/#website\"},\"primaryImageOfPage\":{\"@id\":\"https:\/\/www.gereso.com\/actualites\/2024\/05\/15\/situation-administrative-fonctionnaire-durant-grossesse\/#primaryimage\"},\"image\":{\"@id\":\"https:\/\/www.gereso.com\/actualites\/2024\/05\/15\/situation-administrative-fonctionnaire-durant-grossesse\/#primaryimage\"},\"thumbnailUrl\":\"https:\/\/www.gereso.com\/actualites\/wp-content\/uploads\/2024\/05\/situation-administrative-fonctionnaire-grossesse.jpg\",\"datePublished\":\"2024-05-15T07:37:32+00:00\",\"dateModified\":\"2024-05-15T07:37:34+00:00\",\"author\":{\"@id\":\"https:\/\/www.gereso.com\/actualites\/#\/schema\/person\/197d8aef40cb4ae3f6a0aa9e1d3df2a6\"},\"breadcrumb\":{\"@id\":\"https:\/\/www.gereso.com\/actualites\/2024\/05\/15\/situation-administrative-fonctionnaire-durant-grossesse\/#breadcrumb\"},\"inLanguage\":\"fr-FR\",\"potentialAction\":[{\"@type\":\"ReadAction\",\"target\":[\"https:\/\/www.gereso.com\/actualites\/2024\/05\/15\/situation-administrative-fonctionnaire-durant-grossesse\/\"]}]},{\"@type\":\"ImageObject\",\"inLanguage\":\"fr-FR\",\"@id\":\"https:\/\/www.gereso.com\/actualites\/2024\/05\/15\/situation-administrative-fonctionnaire-durant-grossesse\/#primaryimage\",\"url\":\"https:\/\/www.gereso.com\/actualites\/wp-content\/uploads\/2024\/05\/situation-administrative-fonctionnaire-grossesse.jpg\",\"contentUrl\":\"https:\/\/www.gereso.com\/actualites\/wp-content\/uploads\/2024\/05\/situation-administrative-fonctionnaire-grossesse.jpg\",\"width\":600,\"height\":400,\"caption\":\"Les fonctionnaires enceintes b\u00e9n\u00e9ficient de droits sp\u00e9cifiques et d'am\u00e9nagements de poste pour concilier travail et grossesse en toute s\u00e9r\u00e9nit\u00e9.\"},{\"@type\":\"BreadcrumbList\",\"@id\":\"https:\/\/www.gereso.com\/actualites\/2024\/05\/15\/situation-administrative-fonctionnaire-durant-grossesse\/#breadcrumb\",\"itemListElement\":[{\"@type\":\"ListItem\",\"position\":1,\"name\":\"Home\",\"item\":\"https:\/\/www.gereso.com\/actualites\/\"},{\"@type\":\"ListItem\",\"position\":2,\"name\":\"La situation administrative de la fonctionnaire durant sa grossesse\"}]},{\"@type\":\"WebSite\",\"@id\":\"https:\/\/www.gereso.com\/actualites\/#website\",\"url\":\"https:\/\/www.gereso.com\/actualites\/\",\"name\":\"Le Blog GERESO\",\"description\":\"Toute l&#039;actu RH, Finance, Fonction Publique, Management...\",\"potentialAction\":[{\"@type\":\"SearchAction\",\"target\":{\"@type\":\"EntryPoint\",\"urlTemplate\":\"https:\/\/www.gereso.com\/actualites\/?s={search_term_string}\"},\"query-input\":{\"@type\":\"PropertyValueSpecification\",\"valueRequired\":true,\"valueName\":\"search_term_string\"}}],\"inLanguage\":\"fr-FR\"},{\"@type\":\"Person\",\"@id\":\"https:\/\/www.gereso.com\/actualites\/#\/schema\/person\/197d8aef40cb4ae3f6a0aa9e1d3df2a6\",\"name\":\"\u00c9quipe GERESO\",\"image\":{\"@type\":\"ImageObject\",\"inLanguage\":\"fr-FR\",\"@id\":\"https:\/\/www.gereso.com\/actualites\/#\/schema\/person\/image\/\",\"url\":\"https:\/\/www.gereso.com\/actualites\/wp-content\/uploads\/2013\/12\/avatar-gereso-1.png\",\"contentUrl\":\"https:\/\/www.gereso.com\/actualites\/wp-content\/uploads\/2013\/12\/avatar-gereso-1.png\",\"caption\":\"\u00c9quipe GERESO\"},\"url\":\"https:\/\/www.gereso.com\/actualites\/author\/gereso\/\"}]}<\/script>\n<!-- \/ Yoast SEO plugin. -->","yoast_head_json":{"title":"La situation administrative de la fonctionnaire durant sa grossesse - Le Blog GERESO","robots":{"index":"index","follow":"follow","max-snippet":"max-snippet:-1","max-image-preview":"max-image-preview:large","max-video-preview":"max-video-preview:-1"},"canonical":"https:\/\/www.gereso.com\/actualites\/2024\/05\/15\/situation-administrative-fonctionnaire-durant-grossesse\/","og_locale":"fr_FR","og_type":"article","og_title":"La situation administrative de la fonctionnaire durant sa grossesse - Le Blog GERESO","og_description":"Quelles sont les conditions de travail d\u2019une fonctionnaire enceinte avant son cong\u00e9 de maternit\u00e9&nbsp;? En premier lieu, le m\u00e9decin du travail doit exercer une surveillance m\u00e9dicale particuli\u00e8re \u00e0 l\u2019\u00e9gard des femmes enceintes ; il d\u00e9finit, notamment, la fr\u00e9quence et la nature des visites m\u00e9dicales obligatoires (1). En outre, lorsqu\u2019une incompatibilit\u00e9 est constat\u00e9e entre l\u2019\u00e9tat de [&hellip;]","og_url":"https:\/\/www.gereso.com\/actualites\/2024\/05\/15\/situation-administrative-fonctionnaire-durant-grossesse\/","og_site_name":"Le Blog GERESO","article_published_time":"2024-05-15T07:37:32+00:00","article_modified_time":"2024-05-15T07:37:34+00:00","og_image":[{"width":600,"height":400,"url":"https:\/\/www.gereso.com\/actualites\/wp-content\/uploads\/2024\/05\/situation-administrative-fonctionnaire-grossesse.jpg","type":"image\/jpeg"}],"author":"\u00c9quipe GERESO","twitter_card":"summary_large_image","schema":{"@context":"https:\/\/schema.org","@graph":[{"@type":"WebPage","@id":"https:\/\/www.gereso.com\/actualites\/2024\/05\/15\/situation-administrative-fonctionnaire-durant-grossesse\/","url":"https:\/\/www.gereso.com\/actualites\/2024\/05\/15\/situation-administrative-fonctionnaire-durant-grossesse\/","name":"La situation administrative de la fonctionnaire durant sa grossesse - Le Blog GERESO","isPartOf":{"@id":"https:\/\/www.gereso.com\/actualites\/#website"},"primaryImageOfPage":{"@id":"https:\/\/www.gereso.com\/actualites\/2024\/05\/15\/situation-administrative-fonctionnaire-durant-grossesse\/#primaryimage"},"image":{"@id":"https:\/\/www.gereso.com\/actualites\/2024\/05\/15\/situation-administrative-fonctionnaire-durant-grossesse\/#primaryimage"},"thumbnailUrl":"https:\/\/www.gereso.com\/actualites\/wp-content\/uploads\/2024\/05\/situation-administrative-fonctionnaire-grossesse.jpg","datePublished":"2024-05-15T07:37:32+00:00","dateModified":"2024-05-15T07:37:34+00:00","author":{"@id":"https:\/\/www.gereso.com\/actualites\/#\/schema\/person\/197d8aef40cb4ae3f6a0aa9e1d3df2a6"},"breadcrumb":{"@id":"https:\/\/www.gereso.com\/actualites\/2024\/05\/15\/situation-administrative-fonctionnaire-durant-grossesse\/#breadcrumb"},"inLanguage":"fr-FR","potentialAction":[{"@type":"ReadAction","target":["https:\/\/www.gereso.com\/actualites\/2024\/05\/15\/situation-administrative-fonctionnaire-durant-grossesse\/"]}]},{"@type":"ImageObject","inLanguage":"fr-FR","@id":"https:\/\/www.gereso.com\/actualites\/2024\/05\/15\/situation-administrative-fonctionnaire-durant-grossesse\/#primaryimage","url":"https:\/\/www.gereso.com\/actualites\/wp-content\/uploads\/2024\/05\/situation-administrative-fonctionnaire-grossesse.jpg","contentUrl":"https:\/\/www.gereso.com\/actualites\/wp-content\/uploads\/2024\/05\/situation-administrative-fonctionnaire-grossesse.jpg","width":600,"height":400,"caption":"Les fonctionnaires enceintes b\u00e9n\u00e9ficient de droits sp\u00e9cifiques et d'am\u00e9nagements de poste pour concilier travail et grossesse en toute s\u00e9r\u00e9nit\u00e9."},{"@type":"BreadcrumbList","@id":"https:\/\/www.gereso.com\/actualites\/2024\/05\/15\/situation-administrative-fonctionnaire-durant-grossesse\/#breadcrumb","itemListElement":[{"@type":"ListItem","position":1,"name":"Home","item":"https:\/\/www.gereso.com\/actualites\/"},{"@type":"ListItem","position":2,"name":"La situation administrative de la fonctionnaire durant sa grossesse"}]},{"@type":"WebSite","@id":"https:\/\/www.gereso.com\/actualites\/#website","url":"https:\/\/www.gereso.com\/actualites\/","name":"Le Blog GERESO","description":"Toute l&#039;actu RH, Finance, Fonction Publique, Management...","potentialAction":[{"@type":"SearchAction","target":{"@type":"EntryPoint","urlTemplate":"https:\/\/www.gereso.com\/actualites\/?s={search_term_string}"},"query-input":{"@type":"PropertyValueSpecification","valueRequired":true,"valueName":"search_term_string"}}],"inLanguage":"fr-FR"},{"@type":"Person","@id":"https:\/\/www.gereso.com\/actualites\/#\/schema\/person\/197d8aef40cb4ae3f6a0aa9e1d3df2a6","name":"\u00c9quipe GERESO","image":{"@type":"ImageObject","inLanguage":"fr-FR","@id":"https:\/\/www.gereso.com\/actualites\/#\/schema\/person\/image\/","url":"https:\/\/www.gereso.com\/actualites\/wp-content\/uploads\/2013\/12\/avatar-gereso-1.png","contentUrl":"https:\/\/www.gereso.com\/actualites\/wp-content\/uploads\/2013\/12\/avatar-gereso-1.png","caption":"\u00c9quipe GERESO"},"url":"https:\/\/www.gereso.com\/actualites\/author\/gereso\/"}]}},"_links":{"self":[{"href":"https:\/\/www.gereso.com\/actualites\/wp-json\/wp\/v2\/posts\/40502","targetHints":{"allow":["GET"]}}],"collection":[{"href":"https:\/\/www.gereso.com\/actualites\/wp-json\/wp\/v2\/posts"}],"about":[{"href":"https:\/\/www.gereso.com\/actualites\/wp-json\/wp\/v2\/types\/post"}],"author":[{"embeddable":true,"href":"https:\/\/www.gereso.com\/actualites\/wp-json\/wp\/v2\/users\/32"}],"replies":[{"embeddable":true,"href":"https:\/\/www.gereso.com\/actualites\/wp-json\/wp\/v2\/comments?post=40502"}],"version-history":[{"count":37,"href":"https:\/\/www.gereso.com\/actualites\/wp-json\/wp\/v2\/posts\/40502\/revisions"}],"predecessor-version":[{"id":40544,"href":"https:\/\/www.gereso.com\/actualites\/wp-json\/wp\/v2\/posts\/40502\/revisions\/40544"}],"wp:featuredmedia":[{"embeddable":true,"href":"https:\/\/www.gereso.com\/actualites\/wp-json\/wp\/v2\/media\/40541"}],"wp:attachment":[{"href":"https:\/\/www.gereso.com\/actualites\/wp-json\/wp\/v2\/media?parent=40502"}],"wp:term":[{"taxonomy":"category","embeddable":true,"href":"https:\/\/www.gereso.com\/actualites\/wp-json\/wp\/v2\/categories?post=40502"},{"taxonomy":"post_tag","embeddable":true,"href":"https:\/\/www.gereso.com\/actualites\/wp-json\/wp\/v2\/tags?post=40502"}],"curies":[{"name":"wp","href":"https:\/\/api.w.org\/{rel}","templated":true}]}}