{"id":4061,"date":"2015-06-12T11:25:18","date_gmt":"2015-06-12T09:25:18","guid":{"rendered":"https:\/\/www.gereso.com\/actualites\/?p=4061"},"modified":"2015-06-12T11:25:18","modified_gmt":"2015-06-12T09:25:18","slug":"suppression-indemnite-exceptionnelle-compensatrice","status":"publish","type":"post","link":"https:\/\/www.gereso.com\/actualites\/2015\/06\/12\/suppression-indemnite-exceptionnelle-compensatrice\/","title":{"rendered":"Suppression de l\u2019indemnit\u00e9 exceptionnelle compensatrice de CSG \u2013 D\u00e9cret n\u00b0 2015-492 du 29 avril 2015"},"content":{"rendered":"<p><strong>L\u2019indemnit\u00e9 exceptionnelle compensatrice a \u00e9t\u00e9 instaur\u00e9e par le d\u00e9cret n\u00b0 97-215 du 10 mars 1997 afin de compenser la perte de r\u00e9mun\u00e9ration occasionn\u00e9e du fait du changement de taux de CSG et de la suppression de la cotisation salariale <a href=\"http:\/\/www.gereso.com\/fonction-publique\/retraite-et-protection-sociale\/#domaine-VPROSO\">maladie des fonctionnaires<\/a><\/strong>. Etaient notamment concern\u00e9s, les fonctionnaires dont la premi\u00e8re nomination est intervenue avant le 1er janvier 1998. L&rsquo;indemnit\u00e9 \u00e9tait vers\u00e9e lorsque la r\u00e9mun\u00e9ration annuelle per\u00e7ue au titre de l&rsquo;activit\u00e9 principale au cours de l&rsquo;ann\u00e9e courante, nette de cotisation maladie et de contribution sociale g\u00e9n\u00e9ralis\u00e9e aux taux appliqu\u00e9s au 1er janvier 1998, \u00e9tait inf\u00e9rieure \u00e0 cette m\u00eame r\u00e9mun\u00e9ration annuelle affect\u00e9e des taux de cotisation maladie et de contribution sociale g\u00e9n\u00e9ralis\u00e9e appliqu\u00e9s au 31 d\u00e9cembre 1996. Le montant de l&rsquo;indemnit\u00e9 \u00e9tait alors \u00e9gal \u00e0 la diff\u00e9rence ainsi constat\u00e9e. Le d\u00e9cret \u00a0n\u00b0 97-215 du 10 mars 1997 \u00e9tant abrog\u00e9, une nouvelle indemnit\u00e9 est mise en place. A compter du 1<sup>er<\/sup> mai 2015, l\u2019indemnit\u00e9 exceptionnelle est remplac\u00e9e par une indemnit\u00e9 d\u00e9gressive dans le temps. Cette indemnit\u00e9 sera vers\u00e9e aux agents b\u00e9n\u00e9ficiaires de l\u2019indemnit\u00e9 exceptionnelle.<\/p>\n<p><strong><u>Calcul de l\u2019indemnit\u00e9\u00a0: <\/u><\/strong><\/p>\n<p>Le montant\u00a0 mensuel brut est \u00e9gal \u00e0\u00a0: 1\/12<sup>\u00e8me<\/sup> du montant annuel brut de l\u2019indemnit\u00e9 exceptionnelle vers\u00e9 \u00e0 chaque agent au titre de l\u2019ann\u00e9e 2014.\u00a0 Le montant mensuel brut ne pourra exc\u00e9der 415 \u20ac.\u00a0 <strong>Pour les agents dont l\u2019indice major\u00e9 est sup\u00e9rieur ou \u00e9gal \u00e0 l\u2019indice major\u00e9 400, le montant sera r\u00e9duit jusqu\u2019\u00e0 extinction, lors de chaque avancement de grade, d\u2019\u00e9chelon ou chevron, \u00e0 due concurrence du montant r\u00e9sultant de l\u2019augmentation du traitement indiciaire brut de l\u2019agent.<\/strong><\/p>\n","protected":false},"excerpt":{"rendered":"<p>L\u2019indemnit\u00e9 exceptionnelle compensatrice a \u00e9t\u00e9 instaur\u00e9e par le d\u00e9cret n\u00b0 97-215 du 10 mars 1997 afin de compenser la perte de r\u00e9mun\u00e9ration occasionn\u00e9e du fait du changement de taux de CSG et de la suppression de la cotisation salariale maladie des fonctionnaires. Etaient notamment concern\u00e9s, les fonctionnaires dont la premi\u00e8re nomination est intervenue avant le [&hellip;]<\/p>\n","protected":false},"author":30,"featured_media":600,"comment_status":"open","ping_status":"open","sticky":false,"template":"","format":"standard","meta":{"_acf_changed":false,"_mi_skip_tracking":false,"footnotes":""},"categories":[12,6],"tags":[622,623,107,624],"class_list":["post-4061","post","type-post","status-publish","format-standard","has-post-thumbnail","hentry","category-actualites","category-fonction-publique","tag-contribution-sociale","tag-cotisation-maladie","tag-indemnite","tag-indemnite-exceptionnelle"],"acf":[],"yoast_head":"<!-- This site is optimized with the Yoast SEO plugin v23.4 - https:\/\/yoast.com\/wordpress\/plugins\/seo\/ -->\n<title>Suppression de l\u2019indemnit\u00e9 exceptionnelle compensatrice de CSG \u2013 D\u00e9cret n\u00b0 2015-492 du 29 avril 2015 - Le Blog GERESO<\/title>\n<meta name=\"robots\" content=\"index, follow, max-snippet:-1, max-image-preview:large, max-video-preview:-1\" \/>\n<link rel=\"canonical\" href=\"https:\/\/www.gereso.com\/actualites\/2015\/06\/12\/suppression-indemnite-exceptionnelle-compensatrice\/\" \/>\n<meta property=\"og:locale\" content=\"fr_FR\" \/>\n<meta property=\"og:type\" content=\"article\" \/>\n<meta property=\"og:title\" content=\"Suppression de l\u2019indemnit\u00e9 exceptionnelle compensatrice de CSG \u2013 D\u00e9cret n\u00b0 2015-492 du 29 avril 2015 - Le Blog GERESO\" \/>\n<meta property=\"og:description\" content=\"L\u2019indemnit\u00e9 exceptionnelle compensatrice a \u00e9t\u00e9 instaur\u00e9e par le d\u00e9cret n\u00b0 97-215 du 10 mars 1997 afin de compenser la perte de r\u00e9mun\u00e9ration occasionn\u00e9e du fait du changement de taux de CSG et de la suppression de la cotisation salariale maladie des fonctionnaires. Etaient notamment concern\u00e9s, les fonctionnaires dont la premi\u00e8re nomination est intervenue avant le [&hellip;]\" \/>\n<meta property=\"og:url\" content=\"https:\/\/www.gereso.com\/actualites\/2015\/06\/12\/suppression-indemnite-exceptionnelle-compensatrice\/\" \/>\n<meta property=\"og:site_name\" content=\"Le Blog GERESO\" \/>\n<meta property=\"article:published_time\" content=\"2015-06-12T09:25:18+00:00\" \/>\n<meta property=\"og:image\" content=\"https:\/\/www.gereso.com\/actualites\/wp-content\/uploads\/2012\/08\/pluriactivite-rattachement-securite-sociale-1.jpg\" \/>\n\t<meta property=\"og:image:width\" content=\"534\" \/>\n\t<meta property=\"og:image:height\" content=\"330\" \/>\n\t<meta property=\"og:image:type\" content=\"image\/jpeg\" \/>\n<meta name=\"author\" content=\"Anne-Ga\u00eblle Desbois\" \/>\n<meta name=\"twitter:card\" content=\"summary_large_image\" \/>\n<script type=\"application\/ld+json\" class=\"yoast-schema-graph\">{\"@context\":\"https:\/\/schema.org\",\"@graph\":[{\"@type\":\"WebPage\",\"@id\":\"https:\/\/www.gereso.com\/actualites\/2015\/06\/12\/suppression-indemnite-exceptionnelle-compensatrice\/\",\"url\":\"https:\/\/www.gereso.com\/actualites\/2015\/06\/12\/suppression-indemnite-exceptionnelle-compensatrice\/\",\"name\":\"Suppression de l\u2019indemnit\u00e9 exceptionnelle compensatrice de CSG \u2013 D\u00e9cret n\u00b0 2015-492 du 29 avril 2015 - Le Blog GERESO\",\"isPartOf\":{\"@id\":\"https:\/\/www.gereso.com\/actualites\/#website\"},\"primaryImageOfPage\":{\"@id\":\"https:\/\/www.gereso.com\/actualites\/2015\/06\/12\/suppression-indemnite-exceptionnelle-compensatrice\/#primaryimage\"},\"image\":{\"@id\":\"https:\/\/www.gereso.com\/actualites\/2015\/06\/12\/suppression-indemnite-exceptionnelle-compensatrice\/#primaryimage\"},\"thumbnailUrl\":\"https:\/\/www.gereso.com\/actualites\/wp-content\/uploads\/2012\/08\/pluriactivite-rattachement-securite-sociale-1.jpg\",\"datePublished\":\"2015-06-12T09:25:18+00:00\",\"dateModified\":\"2015-06-12T09:25:18+00:00\",\"author\":{\"@id\":\"https:\/\/www.gereso.com\/actualites\/#\/schema\/person\/e94b01cebb8315aabc36d7b628f6329c\"},\"breadcrumb\":{\"@id\":\"https:\/\/www.gereso.com\/actualites\/2015\/06\/12\/suppression-indemnite-exceptionnelle-compensatrice\/#breadcrumb\"},\"inLanguage\":\"fr-FR\",\"potentialAction\":[{\"@type\":\"ReadAction\",\"target\":[\"https:\/\/www.gereso.com\/actualites\/2015\/06\/12\/suppression-indemnite-exceptionnelle-compensatrice\/\"]}]},{\"@type\":\"ImageObject\",\"inLanguage\":\"fr-FR\",\"@id\":\"https:\/\/www.gereso.com\/actualites\/2015\/06\/12\/suppression-indemnite-exceptionnelle-compensatrice\/#primaryimage\",\"url\":\"https:\/\/www.gereso.com\/actualites\/wp-content\/uploads\/2012\/08\/pluriactivite-rattachement-securite-sociale-1.jpg\",\"contentUrl\":\"https:\/\/www.gereso.com\/actualites\/wp-content\/uploads\/2012\/08\/pluriactivite-rattachement-securite-sociale-1.jpg\",\"width\":534,\"height\":330,\"caption\":\"pluriactivit\u00e9 rattachement s\u00e9curit\u00e9 sociale\"},{\"@type\":\"BreadcrumbList\",\"@id\":\"https:\/\/www.gereso.com\/actualites\/2015\/06\/12\/suppression-indemnite-exceptionnelle-compensatrice\/#breadcrumb\",\"itemListElement\":[{\"@type\":\"ListItem\",\"position\":1,\"name\":\"Home\",\"item\":\"https:\/\/www.gereso.com\/actualites\/\"},{\"@type\":\"ListItem\",\"position\":2,\"name\":\"Suppression de l\u2019indemnit\u00e9 exceptionnelle compensatrice de CSG \u2013 D\u00e9cret n\u00b0 2015-492 du 29 avril 2015\"}]},{\"@type\":\"WebSite\",\"@id\":\"https:\/\/www.gereso.com\/actualites\/#website\",\"url\":\"https:\/\/www.gereso.com\/actualites\/\",\"name\":\"Le Blog GERESO\",\"description\":\"Toute l&#039;actu RH, Finance, Fonction Publique, Management...\",\"potentialAction\":[{\"@type\":\"SearchAction\",\"target\":{\"@type\":\"EntryPoint\",\"urlTemplate\":\"https:\/\/www.gereso.com\/actualites\/?s={search_term_string}\"},\"query-input\":{\"@type\":\"PropertyValueSpecification\",\"valueRequired\":true,\"valueName\":\"search_term_string\"}}],\"inLanguage\":\"fr-FR\"},{\"@type\":\"Person\",\"@id\":\"https:\/\/www.gereso.com\/actualites\/#\/schema\/person\/e94b01cebb8315aabc36d7b628f6329c\",\"name\":\"Anne-Ga\u00eblle Desbois\",\"image\":{\"@type\":\"ImageObject\",\"inLanguage\":\"fr-FR\",\"@id\":\"https:\/\/www.gereso.com\/actualites\/#\/schema\/person\/image\/\",\"url\":\"https:\/\/www.gereso.com\/actualites\/wp-content\/uploads\/2013\/04\/anne-gaelle-desbois-1-144x144.jpg\",\"contentUrl\":\"https:\/\/www.gereso.com\/actualites\/wp-content\/uploads\/2013\/04\/anne-gaelle-desbois-1-144x144.jpg\",\"caption\":\"Anne-Ga\u00eblle Desbois\"},\"description\":\"Anne-Ga\u00eblle DESBOIS est consultante-formatrice en gestion des ressources humaines de la fonction publique. Elle anime notamment des formations inter et intra-\u00e9tablissements sur tous les th\u00e8mes li\u00e9s au statut et \u00e0 la gestion administrative des agents publics (\u00c9tat, Fonction Publique Hospitali\u00e8re, Collectivit\u00e9s)\",\"url\":\"https:\/\/www.gereso.com\/actualites\/author\/ag-desbois\/\"}]}<\/script>\n<!-- \/ Yoast SEO plugin. -->","yoast_head_json":{"title":"Suppression de l\u2019indemnit\u00e9 exceptionnelle compensatrice de CSG \u2013 D\u00e9cret n\u00b0 2015-492 du 29 avril 2015 - Le Blog GERESO","robots":{"index":"index","follow":"follow","max-snippet":"max-snippet:-1","max-image-preview":"max-image-preview:large","max-video-preview":"max-video-preview:-1"},"canonical":"https:\/\/www.gereso.com\/actualites\/2015\/06\/12\/suppression-indemnite-exceptionnelle-compensatrice\/","og_locale":"fr_FR","og_type":"article","og_title":"Suppression de l\u2019indemnit\u00e9 exceptionnelle compensatrice de CSG \u2013 D\u00e9cret n\u00b0 2015-492 du 29 avril 2015 - Le Blog GERESO","og_description":"L\u2019indemnit\u00e9 exceptionnelle compensatrice a \u00e9t\u00e9 instaur\u00e9e par le d\u00e9cret n\u00b0 97-215 du 10 mars 1997 afin de compenser la perte de r\u00e9mun\u00e9ration occasionn\u00e9e du fait du changement de taux de CSG et de la suppression de la cotisation salariale maladie des fonctionnaires. Etaient notamment concern\u00e9s, les fonctionnaires dont la premi\u00e8re nomination est intervenue avant le [&hellip;]","og_url":"https:\/\/www.gereso.com\/actualites\/2015\/06\/12\/suppression-indemnite-exceptionnelle-compensatrice\/","og_site_name":"Le Blog GERESO","article_published_time":"2015-06-12T09:25:18+00:00","og_image":[{"width":534,"height":330,"url":"https:\/\/www.gereso.com\/actualites\/wp-content\/uploads\/2012\/08\/pluriactivite-rattachement-securite-sociale-1.jpg","type":"image\/jpeg"}],"author":"Anne-Ga\u00eblle Desbois","twitter_card":"summary_large_image","schema":{"@context":"https:\/\/schema.org","@graph":[{"@type":"WebPage","@id":"https:\/\/www.gereso.com\/actualites\/2015\/06\/12\/suppression-indemnite-exceptionnelle-compensatrice\/","url":"https:\/\/www.gereso.com\/actualites\/2015\/06\/12\/suppression-indemnite-exceptionnelle-compensatrice\/","name":"Suppression de l\u2019indemnit\u00e9 exceptionnelle compensatrice de CSG \u2013 D\u00e9cret n\u00b0 2015-492 du 29 avril 2015 - Le Blog GERESO","isPartOf":{"@id":"https:\/\/www.gereso.com\/actualites\/#website"},"primaryImageOfPage":{"@id":"https:\/\/www.gereso.com\/actualites\/2015\/06\/12\/suppression-indemnite-exceptionnelle-compensatrice\/#primaryimage"},"image":{"@id":"https:\/\/www.gereso.com\/actualites\/2015\/06\/12\/suppression-indemnite-exceptionnelle-compensatrice\/#primaryimage"},"thumbnailUrl":"https:\/\/www.gereso.com\/actualites\/wp-content\/uploads\/2012\/08\/pluriactivite-rattachement-securite-sociale-1.jpg","datePublished":"2015-06-12T09:25:18+00:00","dateModified":"2015-06-12T09:25:18+00:00","author":{"@id":"https:\/\/www.gereso.com\/actualites\/#\/schema\/person\/e94b01cebb8315aabc36d7b628f6329c"},"breadcrumb":{"@id":"https:\/\/www.gereso.com\/actualites\/2015\/06\/12\/suppression-indemnite-exceptionnelle-compensatrice\/#breadcrumb"},"inLanguage":"fr-FR","potentialAction":[{"@type":"ReadAction","target":["https:\/\/www.gereso.com\/actualites\/2015\/06\/12\/suppression-indemnite-exceptionnelle-compensatrice\/"]}]},{"@type":"ImageObject","inLanguage":"fr-FR","@id":"https:\/\/www.gereso.com\/actualites\/2015\/06\/12\/suppression-indemnite-exceptionnelle-compensatrice\/#primaryimage","url":"https:\/\/www.gereso.com\/actualites\/wp-content\/uploads\/2012\/08\/pluriactivite-rattachement-securite-sociale-1.jpg","contentUrl":"https:\/\/www.gereso.com\/actualites\/wp-content\/uploads\/2012\/08\/pluriactivite-rattachement-securite-sociale-1.jpg","width":534,"height":330,"caption":"pluriactivit\u00e9 rattachement s\u00e9curit\u00e9 sociale"},{"@type":"BreadcrumbList","@id":"https:\/\/www.gereso.com\/actualites\/2015\/06\/12\/suppression-indemnite-exceptionnelle-compensatrice\/#breadcrumb","itemListElement":[{"@type":"ListItem","position":1,"name":"Home","item":"https:\/\/www.gereso.com\/actualites\/"},{"@type":"ListItem","position":2,"name":"Suppression de l\u2019indemnit\u00e9 exceptionnelle compensatrice de CSG \u2013 D\u00e9cret n\u00b0 2015-492 du 29 avril 2015"}]},{"@type":"WebSite","@id":"https:\/\/www.gereso.com\/actualites\/#website","url":"https:\/\/www.gereso.com\/actualites\/","name":"Le Blog GERESO","description":"Toute l&#039;actu RH, Finance, Fonction Publique, Management...","potentialAction":[{"@type":"SearchAction","target":{"@type":"EntryPoint","urlTemplate":"https:\/\/www.gereso.com\/actualites\/?s={search_term_string}"},"query-input":{"@type":"PropertyValueSpecification","valueRequired":true,"valueName":"search_term_string"}}],"inLanguage":"fr-FR"},{"@type":"Person","@id":"https:\/\/www.gereso.com\/actualites\/#\/schema\/person\/e94b01cebb8315aabc36d7b628f6329c","name":"Anne-Ga\u00eblle Desbois","image":{"@type":"ImageObject","inLanguage":"fr-FR","@id":"https:\/\/www.gereso.com\/actualites\/#\/schema\/person\/image\/","url":"https:\/\/www.gereso.com\/actualites\/wp-content\/uploads\/2013\/04\/anne-gaelle-desbois-1-144x144.jpg","contentUrl":"https:\/\/www.gereso.com\/actualites\/wp-content\/uploads\/2013\/04\/anne-gaelle-desbois-1-144x144.jpg","caption":"Anne-Ga\u00eblle Desbois"},"description":"Anne-Ga\u00eblle DESBOIS est consultante-formatrice en gestion des ressources humaines de la fonction publique. Elle anime notamment des formations inter et intra-\u00e9tablissements sur tous les th\u00e8mes li\u00e9s au statut et \u00e0 la gestion administrative des agents publics (\u00c9tat, Fonction Publique Hospitali\u00e8re, Collectivit\u00e9s)","url":"https:\/\/www.gereso.com\/actualites\/author\/ag-desbois\/"}]}},"_links":{"self":[{"href":"https:\/\/www.gereso.com\/actualites\/wp-json\/wp\/v2\/posts\/4061","targetHints":{"allow":["GET"]}}],"collection":[{"href":"https:\/\/www.gereso.com\/actualites\/wp-json\/wp\/v2\/posts"}],"about":[{"href":"https:\/\/www.gereso.com\/actualites\/wp-json\/wp\/v2\/types\/post"}],"author":[{"embeddable":true,"href":"https:\/\/www.gereso.com\/actualites\/wp-json\/wp\/v2\/users\/30"}],"replies":[{"embeddable":true,"href":"https:\/\/www.gereso.com\/actualites\/wp-json\/wp\/v2\/comments?post=4061"}],"version-history":[{"count":0,"href":"https:\/\/www.gereso.com\/actualites\/wp-json\/wp\/v2\/posts\/4061\/revisions"}],"wp:featuredmedia":[{"embeddable":true,"href":"https:\/\/www.gereso.com\/actualites\/wp-json\/wp\/v2\/media\/600"}],"wp:attachment":[{"href":"https:\/\/www.gereso.com\/actualites\/wp-json\/wp\/v2\/media?parent=4061"}],"wp:term":[{"taxonomy":"category","embeddable":true,"href":"https:\/\/www.gereso.com\/actualites\/wp-json\/wp\/v2\/categories?post=4061"},{"taxonomy":"post_tag","embeddable":true,"href":"https:\/\/www.gereso.com\/actualites\/wp-json\/wp\/v2\/tags?post=4061"}],"curies":[{"name":"wp","href":"https:\/\/api.w.org\/{rel}","templated":true}]}}