{"id":40802,"date":"2024-06-20T11:48:15","date_gmt":"2024-06-20T09:48:15","guid":{"rendered":"https:\/\/www.gereso.com\/actualites\/?p=40802"},"modified":"2024-07-08T15:09:41","modified_gmt":"2024-07-08T13:09:41","slug":"precisions-imputabilite-accidents-trajet-selon-jurisprudence-juge-administratif","status":"publish","type":"post","link":"https:\/\/www.gereso.com\/actualites\/2024\/06\/20\/precisions-imputabilite-accidents-trajet-selon-jurisprudence-juge-administratif\/","title":{"rendered":"Accident de trajet des agents publics : o\u00f9 commence le \u00ab\u00a0trajet\u00a0\u00bb ?"},"content":{"rendered":"\n<h2 style=\"color:#D10016\"><strong>D\u00e9finition l\u00e9gale de l&rsquo;accident de trajet<\/strong><\/h2>\n\n\n\n<p>L\u2019<a href=\"https:\/\/www.legifrance.gouv.fr\/codes\/article_lc\/LEGIARTI000044424559\" target=\"_blank\" rel=\"noreferrer noopener\">article L822-19 du Code g\u00e9n\u00e9ral de la fonction publique<\/a> dispose qu\u2019\u00ab&nbsp;Est reconnu imputable au service, lorsque le fonctionnaire ou ses ayants droit en apportent la preuve ou lorsque l\u2019enqu\u00eate permet \u00e0 l\u2019autorit\u00e9 administrative de disposer des \u00e9l\u00e9ments suffisants, l\u2019accident de trajet dont est victime le fonctionnaire qui se produit sur le <strong>parcours habituel entre le lieu o\u00f9 s\u2019accomplit son service et sa r\u00e9sidence ou son lieu de restauration<\/strong> et <strong>pendant la dur\u00e9e normale pour l\u2019effectuer<\/strong>, sauf si un fait personnel du fonctionnaire ou toute autre circonstance particuli\u00e8re \u00e9trang\u00e8re notamment aux n\u00e9cessit\u00e9s de la vie courante est de nature \u00e0 d\u00e9tacher l\u2019accident du service.&nbsp;\u00bb.<\/p>\n\n\n\n<h2 style=\"color:#D10016\"><strong>Point de d\u00e9part du trajet<\/strong><\/h2>\n\n\n\n<p>Cette d\u00e9finition reste silencieuse sur la question du point de d\u00e9part du trajet. Des d\u00e9cisions sont venues nous apporter un \u00e9clairage et il semblait que le trajet ne commen\u00e7ait que <strong>lorsque l\u2019agent quittait sa propri\u00e9t\u00e9 priv\u00e9e pour rejoindre le lieu d\u2019exercice des fonctions<\/strong>.<\/p>\n\n\n\n<p>Par exemple, l\u2019accident survenu dans les escaliers de la r\u00e9sidence privative d\u2019un agent, alors qu\u2019il se rendait \u00e0 son travail, a \u00e9t\u00e9 jug\u00e9 non imputable au service. Cela, m\u00eame si l\u2019agent n\u2019\u00e9tait que locataire de son appartement. La CAA a \u00e9tabli que l\u2019accident ne s\u2019est pas produit sur la voie publique, mais \u00e0 l\u2019int\u00e9rieur d\u2019une propri\u00e9t\u00e9 priv\u00e9e.<\/p>\n\n\n\n<p><a href=\"https:\/\/www.legifrance.gouv.fr\/ceta\/id\/CETATEXT000007576606\" target=\"_blank\" rel=\"noreferrer noopener\"><em>Cour administrative d\u2019appel de Marseille, n\u00b0&nbsp;97MA00204, 12 f\u00e9vrier 1999<\/em><\/a><\/p>\n\n\n\n<p>De m\u00eame, la blessure d\u2019un agent \u00e0 la main en refermant la porti\u00e8re de son v\u00e9hicule dans sa propri\u00e9t\u00e9 priv\u00e9e n\u2019a pas \u00e9t\u00e9 reconnue comme imputable au service, bien qu\u2019il se pr\u00e9par\u00e2t \u00e0 rejoindre son lieu de travail.<\/p>\n\n\n\n<p><a href=\"https:\/\/www.legifrance.gouv.fr\/ceta\/id\/CETATEXT000037525138?isSuggest=true\" target=\"_blank\" rel=\"noreferrer noopener\"><em>Cour administrative d\u2019appel de Lyon, n\u00b0&nbsp;16LY01632, 22 octobre 2018<\/em><\/a><\/p>\n\n\n\n<h2 style=\"color:#D10016\"><strong>\u00c9volutions r\u00e9centes<\/strong><\/h2>\n\n\n\n<p>Mais r\u00e9cemment, la CAA de Marseille a statu\u00e9 sur deux cas o\u00f9 l\u2019accident est survenu alors que l\u2019agent se trouvait dans des lieux relevant de sa r\u00e9sidence. Dans un cas, l\u2019accident s\u2019est produit <strong>dans un garage collectif ext\u00e9rieur \u00e0 l\u2019immeuble o\u00f9 il r\u00e9side<\/strong>. Alors que la CAA a dans un premier temps consid\u00e9r\u00e9 que le garage se situait dans l\u2019enceinte de sa r\u00e9sidence, elle a toutefois jug\u00e9 que le trajet avait commenc\u00e9 au moment de l\u2019accident, car l\u2019agent avait quitt\u00e9 son domicile (<a href=\"https:\/\/www.legifrance.gouv.fr\/ceta\/id\/CETATEXT000049236258\" target=\"_blank\" rel=\"noreferrer noopener\"><em>Cour administrative d\u2019appel de Marseille, 04\/03\/2024, 22MA00435<\/em><\/a>). Dans l\u2019autre cas, l\u2019accident est survenu <strong>dans l\u2019escalier de sa r\u00e9sidence<\/strong>, mais l\u00e0 encore, la CAA a consid\u00e9r\u00e9 que le trajet avait commenc\u00e9, car l\u2019agent avait quitt\u00e9 son domicile pour emprunter le trajet s\u00e9parant celui-ci de son lieu de travail, au moment de l\u2019accident (<a href=\"https:\/\/www.legifrance.gouv.fr\/ceta\/id\/CETATEXT000046018674\" target=\"_blank\" rel=\"noreferrer noopener\"><em>Cour administrative d\u2019appel de Marseille, 04\/07\/2022, 21MA02328<\/em><\/a>).<\/p>\n\n\n\n<article class=\"obj_encart-formation\">\n<div class=\"ctn_encart\">\n<h3>Votre formation sur ce th\u00e8me<\/h3>\n<h2>&nbsp;L&rsquo;ACCIDENT DE TRAJET DES TITULAIRES&nbsp;<\/h2>\n<h4>1 demi-journ\u00e9e &#8211; En pr\u00e9sentiel ou \u00e0 distance<\/h4>\n<ul>\n<li><strong>Int\u00e9grer les notions d&rsquo;accident de trajet<\/strong> pour les agents titulaires.<\/li>\n<li><strong>Appr\u00e9cier l&rsquo;imputabilit\u00e9<\/strong> au service d&rsquo;un accident de trajet.<\/li>\n<li><strong>Mettre en \u0153uvre la proc\u00e9dure de reconnaissance<\/strong> de l&rsquo;imputabilit\u00e9 au service.<\/li>\n<\/ul>\n<div class=\"ctn_btn\">\n<a class=\"obj_btn\" target=\"_blank\" href=\"https:\/\/www.gereso.com\/INC2\" rel=\"noopener\"><span>En savoir plus<\/span><\/a>\n<a class=\"obj_btn\" target=\"_blank\" href=\"https:\/\/www.gereso.com\/client\/programme-pdf\/INC2.pdf\" rel=\"noopener\"><span>T\u00e9l\u00e9charger le programme PDF<\/span><\/a>\n<\/div>\n<\/article>\n\n\n\n<h2 style=\"color:#D10016\"><strong>Consid\u00e9rant de principe<\/strong><\/h2>\n\n\n\n<p>Le consid\u00e9rant de principe est celui-ci&nbsp;: \u00ab&nbsp;Pour que soit reconnue l\u2019existence d\u2019un accident de trajet lors d\u2019un d\u00e9part vers le lieu de travail, il faut que le trajet du domicile au lieu de destination ait commenc\u00e9. <strong>Tel n\u2019est pas le cas lorsque l\u2019int\u00e9ress\u00e9 se trouve encore, lors de l\u2019accident, \u00e0 l\u2019int\u00e9rieur de son domicile ou de sa propri\u00e9t\u00e9<\/strong>. Toutefois le trajet est le parcours qui commence apr\u00e8s que l\u2019agent est effectivement sorti de son domicile ou de la r\u00e9sidence o\u00f9 il est h\u00e9berg\u00e9 m\u00eame provisoirement, que cette habitation soit individuelle ou collective.&nbsp;\u00bb.<\/p>\n","protected":false},"excerpt":{"rendered":"<p>D\u00e9finition l\u00e9gale de l&rsquo;accident de trajet L\u2019article L822-19 du Code g\u00e9n\u00e9ral de la fonction publique dispose qu\u2019\u00ab&nbsp;Est reconnu imputable au service, lorsque le fonctionnaire ou ses ayants droit en apportent la preuve ou lorsque l\u2019enqu\u00eate permet \u00e0 l\u2019autorit\u00e9 administrative de disposer des \u00e9l\u00e9ments suffisants, l\u2019accident de trajet dont est victime le fonctionnaire qui se produit [&hellip;]<\/p>\n","protected":false},"author":32,"featured_media":40806,"comment_status":"open","ping_status":"open","sticky":false,"template":"","format":"standard","meta":{"_acf_changed":false,"_mi_skip_tracking":false,"footnotes":""},"categories":[12,6],"tags":[],"class_list":["post-40802","post","type-post","status-publish","format-standard","has-post-thumbnail","hentry","category-actualites","category-fonction-publique"],"acf":[],"yoast_head":"<!-- This site is optimized with the Yoast SEO plugin v23.4 - https:\/\/yoast.com\/wordpress\/plugins\/seo\/ -->\n<title>Accident de trajet des agents publics : o\u00f9 commence le \u00ab\u00a0trajet\u00a0\u00bb ? - Le Blog GERESO<\/title>\n<meta name=\"robots\" content=\"index, follow, max-snippet:-1, max-image-preview:large, max-video-preview:-1\" \/>\n<link rel=\"canonical\" href=\"https:\/\/www.gereso.com\/actualites\/2024\/06\/20\/precisions-imputabilite-accidents-trajet-selon-jurisprudence-juge-administratif\/\" \/>\n<meta property=\"og:locale\" content=\"fr_FR\" \/>\n<meta property=\"og:type\" content=\"article\" \/>\n<meta property=\"og:title\" content=\"Accident de trajet des agents publics : o\u00f9 commence le \u00ab\u00a0trajet\u00a0\u00bb ? - Le Blog GERESO\" \/>\n<meta property=\"og:description\" content=\"D\u00e9finition l\u00e9gale de l&rsquo;accident de trajet L\u2019article L822-19 du Code g\u00e9n\u00e9ral de la fonction publique dispose qu\u2019\u00ab&nbsp;Est reconnu imputable au service, lorsque le fonctionnaire ou ses ayants droit en apportent la preuve ou lorsque l\u2019enqu\u00eate permet \u00e0 l\u2019autorit\u00e9 administrative de disposer des \u00e9l\u00e9ments suffisants, l\u2019accident de trajet dont est victime le fonctionnaire qui se produit [&hellip;]\" \/>\n<meta property=\"og:url\" content=\"https:\/\/www.gereso.com\/actualites\/2024\/06\/20\/precisions-imputabilite-accidents-trajet-selon-jurisprudence-juge-administratif\/\" \/>\n<meta property=\"og:site_name\" content=\"Le Blog GERESO\" \/>\n<meta property=\"article:published_time\" content=\"2024-06-20T09:48:15+00:00\" \/>\n<meta property=\"article:modified_time\" content=\"2024-07-08T13:09:41+00:00\" \/>\n<meta property=\"og:image\" content=\"https:\/\/www.gereso.com\/actualites\/wp-content\/uploads\/2024\/06\/precisions-imputabilite-accidents-trajet-selon-jurisprudence-juge-administratif.jpg\" \/>\n\t<meta property=\"og:image:width\" content=\"600\" \/>\n\t<meta property=\"og:image:height\" content=\"400\" \/>\n\t<meta property=\"og:image:type\" content=\"image\/jpeg\" \/>\n<meta name=\"author\" content=\"\u00c9quipe GERESO\" \/>\n<meta name=\"twitter:card\" content=\"summary_large_image\" \/>\n<script type=\"application\/ld+json\" class=\"yoast-schema-graph\">{\"@context\":\"https:\/\/schema.org\",\"@graph\":[{\"@type\":\"WebPage\",\"@id\":\"https:\/\/www.gereso.com\/actualites\/2024\/06\/20\/precisions-imputabilite-accidents-trajet-selon-jurisprudence-juge-administratif\/\",\"url\":\"https:\/\/www.gereso.com\/actualites\/2024\/06\/20\/precisions-imputabilite-accidents-trajet-selon-jurisprudence-juge-administratif\/\",\"name\":\"Accident de trajet des agents publics : o\u00f9 commence le \u00ab\u00a0trajet\u00a0\u00bb ? - Le Blog GERESO\",\"isPartOf\":{\"@id\":\"https:\/\/www.gereso.com\/actualites\/#website\"},\"primaryImageOfPage\":{\"@id\":\"https:\/\/www.gereso.com\/actualites\/2024\/06\/20\/precisions-imputabilite-accidents-trajet-selon-jurisprudence-juge-administratif\/#primaryimage\"},\"image\":{\"@id\":\"https:\/\/www.gereso.com\/actualites\/2024\/06\/20\/precisions-imputabilite-accidents-trajet-selon-jurisprudence-juge-administratif\/#primaryimage\"},\"thumbnailUrl\":\"https:\/\/www.gereso.com\/actualites\/wp-content\/uploads\/2024\/06\/precisions-imputabilite-accidents-trajet-selon-jurisprudence-juge-administratif.jpg\",\"datePublished\":\"2024-06-20T09:48:15+00:00\",\"dateModified\":\"2024-07-08T13:09:41+00:00\",\"author\":{\"@id\":\"https:\/\/www.gereso.com\/actualites\/#\/schema\/person\/197d8aef40cb4ae3f6a0aa9e1d3df2a6\"},\"breadcrumb\":{\"@id\":\"https:\/\/www.gereso.com\/actualites\/2024\/06\/20\/precisions-imputabilite-accidents-trajet-selon-jurisprudence-juge-administratif\/#breadcrumb\"},\"inLanguage\":\"fr-FR\",\"potentialAction\":[{\"@type\":\"ReadAction\",\"target\":[\"https:\/\/www.gereso.com\/actualites\/2024\/06\/20\/precisions-imputabilite-accidents-trajet-selon-jurisprudence-juge-administratif\/\"]}]},{\"@type\":\"ImageObject\",\"inLanguage\":\"fr-FR\",\"@id\":\"https:\/\/www.gereso.com\/actualites\/2024\/06\/20\/precisions-imputabilite-accidents-trajet-selon-jurisprudence-juge-administratif\/#primaryimage\",\"url\":\"https:\/\/www.gereso.com\/actualites\/wp-content\/uploads\/2024\/06\/precisions-imputabilite-accidents-trajet-selon-jurisprudence-juge-administratif.jpg\",\"contentUrl\":\"https:\/\/www.gereso.com\/actualites\/wp-content\/uploads\/2024\/06\/precisions-imputabilite-accidents-trajet-selon-jurisprudence-juge-administratif.jpg\",\"width\":600,\"height\":400,\"caption\":\"Accident de trajet, une distance compliqu\u00e9e \u00e0 d\u00e9limiter pr\u00e9cis\u00e9ment.\"},{\"@type\":\"BreadcrumbList\",\"@id\":\"https:\/\/www.gereso.com\/actualites\/2024\/06\/20\/precisions-imputabilite-accidents-trajet-selon-jurisprudence-juge-administratif\/#breadcrumb\",\"itemListElement\":[{\"@type\":\"ListItem\",\"position\":1,\"name\":\"Home\",\"item\":\"https:\/\/www.gereso.com\/actualites\/\"},{\"@type\":\"ListItem\",\"position\":2,\"name\":\"Accident de trajet des agents publics : o\u00f9 commence le \u00ab\u00a0trajet\u00a0\u00bb ?\"}]},{\"@type\":\"WebSite\",\"@id\":\"https:\/\/www.gereso.com\/actualites\/#website\",\"url\":\"https:\/\/www.gereso.com\/actualites\/\",\"name\":\"Le Blog GERESO\",\"description\":\"Toute l&#039;actu RH, Finance, Fonction Publique, Management...\",\"potentialAction\":[{\"@type\":\"SearchAction\",\"target\":{\"@type\":\"EntryPoint\",\"urlTemplate\":\"https:\/\/www.gereso.com\/actualites\/?s={search_term_string}\"},\"query-input\":{\"@type\":\"PropertyValueSpecification\",\"valueRequired\":true,\"valueName\":\"search_term_string\"}}],\"inLanguage\":\"fr-FR\"},{\"@type\":\"Person\",\"@id\":\"https:\/\/www.gereso.com\/actualites\/#\/schema\/person\/197d8aef40cb4ae3f6a0aa9e1d3df2a6\",\"name\":\"\u00c9quipe GERESO\",\"image\":{\"@type\":\"ImageObject\",\"inLanguage\":\"fr-FR\",\"@id\":\"https:\/\/www.gereso.com\/actualites\/#\/schema\/person\/image\/\",\"url\":\"https:\/\/www.gereso.com\/actualites\/wp-content\/uploads\/2013\/12\/avatar-gereso-1.png\",\"contentUrl\":\"https:\/\/www.gereso.com\/actualites\/wp-content\/uploads\/2013\/12\/avatar-gereso-1.png\",\"caption\":\"\u00c9quipe GERESO\"},\"url\":\"https:\/\/www.gereso.com\/actualites\/author\/gereso\/\"}]}<\/script>\n<!-- \/ Yoast SEO plugin. -->","yoast_head_json":{"title":"Accident de trajet des agents publics : o\u00f9 commence le \u00ab\u00a0trajet\u00a0\u00bb ? - Le Blog GERESO","robots":{"index":"index","follow":"follow","max-snippet":"max-snippet:-1","max-image-preview":"max-image-preview:large","max-video-preview":"max-video-preview:-1"},"canonical":"https:\/\/www.gereso.com\/actualites\/2024\/06\/20\/precisions-imputabilite-accidents-trajet-selon-jurisprudence-juge-administratif\/","og_locale":"fr_FR","og_type":"article","og_title":"Accident de trajet des agents publics : o\u00f9 commence le \u00ab\u00a0trajet\u00a0\u00bb ? - Le Blog GERESO","og_description":"D\u00e9finition l\u00e9gale de l&rsquo;accident de trajet L\u2019article L822-19 du Code g\u00e9n\u00e9ral de la fonction publique dispose qu\u2019\u00ab&nbsp;Est reconnu imputable au service, lorsque le fonctionnaire ou ses ayants droit en apportent la preuve ou lorsque l\u2019enqu\u00eate permet \u00e0 l\u2019autorit\u00e9 administrative de disposer des \u00e9l\u00e9ments suffisants, l\u2019accident de trajet dont est victime le fonctionnaire qui se produit [&hellip;]","og_url":"https:\/\/www.gereso.com\/actualites\/2024\/06\/20\/precisions-imputabilite-accidents-trajet-selon-jurisprudence-juge-administratif\/","og_site_name":"Le Blog GERESO","article_published_time":"2024-06-20T09:48:15+00:00","article_modified_time":"2024-07-08T13:09:41+00:00","og_image":[{"width":600,"height":400,"url":"https:\/\/www.gereso.com\/actualites\/wp-content\/uploads\/2024\/06\/precisions-imputabilite-accidents-trajet-selon-jurisprudence-juge-administratif.jpg","type":"image\/jpeg"}],"author":"\u00c9quipe GERESO","twitter_card":"summary_large_image","schema":{"@context":"https:\/\/schema.org","@graph":[{"@type":"WebPage","@id":"https:\/\/www.gereso.com\/actualites\/2024\/06\/20\/precisions-imputabilite-accidents-trajet-selon-jurisprudence-juge-administratif\/","url":"https:\/\/www.gereso.com\/actualites\/2024\/06\/20\/precisions-imputabilite-accidents-trajet-selon-jurisprudence-juge-administratif\/","name":"Accident de trajet des agents publics : o\u00f9 commence le \u00ab\u00a0trajet\u00a0\u00bb ? - Le Blog GERESO","isPartOf":{"@id":"https:\/\/www.gereso.com\/actualites\/#website"},"primaryImageOfPage":{"@id":"https:\/\/www.gereso.com\/actualites\/2024\/06\/20\/precisions-imputabilite-accidents-trajet-selon-jurisprudence-juge-administratif\/#primaryimage"},"image":{"@id":"https:\/\/www.gereso.com\/actualites\/2024\/06\/20\/precisions-imputabilite-accidents-trajet-selon-jurisprudence-juge-administratif\/#primaryimage"},"thumbnailUrl":"https:\/\/www.gereso.com\/actualites\/wp-content\/uploads\/2024\/06\/precisions-imputabilite-accidents-trajet-selon-jurisprudence-juge-administratif.jpg","datePublished":"2024-06-20T09:48:15+00:00","dateModified":"2024-07-08T13:09:41+00:00","author":{"@id":"https:\/\/www.gereso.com\/actualites\/#\/schema\/person\/197d8aef40cb4ae3f6a0aa9e1d3df2a6"},"breadcrumb":{"@id":"https:\/\/www.gereso.com\/actualites\/2024\/06\/20\/precisions-imputabilite-accidents-trajet-selon-jurisprudence-juge-administratif\/#breadcrumb"},"inLanguage":"fr-FR","potentialAction":[{"@type":"ReadAction","target":["https:\/\/www.gereso.com\/actualites\/2024\/06\/20\/precisions-imputabilite-accidents-trajet-selon-jurisprudence-juge-administratif\/"]}]},{"@type":"ImageObject","inLanguage":"fr-FR","@id":"https:\/\/www.gereso.com\/actualites\/2024\/06\/20\/precisions-imputabilite-accidents-trajet-selon-jurisprudence-juge-administratif\/#primaryimage","url":"https:\/\/www.gereso.com\/actualites\/wp-content\/uploads\/2024\/06\/precisions-imputabilite-accidents-trajet-selon-jurisprudence-juge-administratif.jpg","contentUrl":"https:\/\/www.gereso.com\/actualites\/wp-content\/uploads\/2024\/06\/precisions-imputabilite-accidents-trajet-selon-jurisprudence-juge-administratif.jpg","width":600,"height":400,"caption":"Accident de trajet, une distance compliqu\u00e9e \u00e0 d\u00e9limiter pr\u00e9cis\u00e9ment."},{"@type":"BreadcrumbList","@id":"https:\/\/www.gereso.com\/actualites\/2024\/06\/20\/precisions-imputabilite-accidents-trajet-selon-jurisprudence-juge-administratif\/#breadcrumb","itemListElement":[{"@type":"ListItem","position":1,"name":"Home","item":"https:\/\/www.gereso.com\/actualites\/"},{"@type":"ListItem","position":2,"name":"Accident de trajet des agents publics : o\u00f9 commence le \u00ab\u00a0trajet\u00a0\u00bb ?"}]},{"@type":"WebSite","@id":"https:\/\/www.gereso.com\/actualites\/#website","url":"https:\/\/www.gereso.com\/actualites\/","name":"Le Blog GERESO","description":"Toute l&#039;actu RH, Finance, Fonction Publique, Management...","potentialAction":[{"@type":"SearchAction","target":{"@type":"EntryPoint","urlTemplate":"https:\/\/www.gereso.com\/actualites\/?s={search_term_string}"},"query-input":{"@type":"PropertyValueSpecification","valueRequired":true,"valueName":"search_term_string"}}],"inLanguage":"fr-FR"},{"@type":"Person","@id":"https:\/\/www.gereso.com\/actualites\/#\/schema\/person\/197d8aef40cb4ae3f6a0aa9e1d3df2a6","name":"\u00c9quipe GERESO","image":{"@type":"ImageObject","inLanguage":"fr-FR","@id":"https:\/\/www.gereso.com\/actualites\/#\/schema\/person\/image\/","url":"https:\/\/www.gereso.com\/actualites\/wp-content\/uploads\/2013\/12\/avatar-gereso-1.png","contentUrl":"https:\/\/www.gereso.com\/actualites\/wp-content\/uploads\/2013\/12\/avatar-gereso-1.png","caption":"\u00c9quipe GERESO"},"url":"https:\/\/www.gereso.com\/actualites\/author\/gereso\/"}]}},"_links":{"self":[{"href":"https:\/\/www.gereso.com\/actualites\/wp-json\/wp\/v2\/posts\/40802","targetHints":{"allow":["GET"]}}],"collection":[{"href":"https:\/\/www.gereso.com\/actualites\/wp-json\/wp\/v2\/posts"}],"about":[{"href":"https:\/\/www.gereso.com\/actualites\/wp-json\/wp\/v2\/types\/post"}],"author":[{"embeddable":true,"href":"https:\/\/www.gereso.com\/actualites\/wp-json\/wp\/v2\/users\/32"}],"replies":[{"embeddable":true,"href":"https:\/\/www.gereso.com\/actualites\/wp-json\/wp\/v2\/comments?post=40802"}],"version-history":[{"count":12,"href":"https:\/\/www.gereso.com\/actualites\/wp-json\/wp\/v2\/posts\/40802\/revisions"}],"predecessor-version":[{"id":41191,"href":"https:\/\/www.gereso.com\/actualites\/wp-json\/wp\/v2\/posts\/40802\/revisions\/41191"}],"wp:featuredmedia":[{"embeddable":true,"href":"https:\/\/www.gereso.com\/actualites\/wp-json\/wp\/v2\/media\/40806"}],"wp:attachment":[{"href":"https:\/\/www.gereso.com\/actualites\/wp-json\/wp\/v2\/media?parent=40802"}],"wp:term":[{"taxonomy":"category","embeddable":true,"href":"https:\/\/www.gereso.com\/actualites\/wp-json\/wp\/v2\/categories?post=40802"},{"taxonomy":"post_tag","embeddable":true,"href":"https:\/\/www.gereso.com\/actualites\/wp-json\/wp\/v2\/tags?post=40802"}],"curies":[{"name":"wp","href":"https:\/\/api.w.org\/{rel}","templated":true}]}}