{"id":41012,"date":"2024-07-02T11:42:10","date_gmt":"2024-07-02T09:42:10","guid":{"rendered":"https:\/\/www.gereso.com\/actualites\/?p=41012"},"modified":"2024-07-02T11:45:43","modified_gmt":"2024-07-02T09:45:43","slug":"tendances-future-work-responsable-formation-2030","status":"publish","type":"post","link":"https:\/\/www.gereso.com\/actualites\/2024\/07\/02\/tendances-future-work-responsable-formation-2030\/","title":{"rendered":"Les tendances du future of work : Le responsable formation de 2030"},"content":{"rendered":"\n\n\n<h2 style=\"color:#D10016\"><strong>Les enjeux de formation de 2030<\/strong><\/h2>\n\n\n\n<p>Pour imaginer le responsable formation de 2030, il faut d\u00e9j\u00e0 r\u00e9fl\u00e9chir \u00e0 ce que sera la formation professionnelle continue en 2030.<\/p>\n\n\n\n<p>Quels seront ses enjeux&nbsp;? Quelles seront les attentes vis-\u00e0-vis d\u2019elle&nbsp;? En quoi et comment permettra-t-elle aux entreprises d\u2019atteindre leurs objectifs \u00e9conomiques&nbsp;?<\/p>\n\n\n\n<h3>La formation de 2030 et les avanc\u00e9es technologiques<\/h3>\n\n\n\n<p>\u00c9videmment, le premier enjeu majeur actuel et pour les ann\u00e9es \u00e0 venir, est li\u00e9 \u00e0 l\u2019usage des nouvelles technologies dans la formation.<\/p>\n\n\n\n<p>L\u2019<strong><a href=\"https:\/\/www.gereso.com\/actualites\/2024\/07\/01\/limpact-intelligence-artificielle-gestion-competences\/\" target=\"_blank\" rel=\"noreferrer noopener\">Intelligence Artificielle<\/a> <\/strong>(IA), d\u00e9j\u00e0 bien pr\u00e9sente, devrait \u00eatre encore plus utilis\u00e9e pour enrichir les contenus de formation, b\u00e2tir les programmes de formation mais aussi permettre une plus grande automatisation de la gestion de la formation. Elle permettra \u00e9galement d\u2019aller plus loin dans l\u2019<strong>analyse des donn\u00e9es <\/strong>qui mesurent l\u2019efficacit\u00e9 des formations.<\/p>\n\n\n\n<p>La r\u00e9alit\u00e9 virtuelle, quant \u00e0 elle, aidera \u00e0 cr\u00e9er des<strong> modules de formation encore plus r\u00e9alistes<\/strong>, de placer les apprenants en situation proche de la r\u00e9alit\u00e9 et de faire interagir des personnes localis\u00e9es dans des sites diff\u00e9rents. \u00a0<\/p>\n\n\n\n<h3>La formation de 2030 et la p\u00e9dagogie<\/h3>\n\n\n\n<p>Plusieurs outils viendront <strong>enrichir les contenus et les programmes p\u00e9dagogiques.<\/strong><\/p>\n\n\n\n<p>Avec l\u2019IA et le machine learning, l\u2019Adaptive learning pourrait devenir la norme. Cette approche permet une hyper personnalisation des parcours de formation. Ainsi, chaque apprenant b\u00e9n\u00e9ficie d\u2019une <strong>formation qui lui correspond en termes de progression p\u00e9dagogique, de contenu et de modalit\u00e9s p\u00e9dagogiques.<\/strong><\/p>\n\n\n\n<p>Les d\u00e9couvertes des neurosciences, de plus en plus utilis\u00e9es dans la formation, permettront d\u2019<strong>identifier de nouveaux moyens de capter et conserver l\u2019attention des apprenants.<\/strong><\/p>\n\n\n\n<p>Les formats \u00ab\u00a0snack\u00a0\u00bb en formation seront privil\u00e9gi\u00e9s. Ainsi, de plus en plus de programmes seront d\u00e9velopp\u00e9s sous le format du micro-learning, avec des <strong>modules courts et cibl\u00e9s<\/strong> pour r\u00e9pondre aux besoins sp\u00e9cifiques des salari\u00e9s. De m\u00eame, le mobile learning sera encore plus r\u00e9pandu.<\/p>\n\n\n\n<p>La <strong>ludop\u00e9dagogie<\/strong> permettra de continuer \u00e0 gamifier les formations. Le format descendant ou magistral sera r\u00e9duit au minimum, au profit de la p\u00e9dagogie active et des jeux en formation. Les apprenants seront encore plus partie prenante et engag\u00e9s dans le d\u00e9roulement des formations.<\/p>\n\n\n\n<h3>La formation de 2030 et les enjeux \u00e9conomiques<\/h3>\n\n\n\n<p>Avec l\u2019\u00e9volution de l\u2019\u00e9conomie, certaines comp\u00e9tences seront \u00e0 d\u00e9velopper en priorit\u00e9, notamment les <strong><a href=\"https:\/\/www.gereso.com\/actualites\/2024\/06\/13\/quelles-soft-skills-metier-comment-dresser-carthograohie\/\" target=\"_blank\" rel=\"noreferrer noopener\">soft skills<\/a>.<\/strong> Ainsi, la cr\u00e9ativit\u00e9, la capacit\u00e9 d\u2019adaptation, la capacit\u00e9 d\u2019apprentissage, la capacit\u00e9 \u00e0 g\u00e9rer l\u2019ambigu\u00eft\u00e9, l\u2019esprit critique pourront \u00eatre cl\u00e9s. La ma\u00eetrise des technologies type IA et r\u00e9alit\u00e9 virtuelle sera importante. La formation sera un outil crucial pour d\u00e9velopper ces comp\u00e9tences. \u00a0<\/p>\n\n\n\n<h3>La formation de 2030 et les nouveaux enjeux RH<\/h3>\n\n\n\n<p>On peut supposer que l\u2019on retrouvera parmi les centres d\u2019int\u00e9r\u00eat RH de demain\u00a0: la <strong>pr\u00e9servation de la sant\u00e9 mentale des collaborateurs<\/strong>, l\u2019accompagnement renforc\u00e9 des managers qui sont trop souvent oubli\u00e9s, l\u2019accompagnement au changement et le d\u00e9veloppement des comp\u00e9tences. La formation sera un pilier pour r\u00e9pondre \u00e0 ces enjeux.<\/p>\n\n\n\n<h3>La formation de 2030 et les enjeux soci\u00e9taux<\/h3>\n\n\n\n<p>Avec la crise climatique et les tensions sociales, la <strong><a href=\"https:\/\/www.gereso.com\/actualites\/2024\/03\/04\/diversite-equite-inclusion-quels-kpi-quel-tableau-bord\/\" target=\"_blank\" rel=\"noreferrer noopener\">Diversit\u00e9, Equit\u00e9 &amp; Inclusion<\/a><\/strong> (DEI) et la<strong> Responsabilit\u00e9 Soci\u00e9tale des Entreprises<\/strong> (RSE)\u00a0seront des pr\u00e9occupations majeures et r\u00e9elles des entreprises. La formation sera un moyen de sensibiliser les collaborateurs sur ses sujets et d\u2019amener de nouvelles pratiques dans l\u2019entreprise. \u00a0<\/p>\n\n\n\n<h3>L\u2019efficacit\u00e9 de la formation de 2030<\/h3>\n\n\n\n<p>Avec l\u2019augmentation de l\u2019exigence de qualit\u00e9 des formations (via Qualiopi ou une autre certification) et la resserrement possible des financements, il sera important de pouvoir <strong>prouver l\u2019efficacit\u00e9 des formations<\/strong>. Ainsi, des mesures compl\u00e9mentaires comme du mentorat, du tutorat, du coaching ou des outils d\u2019intelligence collective pourraient \u00eatre mises en place plus syst\u00e9matiquement pour renforcer l\u2019impact de la formation.<\/p>\n\n\n\n<p>Il sera critique, pour chaque module, d\u2019\u00eatre capable de <strong>mesurer le ROI<\/strong> (Return On Investment\/Retour sur Investissement).<\/p>\n\n\n\n<h2 style=\"color:#D10016\"><strong>Le poste de responsable formation en 2030<\/strong><\/h2>\n\n\n\n<p>Pour d\u00e9ployer et g\u00e9rer la formation en 2030, le r\u00f4le du responsable formation sera crucial. Essayons d\u2019imaginer ce que l\u2019on attendra de ce poste.<\/p>\n\n\n\n<h3>Les comp\u00e9tences du responsable de formation de 2030<\/h3>\n\n\n\n<p>Pour coller aux nouvelles exigences de la formation professionnelle en 2030 que nous venons de d\u00e9crire, le responsable formation devra d\u00e9velopper de nouvelles comp\u00e9tences.<\/p>\n\n\n\n<p>Zoom sur les comp\u00e9tences cl\u00e9s.<\/p>\n\n\n\n<h4 class=\"wp-block-heading\"><strong>Comp\u00e9tences technologiques et IA<\/strong><\/h4>\n\n\n\n<p>\u00c9videmment, la ma\u00eetrise de l\u2019IA, de la r\u00e9alit\u00e9 virtuelle, des technologies de mani\u00e8re g\u00e9n\u00e9rale, sera indispensable pour gagner en temps, en efficacit\u00e9 mais aussi en qualit\u00e9.<\/p>\n\n\n\n<h4 class=\"wp-block-heading\"><strong>Capacit\u00e9 d\u2019innovation<\/strong><\/h4>\n\n\n\n<p>Avec les exigences plus pointues de l\u2019entreprise en termes de d\u00e9lais et d\u2019efficacit\u00e9, il faudra s\u2019appuyer sur les nouvelles technologies et les innovations p\u00e9dagogiques \u00e0 disposition pour proposer des programmes et contenus innovants. Les veilles technologique et p\u00e9dagogique seront cruciales.&nbsp;<\/p>\n\n\n\n<h4 class=\"wp-block-heading\"><strong>Adaptabilit\u00e9<\/strong><\/h4>\n\n\n\n<p>De nouvelles technologies et de nouveaux outils auront s\u00fbrement fait leur apparition. Il faudra donc \u00eatre capable de rapidement prendre en main ces outils. De m\u00eame, les \u00e9volutions r\u00e9glementaires et les innovations p\u00e9dagogiques seront peut-\u00eatre plus nombreuses et n\u00e9cessiteront de l\u2019agilit\u00e9.<\/p>\n\n\n\n<h4 class=\"wp-block-heading\"><strong>Capacit\u00e9 d\u2019analyse<\/strong><\/h4>\n\n\n\n<p>Le responsable formation de 2030 devra \u00eatre capable d\u2019analyser, avec l\u2019aide de l\u2019IA notamment, les donn\u00e9es li\u00e9es \u00e0 l\u2019efficacit\u00e9 des formations et d\u2019\u00e9valuer le ROI. Il devra aussi r\u00e9ajuster rapidement\u00a0 les contenus et les programmes en cas de besoin. Et \u00eatre capable de personnaliser au maximum les parcours, sur la base des donn\u00e9es disponibles.<\/p>\n\n\n\n<article class=\"obj_encart-formation\">\n<div class=\"ctn_encart\">\n<h3>Votre formation sur ce th\u00e8me<\/h3>\n<h2>&nbsp;PILOTAGE DE LA FORMATION PROFESSIONNELLE&nbsp;<\/h2>\n<h4>4 jours &#8211; En pr\u00e9sentiel ou \u00e0 distance<\/h4>\n<ul>\n<li><strong>Concevoir et mettre en \u0153uvre tout le processus de formation<\/strong> dans l&rsquo;entreprise.<\/li>\n<li><strong>Identifier la r\u00e9glementation<\/strong> relative \u00e0 la formation professionnelles continue.<\/li>\n<li><strong>Identifier et articuler au mieux les diff\u00e9rents dispositifs<\/strong> d&rsquo;acc\u00e8s \u00e0 la formation pour optimiser les dispositifs de d\u00e9veloppement des comp\u00e9tences.<\/li>\n<li><strong>Mieux clarifier les besoins en formation <\/strong>et mettre en place un arbitrage efficient.<\/li>\n<li><strong>Expliquer les diff\u00e9rentes \u00e9tapes d&rsquo;\u00e9laboration<\/strong> du plan de d\u00e9veloppement des comp\u00e9tences et identifier les conditions de r\u00e9ussite.<\/li>\n<\/ul>\n<div class=\"ctn_btn\">\n<a class=\"obj_btn\" target=\"_blank\" href=\"https:\/\/www.gereso.com\/KFOR\" rel=\"noopener\"><span>En savoir plus<\/span><\/a>\n<a class=\"obj_btn\" target=\"_blank\" href=\"https:\/\/www.gereso.com\/client\/programme-pdf\/KFOR.pdf\" rel=\"noopener\"><span>T\u00e9l\u00e9charger le programme PDF<\/span><\/a>\n<\/div>\n<\/article>\n\n\n\n<h3 class=\"wp-block-heading\">La journ\u00e9e type d\u2019un responsable de formation en 2030<\/h3>\n\n\n\n<p>Une id\u00e9e int\u00e9ressante et ludique pour mieux comprendre le r\u00f4le du responsable formation de 2030 serait d\u2019imaginer la journ\u00e9e type d\u2019Oliver, occupant ce poste en 2030.<\/p>\n\n\n\n<ul class=\"wp-block-list\">\n<li>9h\u00a0: arriv\u00e9e d\u2019Olivier \u00e0 l\u2019espace de coworking situ\u00e9 proche de son domicile. Son entreprise est bas\u00e9e dans une autre ville et prend en charge un abonnement coworking pour ses collaborateurs dispers\u00e9s sur le territoire fran\u00e7ais.<\/li>\n\n\n\n<li>9h-9h15\u00a0: prise de connaissance des emails. La bo\u00eete email d\u2019Olivier est g\u00e9r\u00e9e par une IA. Gr\u00e2ce \u00e0 ses \u00e9couteurs Bluetooth connect\u00e9s \u00e0 son t\u00e9l\u00e9phone, Olivier \u00e9coute le compte-rendu synth\u00e9tique des emails re\u00e7us depuis la veille. L\u2019IA lui sugg\u00e8re \u00e9galement un ordre de priorit\u00e9 dans les emails \u00e0 traiter.<\/li>\n\n\n\n<li>9h15-9h45\u00a0: Olivier traite ses emails en dictant le texte, plus besoin de taper lui-m\u00eame.<\/li>\n\n\n\n<li>10h-10h30\u00a0: r\u00e9union avec l\u2019un des managers de son p\u00e9rim\u00e8tre pour finaliser le plan de d\u00e9veloppement des comp\u00e9tences. Ce manager est bas\u00e9 au si\u00e8ge, \u00e0 des centaines de kilom\u00e8tres de l\u00e0. Ils se rencontrent par hologramme interpos\u00e9, ce qui est plus convivial, malgr\u00e9 la distance. Gr\u00e2ce \u00e0 l\u2019outil de collecte des besoins de formation g\u00e9r\u00e9 par IA, ils identifient rapidement les priorit\u00e9s et peuvent proc\u00e9der \u00e0 l\u2019arbitrage.<\/li>\n\n\n\n<li>10h30-11h\u00a0: rendez-vous avec un prestataire qui vient de d\u00e9velopper un module de formation en r\u00e9alit\u00e9 virtuelle sur les risques psychosociaux. \u00a0<\/li>\n\n\n\n<li>12h-13h30\u00a0: pause d\u00e9jeuner. Olivier commence par une s\u00e9ance de sport propos\u00e9e par son espace de coworking. Le bien-\u00eatre des collaborateurs est une pr\u00e9occupation majeure de l\u2019entreprise d\u2019Olivier.<\/li>\n\n\n\n<li>13h30-14h\u00a0: Olivier accueille sur son lieu de coworking la formatrice qui vient animer une session de formation sur l\u2019organisation du temps et la pr\u00e9servation de la sant\u00e9 mentale. C\u2019est une session inter-entreprises qui regroupe des coll\u00e8gues d\u2019Olivier mais aussi des collaborateurs d\u2019autres entreprises pr\u00e9sentes dans ce coworking.<\/li>\n\n\n\n<li>14h-15h\u00a0: webinaire sur la version 15 de Qualiopi. Olivier s\u2019accroche, les r\u00e8gles se complexifient encore. Mais \u00e0 l\u2019avantage des collaborateurs et pour une meilleure efficacit\u00e9 des formations.<\/li>\n\n\n\n<li>15h30-16h30\u00a0: analyse du ROI du programme de formation pour les managers du trimestre dernier. Ceux-ci ont \u00e9t\u00e9 encourag\u00e9s \u00e0 mettre en place les \u00e9l\u00e9ments vus pendant la formation. Olivier se concentre sur le Net Promotor Score du programme, le niveau d\u2019efficacit\u00e9 \u00e9valu\u00e9 par les managers et les suggestions d\u2019am\u00e9lioration. Il devra soumettre son analyse et ses pr\u00e9conisations \u00e0 son N+1. Seules les formations ayant un r\u00e9el impact sur les participants sont renouvel\u00e9es. \u00a0<\/li>\n\n\n\n<li>16h30-17h30\u00a0: r\u00e9union de travail avec plusieurs collaborateurs volontaires pour d\u00e9velopper plusieurs initiatives de sensibilisation et de formation \u00e0 l\u2019occasion du mois de la Diversit\u00e9, Equit\u00e9 &amp; Inclusion. Cette d\u00e9marche est propos\u00e9e tous les ans par l\u2019entreprise d\u2019Olivier et est co-cr\u00e9\u00e9e avec des collaborateurs volontaires de diff\u00e9rents services.<\/li>\n\n\n\n<li>17h30-18h\u00a0: r\u00e9ponses aux derniers emails de la journ\u00e9e.<\/li>\n<\/ul>\n\n\n\n<p>Cette simulation d\u2019une journ\u00e9e type du Responsable formation de 2030 permet d\u2019illustrer les enjeux principaux\u00a0: l\u2019<strong>appui de la technologie pour gagner en efficacit\u00e9 et en personnalisation<\/strong>, les sujets incontournables comme la DEI et la pr\u00e9servation de la sant\u00e9 mentale des collaborateurs, l\u2019implication des salari\u00e9s pour plus d\u2019<strong>engagement<\/strong>, l\u2019importance de l\u2019<strong>\u00e9valuation de l\u2019efficacit\u00e9 des formations<\/strong>, l\u2019<strong>autonomisation des postes<\/strong>.<\/p>\n\n\n\n<p>Et vous, comment vous imaginez-vous le r\u00f4le du responsable formation de 2030&nbsp;?<\/p>\n","protected":false},"excerpt":{"rendered":"<p>Les enjeux de formation de 2030 Pour imaginer le responsable formation de 2030, il faut d\u00e9j\u00e0 r\u00e9fl\u00e9chir \u00e0 ce que sera la formation professionnelle continue en 2030. Quels seront ses enjeux&nbsp;? Quelles seront les attentes vis-\u00e0-vis d\u2019elle&nbsp;? En quoi et comment permettra-t-elle aux entreprises d\u2019atteindre leurs objectifs \u00e9conomiques&nbsp;? La formation de 2030 et les avanc\u00e9es [&hellip;]<\/p>\n","protected":false},"author":92,"featured_media":41041,"comment_status":"open","ping_status":"open","sticky":false,"template":"","format":"standard","meta":{"_acf_changed":false,"_mi_skip_tracking":false,"footnotes":""},"categories":[12,828],"tags":[],"class_list":["post-41012","post","type-post","status-publish","format-standard","has-post-thumbnail","hentry","category-actualites","category-formation-professionnelle"],"acf":[],"yoast_head":"<!-- This site is optimized with the Yoast SEO plugin v23.4 - https:\/\/yoast.com\/wordpress\/plugins\/seo\/ -->\n<title>Les tendances du future of work : Le responsable formation de 2030 - Le Blog GERESO<\/title>\n<meta name=\"robots\" content=\"index, follow, max-snippet:-1, max-image-preview:large, max-video-preview:-1\" \/>\n<link rel=\"canonical\" href=\"https:\/\/www.gereso.com\/actualites\/2024\/07\/02\/tendances-future-work-responsable-formation-2030\/\" \/>\n<meta property=\"og:locale\" content=\"fr_FR\" \/>\n<meta property=\"og:type\" content=\"article\" \/>\n<meta property=\"og:title\" content=\"Les tendances du future of work : Le responsable formation de 2030 - Le Blog GERESO\" \/>\n<meta property=\"og:description\" content=\"Les enjeux de formation de 2030 Pour imaginer le responsable formation de 2030, il faut d\u00e9j\u00e0 r\u00e9fl\u00e9chir \u00e0 ce que sera la formation professionnelle continue en 2030. Quels seront ses enjeux&nbsp;? Quelles seront les attentes vis-\u00e0-vis d\u2019elle&nbsp;? En quoi et comment permettra-t-elle aux entreprises d\u2019atteindre leurs objectifs \u00e9conomiques&nbsp;? La formation de 2030 et les avanc\u00e9es [&hellip;]\" \/>\n<meta property=\"og:url\" content=\"https:\/\/www.gereso.com\/actualites\/2024\/07\/02\/tendances-future-work-responsable-formation-2030\/\" \/>\n<meta property=\"og:site_name\" content=\"Le Blog GERESO\" \/>\n<meta property=\"article:published_time\" content=\"2024-07-02T09:42:10+00:00\" \/>\n<meta property=\"article:modified_time\" content=\"2024-07-02T09:45:43+00:00\" \/>\n<meta property=\"og:image\" content=\"https:\/\/www.gereso.com\/actualites\/wp-content\/uploads\/2024\/07\/responsable-formation-2030.jpg\" \/>\n\t<meta property=\"og:image:width\" content=\"600\" \/>\n\t<meta property=\"og:image:height\" content=\"400\" \/>\n\t<meta property=\"og:image:type\" content=\"image\/jpeg\" \/>\n<meta name=\"author\" content=\"C\u00e9cile Kromwel\" \/>\n<meta name=\"twitter:card\" content=\"summary_large_image\" \/>\n<script type=\"application\/ld+json\" class=\"yoast-schema-graph\">{\"@context\":\"https:\/\/schema.org\",\"@graph\":[{\"@type\":\"WebPage\",\"@id\":\"https:\/\/www.gereso.com\/actualites\/2024\/07\/02\/tendances-future-work-responsable-formation-2030\/\",\"url\":\"https:\/\/www.gereso.com\/actualites\/2024\/07\/02\/tendances-future-work-responsable-formation-2030\/\",\"name\":\"Les tendances du future of work : Le responsable formation de 2030 - Le Blog GERESO\",\"isPartOf\":{\"@id\":\"https:\/\/www.gereso.com\/actualites\/#website\"},\"primaryImageOfPage\":{\"@id\":\"https:\/\/www.gereso.com\/actualites\/2024\/07\/02\/tendances-future-work-responsable-formation-2030\/#primaryimage\"},\"image\":{\"@id\":\"https:\/\/www.gereso.com\/actualites\/2024\/07\/02\/tendances-future-work-responsable-formation-2030\/#primaryimage\"},\"thumbnailUrl\":\"https:\/\/www.gereso.com\/actualites\/wp-content\/uploads\/2024\/07\/responsable-formation-2030.jpg\",\"datePublished\":\"2024-07-02T09:42:10+00:00\",\"dateModified\":\"2024-07-02T09:45:43+00:00\",\"author\":{\"@id\":\"https:\/\/www.gereso.com\/actualites\/#\/schema\/person\/bfae91935121b7255c79bc32603147f8\"},\"breadcrumb\":{\"@id\":\"https:\/\/www.gereso.com\/actualites\/2024\/07\/02\/tendances-future-work-responsable-formation-2030\/#breadcrumb\"},\"inLanguage\":\"fr-FR\",\"potentialAction\":[{\"@type\":\"ReadAction\",\"target\":[\"https:\/\/www.gereso.com\/actualites\/2024\/07\/02\/tendances-future-work-responsable-formation-2030\/\"]}]},{\"@type\":\"ImageObject\",\"inLanguage\":\"fr-FR\",\"@id\":\"https:\/\/www.gereso.com\/actualites\/2024\/07\/02\/tendances-future-work-responsable-formation-2030\/#primaryimage\",\"url\":\"https:\/\/www.gereso.com\/actualites\/wp-content\/uploads\/2024\/07\/responsable-formation-2030.jpg\",\"contentUrl\":\"https:\/\/www.gereso.com\/actualites\/wp-content\/uploads\/2024\/07\/responsable-formation-2030.jpg\",\"width\":600,\"height\":400,\"caption\":\"Le responsable formation de 2030 : un expert technologique, adaptatif et innovant, guidant l'avenir de la formation continue.\"},{\"@type\":\"BreadcrumbList\",\"@id\":\"https:\/\/www.gereso.com\/actualites\/2024\/07\/02\/tendances-future-work-responsable-formation-2030\/#breadcrumb\",\"itemListElement\":[{\"@type\":\"ListItem\",\"position\":1,\"name\":\"Home\",\"item\":\"https:\/\/www.gereso.com\/actualites\/\"},{\"@type\":\"ListItem\",\"position\":2,\"name\":\"Les tendances du future of work : Le responsable formation de 2030\"}]},{\"@type\":\"WebSite\",\"@id\":\"https:\/\/www.gereso.com\/actualites\/#website\",\"url\":\"https:\/\/www.gereso.com\/actualites\/\",\"name\":\"Le Blog GERESO\",\"description\":\"Toute l&#039;actu RH, Finance, Fonction Publique, Management...\",\"potentialAction\":[{\"@type\":\"SearchAction\",\"target\":{\"@type\":\"EntryPoint\",\"urlTemplate\":\"https:\/\/www.gereso.com\/actualites\/?s={search_term_string}\"},\"query-input\":{\"@type\":\"PropertyValueSpecification\",\"valueRequired\":true,\"valueName\":\"search_term_string\"}}],\"inLanguage\":\"fr-FR\"},{\"@type\":\"Person\",\"@id\":\"https:\/\/www.gereso.com\/actualites\/#\/schema\/person\/bfae91935121b7255c79bc32603147f8\",\"name\":\"C\u00e9cile Kromwel\",\"image\":{\"@type\":\"ImageObject\",\"inLanguage\":\"fr-FR\",\"@id\":\"https:\/\/www.gereso.com\/actualites\/#\/schema\/person\/image\/\",\"url\":\"https:\/\/www.gereso.com\/actualites\/wp-content\/uploads\/2024\/02\/cecile-kromwel-120x120.jpg\",\"contentUrl\":\"https:\/\/www.gereso.com\/actualites\/wp-content\/uploads\/2024\/02\/cecile-kromwel-120x120.jpg\",\"caption\":\"C\u00e9cile Kromwel\"},\"description\":\"Professionnelle des RH depuis 14 ans, r\u00e9dactrice et formatrice sur les sujets RH, Diversit\u00e9, Equit\u00e9 &amp; Inclusion, Soft skills et Management de la G\u00e9n\u00e9ration Z. Je m'int\u00e9resse de pr\u00e8s aux sujets du Future of work et je veux contribuer, avec mes articles et mes formations, \u00e0 r\u00e9enchanter le monde du travail.\",\"url\":\"https:\/\/www.gereso.com\/actualites\/author\/c-kromwel\/\"}]}<\/script>\n<!-- \/ Yoast SEO plugin. -->","yoast_head_json":{"title":"Les tendances du future of work : Le responsable formation de 2030 - Le Blog GERESO","robots":{"index":"index","follow":"follow","max-snippet":"max-snippet:-1","max-image-preview":"max-image-preview:large","max-video-preview":"max-video-preview:-1"},"canonical":"https:\/\/www.gereso.com\/actualites\/2024\/07\/02\/tendances-future-work-responsable-formation-2030\/","og_locale":"fr_FR","og_type":"article","og_title":"Les tendances du future of work : Le responsable formation de 2030 - Le Blog GERESO","og_description":"Les enjeux de formation de 2030 Pour imaginer le responsable formation de 2030, il faut d\u00e9j\u00e0 r\u00e9fl\u00e9chir \u00e0 ce que sera la formation professionnelle continue en 2030. Quels seront ses enjeux&nbsp;? Quelles seront les attentes vis-\u00e0-vis d\u2019elle&nbsp;? En quoi et comment permettra-t-elle aux entreprises d\u2019atteindre leurs objectifs \u00e9conomiques&nbsp;? La formation de 2030 et les avanc\u00e9es [&hellip;]","og_url":"https:\/\/www.gereso.com\/actualites\/2024\/07\/02\/tendances-future-work-responsable-formation-2030\/","og_site_name":"Le Blog GERESO","article_published_time":"2024-07-02T09:42:10+00:00","article_modified_time":"2024-07-02T09:45:43+00:00","og_image":[{"width":600,"height":400,"url":"https:\/\/www.gereso.com\/actualites\/wp-content\/uploads\/2024\/07\/responsable-formation-2030.jpg","type":"image\/jpeg"}],"author":"C\u00e9cile Kromwel","twitter_card":"summary_large_image","schema":{"@context":"https:\/\/schema.org","@graph":[{"@type":"WebPage","@id":"https:\/\/www.gereso.com\/actualites\/2024\/07\/02\/tendances-future-work-responsable-formation-2030\/","url":"https:\/\/www.gereso.com\/actualites\/2024\/07\/02\/tendances-future-work-responsable-formation-2030\/","name":"Les tendances du future of work : Le responsable formation de 2030 - Le Blog GERESO","isPartOf":{"@id":"https:\/\/www.gereso.com\/actualites\/#website"},"primaryImageOfPage":{"@id":"https:\/\/www.gereso.com\/actualites\/2024\/07\/02\/tendances-future-work-responsable-formation-2030\/#primaryimage"},"image":{"@id":"https:\/\/www.gereso.com\/actualites\/2024\/07\/02\/tendances-future-work-responsable-formation-2030\/#primaryimage"},"thumbnailUrl":"https:\/\/www.gereso.com\/actualites\/wp-content\/uploads\/2024\/07\/responsable-formation-2030.jpg","datePublished":"2024-07-02T09:42:10+00:00","dateModified":"2024-07-02T09:45:43+00:00","author":{"@id":"https:\/\/www.gereso.com\/actualites\/#\/schema\/person\/bfae91935121b7255c79bc32603147f8"},"breadcrumb":{"@id":"https:\/\/www.gereso.com\/actualites\/2024\/07\/02\/tendances-future-work-responsable-formation-2030\/#breadcrumb"},"inLanguage":"fr-FR","potentialAction":[{"@type":"ReadAction","target":["https:\/\/www.gereso.com\/actualites\/2024\/07\/02\/tendances-future-work-responsable-formation-2030\/"]}]},{"@type":"ImageObject","inLanguage":"fr-FR","@id":"https:\/\/www.gereso.com\/actualites\/2024\/07\/02\/tendances-future-work-responsable-formation-2030\/#primaryimage","url":"https:\/\/www.gereso.com\/actualites\/wp-content\/uploads\/2024\/07\/responsable-formation-2030.jpg","contentUrl":"https:\/\/www.gereso.com\/actualites\/wp-content\/uploads\/2024\/07\/responsable-formation-2030.jpg","width":600,"height":400,"caption":"Le responsable formation de 2030 : un expert technologique, adaptatif et innovant, guidant l'avenir de la formation continue."},{"@type":"BreadcrumbList","@id":"https:\/\/www.gereso.com\/actualites\/2024\/07\/02\/tendances-future-work-responsable-formation-2030\/#breadcrumb","itemListElement":[{"@type":"ListItem","position":1,"name":"Home","item":"https:\/\/www.gereso.com\/actualites\/"},{"@type":"ListItem","position":2,"name":"Les tendances du future of work : Le responsable formation de 2030"}]},{"@type":"WebSite","@id":"https:\/\/www.gereso.com\/actualites\/#website","url":"https:\/\/www.gereso.com\/actualites\/","name":"Le Blog GERESO","description":"Toute l&#039;actu RH, Finance, Fonction Publique, Management...","potentialAction":[{"@type":"SearchAction","target":{"@type":"EntryPoint","urlTemplate":"https:\/\/www.gereso.com\/actualites\/?s={search_term_string}"},"query-input":{"@type":"PropertyValueSpecification","valueRequired":true,"valueName":"search_term_string"}}],"inLanguage":"fr-FR"},{"@type":"Person","@id":"https:\/\/www.gereso.com\/actualites\/#\/schema\/person\/bfae91935121b7255c79bc32603147f8","name":"C\u00e9cile Kromwel","image":{"@type":"ImageObject","inLanguage":"fr-FR","@id":"https:\/\/www.gereso.com\/actualites\/#\/schema\/person\/image\/","url":"https:\/\/www.gereso.com\/actualites\/wp-content\/uploads\/2024\/02\/cecile-kromwel-120x120.jpg","contentUrl":"https:\/\/www.gereso.com\/actualites\/wp-content\/uploads\/2024\/02\/cecile-kromwel-120x120.jpg","caption":"C\u00e9cile Kromwel"},"description":"Professionnelle des RH depuis 14 ans, r\u00e9dactrice et formatrice sur les sujets RH, Diversit\u00e9, Equit\u00e9 &amp; Inclusion, Soft skills et Management de la G\u00e9n\u00e9ration Z. Je m'int\u00e9resse de pr\u00e8s aux sujets du Future of work et je veux contribuer, avec mes articles et mes formations, \u00e0 r\u00e9enchanter le monde du travail.","url":"https:\/\/www.gereso.com\/actualites\/author\/c-kromwel\/"}]}},"_links":{"self":[{"href":"https:\/\/www.gereso.com\/actualites\/wp-json\/wp\/v2\/posts\/41012","targetHints":{"allow":["GET"]}}],"collection":[{"href":"https:\/\/www.gereso.com\/actualites\/wp-json\/wp\/v2\/posts"}],"about":[{"href":"https:\/\/www.gereso.com\/actualites\/wp-json\/wp\/v2\/types\/post"}],"author":[{"embeddable":true,"href":"https:\/\/www.gereso.com\/actualites\/wp-json\/wp\/v2\/users\/92"}],"replies":[{"embeddable":true,"href":"https:\/\/www.gereso.com\/actualites\/wp-json\/wp\/v2\/comments?post=41012"}],"version-history":[{"count":35,"href":"https:\/\/www.gereso.com\/actualites\/wp-json\/wp\/v2\/posts\/41012\/revisions"}],"predecessor-version":[{"id":41051,"href":"https:\/\/www.gereso.com\/actualites\/wp-json\/wp\/v2\/posts\/41012\/revisions\/41051"}],"wp:featuredmedia":[{"embeddable":true,"href":"https:\/\/www.gereso.com\/actualites\/wp-json\/wp\/v2\/media\/41041"}],"wp:attachment":[{"href":"https:\/\/www.gereso.com\/actualites\/wp-json\/wp\/v2\/media?parent=41012"}],"wp:term":[{"taxonomy":"category","embeddable":true,"href":"https:\/\/www.gereso.com\/actualites\/wp-json\/wp\/v2\/categories?post=41012"},{"taxonomy":"post_tag","embeddable":true,"href":"https:\/\/www.gereso.com\/actualites\/wp-json\/wp\/v2\/tags?post=41012"}],"curies":[{"name":"wp","href":"https:\/\/api.w.org\/{rel}","templated":true}]}}