{"id":41218,"date":"2024-09-11T08:54:15","date_gmt":"2024-09-11T06:54:15","guid":{"rendered":"https:\/\/www.gereso.com\/actualites\/?p=41218"},"modified":"2024-09-11T08:54:17","modified_gmt":"2024-09-11T06:54:17","slug":"droit-ijss-certificat-medical","status":"publish","type":"post","link":"https:\/\/www.gereso.com\/actualites\/2024\/09\/11\/droit-ijss-certificat-medical\/","title":{"rendered":"Le droit aux IJSS n\u2019est ouvert qu\u2019en pr\u00e9sence d\u2019un certificat m\u00e9dical"},"content":{"rendered":"\n<p>Un agent ne peut pr\u00e9tendre au versement des IJSS que s\u2019il fournit un <strong>certificat m\u00e9dical attestant de son incapacit\u00e9 de travail<\/strong>, quand bien m\u00eame cet agent d\u2019une part est reconnu en ALD, et que d\u2019autre part il s\u2019agit d\u2019une prolongation.<\/p>\n\n\n\n<p>Il r\u00e9sulte des articles L321-1 et L162-4-1 du Code de la S\u00e9curit\u00e9 sociale, le premier dans sa r\u00e9daction issue de la <a href=\"https:\/\/www.legifrance.gouv.fr\/loda\/id\/JORFTEXT000031663208\" target=\"_blank\" rel=\"noreferrer noopener\">loi n\u00b0\u00a02015-1702 du 21 d\u00e9cembre 2015<\/a>, que <strong>le versement des indemnit\u00e9s journali\u00e8res est subordonn\u00e9 \u00e0 la constatation par le m\u00e9decin traitant d\u2019une incapacit\u00e9 de travail<\/strong>, au vu des \u00e9l\u00e9ments m\u00e9dicaux qu\u2019il identifie. Cette incapacit\u00e9 doit \u00eatre constat\u00e9e par certificat m\u00e9dical. Il en est de m\u00eame en cas de prolongation de l\u2019arr\u00eat de travail initial.<\/p>\n\n\n\n<p>Viole ces textes le tribunal qui retient qu\u2019un assur\u00e9 peut b\u00e9n\u00e9ficier d\u2019indemnit\u00e9s journali\u00e8res au titre d\u2019une affectation de longue dur\u00e9e dont il \u00e9tait \u00e9tabli, par expertise, que l\u2019assur\u00e9 demeurait atteint en d\u00e9pit d\u2019un arr\u00eat de travail d\u00e9livr\u00e9 pour une pathologie distincte, d\u00e8s lors que cette affectation n\u2019avait pas fait l\u2019objet d\u2019une prescription m\u00e9dicale de prolongation.<\/p>\n\n\n\n<p><a href=\"https:\/\/www.legifrance.gouv.fr\/juri\/id\/JURITEXT000049321559\" target=\"_blank\" rel=\"noreferrer noopener\"><em>Cass. Civ., 2<sup>e<\/sup>&nbsp;chambre, 21 mars 2024, n\u00b0&nbsp;22-11242 FB<\/em><\/a><\/p>\n","protected":false},"excerpt":{"rendered":"<p>Un agent ne peut pr\u00e9tendre au versement des IJSS que s\u2019il fournit un certificat m\u00e9dical attestant de son incapacit\u00e9 de travail, quand bien m\u00eame cet agent d\u2019une part est reconnu en ALD, et que d\u2019autre part il s\u2019agit d\u2019une prolongation. Il r\u00e9sulte des articles L321-1 et L162-4-1 du Code de la S\u00e9curit\u00e9 sociale, le premier [&hellip;]<\/p>\n","protected":false},"author":32,"featured_media":0,"comment_status":"open","ping_status":"open","sticky":false,"template":"","format":"quote","meta":{"_acf_changed":false,"_mi_skip_tracking":false,"footnotes":""},"categories":[12,6],"tags":[],"class_list":["post-41218","post","type-post","status-publish","format-quote","hentry","category-actualites","category-fonction-publique","post_format-post-format-quote"],"acf":[],"yoast_head":"<!-- This site is optimized with the Yoast SEO plugin v23.4 - https:\/\/yoast.com\/wordpress\/plugins\/seo\/ -->\n<title>Le droit aux IJSS n\u2019est ouvert qu\u2019en pr\u00e9sence d\u2019un certificat m\u00e9dical - Le Blog GERESO<\/title>\n<meta name=\"robots\" content=\"index, follow, max-snippet:-1, max-image-preview:large, max-video-preview:-1\" \/>\n<link rel=\"canonical\" href=\"https:\/\/www.gereso.com\/actualites\/2024\/09\/11\/droit-ijss-certificat-medical\/\" \/>\n<meta property=\"og:locale\" content=\"fr_FR\" \/>\n<meta property=\"og:type\" content=\"article\" \/>\n<meta property=\"og:title\" content=\"Le droit aux IJSS n\u2019est ouvert qu\u2019en pr\u00e9sence d\u2019un certificat m\u00e9dical - Le Blog GERESO\" \/>\n<meta property=\"og:description\" content=\"Un agent ne peut pr\u00e9tendre au versement des IJSS que s\u2019il fournit un certificat m\u00e9dical attestant de son incapacit\u00e9 de travail, quand bien m\u00eame cet agent d\u2019une part est reconnu en ALD, et que d\u2019autre part il s\u2019agit d\u2019une prolongation. Il r\u00e9sulte des articles L321-1 et L162-4-1 du Code de la S\u00e9curit\u00e9 sociale, le premier [&hellip;]\" \/>\n<meta property=\"og:url\" content=\"https:\/\/www.gereso.com\/actualites\/2024\/09\/11\/droit-ijss-certificat-medical\/\" \/>\n<meta property=\"og:site_name\" content=\"Le Blog GERESO\" \/>\n<meta property=\"article:published_time\" content=\"2024-09-11T06:54:15+00:00\" \/>\n<meta property=\"article:modified_time\" content=\"2024-09-11T06:54:17+00:00\" \/>\n<meta name=\"author\" content=\"\u00c9quipe GERESO\" \/>\n<meta name=\"twitter:card\" content=\"summary_large_image\" \/>\n<script type=\"application\/ld+json\" class=\"yoast-schema-graph\">{\"@context\":\"https:\/\/schema.org\",\"@graph\":[{\"@type\":\"WebPage\",\"@id\":\"https:\/\/www.gereso.com\/actualites\/2024\/09\/11\/droit-ijss-certificat-medical\/\",\"url\":\"https:\/\/www.gereso.com\/actualites\/2024\/09\/11\/droit-ijss-certificat-medical\/\",\"name\":\"Le droit aux IJSS n\u2019est ouvert qu\u2019en pr\u00e9sence d\u2019un certificat m\u00e9dical - Le Blog GERESO\",\"isPartOf\":{\"@id\":\"https:\/\/www.gereso.com\/actualites\/#website\"},\"datePublished\":\"2024-09-11T06:54:15+00:00\",\"dateModified\":\"2024-09-11T06:54:17+00:00\",\"author\":{\"@id\":\"https:\/\/www.gereso.com\/actualites\/#\/schema\/person\/197d8aef40cb4ae3f6a0aa9e1d3df2a6\"},\"breadcrumb\":{\"@id\":\"https:\/\/www.gereso.com\/actualites\/2024\/09\/11\/droit-ijss-certificat-medical\/#breadcrumb\"},\"inLanguage\":\"fr-FR\",\"potentialAction\":[{\"@type\":\"ReadAction\",\"target\":[\"https:\/\/www.gereso.com\/actualites\/2024\/09\/11\/droit-ijss-certificat-medical\/\"]}]},{\"@type\":\"BreadcrumbList\",\"@id\":\"https:\/\/www.gereso.com\/actualites\/2024\/09\/11\/droit-ijss-certificat-medical\/#breadcrumb\",\"itemListElement\":[{\"@type\":\"ListItem\",\"position\":1,\"name\":\"Home\",\"item\":\"https:\/\/www.gereso.com\/actualites\/\"},{\"@type\":\"ListItem\",\"position\":2,\"name\":\"Le droit aux IJSS n\u2019est ouvert qu\u2019en pr\u00e9sence d\u2019un certificat m\u00e9dical\"}]},{\"@type\":\"WebSite\",\"@id\":\"https:\/\/www.gereso.com\/actualites\/#website\",\"url\":\"https:\/\/www.gereso.com\/actualites\/\",\"name\":\"Le Blog GERESO\",\"description\":\"Toute l&#039;actu RH, Finance, Fonction Publique, Management...\",\"potentialAction\":[{\"@type\":\"SearchAction\",\"target\":{\"@type\":\"EntryPoint\",\"urlTemplate\":\"https:\/\/www.gereso.com\/actualites\/?s={search_term_string}\"},\"query-input\":{\"@type\":\"PropertyValueSpecification\",\"valueRequired\":true,\"valueName\":\"search_term_string\"}}],\"inLanguage\":\"fr-FR\"},{\"@type\":\"Person\",\"@id\":\"https:\/\/www.gereso.com\/actualites\/#\/schema\/person\/197d8aef40cb4ae3f6a0aa9e1d3df2a6\",\"name\":\"\u00c9quipe GERESO\",\"image\":{\"@type\":\"ImageObject\",\"inLanguage\":\"fr-FR\",\"@id\":\"https:\/\/www.gereso.com\/actualites\/#\/schema\/person\/image\/\",\"url\":\"https:\/\/www.gereso.com\/actualites\/wp-content\/uploads\/2013\/12\/avatar-gereso-1.png\",\"contentUrl\":\"https:\/\/www.gereso.com\/actualites\/wp-content\/uploads\/2013\/12\/avatar-gereso-1.png\",\"caption\":\"\u00c9quipe GERESO\"},\"url\":\"https:\/\/www.gereso.com\/actualites\/author\/gereso\/\"}]}<\/script>\n<!-- \/ Yoast SEO plugin. -->","yoast_head_json":{"title":"Le droit aux IJSS n\u2019est ouvert qu\u2019en pr\u00e9sence d\u2019un certificat m\u00e9dical - Le Blog GERESO","robots":{"index":"index","follow":"follow","max-snippet":"max-snippet:-1","max-image-preview":"max-image-preview:large","max-video-preview":"max-video-preview:-1"},"canonical":"https:\/\/www.gereso.com\/actualites\/2024\/09\/11\/droit-ijss-certificat-medical\/","og_locale":"fr_FR","og_type":"article","og_title":"Le droit aux IJSS n\u2019est ouvert qu\u2019en pr\u00e9sence d\u2019un certificat m\u00e9dical - Le Blog GERESO","og_description":"Un agent ne peut pr\u00e9tendre au versement des IJSS que s\u2019il fournit un certificat m\u00e9dical attestant de son incapacit\u00e9 de travail, quand bien m\u00eame cet agent d\u2019une part est reconnu en ALD, et que d\u2019autre part il s\u2019agit d\u2019une prolongation. Il r\u00e9sulte des articles L321-1 et L162-4-1 du Code de la S\u00e9curit\u00e9 sociale, le premier [&hellip;]","og_url":"https:\/\/www.gereso.com\/actualites\/2024\/09\/11\/droit-ijss-certificat-medical\/","og_site_name":"Le Blog GERESO","article_published_time":"2024-09-11T06:54:15+00:00","article_modified_time":"2024-09-11T06:54:17+00:00","author":"\u00c9quipe GERESO","twitter_card":"summary_large_image","schema":{"@context":"https:\/\/schema.org","@graph":[{"@type":"WebPage","@id":"https:\/\/www.gereso.com\/actualites\/2024\/09\/11\/droit-ijss-certificat-medical\/","url":"https:\/\/www.gereso.com\/actualites\/2024\/09\/11\/droit-ijss-certificat-medical\/","name":"Le droit aux IJSS n\u2019est ouvert qu\u2019en pr\u00e9sence d\u2019un certificat m\u00e9dical - Le Blog GERESO","isPartOf":{"@id":"https:\/\/www.gereso.com\/actualites\/#website"},"datePublished":"2024-09-11T06:54:15+00:00","dateModified":"2024-09-11T06:54:17+00:00","author":{"@id":"https:\/\/www.gereso.com\/actualites\/#\/schema\/person\/197d8aef40cb4ae3f6a0aa9e1d3df2a6"},"breadcrumb":{"@id":"https:\/\/www.gereso.com\/actualites\/2024\/09\/11\/droit-ijss-certificat-medical\/#breadcrumb"},"inLanguage":"fr-FR","potentialAction":[{"@type":"ReadAction","target":["https:\/\/www.gereso.com\/actualites\/2024\/09\/11\/droit-ijss-certificat-medical\/"]}]},{"@type":"BreadcrumbList","@id":"https:\/\/www.gereso.com\/actualites\/2024\/09\/11\/droit-ijss-certificat-medical\/#breadcrumb","itemListElement":[{"@type":"ListItem","position":1,"name":"Home","item":"https:\/\/www.gereso.com\/actualites\/"},{"@type":"ListItem","position":2,"name":"Le droit aux IJSS n\u2019est ouvert qu\u2019en pr\u00e9sence d\u2019un certificat m\u00e9dical"}]},{"@type":"WebSite","@id":"https:\/\/www.gereso.com\/actualites\/#website","url":"https:\/\/www.gereso.com\/actualites\/","name":"Le Blog GERESO","description":"Toute l&#039;actu RH, Finance, Fonction Publique, Management...","potentialAction":[{"@type":"SearchAction","target":{"@type":"EntryPoint","urlTemplate":"https:\/\/www.gereso.com\/actualites\/?s={search_term_string}"},"query-input":{"@type":"PropertyValueSpecification","valueRequired":true,"valueName":"search_term_string"}}],"inLanguage":"fr-FR"},{"@type":"Person","@id":"https:\/\/www.gereso.com\/actualites\/#\/schema\/person\/197d8aef40cb4ae3f6a0aa9e1d3df2a6","name":"\u00c9quipe GERESO","image":{"@type":"ImageObject","inLanguage":"fr-FR","@id":"https:\/\/www.gereso.com\/actualites\/#\/schema\/person\/image\/","url":"https:\/\/www.gereso.com\/actualites\/wp-content\/uploads\/2013\/12\/avatar-gereso-1.png","contentUrl":"https:\/\/www.gereso.com\/actualites\/wp-content\/uploads\/2013\/12\/avatar-gereso-1.png","caption":"\u00c9quipe GERESO"},"url":"https:\/\/www.gereso.com\/actualites\/author\/gereso\/"}]}},"_links":{"self":[{"href":"https:\/\/www.gereso.com\/actualites\/wp-json\/wp\/v2\/posts\/41218","targetHints":{"allow":["GET"]}}],"collection":[{"href":"https:\/\/www.gereso.com\/actualites\/wp-json\/wp\/v2\/posts"}],"about":[{"href":"https:\/\/www.gereso.com\/actualites\/wp-json\/wp\/v2\/types\/post"}],"author":[{"embeddable":true,"href":"https:\/\/www.gereso.com\/actualites\/wp-json\/wp\/v2\/users\/32"}],"replies":[{"embeddable":true,"href":"https:\/\/www.gereso.com\/actualites\/wp-json\/wp\/v2\/comments?post=41218"}],"version-history":[{"count":2,"href":"https:\/\/www.gereso.com\/actualites\/wp-json\/wp\/v2\/posts\/41218\/revisions"}],"predecessor-version":[{"id":41874,"href":"https:\/\/www.gereso.com\/actualites\/wp-json\/wp\/v2\/posts\/41218\/revisions\/41874"}],"wp:attachment":[{"href":"https:\/\/www.gereso.com\/actualites\/wp-json\/wp\/v2\/media?parent=41218"}],"wp:term":[{"taxonomy":"category","embeddable":true,"href":"https:\/\/www.gereso.com\/actualites\/wp-json\/wp\/v2\/categories?post=41218"},{"taxonomy":"post_tag","embeddable":true,"href":"https:\/\/www.gereso.com\/actualites\/wp-json\/wp\/v2\/tags?post=41218"}],"curies":[{"name":"wp","href":"https:\/\/api.w.org\/{rel}","templated":true}]}}