{"id":4168,"date":"2015-06-23T17:33:09","date_gmt":"2015-06-23T15:33:09","guid":{"rendered":"https:\/\/www.gereso.com\/actualites\/?p=4168"},"modified":"2015-06-23T17:33:09","modified_gmt":"2015-06-23T15:33:09","slug":"dsn-deposees-pour-certaines-anomalies-bloquantes-les-penalites-ne-seront-pas-appliquees","status":"publish","type":"post","link":"https:\/\/www.gereso.com\/actualites\/2015\/06\/23\/dsn-deposees-pour-certaines-anomalies-bloquantes-les-penalites-ne-seront-pas-appliquees\/","title":{"rendered":"DSN d\u00e9pos\u00e9es en mai 2015\u00a0: pour certaines anomalies bloquantes, les p\u00e9nalit\u00e9s ne seront pas appliqu\u00e9es"},"content":{"rendered":"<p>Lors du passage en phase 2, le GIPM-DS a indiqu\u00e9 avoir constat\u00e9 des probl\u00e8mes techniques qui correspondent \u00e0 3 % des envois.<\/p>\n<p><strong>Dans une note d\u2019information du 12 mai 2015<\/strong> (http:\/\/www.dsn-info.fr\/actualites\/depot-dsn-mai-2015.pdf), le GIPM-DS indique <strong>la marche \u00e0 suivre en cas d\u2019anomalies bloquantes emp\u00eachant l\u2019employeur de d\u00e9poser une DSN<\/strong>\u00a0:<\/p>\n<ul>\n<li>\u00a0\u00ab\u00a0<em>Si votre Siret n\u2019est pas reconnu \u00e0 tort mais que le contenu de votre DSN est bon, votre d\u00e9claration sera trait\u00e9e dans les 24 heures suivant la transmission des SIRET \u00e0 compl\u00e9ter. Merci de pr\u00e9ciser \u00ab\u00a0SIRET ko\u00a0\u00bb dans l\u2019objet et d\u2019indiquer la liste des SIRET concern\u00e9s en commentaire lors de votre demande aupr\u00e8s de la base de connaissance DSN.<\/em><\/li>\n<li><em>Si vous ne recevez pas les comptes rendus dans les flux, sachez que cela ne fait pas obstacle \u00e0 un d\u00e9p\u00f4t, m\u00eame si cela peut-\u00eatre p\u00e9nalisant, et ces retours sont recycl\u00e9s au fur et \u00e0 mesure.<\/em><\/li>\n<li><em>Si vous d\u00e9couvrez des \u00e9carts dans votre DSN ou que le d\u00e9lai de traitement est trop long et n\u2019aboutit pas, il faut que vous d\u00e9posiez une DUCS d\u00e8s que possible, puis que vous d\u00e9posiez votre DSN d\u00e8s qu\u2019elle sera v\u00e9rifi\u00e9e (de pr\u00e9f\u00e9rence sans les blocs agr\u00e9gats).\u00a0<\/em>\u00bb<\/li>\n<\/ul>\n<p><em>Dans ce contexte, l\u2019URSSAF comp\u00e9tente qui v\u00e9rifiera l\u2019existence de ces anomalies n\u2019appliquera pas de p\u00e9nalit\u00e9s sur la DSN d\u2019avril en cas de retard d\u2019envoie li\u00e9 \u00e0 ces probl\u00e8mes techniques.<\/em><\/p>\n","protected":false},"excerpt":{"rendered":"<p>Lors du passage en phase 2, le GIPM-DS a indiqu\u00e9 avoir constat\u00e9 des probl\u00e8mes techniques qui correspondent \u00e0 3 % des envois. Dans une note d\u2019information du 12 mai 2015 (http:\/\/www.dsn-info.fr\/actualites\/depot-dsn-mai-2015.pdf), le GIPM-DS indique la marche \u00e0 suivre en cas d\u2019anomalies bloquantes emp\u00eachant l\u2019employeur de d\u00e9poser une DSN\u00a0: \u00a0\u00ab\u00a0Si votre Siret n\u2019est pas reconnu \u00e0 [&hellip;]<\/p>\n","protected":false},"author":30,"featured_media":3613,"comment_status":"open","ping_status":"open","sticky":false,"template":"","format":"standard","meta":{"_acf_changed":false,"_mi_skip_tracking":false,"footnotes":""},"categories":[12],"tags":[656,540,657,95],"class_list":["post-4168","post","type-post","status-publish","format-standard","has-post-thumbnail","hentry","category-actualites","tag-anomalies-bloquantes","tag-dsn","tag-employeur","tag-urssaf"],"acf":[],"yoast_head":"<!-- This site is optimized with the Yoast SEO plugin v23.4 - https:\/\/yoast.com\/wordpress\/plugins\/seo\/ -->\n<title>DSN d\u00e9pos\u00e9es en mai 2015\u00a0: pour certaines anomalies bloquantes, les p\u00e9nalit\u00e9s ne seront pas appliqu\u00e9es - Le Blog GERESO<\/title>\n<meta name=\"robots\" content=\"index, follow, max-snippet:-1, max-image-preview:large, max-video-preview:-1\" \/>\n<link rel=\"canonical\" href=\"https:\/\/www.gereso.com\/actualites\/2015\/06\/23\/dsn-deposees-pour-certaines-anomalies-bloquantes-les-penalites-ne-seront-pas-appliquees\/\" \/>\n<meta property=\"og:locale\" content=\"fr_FR\" \/>\n<meta property=\"og:type\" content=\"article\" \/>\n<meta property=\"og:title\" content=\"DSN d\u00e9pos\u00e9es en mai 2015\u00a0: pour certaines anomalies bloquantes, les p\u00e9nalit\u00e9s ne seront pas appliqu\u00e9es - Le Blog GERESO\" \/>\n<meta property=\"og:description\" content=\"Lors du passage en phase 2, le GIPM-DS a indiqu\u00e9 avoir constat\u00e9 des probl\u00e8mes techniques qui correspondent \u00e0 3 % des envois. Dans une note d\u2019information du 12 mai 2015 (http:\/\/www.dsn-info.fr\/actualites\/depot-dsn-mai-2015.pdf), le GIPM-DS indique la marche \u00e0 suivre en cas d\u2019anomalies bloquantes emp\u00eachant l\u2019employeur de d\u00e9poser une DSN\u00a0: \u00a0\u00ab\u00a0Si votre Siret n\u2019est pas reconnu \u00e0 [&hellip;]\" \/>\n<meta property=\"og:url\" content=\"https:\/\/www.gereso.com\/actualites\/2015\/06\/23\/dsn-deposees-pour-certaines-anomalies-bloquantes-les-penalites-ne-seront-pas-appliquees\/\" \/>\n<meta property=\"og:site_name\" content=\"Le Blog GERESO\" \/>\n<meta property=\"article:published_time\" content=\"2015-06-23T15:33:09+00:00\" \/>\n<meta property=\"og:image\" content=\"https:\/\/www.gereso.com\/actualites\/wp-content\/uploads\/2014\/10\/actualite-droit-du-travail-1.jpg\" \/>\n\t<meta property=\"og:image:width\" content=\"520\" \/>\n\t<meta property=\"og:image:height\" content=\"299\" \/>\n\t<meta property=\"og:image:type\" content=\"image\/jpeg\" \/>\n<meta name=\"author\" content=\"Anne-Ga\u00eblle Desbois\" \/>\n<meta name=\"twitter:card\" content=\"summary_large_image\" \/>\n<script type=\"application\/ld+json\" class=\"yoast-schema-graph\">{\"@context\":\"https:\/\/schema.org\",\"@graph\":[{\"@type\":\"WebPage\",\"@id\":\"https:\/\/www.gereso.com\/actualites\/2015\/06\/23\/dsn-deposees-pour-certaines-anomalies-bloquantes-les-penalites-ne-seront-pas-appliquees\/\",\"url\":\"https:\/\/www.gereso.com\/actualites\/2015\/06\/23\/dsn-deposees-pour-certaines-anomalies-bloquantes-les-penalites-ne-seront-pas-appliquees\/\",\"name\":\"DSN d\u00e9pos\u00e9es en mai 2015\u00a0: pour certaines anomalies bloquantes, les p\u00e9nalit\u00e9s ne seront pas appliqu\u00e9es - Le Blog GERESO\",\"isPartOf\":{\"@id\":\"https:\/\/www.gereso.com\/actualites\/#website\"},\"primaryImageOfPage\":{\"@id\":\"https:\/\/www.gereso.com\/actualites\/2015\/06\/23\/dsn-deposees-pour-certaines-anomalies-bloquantes-les-penalites-ne-seront-pas-appliquees\/#primaryimage\"},\"image\":{\"@id\":\"https:\/\/www.gereso.com\/actualites\/2015\/06\/23\/dsn-deposees-pour-certaines-anomalies-bloquantes-les-penalites-ne-seront-pas-appliquees\/#primaryimage\"},\"thumbnailUrl\":\"https:\/\/www.gereso.com\/actualites\/wp-content\/uploads\/2014\/10\/actualite-droit-du-travail-1.jpg\",\"datePublished\":\"2015-06-23T15:33:09+00:00\",\"dateModified\":\"2015-06-23T15:33:09+00:00\",\"author\":{\"@id\":\"https:\/\/www.gereso.com\/actualites\/#\/schema\/person\/e94b01cebb8315aabc36d7b628f6329c\"},\"breadcrumb\":{\"@id\":\"https:\/\/www.gereso.com\/actualites\/2015\/06\/23\/dsn-deposees-pour-certaines-anomalies-bloquantes-les-penalites-ne-seront-pas-appliquees\/#breadcrumb\"},\"inLanguage\":\"fr-FR\",\"potentialAction\":[{\"@type\":\"ReadAction\",\"target\":[\"https:\/\/www.gereso.com\/actualites\/2015\/06\/23\/dsn-deposees-pour-certaines-anomalies-bloquantes-les-penalites-ne-seront-pas-appliquees\/\"]}]},{\"@type\":\"ImageObject\",\"inLanguage\":\"fr-FR\",\"@id\":\"https:\/\/www.gereso.com\/actualites\/2015\/06\/23\/dsn-deposees-pour-certaines-anomalies-bloquantes-les-penalites-ne-seront-pas-appliquees\/#primaryimage\",\"url\":\"https:\/\/www.gereso.com\/actualites\/wp-content\/uploads\/2014\/10\/actualite-droit-du-travail-1.jpg\",\"contentUrl\":\"https:\/\/www.gereso.com\/actualites\/wp-content\/uploads\/2014\/10\/actualite-droit-du-travail-1.jpg\",\"width\":520,\"height\":299,\"caption\":\"Veille actualit\u00e9 contrats de travail et les conditions de travail\"},{\"@type\":\"BreadcrumbList\",\"@id\":\"https:\/\/www.gereso.com\/actualites\/2015\/06\/23\/dsn-deposees-pour-certaines-anomalies-bloquantes-les-penalites-ne-seront-pas-appliquees\/#breadcrumb\",\"itemListElement\":[{\"@type\":\"ListItem\",\"position\":1,\"name\":\"Home\",\"item\":\"https:\/\/www.gereso.com\/actualites\/\"},{\"@type\":\"ListItem\",\"position\":2,\"name\":\"DSN d\u00e9pos\u00e9es en mai 2015\u00a0: pour certaines anomalies bloquantes, les p\u00e9nalit\u00e9s ne seront pas appliqu\u00e9es\"}]},{\"@type\":\"WebSite\",\"@id\":\"https:\/\/www.gereso.com\/actualites\/#website\",\"url\":\"https:\/\/www.gereso.com\/actualites\/\",\"name\":\"Le Blog GERESO\",\"description\":\"Toute l&#039;actu RH, Finance, Fonction Publique, Management...\",\"potentialAction\":[{\"@type\":\"SearchAction\",\"target\":{\"@type\":\"EntryPoint\",\"urlTemplate\":\"https:\/\/www.gereso.com\/actualites\/?s={search_term_string}\"},\"query-input\":{\"@type\":\"PropertyValueSpecification\",\"valueRequired\":true,\"valueName\":\"search_term_string\"}}],\"inLanguage\":\"fr-FR\"},{\"@type\":\"Person\",\"@id\":\"https:\/\/www.gereso.com\/actualites\/#\/schema\/person\/e94b01cebb8315aabc36d7b628f6329c\",\"name\":\"Anne-Ga\u00eblle Desbois\",\"image\":{\"@type\":\"ImageObject\",\"inLanguage\":\"fr-FR\",\"@id\":\"https:\/\/www.gereso.com\/actualites\/#\/schema\/person\/image\/\",\"url\":\"https:\/\/www.gereso.com\/actualites\/wp-content\/uploads\/2013\/04\/anne-gaelle-desbois-1-144x144.jpg\",\"contentUrl\":\"https:\/\/www.gereso.com\/actualites\/wp-content\/uploads\/2013\/04\/anne-gaelle-desbois-1-144x144.jpg\",\"caption\":\"Anne-Ga\u00eblle Desbois\"},\"description\":\"Anne-Ga\u00eblle DESBOIS est consultante-formatrice en gestion des ressources humaines de la fonction publique. Elle anime notamment des formations inter et intra-\u00e9tablissements sur tous les th\u00e8mes li\u00e9s au statut et \u00e0 la gestion administrative des agents publics (\u00c9tat, Fonction Publique Hospitali\u00e8re, Collectivit\u00e9s)\",\"url\":\"https:\/\/www.gereso.com\/actualites\/author\/ag-desbois\/\"}]}<\/script>\n<!-- \/ Yoast SEO plugin. -->","yoast_head_json":{"title":"DSN d\u00e9pos\u00e9es en mai 2015\u00a0: pour certaines anomalies bloquantes, les p\u00e9nalit\u00e9s ne seront pas appliqu\u00e9es - Le Blog GERESO","robots":{"index":"index","follow":"follow","max-snippet":"max-snippet:-1","max-image-preview":"max-image-preview:large","max-video-preview":"max-video-preview:-1"},"canonical":"https:\/\/www.gereso.com\/actualites\/2015\/06\/23\/dsn-deposees-pour-certaines-anomalies-bloquantes-les-penalites-ne-seront-pas-appliquees\/","og_locale":"fr_FR","og_type":"article","og_title":"DSN d\u00e9pos\u00e9es en mai 2015\u00a0: pour certaines anomalies bloquantes, les p\u00e9nalit\u00e9s ne seront pas appliqu\u00e9es - Le Blog GERESO","og_description":"Lors du passage en phase 2, le GIPM-DS a indiqu\u00e9 avoir constat\u00e9 des probl\u00e8mes techniques qui correspondent \u00e0 3 % des envois. Dans une note d\u2019information du 12 mai 2015 (http:\/\/www.dsn-info.fr\/actualites\/depot-dsn-mai-2015.pdf), le GIPM-DS indique la marche \u00e0 suivre en cas d\u2019anomalies bloquantes emp\u00eachant l\u2019employeur de d\u00e9poser une DSN\u00a0: \u00a0\u00ab\u00a0Si votre Siret n\u2019est pas reconnu \u00e0 [&hellip;]","og_url":"https:\/\/www.gereso.com\/actualites\/2015\/06\/23\/dsn-deposees-pour-certaines-anomalies-bloquantes-les-penalites-ne-seront-pas-appliquees\/","og_site_name":"Le Blog GERESO","article_published_time":"2015-06-23T15:33:09+00:00","og_image":[{"width":520,"height":299,"url":"https:\/\/www.gereso.com\/actualites\/wp-content\/uploads\/2014\/10\/actualite-droit-du-travail-1.jpg","type":"image\/jpeg"}],"author":"Anne-Ga\u00eblle Desbois","twitter_card":"summary_large_image","schema":{"@context":"https:\/\/schema.org","@graph":[{"@type":"WebPage","@id":"https:\/\/www.gereso.com\/actualites\/2015\/06\/23\/dsn-deposees-pour-certaines-anomalies-bloquantes-les-penalites-ne-seront-pas-appliquees\/","url":"https:\/\/www.gereso.com\/actualites\/2015\/06\/23\/dsn-deposees-pour-certaines-anomalies-bloquantes-les-penalites-ne-seront-pas-appliquees\/","name":"DSN d\u00e9pos\u00e9es en mai 2015\u00a0: pour certaines anomalies bloquantes, les p\u00e9nalit\u00e9s ne seront pas appliqu\u00e9es - Le Blog GERESO","isPartOf":{"@id":"https:\/\/www.gereso.com\/actualites\/#website"},"primaryImageOfPage":{"@id":"https:\/\/www.gereso.com\/actualites\/2015\/06\/23\/dsn-deposees-pour-certaines-anomalies-bloquantes-les-penalites-ne-seront-pas-appliquees\/#primaryimage"},"image":{"@id":"https:\/\/www.gereso.com\/actualites\/2015\/06\/23\/dsn-deposees-pour-certaines-anomalies-bloquantes-les-penalites-ne-seront-pas-appliquees\/#primaryimage"},"thumbnailUrl":"https:\/\/www.gereso.com\/actualites\/wp-content\/uploads\/2014\/10\/actualite-droit-du-travail-1.jpg","datePublished":"2015-06-23T15:33:09+00:00","dateModified":"2015-06-23T15:33:09+00:00","author":{"@id":"https:\/\/www.gereso.com\/actualites\/#\/schema\/person\/e94b01cebb8315aabc36d7b628f6329c"},"breadcrumb":{"@id":"https:\/\/www.gereso.com\/actualites\/2015\/06\/23\/dsn-deposees-pour-certaines-anomalies-bloquantes-les-penalites-ne-seront-pas-appliquees\/#breadcrumb"},"inLanguage":"fr-FR","potentialAction":[{"@type":"ReadAction","target":["https:\/\/www.gereso.com\/actualites\/2015\/06\/23\/dsn-deposees-pour-certaines-anomalies-bloquantes-les-penalites-ne-seront-pas-appliquees\/"]}]},{"@type":"ImageObject","inLanguage":"fr-FR","@id":"https:\/\/www.gereso.com\/actualites\/2015\/06\/23\/dsn-deposees-pour-certaines-anomalies-bloquantes-les-penalites-ne-seront-pas-appliquees\/#primaryimage","url":"https:\/\/www.gereso.com\/actualites\/wp-content\/uploads\/2014\/10\/actualite-droit-du-travail-1.jpg","contentUrl":"https:\/\/www.gereso.com\/actualites\/wp-content\/uploads\/2014\/10\/actualite-droit-du-travail-1.jpg","width":520,"height":299,"caption":"Veille actualit\u00e9 contrats de travail et les conditions de travail"},{"@type":"BreadcrumbList","@id":"https:\/\/www.gereso.com\/actualites\/2015\/06\/23\/dsn-deposees-pour-certaines-anomalies-bloquantes-les-penalites-ne-seront-pas-appliquees\/#breadcrumb","itemListElement":[{"@type":"ListItem","position":1,"name":"Home","item":"https:\/\/www.gereso.com\/actualites\/"},{"@type":"ListItem","position":2,"name":"DSN d\u00e9pos\u00e9es en mai 2015\u00a0: pour certaines anomalies bloquantes, les p\u00e9nalit\u00e9s ne seront pas appliqu\u00e9es"}]},{"@type":"WebSite","@id":"https:\/\/www.gereso.com\/actualites\/#website","url":"https:\/\/www.gereso.com\/actualites\/","name":"Le Blog GERESO","description":"Toute l&#039;actu RH, Finance, Fonction Publique, Management...","potentialAction":[{"@type":"SearchAction","target":{"@type":"EntryPoint","urlTemplate":"https:\/\/www.gereso.com\/actualites\/?s={search_term_string}"},"query-input":{"@type":"PropertyValueSpecification","valueRequired":true,"valueName":"search_term_string"}}],"inLanguage":"fr-FR"},{"@type":"Person","@id":"https:\/\/www.gereso.com\/actualites\/#\/schema\/person\/e94b01cebb8315aabc36d7b628f6329c","name":"Anne-Ga\u00eblle Desbois","image":{"@type":"ImageObject","inLanguage":"fr-FR","@id":"https:\/\/www.gereso.com\/actualites\/#\/schema\/person\/image\/","url":"https:\/\/www.gereso.com\/actualites\/wp-content\/uploads\/2013\/04\/anne-gaelle-desbois-1-144x144.jpg","contentUrl":"https:\/\/www.gereso.com\/actualites\/wp-content\/uploads\/2013\/04\/anne-gaelle-desbois-1-144x144.jpg","caption":"Anne-Ga\u00eblle Desbois"},"description":"Anne-Ga\u00eblle DESBOIS est consultante-formatrice en gestion des ressources humaines de la fonction publique. Elle anime notamment des formations inter et intra-\u00e9tablissements sur tous les th\u00e8mes li\u00e9s au statut et \u00e0 la gestion administrative des agents publics (\u00c9tat, Fonction Publique Hospitali\u00e8re, Collectivit\u00e9s)","url":"https:\/\/www.gereso.com\/actualites\/author\/ag-desbois\/"}]}},"_links":{"self":[{"href":"https:\/\/www.gereso.com\/actualites\/wp-json\/wp\/v2\/posts\/4168","targetHints":{"allow":["GET"]}}],"collection":[{"href":"https:\/\/www.gereso.com\/actualites\/wp-json\/wp\/v2\/posts"}],"about":[{"href":"https:\/\/www.gereso.com\/actualites\/wp-json\/wp\/v2\/types\/post"}],"author":[{"embeddable":true,"href":"https:\/\/www.gereso.com\/actualites\/wp-json\/wp\/v2\/users\/30"}],"replies":[{"embeddable":true,"href":"https:\/\/www.gereso.com\/actualites\/wp-json\/wp\/v2\/comments?post=4168"}],"version-history":[{"count":0,"href":"https:\/\/www.gereso.com\/actualites\/wp-json\/wp\/v2\/posts\/4168\/revisions"}],"wp:featuredmedia":[{"embeddable":true,"href":"https:\/\/www.gereso.com\/actualites\/wp-json\/wp\/v2\/media\/3613"}],"wp:attachment":[{"href":"https:\/\/www.gereso.com\/actualites\/wp-json\/wp\/v2\/media?parent=4168"}],"wp:term":[{"taxonomy":"category","embeddable":true,"href":"https:\/\/www.gereso.com\/actualites\/wp-json\/wp\/v2\/categories?post=4168"},{"taxonomy":"post_tag","embeddable":true,"href":"https:\/\/www.gereso.com\/actualites\/wp-json\/wp\/v2\/tags?post=4168"}],"curies":[{"name":"wp","href":"https:\/\/api.w.org\/{rel}","templated":true}]}}