{"id":42121,"date":"2024-09-30T16:33:19","date_gmt":"2024-09-30T14:33:19","guid":{"rendered":"https:\/\/www.gereso.com\/actualites\/?p=42121"},"modified":"2024-10-22T16:17:11","modified_gmt":"2024-10-22T14:17:11","slug":"webinaire-60-minutes-adopter-des-habitudes-boostent-efficacite","status":"publish","type":"post","link":"https:\/\/www.gereso.com\/actualites\/2024\/09\/30\/webinaire-60-minutes-adopter-des-habitudes-boostent-efficacite\/","title":{"rendered":"Webinaire \u00ab 60 minutes pour adopter des habitudes qui boostent votre efficacit\u00e9 \u00bb"},"content":{"rendered":"\n\n\n<h2>D\u00e9tails de la conf\u00e9rence&nbsp;:<\/h2>\n<h3 class=\"section-title\"><span class=\"title-inner\" data-animation=\"fadeInRight\" data-animation-delay=\"500\">DATE&nbsp;:<\/span><\/h3>\n<p>Lundi 30 septembre 2024 de 12h30 \u00e0 13h30<\/p>\n<h3 class=\"section-title\"><span class=\"title-inner\" data-animation=\"fadeInRight\" data-animation-delay=\"500\">R\u00c9SUM\u00c9&nbsp;:<\/span><\/h3>\n\n<p>La rentr\u00e9e est l\u00e0, et avec elle, le besoin de retrouver un <strong>bon rythme de travail<\/strong> apr\u00e8s la pause estivale. C&rsquo;est le moment id\u00e9al pour <strong>r\u00e9organiser vos priorit\u00e9s<\/strong>, instaurer de <strong>nouvelles habitudes<\/strong> et aborder les derniers mois de l\u2019ann\u00e9e avec <strong>\u00e9nergie et efficacit\u00e9.<\/strong><\/p>\n\n<p>Participez \u00e0 notre webinaire sp\u00e9cial de rentr\u00e9e intitul\u00e9 <strong>\u00ab\u00a060 minutes pour adopter des habitudes qui boostent votre efficacit\u00e9\u00a0\u00bb<\/strong>, o\u00f9 vous d\u00e9couvrirez comment tirer parti de cette p\u00e9riode pour mettre en place des <strong>routines<\/strong> qui am\u00e9lioreront \u00e0 la fois votre <strong>productivit\u00e9<\/strong> et votre <strong>bien-\u00eatre au quotidien.<\/strong><\/p>\n\n<p>Au cours de ce webinaire, Camille Grandidier, auteure de \u00ab&nbsp;<em>60 minutes pour booster votre \u00e9nergie<\/em>&nbsp;\u00bb (\u00c9ditions GERESO) et coach certifi\u00e9e, vous partagera des <strong>outils concrets et des strat\u00e9gies faciles<\/strong> \u00e0 int\u00e9grer dans votre vie professionnelle et personnelle. <\/p>\n\n\n\n<p>Vous apprendrez \u00e0&nbsp;:<\/p>\n\n<ul>\n<li><strong>D\u00e9finir des objectifs d\u2019habitudes saines<\/strong> qui soutiennent \u00e0 la fois votre productivit\u00e9 et votre \u00e9quilibre personnel.<\/li>\n<li><strong>Ma\u00eetriser votre \u00e9tat d\u2019esprit,<\/strong> en d\u00e9veloppant une attitude positive et proactive face aux d\u00e9fis de la rentr\u00e9e.<\/li>\n<li><strong>Automatiser vos bonnes habitudes,<\/strong> pour qu&rsquo;elles deviennent naturelles et soutiennent votre efficacit\u00e9 sans effort.<\/li>\n<li><strong>G\u00e9rer efficacement votre temps et vos priorit\u00e9s,<\/strong> pour surmonter les obstacles li\u00e9s \u00e0 un agenda bien rempli.<\/li>\n<\/ul>\n\n<h3 class=\"section-title\"><span class=\"title-inner\" data-animation=\"fadeInRight\" data-animation-delay=\"500\">PROFIL DES PARTICIPANTS&nbsp;:<\/span><\/h3>\n<p>Ce webinaire s\u2019adresse \u00e0 tous les professionnels qui souhaitent am\u00e9liorer leur efficacit\u00e9 tout en prenant soin de leur bien-\u00eatre. <\/p>\n\n<h3 class=\"section-title\"><span class=\"title-inner\" data-animation=\"fadeInRight\" data-animation-delay=\"500\">INTERVENANTE&nbsp;:<\/span><\/h3>\n<p><strong>Camille Grandidier<\/strong> est une coach de vie certifi\u00e9e, accr\u00e9dit\u00e9e par la Life Coach School, avec une solide exp\u00e9rience professionnelle, ayant notamment travaill\u00e9 en tant qu&rsquo;avocate dans des cabinets de renom au Luxembourg. Elle allie sa connaissance du monde des affaires \u00e0 sa passion pour le coaching, aidant les professionnels \u00e0 maximiser leur potentiel, \u00e0 atteindre leurs objectifs et \u00e0 exceller dans leur carri\u00e8re, tout en pr\u00e9servant leur bien-\u00eatre.<\/p>\n\n<h3 class=\"section-title\"><span class=\"title-inner\" data-animation=\"fadeInRight\" data-animation-delay=\"500\">WEBINAIRE&nbsp;:<\/span><\/h3>\n<h4>Replay du webinaire&nbsp;:<\/h4>\n\n\n\n<figure class=\"wp-block-embed is-type-video is-provider-youtube wp-block-embed-youtube wp-embed-aspect-16-9 wp-has-aspect-ratio\"><div class=\"wp-block-embed__wrapper\">\n<iframe title=\"WEBINAIRE - 60 minutes pour adopter des habitudes qui boostent votre efficacit\u00e9 - Camille Grandidier\" width=\"644\" height=\"362\" src=\"https:\/\/www.youtube.com\/embed\/-C4wTQV8LU8?feature=oembed\" frameborder=\"0\" allow=\"accelerometer; autoplay; clipboard-write; encrypted-media; gyroscope; picture-in-picture; web-share\" referrerpolicy=\"strict-origin-when-cross-origin\" allowfullscreen><\/iframe>\n<\/div><\/figure>\n\n\n\n<h3 class=\"section-title\"><span class=\"title-inner\" data-animation=\"fadeInRight\" data-animation-delay=\"500\">DOCUMENT&nbsp;:<\/span><\/h3>\n\n\n\n<div data-wp-interactive=\"core\/file\" class=\"wp-block-file aligncenter\"><object data-wp-bind--hidden=\"!state.hasPdfPreview\" hidden class=\"wp-block-file__embed\" data=\"https:\/\/www.gereso.com\/actualites\/wp-content\/uploads\/2024\/09\/Webinaire-GERESO-Booster-efficacite.pdf\" type=\"application\/pdf\" style=\"width:100%;height:600px\" aria-label=\"Contenu embarqu\u00e9 Webinaire-GERESO-Booster efficacite.\"><\/object><a id=\"wp-block-file--media-91b869fe-a6e6-4ded-bcec-5d8980b05b1c\" href=\"https:\/\/www.gereso.com\/actualites\/wp-content\/uploads\/2024\/09\/Webinaire-GERESO-Booster-efficacite.pdf\">Webinaire-GERESO-Booster efficacite<\/a><a href=\"https:\/\/www.gereso.com\/actualites\/wp-content\/uploads\/2024\/09\/Webinaire-GERESO-Booster-efficacite.pdf\" class=\"wp-block-file__button wp-element-button\" download aria-describedby=\"wp-block-file--media-91b869fe-a6e6-4ded-bcec-5d8980b05b1c\">T\u00e9l\u00e9charger<\/a><\/div>\n\n\n\n<p><article class=\"obj_encart-formation\">\n<div class=\"ctn_encart\">\n<h3>L&rsquo;ouvrage<\/h3>\n<h2>&nbsp;60 MINUTES POUR BOOSTER VOTRE \u00c9NERGIE&nbsp;!&nbsp;<\/h2>\n\n<p><strong><img decoding=\"async\" class=\"size-full wp-image-8994 alignleft\" src=\"https:\/\/www.gereso.com\/actualites\/wp-content\/uploads\/2024\/09\/RGIE.jpg\" alt=\"60 minutes pour booster votre \u00e9nergie\" width=\"140\" height=\"130\"><\/strong><\/p>\n\n\n<p>Face au rythme effr\u00e9n\u00e9 du quotidien, il peut sembler difficile de mettre en place les bonnes habitudes qui nous permettraient de nous \u00e9panouir pleinement.<\/p>\n\n<p>Pourtant, prendre soin de soi, c\u2019est aussi se donner les moyens de vivre plus sainement et sereinement, pour reprendre confiance en soi et atteindre ses objectifs.<\/p>\n\n<p>\u00c0 l\u2019appui de nombreux conseils, exercices pratiques et t\u00e9moignages inspirants, l\u2019auteure vous propose un programme complet et facile \u00e0 appliquer chaque jour.<\/p>\n\n<p>Manger mieux, bouger plus, se recentrer sur le pr\u00e9sent, bien g\u00e9rer son temps.<\/p>\n\n<p>Cet ouvrage vous invite \u00e0 travailler votre corps et votre mental pour augmenter votre niveau de conscience, votre facult\u00e9 de concentration et votre capacit\u00e9 \u00e0 prendre des d\u00e9cisions.<\/p>\n\n<p>En 60 minutes, d\u00e9couvrez comment booster votre \u00e9nergie au quotidien pour devenir la personne que vous voulez vraiment \u00eatre&nbsp;!<\/p>\n\n<p>&nbsp;<\/p>\n<div class=\"ctn_btn\">\n<a class=\"obj_btn\" target=\"_blank\" href=\"https:\/\/librairie.gereso.com\/livre-developpement-professionnel-et-personnel\/developpement-personnel\/60-minutes-pour-booster-votre-energie-rgie.html\" rel=\"noopener\"><span>En savoir plus<\/span><\/a>\n<\/div>\n<\/div>\n<\/article><\/p>\n\n\n","protected":false},"excerpt":{"rendered":"<p>D\u00e9tails de la conf\u00e9rence&nbsp;: DATE&nbsp;: Lundi 30 septembre 2024 de 12h30 \u00e0 13h30 R\u00c9SUM\u00c9&nbsp;: La rentr\u00e9e est l\u00e0, et avec elle, le besoin de retrouver un bon rythme de travail apr\u00e8s la pause estivale. C&rsquo;est le moment id\u00e9al pour r\u00e9organiser vos priorit\u00e9s, instaurer de nouvelles habitudes et aborder les derniers mois de l\u2019ann\u00e9e avec \u00e9nergie [&hellip;]<\/p>\n","protected":false},"author":32,"featured_media":0,"comment_status":"open","ping_status":"open","sticky":false,"template":"","format":"standard","meta":{"_acf_changed":false,"_mi_skip_tracking":false,"footnotes":""},"categories":[12,9],"tags":[],"class_list":["post-42121","post","type-post","status-publish","format-standard","hentry","category-actualites","category-developpement-personnel-et-efficacite-professionnelle"],"acf":[],"yoast_head":"<!-- This site is optimized with the Yoast SEO plugin v23.4 - https:\/\/yoast.com\/wordpress\/plugins\/seo\/ -->\n<title>Webinaire \u00ab 60 minutes pour adopter des habitudes qui boostent votre efficacit\u00e9 \u00bb - Le Blog GERESO<\/title>\n<meta name=\"robots\" content=\"index, follow, max-snippet:-1, max-image-preview:large, max-video-preview:-1\" \/>\n<link rel=\"canonical\" href=\"https:\/\/www.gereso.com\/actualites\/2024\/09\/30\/webinaire-60-minutes-adopter-des-habitudes-boostent-efficacite\/\" \/>\n<meta property=\"og:locale\" content=\"fr_FR\" \/>\n<meta property=\"og:type\" content=\"article\" \/>\n<meta property=\"og:title\" content=\"Webinaire \u00ab 60 minutes pour adopter des habitudes qui boostent votre efficacit\u00e9 \u00bb - Le Blog GERESO\" \/>\n<meta property=\"og:description\" content=\"D\u00e9tails de la conf\u00e9rence&nbsp;: DATE&nbsp;: Lundi 30 septembre 2024 de 12h30 \u00e0 13h30 R\u00c9SUM\u00c9&nbsp;: La rentr\u00e9e est l\u00e0, et avec elle, le besoin de retrouver un bon rythme de travail apr\u00e8s la pause estivale. C&rsquo;est le moment id\u00e9al pour r\u00e9organiser vos priorit\u00e9s, instaurer de nouvelles habitudes et aborder les derniers mois de l\u2019ann\u00e9e avec \u00e9nergie [&hellip;]\" \/>\n<meta property=\"og:url\" content=\"https:\/\/www.gereso.com\/actualites\/2024\/09\/30\/webinaire-60-minutes-adopter-des-habitudes-boostent-efficacite\/\" \/>\n<meta property=\"og:site_name\" content=\"Le Blog GERESO\" \/>\n<meta property=\"article:published_time\" content=\"2024-09-30T14:33:19+00:00\" \/>\n<meta property=\"article:modified_time\" content=\"2024-10-22T14:17:11+00:00\" \/>\n<meta property=\"og:image\" content=\"https:\/\/www.gereso.com\/actualites\/wp-content\/uploads\/2024\/09\/RGIE.jpg\" \/>\n<meta name=\"author\" content=\"\u00c9quipe GERESO\" \/>\n<meta name=\"twitter:card\" content=\"summary_large_image\" \/>\n<script type=\"application\/ld+json\" class=\"yoast-schema-graph\">{\"@context\":\"https:\/\/schema.org\",\"@graph\":[{\"@type\":\"WebPage\",\"@id\":\"https:\/\/www.gereso.com\/actualites\/2024\/09\/30\/webinaire-60-minutes-adopter-des-habitudes-boostent-efficacite\/\",\"url\":\"https:\/\/www.gereso.com\/actualites\/2024\/09\/30\/webinaire-60-minutes-adopter-des-habitudes-boostent-efficacite\/\",\"name\":\"Webinaire \u00ab 60 minutes pour adopter des habitudes qui boostent votre efficacit\u00e9 \u00bb - Le Blog GERESO\",\"isPartOf\":{\"@id\":\"https:\/\/www.gereso.com\/actualites\/#website\"},\"primaryImageOfPage\":{\"@id\":\"https:\/\/www.gereso.com\/actualites\/2024\/09\/30\/webinaire-60-minutes-adopter-des-habitudes-boostent-efficacite\/#primaryimage\"},\"image\":{\"@id\":\"https:\/\/www.gereso.com\/actualites\/2024\/09\/30\/webinaire-60-minutes-adopter-des-habitudes-boostent-efficacite\/#primaryimage\"},\"thumbnailUrl\":\"https:\/\/www.gereso.com\/actualites\/wp-content\/uploads\/2024\/09\/RGIE.jpg\",\"datePublished\":\"2024-09-30T14:33:19+00:00\",\"dateModified\":\"2024-10-22T14:17:11+00:00\",\"author\":{\"@id\":\"https:\/\/www.gereso.com\/actualites\/#\/schema\/person\/197d8aef40cb4ae3f6a0aa9e1d3df2a6\"},\"breadcrumb\":{\"@id\":\"https:\/\/www.gereso.com\/actualites\/2024\/09\/30\/webinaire-60-minutes-adopter-des-habitudes-boostent-efficacite\/#breadcrumb\"},\"inLanguage\":\"fr-FR\",\"potentialAction\":[{\"@type\":\"ReadAction\",\"target\":[\"https:\/\/www.gereso.com\/actualites\/2024\/09\/30\/webinaire-60-minutes-adopter-des-habitudes-boostent-efficacite\/\"]}]},{\"@type\":\"ImageObject\",\"inLanguage\":\"fr-FR\",\"@id\":\"https:\/\/www.gereso.com\/actualites\/2024\/09\/30\/webinaire-60-minutes-adopter-des-habitudes-boostent-efficacite\/#primaryimage\",\"url\":\"https:\/\/www.gereso.com\/actualites\/wp-content\/uploads\/2018\/02\/nadine-egault.jpg\",\"contentUrl\":\"https:\/\/www.gereso.com\/actualites\/wp-content\/uploads\/2018\/02\/nadine-egault.jpg\",\"width\":100,\"height\":113,\"caption\":\"nadine egault consultante retraite gereso\"},{\"@type\":\"BreadcrumbList\",\"@id\":\"https:\/\/www.gereso.com\/actualites\/2024\/09\/30\/webinaire-60-minutes-adopter-des-habitudes-boostent-efficacite\/#breadcrumb\",\"itemListElement\":[{\"@type\":\"ListItem\",\"position\":1,\"name\":\"Home\",\"item\":\"https:\/\/www.gereso.com\/actualites\/\"},{\"@type\":\"ListItem\",\"position\":2,\"name\":\"Webinaire \u00ab 60 minutes pour adopter des habitudes qui boostent votre efficacit\u00e9 \u00bb\"}]},{\"@type\":\"WebSite\",\"@id\":\"https:\/\/www.gereso.com\/actualites\/#website\",\"url\":\"https:\/\/www.gereso.com\/actualites\/\",\"name\":\"Le Blog GERESO\",\"description\":\"Toute l&#039;actu RH, Finance, Fonction Publique, Management...\",\"potentialAction\":[{\"@type\":\"SearchAction\",\"target\":{\"@type\":\"EntryPoint\",\"urlTemplate\":\"https:\/\/www.gereso.com\/actualites\/?s={search_term_string}\"},\"query-input\":{\"@type\":\"PropertyValueSpecification\",\"valueRequired\":true,\"valueName\":\"search_term_string\"}}],\"inLanguage\":\"fr-FR\"},{\"@type\":\"Person\",\"@id\":\"https:\/\/www.gereso.com\/actualites\/#\/schema\/person\/197d8aef40cb4ae3f6a0aa9e1d3df2a6\",\"name\":\"\u00c9quipe GERESO\",\"image\":{\"@type\":\"ImageObject\",\"inLanguage\":\"fr-FR\",\"@id\":\"https:\/\/www.gereso.com\/actualites\/#\/schema\/person\/image\/\",\"url\":\"https:\/\/www.gereso.com\/actualites\/wp-content\/uploads\/2013\/12\/avatar-gereso-1.png\",\"contentUrl\":\"https:\/\/www.gereso.com\/actualites\/wp-content\/uploads\/2013\/12\/avatar-gereso-1.png\",\"caption\":\"\u00c9quipe GERESO\"},\"url\":\"https:\/\/www.gereso.com\/actualites\/author\/gereso\/\"}]}<\/script>\n<!-- \/ Yoast SEO plugin. -->","yoast_head_json":{"title":"Webinaire \u00ab 60 minutes pour adopter des habitudes qui boostent votre efficacit\u00e9 \u00bb - Le Blog GERESO","robots":{"index":"index","follow":"follow","max-snippet":"max-snippet:-1","max-image-preview":"max-image-preview:large","max-video-preview":"max-video-preview:-1"},"canonical":"https:\/\/www.gereso.com\/actualites\/2024\/09\/30\/webinaire-60-minutes-adopter-des-habitudes-boostent-efficacite\/","og_locale":"fr_FR","og_type":"article","og_title":"Webinaire \u00ab 60 minutes pour adopter des habitudes qui boostent votre efficacit\u00e9 \u00bb - Le Blog GERESO","og_description":"D\u00e9tails de la conf\u00e9rence&nbsp;: DATE&nbsp;: Lundi 30 septembre 2024 de 12h30 \u00e0 13h30 R\u00c9SUM\u00c9&nbsp;: La rentr\u00e9e est l\u00e0, et avec elle, le besoin de retrouver un bon rythme de travail apr\u00e8s la pause estivale. C&rsquo;est le moment id\u00e9al pour r\u00e9organiser vos priorit\u00e9s, instaurer de nouvelles habitudes et aborder les derniers mois de l\u2019ann\u00e9e avec \u00e9nergie [&hellip;]","og_url":"https:\/\/www.gereso.com\/actualites\/2024\/09\/30\/webinaire-60-minutes-adopter-des-habitudes-boostent-efficacite\/","og_site_name":"Le Blog GERESO","article_published_time":"2024-09-30T14:33:19+00:00","article_modified_time":"2024-10-22T14:17:11+00:00","og_image":[{"url":"https:\/\/www.gereso.com\/actualites\/wp-content\/uploads\/2024\/09\/RGIE.jpg"}],"author":"\u00c9quipe GERESO","twitter_card":"summary_large_image","schema":{"@context":"https:\/\/schema.org","@graph":[{"@type":"WebPage","@id":"https:\/\/www.gereso.com\/actualites\/2024\/09\/30\/webinaire-60-minutes-adopter-des-habitudes-boostent-efficacite\/","url":"https:\/\/www.gereso.com\/actualites\/2024\/09\/30\/webinaire-60-minutes-adopter-des-habitudes-boostent-efficacite\/","name":"Webinaire \u00ab 60 minutes pour adopter des habitudes qui boostent votre efficacit\u00e9 \u00bb - Le Blog GERESO","isPartOf":{"@id":"https:\/\/www.gereso.com\/actualites\/#website"},"primaryImageOfPage":{"@id":"https:\/\/www.gereso.com\/actualites\/2024\/09\/30\/webinaire-60-minutes-adopter-des-habitudes-boostent-efficacite\/#primaryimage"},"image":{"@id":"https:\/\/www.gereso.com\/actualites\/2024\/09\/30\/webinaire-60-minutes-adopter-des-habitudes-boostent-efficacite\/#primaryimage"},"thumbnailUrl":"https:\/\/www.gereso.com\/actualites\/wp-content\/uploads\/2024\/09\/RGIE.jpg","datePublished":"2024-09-30T14:33:19+00:00","dateModified":"2024-10-22T14:17:11+00:00","author":{"@id":"https:\/\/www.gereso.com\/actualites\/#\/schema\/person\/197d8aef40cb4ae3f6a0aa9e1d3df2a6"},"breadcrumb":{"@id":"https:\/\/www.gereso.com\/actualites\/2024\/09\/30\/webinaire-60-minutes-adopter-des-habitudes-boostent-efficacite\/#breadcrumb"},"inLanguage":"fr-FR","potentialAction":[{"@type":"ReadAction","target":["https:\/\/www.gereso.com\/actualites\/2024\/09\/30\/webinaire-60-minutes-adopter-des-habitudes-boostent-efficacite\/"]}]},{"@type":"ImageObject","inLanguage":"fr-FR","@id":"https:\/\/www.gereso.com\/actualites\/2024\/09\/30\/webinaire-60-minutes-adopter-des-habitudes-boostent-efficacite\/#primaryimage","url":"https:\/\/www.gereso.com\/actualites\/wp-content\/uploads\/2018\/02\/nadine-egault.jpg","contentUrl":"https:\/\/www.gereso.com\/actualites\/wp-content\/uploads\/2018\/02\/nadine-egault.jpg","width":100,"height":113,"caption":"nadine egault consultante retraite gereso"},{"@type":"BreadcrumbList","@id":"https:\/\/www.gereso.com\/actualites\/2024\/09\/30\/webinaire-60-minutes-adopter-des-habitudes-boostent-efficacite\/#breadcrumb","itemListElement":[{"@type":"ListItem","position":1,"name":"Home","item":"https:\/\/www.gereso.com\/actualites\/"},{"@type":"ListItem","position":2,"name":"Webinaire \u00ab 60 minutes pour adopter des habitudes qui boostent votre efficacit\u00e9 \u00bb"}]},{"@type":"WebSite","@id":"https:\/\/www.gereso.com\/actualites\/#website","url":"https:\/\/www.gereso.com\/actualites\/","name":"Le Blog GERESO","description":"Toute l&#039;actu RH, Finance, Fonction Publique, Management...","potentialAction":[{"@type":"SearchAction","target":{"@type":"EntryPoint","urlTemplate":"https:\/\/www.gereso.com\/actualites\/?s={search_term_string}"},"query-input":{"@type":"PropertyValueSpecification","valueRequired":true,"valueName":"search_term_string"}}],"inLanguage":"fr-FR"},{"@type":"Person","@id":"https:\/\/www.gereso.com\/actualites\/#\/schema\/person\/197d8aef40cb4ae3f6a0aa9e1d3df2a6","name":"\u00c9quipe GERESO","image":{"@type":"ImageObject","inLanguage":"fr-FR","@id":"https:\/\/www.gereso.com\/actualites\/#\/schema\/person\/image\/","url":"https:\/\/www.gereso.com\/actualites\/wp-content\/uploads\/2013\/12\/avatar-gereso-1.png","contentUrl":"https:\/\/www.gereso.com\/actualites\/wp-content\/uploads\/2013\/12\/avatar-gereso-1.png","caption":"\u00c9quipe GERESO"},"url":"https:\/\/www.gereso.com\/actualites\/author\/gereso\/"}]}},"_links":{"self":[{"href":"https:\/\/www.gereso.com\/actualites\/wp-json\/wp\/v2\/posts\/42121","targetHints":{"allow":["GET"]}}],"collection":[{"href":"https:\/\/www.gereso.com\/actualites\/wp-json\/wp\/v2\/posts"}],"about":[{"href":"https:\/\/www.gereso.com\/actualites\/wp-json\/wp\/v2\/types\/post"}],"author":[{"embeddable":true,"href":"https:\/\/www.gereso.com\/actualites\/wp-json\/wp\/v2\/users\/32"}],"replies":[{"embeddable":true,"href":"https:\/\/www.gereso.com\/actualites\/wp-json\/wp\/v2\/comments?post=42121"}],"version-history":[{"count":13,"href":"https:\/\/www.gereso.com\/actualites\/wp-json\/wp\/v2\/posts\/42121\/revisions"}],"predecessor-version":[{"id":42288,"href":"https:\/\/www.gereso.com\/actualites\/wp-json\/wp\/v2\/posts\/42121\/revisions\/42288"}],"wp:attachment":[{"href":"https:\/\/www.gereso.com\/actualites\/wp-json\/wp\/v2\/media?parent=42121"}],"wp:term":[{"taxonomy":"category","embeddable":true,"href":"https:\/\/www.gereso.com\/actualites\/wp-json\/wp\/v2\/categories?post=42121"},{"taxonomy":"post_tag","embeddable":true,"href":"https:\/\/www.gereso.com\/actualites\/wp-json\/wp\/v2\/tags?post=42121"}],"curies":[{"name":"wp","href":"https:\/\/api.w.org\/{rel}","templated":true}]}}