{"id":4225,"date":"2015-06-30T08:53:43","date_gmt":"2015-06-30T06:53:43","guid":{"rendered":"https:\/\/www.gereso.com\/actualites\/?p=4225"},"modified":"2022-03-14T11:34:28","modified_gmt":"2022-03-14T09:34:28","slug":"tous-formateurs-un-ouvrage-de-christine-paolini","status":"publish","type":"post","link":"https:\/\/www.gereso.com\/actualites\/2015\/06\/30\/tous-formateurs-un-ouvrage-de-christine-paolini\/","title":{"rendered":"Tous formateurs, un ouvrage de Christine Paolini"},"content":{"rendered":"<p style=\"text-align: justify;\">Christine Paolini a r\u00e9cemment publi\u00e9 \u00ab\u00a0<em>Tous formateurs\u00a0: partager son savoir-faire au<\/em> <em>quotidien<\/em>\u00a0\u00bb aux Editions GERESO. Dans cet article, nous vous proposons de faire le point sur cet ouvrage \u00e0 la fois th\u00e9orique et pratique\u00a0qui peut \u00eatre d\u2019une grande utilit\u00e9 \u00e0 toutes les personnes amen\u00e9es \u00e0 animer des formations, que ce soit de fa\u00e7on r\u00e9guli\u00e8re ou occasionnelle.<!--more--><\/p>\n<figure id=\"attachment_4254\" aria-describedby=\"caption-attachment-4254\" style=\"width: 550px\" class=\"wp-caption aligncenter\"><img fetchpriority=\"high\" decoding=\"async\" class=\"wp-image-4254 size-full\" src=\"https:\/\/www.gereso.com\/actualites\/wp-content\/uploads\/2015\/06\/tous-formateurs-1.jpg\" alt=\"tous formateurs\" width=\"550\" height=\"367\" srcset=\"https:\/\/www.gereso.com\/actualites\/wp-content\/uploads\/2015\/06\/tous-formateurs-1.jpg 550w, https:\/\/www.gereso.com\/actualites\/wp-content\/uploads\/2015\/06\/tous-formateurs-1-300x200.jpg 300w\" sizes=\"(max-width: 550px) 100vw, 550px\" \/><figcaption id=\"caption-attachment-4254\" class=\"wp-caption-text\">Livre sur la transmission de savoir<\/figcaption><\/figure>\n<p style=\"text-align: justify;\">\n<h2 style=\"text-align: justify;\"><strong>Qui est l\u2019auteur de cet ouvrage sur le m\u00e9tier de formateur\u00a0?<\/strong><\/h2>\n<p style=\"text-align: justify;\">Christine Paolini d\u00e9tient un dipl\u00f4me de psychologie et poss\u00e8de une certification en Process Communication. Depuis une vingtaine d\u2019ann\u00e9es, elle anime des formations sur les th\u00e9matiques de l\u2019expression orale, de la prise de parole en public et des techniques de communication. Son exp\u00e9rience de formatrice coupl\u00e9e \u00e0 son expertise en d\u00e9veloppement personnel lui ont permis de r\u00e9diger l\u2019ouvrage sur la formation que nous vous invitons \u00e0 d\u00e9couvrir aujourd\u2019hui.<\/p>\n<h2 style=\"text-align: justify;\"><strong>A qui s\u2019adresse \u00ab\u00a0<em>Tous formateurs<\/em>\u00a0\u00bb publi\u00e9 aux Editions GERESO\u00a0?<\/strong><\/h2>\n<p style=\"text-align: justify;\">Cet ouvrage s\u2019adresse \u00e0 toutes les personnes susceptibles d&rsquo;animer des formations dans le cadre professionnel. En effet, transmettre son savoir-faire est indispensable en entreprise, mais ce n\u2019est pas forc\u00e9ment simple au premier abord\u00a0: apr\u00e8s tout, enseigner est un v\u00e9ritable m\u00e9tier.<\/p>\n<p style=\"text-align: justify;\">Cet ouvrage \u00e0 la fois th\u00e9orique et pratique de Christine Paolini est donc id\u00e9al pour les professionnels ne connaissant pas grand-chose \u00e0 la formation, mais devant s\u2019en charger au sein de leur entreprise. Mais ce n\u2019est pas tout\u00a0: les formateurs confirm\u00e9s trouveront dans cet ouvrage un excellent rappel des bonnes pratiques \u00e0 mettre en place.<\/p>\n<h2 style=\"text-align: justify;\"><strong>Quels sont les sujets abord\u00e9s dans l\u2019ouvrage de Christine Paolini\u00a0?<\/strong><\/h2>\n<p style=\"text-align: justify;\">De nombreux concepts sont abord\u00e9s dans \u00ab\u00a0Tous formateurs\u00a0\u00bb de Christine Paolini\u00a0: la m\u00e9moire, le fonctionnement du cerveau, le savoir, les lois de la p\u00e9dagogie, l\u2019analyse des besoins de l\u2019apprenant, les m\u00e9thodes et les techniques p\u00e9dagogiques ainsi que l\u2019attitude du formateur. Les chapitres sur les sp\u00e9cificit\u00e9s g\u00e9n\u00e9rationnelles et les comportements difficiles sont aussi tr\u00e8s importants, car ils r\u00e9pondent aux probl\u00e9matiques actuelles de la formation.<\/p>\n<p>&nbsp;<\/p>\n","protected":false},"excerpt":{"rendered":"<p>Christine Paolini a r\u00e9cemment publi\u00e9 \u00ab\u00a0Tous formateurs\u00a0: partager son savoir-faire au quotidien\u00a0\u00bb aux Editions GERESO. Dans cet article, nous vous proposons de faire le point sur cet ouvrage \u00e0 la fois th\u00e9orique et pratique\u00a0qui peut \u00eatre d\u2019une grande utilit\u00e9 \u00e0 toutes les personnes amen\u00e9es \u00e0 animer des formations, que ce soit de fa\u00e7on r\u00e9guli\u00e8re ou [&hellip;]<\/p>\n","protected":false},"author":32,"featured_media":4254,"comment_status":"open","ping_status":"open","sticky":false,"template":"","format":"standard","meta":{"_acf_changed":false,"_mi_skip_tracking":false,"footnotes":""},"categories":[20],"tags":[278,38,676],"class_list":["post-4225","post","type-post","status-publish","format-standard","has-post-thumbnail","hentry","category-la-librairie-rh","tag-formateur","tag-formation","tag-transmission-de-savoir"],"acf":[],"yoast_head":"<!-- This site is optimized with the Yoast SEO plugin v23.4 - https:\/\/yoast.com\/wordpress\/plugins\/seo\/ -->\n<title>Tous formateurs, un ouvrage de Christine Paolini - Le Blog GERESO<\/title>\n<meta name=\"robots\" content=\"index, follow, max-snippet:-1, max-image-preview:large, max-video-preview:-1\" \/>\n<link rel=\"canonical\" href=\"https:\/\/www.gereso.com\/actualites\/2015\/06\/30\/tous-formateurs-un-ouvrage-de-christine-paolini\/\" \/>\n<meta property=\"og:locale\" content=\"fr_FR\" \/>\n<meta property=\"og:type\" content=\"article\" \/>\n<meta property=\"og:title\" content=\"Tous formateurs, un ouvrage de Christine Paolini - Le Blog GERESO\" \/>\n<meta property=\"og:description\" content=\"Christine Paolini a r\u00e9cemment publi\u00e9 \u00ab\u00a0Tous formateurs\u00a0: partager son savoir-faire au quotidien\u00a0\u00bb aux Editions GERESO. Dans cet article, nous vous proposons de faire le point sur cet ouvrage \u00e0 la fois th\u00e9orique et pratique\u00a0qui peut \u00eatre d\u2019une grande utilit\u00e9 \u00e0 toutes les personnes amen\u00e9es \u00e0 animer des formations, que ce soit de fa\u00e7on r\u00e9guli\u00e8re ou [&hellip;]\" \/>\n<meta property=\"og:url\" content=\"https:\/\/www.gereso.com\/actualites\/2015\/06\/30\/tous-formateurs-un-ouvrage-de-christine-paolini\/\" \/>\n<meta property=\"og:site_name\" content=\"Le Blog GERESO\" \/>\n<meta property=\"article:published_time\" content=\"2015-06-30T06:53:43+00:00\" \/>\n<meta property=\"article:modified_time\" content=\"2022-03-14T09:34:28+00:00\" \/>\n<meta property=\"og:image\" content=\"https:\/\/www.gereso.com\/actualites\/wp-content\/uploads\/2015\/06\/tous-formateurs-1.jpg\" \/>\n\t<meta property=\"og:image:width\" content=\"550\" \/>\n\t<meta property=\"og:image:height\" content=\"367\" \/>\n\t<meta property=\"og:image:type\" content=\"image\/jpeg\" \/>\n<meta name=\"author\" content=\"\u00c9quipe GERESO\" \/>\n<meta name=\"twitter:card\" content=\"summary_large_image\" \/>\n<script type=\"application\/ld+json\" class=\"yoast-schema-graph\">{\"@context\":\"https:\/\/schema.org\",\"@graph\":[{\"@type\":\"WebPage\",\"@id\":\"https:\/\/www.gereso.com\/actualites\/2015\/06\/30\/tous-formateurs-un-ouvrage-de-christine-paolini\/\",\"url\":\"https:\/\/www.gereso.com\/actualites\/2015\/06\/30\/tous-formateurs-un-ouvrage-de-christine-paolini\/\",\"name\":\"Tous formateurs, un ouvrage de Christine Paolini - Le Blog GERESO\",\"isPartOf\":{\"@id\":\"https:\/\/www.gereso.com\/actualites\/#website\"},\"primaryImageOfPage\":{\"@id\":\"https:\/\/www.gereso.com\/actualites\/2015\/06\/30\/tous-formateurs-un-ouvrage-de-christine-paolini\/#primaryimage\"},\"image\":{\"@id\":\"https:\/\/www.gereso.com\/actualites\/2015\/06\/30\/tous-formateurs-un-ouvrage-de-christine-paolini\/#primaryimage\"},\"thumbnailUrl\":\"https:\/\/www.gereso.com\/actualites\/wp-content\/uploads\/2015\/06\/tous-formateurs-1.jpg\",\"datePublished\":\"2015-06-30T06:53:43+00:00\",\"dateModified\":\"2022-03-14T09:34:28+00:00\",\"author\":{\"@id\":\"https:\/\/www.gereso.com\/actualites\/#\/schema\/person\/197d8aef40cb4ae3f6a0aa9e1d3df2a6\"},\"breadcrumb\":{\"@id\":\"https:\/\/www.gereso.com\/actualites\/2015\/06\/30\/tous-formateurs-un-ouvrage-de-christine-paolini\/#breadcrumb\"},\"inLanguage\":\"fr-FR\",\"potentialAction\":[{\"@type\":\"ReadAction\",\"target\":[\"https:\/\/www.gereso.com\/actualites\/2015\/06\/30\/tous-formateurs-un-ouvrage-de-christine-paolini\/\"]}]},{\"@type\":\"ImageObject\",\"inLanguage\":\"fr-FR\",\"@id\":\"https:\/\/www.gereso.com\/actualites\/2015\/06\/30\/tous-formateurs-un-ouvrage-de-christine-paolini\/#primaryimage\",\"url\":\"https:\/\/www.gereso.com\/actualites\/wp-content\/uploads\/2015\/06\/tous-formateurs-1.jpg\",\"contentUrl\":\"https:\/\/www.gereso.com\/actualites\/wp-content\/uploads\/2015\/06\/tous-formateurs-1.jpg\",\"width\":550,\"height\":367},{\"@type\":\"BreadcrumbList\",\"@id\":\"https:\/\/www.gereso.com\/actualites\/2015\/06\/30\/tous-formateurs-un-ouvrage-de-christine-paolini\/#breadcrumb\",\"itemListElement\":[{\"@type\":\"ListItem\",\"position\":1,\"name\":\"Home\",\"item\":\"https:\/\/www.gereso.com\/actualites\/\"},{\"@type\":\"ListItem\",\"position\":2,\"name\":\"Tous formateurs, un ouvrage de Christine Paolini\"}]},{\"@type\":\"WebSite\",\"@id\":\"https:\/\/www.gereso.com\/actualites\/#website\",\"url\":\"https:\/\/www.gereso.com\/actualites\/\",\"name\":\"Le Blog GERESO\",\"description\":\"Toute l&#039;actu RH, Finance, Fonction Publique, Management...\",\"potentialAction\":[{\"@type\":\"SearchAction\",\"target\":{\"@type\":\"EntryPoint\",\"urlTemplate\":\"https:\/\/www.gereso.com\/actualites\/?s={search_term_string}\"},\"query-input\":{\"@type\":\"PropertyValueSpecification\",\"valueRequired\":true,\"valueName\":\"search_term_string\"}}],\"inLanguage\":\"fr-FR\"},{\"@type\":\"Person\",\"@id\":\"https:\/\/www.gereso.com\/actualites\/#\/schema\/person\/197d8aef40cb4ae3f6a0aa9e1d3df2a6\",\"name\":\"\u00c9quipe GERESO\",\"image\":{\"@type\":\"ImageObject\",\"inLanguage\":\"fr-FR\",\"@id\":\"https:\/\/www.gereso.com\/actualites\/#\/schema\/person\/image\/\",\"url\":\"https:\/\/www.gereso.com\/actualites\/wp-content\/uploads\/2013\/12\/avatar-gereso-1.png\",\"contentUrl\":\"https:\/\/www.gereso.com\/actualites\/wp-content\/uploads\/2013\/12\/avatar-gereso-1.png\",\"caption\":\"\u00c9quipe GERESO\"},\"url\":\"https:\/\/www.gereso.com\/actualites\/author\/gereso\/\"}]}<\/script>\n<!-- \/ Yoast SEO plugin. -->","yoast_head_json":{"title":"Tous formateurs, un ouvrage de Christine Paolini - Le Blog GERESO","robots":{"index":"index","follow":"follow","max-snippet":"max-snippet:-1","max-image-preview":"max-image-preview:large","max-video-preview":"max-video-preview:-1"},"canonical":"https:\/\/www.gereso.com\/actualites\/2015\/06\/30\/tous-formateurs-un-ouvrage-de-christine-paolini\/","og_locale":"fr_FR","og_type":"article","og_title":"Tous formateurs, un ouvrage de Christine Paolini - Le Blog GERESO","og_description":"Christine Paolini a r\u00e9cemment publi\u00e9 \u00ab\u00a0Tous formateurs\u00a0: partager son savoir-faire au quotidien\u00a0\u00bb aux Editions GERESO. Dans cet article, nous vous proposons de faire le point sur cet ouvrage \u00e0 la fois th\u00e9orique et pratique\u00a0qui peut \u00eatre d\u2019une grande utilit\u00e9 \u00e0 toutes les personnes amen\u00e9es \u00e0 animer des formations, que ce soit de fa\u00e7on r\u00e9guli\u00e8re ou [&hellip;]","og_url":"https:\/\/www.gereso.com\/actualites\/2015\/06\/30\/tous-formateurs-un-ouvrage-de-christine-paolini\/","og_site_name":"Le Blog GERESO","article_published_time":"2015-06-30T06:53:43+00:00","article_modified_time":"2022-03-14T09:34:28+00:00","og_image":[{"width":550,"height":367,"url":"https:\/\/www.gereso.com\/actualites\/wp-content\/uploads\/2015\/06\/tous-formateurs-1.jpg","type":"image\/jpeg"}],"author":"\u00c9quipe GERESO","twitter_card":"summary_large_image","schema":{"@context":"https:\/\/schema.org","@graph":[{"@type":"WebPage","@id":"https:\/\/www.gereso.com\/actualites\/2015\/06\/30\/tous-formateurs-un-ouvrage-de-christine-paolini\/","url":"https:\/\/www.gereso.com\/actualites\/2015\/06\/30\/tous-formateurs-un-ouvrage-de-christine-paolini\/","name":"Tous formateurs, un ouvrage de Christine Paolini - Le Blog GERESO","isPartOf":{"@id":"https:\/\/www.gereso.com\/actualites\/#website"},"primaryImageOfPage":{"@id":"https:\/\/www.gereso.com\/actualites\/2015\/06\/30\/tous-formateurs-un-ouvrage-de-christine-paolini\/#primaryimage"},"image":{"@id":"https:\/\/www.gereso.com\/actualites\/2015\/06\/30\/tous-formateurs-un-ouvrage-de-christine-paolini\/#primaryimage"},"thumbnailUrl":"https:\/\/www.gereso.com\/actualites\/wp-content\/uploads\/2015\/06\/tous-formateurs-1.jpg","datePublished":"2015-06-30T06:53:43+00:00","dateModified":"2022-03-14T09:34:28+00:00","author":{"@id":"https:\/\/www.gereso.com\/actualites\/#\/schema\/person\/197d8aef40cb4ae3f6a0aa9e1d3df2a6"},"breadcrumb":{"@id":"https:\/\/www.gereso.com\/actualites\/2015\/06\/30\/tous-formateurs-un-ouvrage-de-christine-paolini\/#breadcrumb"},"inLanguage":"fr-FR","potentialAction":[{"@type":"ReadAction","target":["https:\/\/www.gereso.com\/actualites\/2015\/06\/30\/tous-formateurs-un-ouvrage-de-christine-paolini\/"]}]},{"@type":"ImageObject","inLanguage":"fr-FR","@id":"https:\/\/www.gereso.com\/actualites\/2015\/06\/30\/tous-formateurs-un-ouvrage-de-christine-paolini\/#primaryimage","url":"https:\/\/www.gereso.com\/actualites\/wp-content\/uploads\/2015\/06\/tous-formateurs-1.jpg","contentUrl":"https:\/\/www.gereso.com\/actualites\/wp-content\/uploads\/2015\/06\/tous-formateurs-1.jpg","width":550,"height":367},{"@type":"BreadcrumbList","@id":"https:\/\/www.gereso.com\/actualites\/2015\/06\/30\/tous-formateurs-un-ouvrage-de-christine-paolini\/#breadcrumb","itemListElement":[{"@type":"ListItem","position":1,"name":"Home","item":"https:\/\/www.gereso.com\/actualites\/"},{"@type":"ListItem","position":2,"name":"Tous formateurs, un ouvrage de Christine Paolini"}]},{"@type":"WebSite","@id":"https:\/\/www.gereso.com\/actualites\/#website","url":"https:\/\/www.gereso.com\/actualites\/","name":"Le Blog GERESO","description":"Toute l&#039;actu RH, Finance, Fonction Publique, Management...","potentialAction":[{"@type":"SearchAction","target":{"@type":"EntryPoint","urlTemplate":"https:\/\/www.gereso.com\/actualites\/?s={search_term_string}"},"query-input":{"@type":"PropertyValueSpecification","valueRequired":true,"valueName":"search_term_string"}}],"inLanguage":"fr-FR"},{"@type":"Person","@id":"https:\/\/www.gereso.com\/actualites\/#\/schema\/person\/197d8aef40cb4ae3f6a0aa9e1d3df2a6","name":"\u00c9quipe GERESO","image":{"@type":"ImageObject","inLanguage":"fr-FR","@id":"https:\/\/www.gereso.com\/actualites\/#\/schema\/person\/image\/","url":"https:\/\/www.gereso.com\/actualites\/wp-content\/uploads\/2013\/12\/avatar-gereso-1.png","contentUrl":"https:\/\/www.gereso.com\/actualites\/wp-content\/uploads\/2013\/12\/avatar-gereso-1.png","caption":"\u00c9quipe GERESO"},"url":"https:\/\/www.gereso.com\/actualites\/author\/gereso\/"}]}},"_links":{"self":[{"href":"https:\/\/www.gereso.com\/actualites\/wp-json\/wp\/v2\/posts\/4225","targetHints":{"allow":["GET"]}}],"collection":[{"href":"https:\/\/www.gereso.com\/actualites\/wp-json\/wp\/v2\/posts"}],"about":[{"href":"https:\/\/www.gereso.com\/actualites\/wp-json\/wp\/v2\/types\/post"}],"author":[{"embeddable":true,"href":"https:\/\/www.gereso.com\/actualites\/wp-json\/wp\/v2\/users\/32"}],"replies":[{"embeddable":true,"href":"https:\/\/www.gereso.com\/actualites\/wp-json\/wp\/v2\/comments?post=4225"}],"version-history":[{"count":1,"href":"https:\/\/www.gereso.com\/actualites\/wp-json\/wp\/v2\/posts\/4225\/revisions"}],"predecessor-version":[{"id":26263,"href":"https:\/\/www.gereso.com\/actualites\/wp-json\/wp\/v2\/posts\/4225\/revisions\/26263"}],"wp:featuredmedia":[{"embeddable":true,"href":"https:\/\/www.gereso.com\/actualites\/wp-json\/wp\/v2\/media\/4254"}],"wp:attachment":[{"href":"https:\/\/www.gereso.com\/actualites\/wp-json\/wp\/v2\/media?parent=4225"}],"wp:term":[{"taxonomy":"category","embeddable":true,"href":"https:\/\/www.gereso.com\/actualites\/wp-json\/wp\/v2\/categories?post=4225"},{"taxonomy":"post_tag","embeddable":true,"href":"https:\/\/www.gereso.com\/actualites\/wp-json\/wp\/v2\/tags?post=4225"}],"curies":[{"name":"wp","href":"https:\/\/api.w.org\/{rel}","templated":true}]}}