{"id":42345,"date":"2024-10-31T18:07:10","date_gmt":"2024-10-31T16:07:10","guid":{"rendered":"https:\/\/www.gereso.com\/actualites\/?p=42345"},"modified":"2024-10-31T18:07:12","modified_gmt":"2024-10-31T16:07:12","slug":"fonction-publique-sanction-abaissement-echelon-violences-physiques-dehors-service","status":"publish","type":"post","link":"https:\/\/www.gereso.com\/actualites\/2024\/10\/31\/fonction-publique-sanction-abaissement-echelon-violences-physiques-dehors-service\/","title":{"rendered":"Fonction publique : sanction d&rsquo;abaissement d&rsquo;\u00e9chelon pour des violences physiques en dehors du service"},"content":{"rendered":"\n<p>La <strong>sanction \u00ab d\u2019abaissement d\u2019\u00e9chelon \u00bb<\/strong> prononc\u00e9e \u00e0 l\u2019encontre d\u2019une agente des services hospitaliers, en raison de violences physiques port\u00e9es contre une conductrice de 72 ans, alors qu\u2019elle se rendait au travail en voiture n\u2019est pas disproportionn\u00e9e.<\/p>\n\n\n\n<h2 style=\"color: #d10016;\"><strong>Faute commise hors service et responsabilit\u00e9 disciplinaire<\/strong><\/h2>\n\n\n\n<p>Pour rappel, le comportement d\u2019un fonctionnaire en dehors du service peut constituer une faute de nature \u00e0 justifier une sanction si les<strong> faits commis sont incompatibles avec les fonctions exerc\u00e9es<\/strong> ou s\u2019ils ont pour effet de perturber le bon fonctionnement du service ou de jeter le discr\u00e9dit sur l\u2019administration.<\/p>\n\n\n\n<p>Dans cette affaire, d\u2019apr\u00e8s deux t\u00e9moignages indirects que l\u2019int\u00e9ress\u00e9e niait, l\u2019alter-cation se serait d\u00e9roul\u00e9e \u00e0 proximit\u00e9 de l\u2019EHPAD, sur la voie publique, en dehors des horaires de service. L\u2019int\u00e9ress\u00e9 aurait donn\u00e9 un coup de poing ainsi que des coups de pied dans la voiture de la conductrice, laquelle, en \u00e9tat de choc imm\u00e9diatement apr\u00e8s les faits, souffrait d\u2019une blessure \u00e0 la pommette gauche, blessure constat\u00e9e par les t\u00e9moins nonobstant l\u2019absence de certificat m\u00e9dical. <\/p>\n\n\n\n<p>Bien que la victime n\u2019ait pas d\u00e9pos\u00e9 plainte, mais seulement une main courante, les faits auraient \u00e9t\u00e9 assimilables \u00e0 une contravention de la quatri\u00e8me classe. Pour appr\u00e9cier le crit\u00e8re de publicit\u00e9 des faits, le juge relevait que plusieurs personnes \u00e9taient sur place, dont une aurait m\u00eame film\u00e9 la sc\u00e8ne. Pour le juge, ces faits ont n\u00e9cessairement donn\u00e9 une <strong>mauvaise image de l\u2019\u00e9tablissement<\/strong> qui \u00e9tait identifiable d\u00e8s lors, notamment que la cadre de sant\u00e9 alert\u00e9e des faits s\u2019\u00e9tait imm\u00e9diatement rendue sur place en blouse de service.<\/p>\n\n\n","protected":false},"excerpt":{"rendered":"<p>La sanction \u00ab d\u2019abaissement d\u2019\u00e9chelon \u00bb prononc\u00e9e \u00e0 l\u2019encontre d\u2019une agente des services hospitaliers, en raison de violences physiques port\u00e9es contre une conductrice de 72 ans, alors qu\u2019elle se rendait au travail en voiture n\u2019est pas disproportionn\u00e9e. Faute commise hors service et responsabilit\u00e9 disciplinaire Pour rappel, le comportement d\u2019un fonctionnaire en dehors du service peut [&hellip;]<\/p>\n","protected":false},"author":32,"featured_media":0,"comment_status":"open","ping_status":"open","sticky":false,"template":"","format":"quote","meta":{"_acf_changed":false,"_mi_skip_tracking":false,"footnotes":""},"categories":[12,6],"tags":[],"class_list":["post-42345","post","type-post","status-publish","format-quote","hentry","category-actualites","category-fonction-publique","post_format-post-format-quote"],"acf":[],"yoast_head":"<!-- This site is optimized with the Yoast SEO plugin v23.4 - https:\/\/yoast.com\/wordpress\/plugins\/seo\/ -->\n<title>Fonction publique : sanction d&rsquo;abaissement d&rsquo;\u00e9chelon pour des violences physiques en dehors du service - Le Blog GERESO<\/title>\n<meta name=\"robots\" content=\"index, follow, max-snippet:-1, max-image-preview:large, max-video-preview:-1\" \/>\n<link rel=\"canonical\" href=\"https:\/\/www.gereso.com\/actualites\/2024\/10\/31\/fonction-publique-sanction-abaissement-echelon-violences-physiques-dehors-service\/\" \/>\n<meta property=\"og:locale\" content=\"fr_FR\" \/>\n<meta property=\"og:type\" content=\"article\" \/>\n<meta property=\"og:title\" content=\"Fonction publique : sanction d&rsquo;abaissement d&rsquo;\u00e9chelon pour des violences physiques en dehors du service - Le Blog GERESO\" \/>\n<meta property=\"og:description\" content=\"La sanction \u00ab d\u2019abaissement d\u2019\u00e9chelon \u00bb prononc\u00e9e \u00e0 l\u2019encontre d\u2019une agente des services hospitaliers, en raison de violences physiques port\u00e9es contre une conductrice de 72 ans, alors qu\u2019elle se rendait au travail en voiture n\u2019est pas disproportionn\u00e9e. Faute commise hors service et responsabilit\u00e9 disciplinaire Pour rappel, le comportement d\u2019un fonctionnaire en dehors du service peut [&hellip;]\" \/>\n<meta property=\"og:url\" content=\"https:\/\/www.gereso.com\/actualites\/2024\/10\/31\/fonction-publique-sanction-abaissement-echelon-violences-physiques-dehors-service\/\" \/>\n<meta property=\"og:site_name\" content=\"Le Blog GERESO\" \/>\n<meta property=\"article:published_time\" content=\"2024-10-31T16:07:10+00:00\" \/>\n<meta property=\"article:modified_time\" content=\"2024-10-31T16:07:12+00:00\" \/>\n<meta name=\"author\" content=\"\u00c9quipe GERESO\" \/>\n<meta name=\"twitter:card\" content=\"summary_large_image\" \/>\n<script type=\"application\/ld+json\" class=\"yoast-schema-graph\">{\"@context\":\"https:\/\/schema.org\",\"@graph\":[{\"@type\":\"WebPage\",\"@id\":\"https:\/\/www.gereso.com\/actualites\/2024\/10\/31\/fonction-publique-sanction-abaissement-echelon-violences-physiques-dehors-service\/\",\"url\":\"https:\/\/www.gereso.com\/actualites\/2024\/10\/31\/fonction-publique-sanction-abaissement-echelon-violences-physiques-dehors-service\/\",\"name\":\"Fonction publique : sanction d&rsquo;abaissement d&rsquo;\u00e9chelon pour des violences physiques en dehors du service - Le Blog GERESO\",\"isPartOf\":{\"@id\":\"https:\/\/www.gereso.com\/actualites\/#website\"},\"datePublished\":\"2024-10-31T16:07:10+00:00\",\"dateModified\":\"2024-10-31T16:07:12+00:00\",\"author\":{\"@id\":\"https:\/\/www.gereso.com\/actualites\/#\/schema\/person\/197d8aef40cb4ae3f6a0aa9e1d3df2a6\"},\"breadcrumb\":{\"@id\":\"https:\/\/www.gereso.com\/actualites\/2024\/10\/31\/fonction-publique-sanction-abaissement-echelon-violences-physiques-dehors-service\/#breadcrumb\"},\"inLanguage\":\"fr-FR\",\"potentialAction\":[{\"@type\":\"ReadAction\",\"target\":[\"https:\/\/www.gereso.com\/actualites\/2024\/10\/31\/fonction-publique-sanction-abaissement-echelon-violences-physiques-dehors-service\/\"]}]},{\"@type\":\"BreadcrumbList\",\"@id\":\"https:\/\/www.gereso.com\/actualites\/2024\/10\/31\/fonction-publique-sanction-abaissement-echelon-violences-physiques-dehors-service\/#breadcrumb\",\"itemListElement\":[{\"@type\":\"ListItem\",\"position\":1,\"name\":\"Home\",\"item\":\"https:\/\/www.gereso.com\/actualites\/\"},{\"@type\":\"ListItem\",\"position\":2,\"name\":\"Fonction publique : sanction d&rsquo;abaissement d&rsquo;\u00e9chelon pour des violences physiques en dehors du service\"}]},{\"@type\":\"WebSite\",\"@id\":\"https:\/\/www.gereso.com\/actualites\/#website\",\"url\":\"https:\/\/www.gereso.com\/actualites\/\",\"name\":\"Le Blog GERESO\",\"description\":\"Toute l&#039;actu RH, Finance, Fonction Publique, Management...\",\"potentialAction\":[{\"@type\":\"SearchAction\",\"target\":{\"@type\":\"EntryPoint\",\"urlTemplate\":\"https:\/\/www.gereso.com\/actualites\/?s={search_term_string}\"},\"query-input\":{\"@type\":\"PropertyValueSpecification\",\"valueRequired\":true,\"valueName\":\"search_term_string\"}}],\"inLanguage\":\"fr-FR\"},{\"@type\":\"Person\",\"@id\":\"https:\/\/www.gereso.com\/actualites\/#\/schema\/person\/197d8aef40cb4ae3f6a0aa9e1d3df2a6\",\"name\":\"\u00c9quipe GERESO\",\"image\":{\"@type\":\"ImageObject\",\"inLanguage\":\"fr-FR\",\"@id\":\"https:\/\/www.gereso.com\/actualites\/#\/schema\/person\/image\/\",\"url\":\"https:\/\/www.gereso.com\/actualites\/wp-content\/uploads\/2013\/12\/avatar-gereso-1.png\",\"contentUrl\":\"https:\/\/www.gereso.com\/actualites\/wp-content\/uploads\/2013\/12\/avatar-gereso-1.png\",\"caption\":\"\u00c9quipe GERESO\"},\"url\":\"https:\/\/www.gereso.com\/actualites\/author\/gereso\/\"}]}<\/script>\n<!-- \/ Yoast SEO plugin. -->","yoast_head_json":{"title":"Fonction publique : sanction d&rsquo;abaissement d&rsquo;\u00e9chelon pour des violences physiques en dehors du service - Le Blog GERESO","robots":{"index":"index","follow":"follow","max-snippet":"max-snippet:-1","max-image-preview":"max-image-preview:large","max-video-preview":"max-video-preview:-1"},"canonical":"https:\/\/www.gereso.com\/actualites\/2024\/10\/31\/fonction-publique-sanction-abaissement-echelon-violences-physiques-dehors-service\/","og_locale":"fr_FR","og_type":"article","og_title":"Fonction publique : sanction d&rsquo;abaissement d&rsquo;\u00e9chelon pour des violences physiques en dehors du service - Le Blog GERESO","og_description":"La sanction \u00ab d\u2019abaissement d\u2019\u00e9chelon \u00bb prononc\u00e9e \u00e0 l\u2019encontre d\u2019une agente des services hospitaliers, en raison de violences physiques port\u00e9es contre une conductrice de 72 ans, alors qu\u2019elle se rendait au travail en voiture n\u2019est pas disproportionn\u00e9e. Faute commise hors service et responsabilit\u00e9 disciplinaire Pour rappel, le comportement d\u2019un fonctionnaire en dehors du service peut [&hellip;]","og_url":"https:\/\/www.gereso.com\/actualites\/2024\/10\/31\/fonction-publique-sanction-abaissement-echelon-violences-physiques-dehors-service\/","og_site_name":"Le Blog GERESO","article_published_time":"2024-10-31T16:07:10+00:00","article_modified_time":"2024-10-31T16:07:12+00:00","author":"\u00c9quipe GERESO","twitter_card":"summary_large_image","schema":{"@context":"https:\/\/schema.org","@graph":[{"@type":"WebPage","@id":"https:\/\/www.gereso.com\/actualites\/2024\/10\/31\/fonction-publique-sanction-abaissement-echelon-violences-physiques-dehors-service\/","url":"https:\/\/www.gereso.com\/actualites\/2024\/10\/31\/fonction-publique-sanction-abaissement-echelon-violences-physiques-dehors-service\/","name":"Fonction publique : sanction d&rsquo;abaissement d&rsquo;\u00e9chelon pour des violences physiques en dehors du service - Le Blog GERESO","isPartOf":{"@id":"https:\/\/www.gereso.com\/actualites\/#website"},"datePublished":"2024-10-31T16:07:10+00:00","dateModified":"2024-10-31T16:07:12+00:00","author":{"@id":"https:\/\/www.gereso.com\/actualites\/#\/schema\/person\/197d8aef40cb4ae3f6a0aa9e1d3df2a6"},"breadcrumb":{"@id":"https:\/\/www.gereso.com\/actualites\/2024\/10\/31\/fonction-publique-sanction-abaissement-echelon-violences-physiques-dehors-service\/#breadcrumb"},"inLanguage":"fr-FR","potentialAction":[{"@type":"ReadAction","target":["https:\/\/www.gereso.com\/actualites\/2024\/10\/31\/fonction-publique-sanction-abaissement-echelon-violences-physiques-dehors-service\/"]}]},{"@type":"BreadcrumbList","@id":"https:\/\/www.gereso.com\/actualites\/2024\/10\/31\/fonction-publique-sanction-abaissement-echelon-violences-physiques-dehors-service\/#breadcrumb","itemListElement":[{"@type":"ListItem","position":1,"name":"Home","item":"https:\/\/www.gereso.com\/actualites\/"},{"@type":"ListItem","position":2,"name":"Fonction publique : sanction d&rsquo;abaissement d&rsquo;\u00e9chelon pour des violences physiques en dehors du service"}]},{"@type":"WebSite","@id":"https:\/\/www.gereso.com\/actualites\/#website","url":"https:\/\/www.gereso.com\/actualites\/","name":"Le Blog GERESO","description":"Toute l&#039;actu RH, Finance, Fonction Publique, Management...","potentialAction":[{"@type":"SearchAction","target":{"@type":"EntryPoint","urlTemplate":"https:\/\/www.gereso.com\/actualites\/?s={search_term_string}"},"query-input":{"@type":"PropertyValueSpecification","valueRequired":true,"valueName":"search_term_string"}}],"inLanguage":"fr-FR"},{"@type":"Person","@id":"https:\/\/www.gereso.com\/actualites\/#\/schema\/person\/197d8aef40cb4ae3f6a0aa9e1d3df2a6","name":"\u00c9quipe GERESO","image":{"@type":"ImageObject","inLanguage":"fr-FR","@id":"https:\/\/www.gereso.com\/actualites\/#\/schema\/person\/image\/","url":"https:\/\/www.gereso.com\/actualites\/wp-content\/uploads\/2013\/12\/avatar-gereso-1.png","contentUrl":"https:\/\/www.gereso.com\/actualites\/wp-content\/uploads\/2013\/12\/avatar-gereso-1.png","caption":"\u00c9quipe GERESO"},"url":"https:\/\/www.gereso.com\/actualites\/author\/gereso\/"}]}},"_links":{"self":[{"href":"https:\/\/www.gereso.com\/actualites\/wp-json\/wp\/v2\/posts\/42345","targetHints":{"allow":["GET"]}}],"collection":[{"href":"https:\/\/www.gereso.com\/actualites\/wp-json\/wp\/v2\/posts"}],"about":[{"href":"https:\/\/www.gereso.com\/actualites\/wp-json\/wp\/v2\/types\/post"}],"author":[{"embeddable":true,"href":"https:\/\/www.gereso.com\/actualites\/wp-json\/wp\/v2\/users\/32"}],"replies":[{"embeddable":true,"href":"https:\/\/www.gereso.com\/actualites\/wp-json\/wp\/v2\/comments?post=42345"}],"version-history":[{"count":5,"href":"https:\/\/www.gereso.com\/actualites\/wp-json\/wp\/v2\/posts\/42345\/revisions"}],"predecessor-version":[{"id":42350,"href":"https:\/\/www.gereso.com\/actualites\/wp-json\/wp\/v2\/posts\/42345\/revisions\/42350"}],"wp:attachment":[{"href":"https:\/\/www.gereso.com\/actualites\/wp-json\/wp\/v2\/media?parent=42345"}],"wp:term":[{"taxonomy":"category","embeddable":true,"href":"https:\/\/www.gereso.com\/actualites\/wp-json\/wp\/v2\/categories?post=42345"},{"taxonomy":"post_tag","embeddable":true,"href":"https:\/\/www.gereso.com\/actualites\/wp-json\/wp\/v2\/tags?post=42345"}],"curies":[{"name":"wp","href":"https:\/\/api.w.org\/{rel}","templated":true}]}}