{"id":42752,"date":"2024-12-09T11:04:04","date_gmt":"2024-12-09T09:04:04","guid":{"rendered":"https:\/\/www.gereso.com\/actualites\/?p=42752"},"modified":"2024-12-09T11:04:06","modified_gmt":"2024-12-09T09:04:06","slug":"comment-soutenir-sante-mentale-salaries-contexte-economique-tendu","status":"publish","type":"post","link":"https:\/\/www.gereso.com\/actualites\/2024\/12\/09\/comment-soutenir-sante-mentale-salaries-contexte-economique-tendu\/","title":{"rendered":"Comment soutenir la sant\u00e9 mentale des salari\u00e9s dans un contexte \u00e9conomique tendu ?"},"content":{"rendered":"\n<p>A l\u2019heure o\u00f9 la sant\u00e9 mentale est la grande cause nationale de 2025, des solutions existent. Avec des strat\u00e9gies adapt\u00e9es, les employeurs peuvent limiter ces effets n\u00e9gatifs et maintenir l\u2019engagement de leurs \u00e9quipes. Cet article pr\u00e9sente des m\u00e9thodes concr\u00e8tes pour <strong>soutenir le moral des employ\u00e9s durant ces p\u00e9riodes compliqu\u00e9es<\/strong> tout en faisant la promotion d\u2019un environnement favorable au <a href=\"https:\/\/www.gereso.com\/actualites\/2019\/04\/19\/promouvoir-concretement-bien-etre-entreprise\/\" target=\"_blank\" rel=\"noreferrer noopener\">bien-\u00eatre au travail<\/a>.\u00a0\u00a0<\/p>\n\n\n\n<h2 style=\"color:#D10016\"><strong>Comprendre les impacts de l&rsquo;incertitude \u00e9conomique sur la sant\u00e9 mentale&nbsp;<\/strong><\/h2>\n\n\n\n<p>L&rsquo;incertitude \u00e9conomique affecte bien plus que les finances de l\u2019entreprise : elle change aussi la vie des employ\u00e9s. La peur de perdre son emploi ou une augmentation des responsabilit\u00e9s mal organis\u00e9e cr\u00e9ent un cercle vicieux. \u00c0 court terme, cela se concr\u00e9tise par de la <strong>fatigue au travail <\/strong>: manque d&rsquo;\u00e9nergie, d\u00e9motivation, irritabilit\u00e9 deviennent monnaie courante dans le quotidien des organisations.<\/p>\n\n\n\n<p>L\u2019enqu\u00eate People At Work 2024 r\u00e9v\u00e8le que plus de <strong>6 actifs fran\u00e7ais sur 10 (61 %) se sentent stress\u00e9s <\/strong>au moins une fois par semaine. 19 % d\u2019entre eux subissent m\u00eame un stress au quotidien. Soit une hausse de 2 points par rapport \u00e0 2023. Et ce chiffre devrait continuer d\u2019augmenter en 2025, la faute \u00e0 un environnement \u00e9conomique compliqu\u00e9 pour la majorit\u00e9 des entreprises. Comme le souligne ce responsable RH que nous avons interrog\u00e9 dans le cadre de notre enqu\u00eate annuelle : \u201c <em>Un des vrais probl\u00e8mes actuels est la charge de travail pour tous et \u00e0 tous les niveaux. Le manque d&rsquo;argent, l&rsquo;impossibilit\u00e9 d&#8217;embaucher. Bref, le salari\u00e9 doit toujours donner plus mais les retours positifs ne sont que tr\u00e8s rarement au rendez-vous. <\/em>\u00bb<\/p>\n\n\n\n<p>\u00c0 long terme, ce contexte d\u00e9l\u00e9t\u00e8re peut entra\u00eener des probl\u00e8mes s\u00e9rieux comme <a href=\"https:\/\/www.gereso.com\/actualites\/2018\/10\/31\/le-burn-out-ou-syndrome-depuisement-professionnel\/\" target=\"_blank\" rel=\"noreferrer noopener\">l\u2019\u00e9puisement professionnel ou le burn-out<\/a>. D&rsquo;apr\u00e8s le Barom\u00e8tre d&rsquo;Empreinte Humaine et Opinion Way, publi\u00e9 en septembre 2024, 30 % des actifs fran\u00e7ais ont d\u00e9j\u00e0 \u00e9t\u00e9 en burnout mod\u00e9r\u00e9 ou s\u00e9v\u00e8re au moins une fois au cours de leur carri\u00e8re !<\/p>\n\n\n\n<p>Les cons\u00e9quences ne sont pas uniquement individuelles, elles touchent \u00e9galement les organisations. Les <strong>absences<\/strong> et le <strong>turn-over augmentent<\/strong> , tandis que la communication entre les \u00e9quipes se d\u00e9t\u00e9riore. Il est essentiel d&rsquo;identifier les signaux d\u2019alerte : parmi eux, une chute soudaine de la performance, des retards fr\u00e9quents ou un isolement grandissant du salari\u00e9. Pour d\u00e9tecter ces indices, les managers doivent \u00eatre form\u00e9s pour \u00eatre en mesure d\u2019agir le plus vite possible.&nbsp;<\/p>\n\n\n\n<h2 style=\"color:#D10016\"><strong>Former les managers&nbsp;: des acteurs cl\u00e9s pour r\u00e9agir rapidement face \u00e0 une sant\u00e9 mentale en danger<\/strong><\/h2>\n\n\n\n<p>Dans un contexte o\u00f9 la sant\u00e9 mentale des employ\u00e9s est en p\u00e9ril, les managers occupent un r\u00f4le cl\u00e9. Ils peuvent observer de pr\u00e8s les changements de comportement au sein de leurs \u00e9quipes et anticiper des probl\u00e8mes plus graves. Mais pour cela, ils doivent \u00eatre<strong> form\u00e9s \u00e0 d\u00e9tecter les signaux d\u2019alerte<\/strong> et \u00e0 adopter des pratiques adapt\u00e9es.\u00a0<\/p>\n\n\n\n<p>La <strong>formation des managers \u00e0 l&rsquo;\u00e9coute active<\/strong> est un pr\u00e9requis indispensable. Cela aide ces derniers \u00e0 cr\u00e9er un climat de confiance au sein duquel les employ\u00e9s se sentent libres de partager leurs difficult\u00e9s. Mais cette formation n\u2019est pas toujours au rendez-vous. Une \u00e9tude de l\u2019Institut national de recherche et de s\u00e9curit\u00e9 (INRS) r\u00e9v\u00e8le que 70 % des managers ne se sentent pas suffisamment form\u00e9s pour aborder les questions de sant\u00e9 mentale avec leurs \u00e9quipes.\u00a0<\/p>\n\n\n\n<p>Les <a href=\"https:\/\/www.gereso.com\/formations\/risques-professionnels-et-gestion-des-rps\/formation-identifier-les-collaborateurs-en-souffrance-psychologique\" target=\"_blank\" rel=\"noreferrer noopener\">formations pour identifier les salari\u00e9s en souffrance psychologique <\/a>sont donc une aide pr\u00e9cieuse, \u00e0 ne pas n\u00e9gliger. Un manager form\u00e9 peut mieux identifier quand un employ\u00e9 habituellement engag\u00e9 devient soudain distant ou agit\u00e9. Plut\u00f4t que de rester inactif, il initiera le dialogue pour comprendre la situation.<\/p>\n\n\n\n<p>Au-del\u00e0 de l\u2019\u00e9coute, qui est le BA-ba d\u2019un bon management, des <strong>ateliers sur la gestion du stress<\/strong>, le burn-out ou l\u2019anxi\u00e9t\u00e9 peuvent donner aux responsables les outils pour mieux g\u00e9rer les cas difficiles. Par exemple, ils peuvent apprendre comment red\u00e9finir les priorit\u00e9s pour un salari\u00e9 d\u00e9bord\u00e9 ou r\u00e9duire temporairement sa charge de travail en s\u2019appuyant sur la force du collectif.&nbsp;<\/p>\n\n\n\n<p>Par ailleurs, il est important d\u2019\u00e9tablir des espaces d\u2019\u00e9changes tels que des <strong>groupes de discussion entre managers. <\/strong>A l\u2019int\u00e9rieur de ces espaces d\u2019\u00e9changes entre pairs<strong>, <\/strong>ces derniers peuvent partager leurs exp\u00e9riences et trouver des solutions ensemble. Ces initiatives am\u00e9liorent non seulement les comp\u00e9tences individuelles de chaque manager mais renforcent aussi les capacit\u00e9s collectives de l\u2019organisation \u00e0 faire face aux d\u00e9fis rencontr\u00e9s.\u00a0<\/p>\n\n\n\n<h2 style=\"color:#D10016\"><strong>Offrir des solutions concr\u00e8tes pour soutenir les employ\u00e9s<\/strong><\/h2>\n\n\n\n<p>Diagnostiquer ne suffit pas. Soutenir la sant\u00e9 mentale des collaborateurs n\u00e9cessite aussi de savoir agir une fois les probl\u00e8mes identifi\u00e9s. Les entreprises disposent aujourd&rsquo;hui de diff\u00e9rentes ressources pour soutenir leurs \u00e9quipes dans des p\u00e9riodes \u00e9conomiques difficiles.&nbsp;<\/p>\n\n\n\n<p>Une solution consiste \u00e0 instaurer des <strong>Programmes d\u2019Aide aux Employ\u00e9s<\/strong> (PAE) qui donnent acc\u00e8s \u00e0 un soutien psychologique confidentiel aux personnes, souvent via une ligne t\u00e9l\u00e9phonique d\u00e9di\u00e9e ou support psychologique online. Il existe plusieurs programmes de ce type comme Modern Health, Corehealth de carebook ou encore Spring Health. Pourtant, ce type de programme n\u2019est pas encore suffisamment r\u00e9pandu. Selon une \u00e9tude de l\u2019Observatoire de la sant\u00e9 mentale au travail, <strong>seulement 30 % des entreprises fran\u00e7aises offrent des services de soutien psychologique<\/strong> \u00e0 leurs employ\u00e9s.\u00a0<\/p>\n\n\n\n<p>Par ailleurs, des changements organisationnels peuvent s\u2019av\u00e9rer utiles. Horaires flexibles et t\u00e9l\u00e9travail aident les employ\u00e9s \u00e0 mieux g\u00e9rer leur <a href=\"https:\/\/www.gereso.com\/actualites\/2016\/03\/10\/vie-privee-et-vie-professionnelle-les-entreprises-commencent-a-donner-de-limportance-a-lequilibre-des-temps-de-travail-et-la-parentalite\/\" target=\"_blank\" rel=\"noreferrer noopener\">\u00e9quilibre de vie professionnelle vie priv\u00e9e<\/a> dans une p\u00e9riode de turbulences ou de surcharge de travail. Des actions cibl\u00e9es, telles que des <strong>campagnes sur la sant\u00e9 mentale <\/strong>ou la mise \u00e0 disposition d\u2019espaces pour se reposer au bureau aident \u00e0 insuffler une v\u00e9ritable culture du bien-\u00eatre au travail.\u00a0<\/p>\n\n\n\n<p>Cela ne n\u00e9cessite pas toujours de gros moyens, mais peut passer par des petites actions concr\u00e8tes et faciles \u00e0 mettre en \u0153uvre. Ces petites actions montrent avant tout que l\u2019entreprise se soucie de ses employ\u00e9s et cherche \u00e0 am\u00e9liorer v\u00e9ritablement leur moral. En d\u00e9veloppant des solutions selon les besoins des \u00e9quipes, les entreprises peuvent ainsi r\u00e9duire le stress et am\u00e9liorer l\u2019engagement et la productivit\u00e9, m\u00eame dans un contexte \u00e9conomique morose.<\/p>\n\n\n\n<h2 style=\"color:#D10016\"><strong>Cr\u00e9er une culture d\u2019entreprise ax\u00e9e sur le bien-\u00eatre pour cultiver la sant\u00e9 mentale au travail<\/strong><\/h2>\n\n\n\n<p>Pour <strong>soutenir la sant\u00e9 mentale durablement<\/strong>, il reste indispensable de cr\u00e9er une culture d&rsquo;entreprise o\u00f9 le bien-\u00eatre au travail soit valoris\u00e9 \u00e0 tous les niveaux. Cela n\u00e9cessite non seulement de mener des actions ponctuelles mais aussi d\u2019insuffler des valeurs d\u2019entreprise qui mettent les employ\u00e9s au centre des priorit\u00e9s RH. La pr\u00e9vention est importante ici. Au lieu d\u2019attendre les crises, les organisations&nbsp; peuvent entreprendre de nombreuses&nbsp; initiatives pour \u00e9valuer et am\u00e9liorer le bien-\u00eatre au travail.&nbsp;<\/p>\n\n\n\n<p>Par exemple, r\u00e9aliser des sondages internes chaque trimestre (enqu\u00eates pulse) et organiser des entretiens informels avec les salari\u00e9s peut aider \u00e0 rep\u00e9rer rapidement les difficult\u00e9s et agir au plus vite. Un autre \u00e9l\u00e9ment cl\u00e9 \u00e0 prendre en compte est l<strong>&lsquo;engagement de la direction<\/strong>. Quand celle-ci montre l\u2019exemple, cela a un impact immense ! Un dirigeant qui discute avec ses \u00e9quipes et participe \u00e0 des activit\u00e9s sur la sant\u00e9 mentale cr\u00e9e un climat de confiance. M\u00eame les plus petits gestes contribuent ainsi&nbsp; \u00e0 un environnement o\u00f9 chacun se sent libre de partager ses inqui\u00e9tudes !<\/p>\n\n\n\n<p>Mais surtout, une <a href=\"https:\/\/www.gereso.com\/actualites\/2023\/07\/11\/pourquoi-comment-batir-plan-communication-rh\/\" target=\"_blank\" rel=\"noreferrer noopener\">communication RH<\/a> claire et transparente sur la sant\u00e9 mentale au travail aide \u00e0 booster l\u2019engagement des \u00e9quipes. Il peut s\u2019agir d\u2019<strong>actions de sensibilisation<\/strong>, de la mise \u00e0 disposition de <strong>ressources d\u00e9di\u00e9es<\/strong> (brochures, vid\u00e9os) ou de l\u2019<strong>organisation de journ\u00e9es th\u00e9matiques<\/strong>, par exemple \u00e0 l\u2019occasion de la Journ\u00e9e mondiale de la sant\u00e9 mentale, qui aura lieu cette ann\u00e9e le vendredi 10 octobre 2025.<\/p>\n\n\n\n<p>En int\u00e9grant ces pratiques, les entreprises ne font pas que r\u00e9agir \u00e0 court terme aux probl\u00e8mes qui se pr\u00e9sentent \u00e0 elles, elles favorisent un environnement qui encourage r\u00e9silience et performance collective.<\/p>\n\n\n\n<article class=\"obj_encart-formation\">\n<div class=\"ctn_encart\">\n<h3>Votre formation sur ce th\u00e8me<\/h3>\n<h2>&nbsp;MANAGEMENT ET QVT&nbsp;<\/h2>\n<h4>2 jours &#8211; En pr\u00e9sentiel ou \u00e0 distance<\/h4>\n<ul>\n<li><strong>Agir conjointement sur la performance et le plaisir<\/strong> au travail.<\/li>\n<li><strong>Trouver des solutions originales et concr\u00e8tes<\/strong> pour am\u00e9liorer l\u2019efficacit\u00e9 tout en respectant les personnes.<\/li>\n<li><strong>D\u00e9velopper la coop\u00e9ration et le bien \u00eatre<\/strong> au travail.<\/li>\n<li><strong>Promouvoir une culture de reconnaissance et de valorisation<\/strong> au sein de l&rsquo;\u00e9quipe.<\/li>\n\n<\/ul>\n<div class=\"ctn_btn\">\n<a class=\"obj_btn\" target=\"_blank\" href=\"https:\/\/www.gereso.com\/CALI\" rel=\"noopener\"><span>En savoir plus<\/span><\/a>\n<a class=\"obj_btn\" target=\"_blank\" href=\"https:\/\/www.gereso.com\/client\/programme-pdf\/CALI.pdf\" rel=\"noopener\"><span>T\u00e9l\u00e9charger le programme PDF<\/span><\/a>\n<\/div>\n<\/article>\n\n\n\n<h2 style=\"color:#D10016\"><strong>Pourquoi investir dans la sant\u00e9 mentale de vos salari\u00e9s&nbsp;?<\/strong><\/h2>\n\n\n\n<p>Investir dans la sant\u00e9 mentale ne doit pas \u00eatre consid\u00e9r\u00e9 comme une simple d\u00e9pense qui vient en r\u00e9action \u00e0 un environnement morose ou \u00e0 des difficult\u00e9s conjoncturelles. C\u2019est un v\u00e9ritable levier strat\u00e9gique pour les entreprises. Les impacts sont visibles non seulement sur le bien-\u00eatre individuel mais aussi sur les performances collectives, ce qui transforme\u00a0 cet engagement de l\u2019entreprise en <strong>v\u00e9ritable avantage comp\u00e9titif.<\/strong>\u00a0<\/p>\n\n\n\n<p>Les b\u00e9n\u00e9fices se font vite ressentir : moins de stress, un meilleur \u00e9quilibre vie professionnelle vie priv\u00e9e, et plus de motivation. En effet, une meilleure sant\u00e9 mentale r\u00e9duit l\u2019absent\u00e9isme, booste la productivit\u00e9 et augmente la fid\u00e9lit\u00e9 des employ\u00e9s. Selon l&rsquo;OMS,&nbsp; les <strong>programmes de bien-\u00eatre au travail peuvent baisser le taux d\u2019absent\u00e9isme de 27 %<\/strong> et les co\u00fbts des soins de 26 %.&nbsp;<\/p>\n\n\n\n<p>Par ailleurs, les entreprises qui misent sur le bien-\u00eatre au travail renforcent leur <a href=\"https:\/\/www.gereso.com\/actualites\/2022\/04\/04\/comment-valoriser-marque-employeur-strategie-marketing-rh\/\" target=\"_blank\" rel=\"noreferrer noopener\">marque employeur<\/a>, attirant plus facilement les talents dans un march\u00e9 du travail qui reste concurrentiel, bien que moins tendu. Une \u00e9tude de l\u2019Institut national de recherche et de s\u00e9curit\u00e9 (INRS) montre ainsi que <strong>70 % des candidats potentiels consid\u00e8rent la sant\u00e9 mentale des employ\u00e9s comme un crit\u00e8re important<\/strong> dans le choix de leur futur employeur.\u00a0<\/p>\n\n\n\n<p>Enfin, les impacts d\u2019un d\u00e9faut d\u2019attention au bien-\u00eatre des salari\u00e9s ne sont pas juste financiers : ils sont surtout humains.&nbsp;<\/p>\n\n\n\n<p>En pla\u00e7ant la sant\u00e9 mentale au centre, les organisations cr\u00e9ent un climat de confiance respectueux, contribuant ainsi \u00e0 b\u00e2tir une culture d\u2019entreprise durable et performante !<\/p>\n\n\n\n<p>&nbsp;<\/p>\n\n\n","protected":false},"excerpt":{"rendered":"<p>A l\u2019heure o\u00f9 la sant\u00e9 mentale est la grande cause nationale de 2025, des solutions existent. Avec des strat\u00e9gies adapt\u00e9es, les employeurs peuvent limiter ces effets n\u00e9gatifs et maintenir l\u2019engagement de leurs \u00e9quipes. Cet article pr\u00e9sente des m\u00e9thodes concr\u00e8tes pour soutenir le moral des employ\u00e9s durant ces p\u00e9riodes compliqu\u00e9es tout en faisant la promotion d\u2019un [&hellip;]<\/p>\n","protected":false},"author":32,"featured_media":42764,"comment_status":"open","ping_status":"open","sticky":false,"template":"","format":"standard","meta":{"_acf_changed":false,"_mi_skip_tracking":false,"footnotes":""},"categories":[12,13],"tags":[],"class_list":["post-42752","post","type-post","status-publish","format-standard","has-post-thumbnail","hentry","category-actualites","category-sante-et-securite-au-travail"],"acf":[],"yoast_head":"<!-- This site is optimized with the Yoast SEO plugin v23.4 - https:\/\/yoast.com\/wordpress\/plugins\/seo\/ -->\n<title>Comment soutenir la sant\u00e9 mentale des salari\u00e9s dans un contexte \u00e9conomique tendu ? - Le Blog GERESO<\/title>\n<meta name=\"robots\" content=\"index, follow, max-snippet:-1, max-image-preview:large, max-video-preview:-1\" \/>\n<link rel=\"canonical\" href=\"https:\/\/www.gereso.com\/actualites\/2024\/12\/09\/comment-soutenir-sante-mentale-salaries-contexte-economique-tendu\/\" \/>\n<meta property=\"og:locale\" content=\"fr_FR\" \/>\n<meta property=\"og:type\" content=\"article\" \/>\n<meta property=\"og:title\" content=\"Comment soutenir la sant\u00e9 mentale des salari\u00e9s dans un contexte \u00e9conomique tendu ? - Le Blog GERESO\" \/>\n<meta property=\"og:description\" content=\"A l\u2019heure o\u00f9 la sant\u00e9 mentale est la grande cause nationale de 2025, des solutions existent. Avec des strat\u00e9gies adapt\u00e9es, les employeurs peuvent limiter ces effets n\u00e9gatifs et maintenir l\u2019engagement de leurs \u00e9quipes. Cet article pr\u00e9sente des m\u00e9thodes concr\u00e8tes pour soutenir le moral des employ\u00e9s durant ces p\u00e9riodes compliqu\u00e9es tout en faisant la promotion d\u2019un [&hellip;]\" \/>\n<meta property=\"og:url\" content=\"https:\/\/www.gereso.com\/actualites\/2024\/12\/09\/comment-soutenir-sante-mentale-salaries-contexte-economique-tendu\/\" \/>\n<meta property=\"og:site_name\" content=\"Le Blog GERESO\" \/>\n<meta property=\"article:published_time\" content=\"2024-12-09T09:04:04+00:00\" \/>\n<meta property=\"article:modified_time\" content=\"2024-12-09T09:04:06+00:00\" \/>\n<meta property=\"og:image\" content=\"https:\/\/www.gereso.com\/actualites\/wp-content\/uploads\/2024\/12\/sante-mentale-crise.jpg\" \/>\n\t<meta property=\"og:image:width\" content=\"600\" \/>\n\t<meta property=\"og:image:height\" content=\"400\" \/>\n\t<meta property=\"og:image:type\" content=\"image\/jpeg\" \/>\n<meta name=\"author\" content=\"\u00c9quipe GERESO\" \/>\n<meta name=\"twitter:card\" content=\"summary_large_image\" \/>\n<script type=\"application\/ld+json\" class=\"yoast-schema-graph\">{\"@context\":\"https:\/\/schema.org\",\"@graph\":[{\"@type\":\"WebPage\",\"@id\":\"https:\/\/www.gereso.com\/actualites\/2024\/12\/09\/comment-soutenir-sante-mentale-salaries-contexte-economique-tendu\/\",\"url\":\"https:\/\/www.gereso.com\/actualites\/2024\/12\/09\/comment-soutenir-sante-mentale-salaries-contexte-economique-tendu\/\",\"name\":\"Comment soutenir la sant\u00e9 mentale des salari\u00e9s dans un contexte \u00e9conomique tendu ? - Le Blog GERESO\",\"isPartOf\":{\"@id\":\"https:\/\/www.gereso.com\/actualites\/#website\"},\"primaryImageOfPage\":{\"@id\":\"https:\/\/www.gereso.com\/actualites\/2024\/12\/09\/comment-soutenir-sante-mentale-salaries-contexte-economique-tendu\/#primaryimage\"},\"image\":{\"@id\":\"https:\/\/www.gereso.com\/actualites\/2024\/12\/09\/comment-soutenir-sante-mentale-salaries-contexte-economique-tendu\/#primaryimage\"},\"thumbnailUrl\":\"https:\/\/www.gereso.com\/actualites\/wp-content\/uploads\/2024\/12\/sante-mentale-crise.jpg\",\"datePublished\":\"2024-12-09T09:04:04+00:00\",\"dateModified\":\"2024-12-09T09:04:06+00:00\",\"author\":{\"@id\":\"https:\/\/www.gereso.com\/actualites\/#\/schema\/person\/197d8aef40cb4ae3f6a0aa9e1d3df2a6\"},\"breadcrumb\":{\"@id\":\"https:\/\/www.gereso.com\/actualites\/2024\/12\/09\/comment-soutenir-sante-mentale-salaries-contexte-economique-tendu\/#breadcrumb\"},\"inLanguage\":\"fr-FR\",\"potentialAction\":[{\"@type\":\"ReadAction\",\"target\":[\"https:\/\/www.gereso.com\/actualites\/2024\/12\/09\/comment-soutenir-sante-mentale-salaries-contexte-economique-tendu\/\"]}]},{\"@type\":\"ImageObject\",\"inLanguage\":\"fr-FR\",\"@id\":\"https:\/\/www.gereso.com\/actualites\/2024\/12\/09\/comment-soutenir-sante-mentale-salaries-contexte-economique-tendu\/#primaryimage\",\"url\":\"https:\/\/www.gereso.com\/actualites\/wp-content\/uploads\/2024\/12\/sante-mentale-crise.jpg\",\"contentUrl\":\"https:\/\/www.gereso.com\/actualites\/wp-content\/uploads\/2024\/12\/sante-mentale-crise.jpg\",\"width\":600,\"height\":400,\"caption\":\"Dans un contexte \u00e9conomique incertain, pr\u00e9server la sant\u00e9 mentale des salari\u00e9s est essentiel pour allier bien-\u00eatre et performance au travail.\"},{\"@type\":\"BreadcrumbList\",\"@id\":\"https:\/\/www.gereso.com\/actualites\/2024\/12\/09\/comment-soutenir-sante-mentale-salaries-contexte-economique-tendu\/#breadcrumb\",\"itemListElement\":[{\"@type\":\"ListItem\",\"position\":1,\"name\":\"Home\",\"item\":\"https:\/\/www.gereso.com\/actualites\/\"},{\"@type\":\"ListItem\",\"position\":2,\"name\":\"Comment soutenir la sant\u00e9 mentale des salari\u00e9s dans un contexte \u00e9conomique tendu ?\"}]},{\"@type\":\"WebSite\",\"@id\":\"https:\/\/www.gereso.com\/actualites\/#website\",\"url\":\"https:\/\/www.gereso.com\/actualites\/\",\"name\":\"Le Blog GERESO\",\"description\":\"Toute l&#039;actu RH, Finance, Fonction Publique, Management...\",\"potentialAction\":[{\"@type\":\"SearchAction\",\"target\":{\"@type\":\"EntryPoint\",\"urlTemplate\":\"https:\/\/www.gereso.com\/actualites\/?s={search_term_string}\"},\"query-input\":{\"@type\":\"PropertyValueSpecification\",\"valueRequired\":true,\"valueName\":\"search_term_string\"}}],\"inLanguage\":\"fr-FR\"},{\"@type\":\"Person\",\"@id\":\"https:\/\/www.gereso.com\/actualites\/#\/schema\/person\/197d8aef40cb4ae3f6a0aa9e1d3df2a6\",\"name\":\"\u00c9quipe GERESO\",\"image\":{\"@type\":\"ImageObject\",\"inLanguage\":\"fr-FR\",\"@id\":\"https:\/\/www.gereso.com\/actualites\/#\/schema\/person\/image\/\",\"url\":\"https:\/\/www.gereso.com\/actualites\/wp-content\/uploads\/2013\/12\/avatar-gereso-1.png\",\"contentUrl\":\"https:\/\/www.gereso.com\/actualites\/wp-content\/uploads\/2013\/12\/avatar-gereso-1.png\",\"caption\":\"\u00c9quipe GERESO\"},\"url\":\"https:\/\/www.gereso.com\/actualites\/author\/gereso\/\"}]}<\/script>\n<!-- \/ Yoast SEO plugin. -->","yoast_head_json":{"title":"Comment soutenir la sant\u00e9 mentale des salari\u00e9s dans un contexte \u00e9conomique tendu ? - Le Blog GERESO","robots":{"index":"index","follow":"follow","max-snippet":"max-snippet:-1","max-image-preview":"max-image-preview:large","max-video-preview":"max-video-preview:-1"},"canonical":"https:\/\/www.gereso.com\/actualites\/2024\/12\/09\/comment-soutenir-sante-mentale-salaries-contexte-economique-tendu\/","og_locale":"fr_FR","og_type":"article","og_title":"Comment soutenir la sant\u00e9 mentale des salari\u00e9s dans un contexte \u00e9conomique tendu ? - Le Blog GERESO","og_description":"A l\u2019heure o\u00f9 la sant\u00e9 mentale est la grande cause nationale de 2025, des solutions existent. Avec des strat\u00e9gies adapt\u00e9es, les employeurs peuvent limiter ces effets n\u00e9gatifs et maintenir l\u2019engagement de leurs \u00e9quipes. Cet article pr\u00e9sente des m\u00e9thodes concr\u00e8tes pour soutenir le moral des employ\u00e9s durant ces p\u00e9riodes compliqu\u00e9es tout en faisant la promotion d\u2019un [&hellip;]","og_url":"https:\/\/www.gereso.com\/actualites\/2024\/12\/09\/comment-soutenir-sante-mentale-salaries-contexte-economique-tendu\/","og_site_name":"Le Blog GERESO","article_published_time":"2024-12-09T09:04:04+00:00","article_modified_time":"2024-12-09T09:04:06+00:00","og_image":[{"width":600,"height":400,"url":"https:\/\/www.gereso.com\/actualites\/wp-content\/uploads\/2024\/12\/sante-mentale-crise.jpg","type":"image\/jpeg"}],"author":"\u00c9quipe GERESO","twitter_card":"summary_large_image","schema":{"@context":"https:\/\/schema.org","@graph":[{"@type":"WebPage","@id":"https:\/\/www.gereso.com\/actualites\/2024\/12\/09\/comment-soutenir-sante-mentale-salaries-contexte-economique-tendu\/","url":"https:\/\/www.gereso.com\/actualites\/2024\/12\/09\/comment-soutenir-sante-mentale-salaries-contexte-economique-tendu\/","name":"Comment soutenir la sant\u00e9 mentale des salari\u00e9s dans un contexte \u00e9conomique tendu ? - Le Blog GERESO","isPartOf":{"@id":"https:\/\/www.gereso.com\/actualites\/#website"},"primaryImageOfPage":{"@id":"https:\/\/www.gereso.com\/actualites\/2024\/12\/09\/comment-soutenir-sante-mentale-salaries-contexte-economique-tendu\/#primaryimage"},"image":{"@id":"https:\/\/www.gereso.com\/actualites\/2024\/12\/09\/comment-soutenir-sante-mentale-salaries-contexte-economique-tendu\/#primaryimage"},"thumbnailUrl":"https:\/\/www.gereso.com\/actualites\/wp-content\/uploads\/2024\/12\/sante-mentale-crise.jpg","datePublished":"2024-12-09T09:04:04+00:00","dateModified":"2024-12-09T09:04:06+00:00","author":{"@id":"https:\/\/www.gereso.com\/actualites\/#\/schema\/person\/197d8aef40cb4ae3f6a0aa9e1d3df2a6"},"breadcrumb":{"@id":"https:\/\/www.gereso.com\/actualites\/2024\/12\/09\/comment-soutenir-sante-mentale-salaries-contexte-economique-tendu\/#breadcrumb"},"inLanguage":"fr-FR","potentialAction":[{"@type":"ReadAction","target":["https:\/\/www.gereso.com\/actualites\/2024\/12\/09\/comment-soutenir-sante-mentale-salaries-contexte-economique-tendu\/"]}]},{"@type":"ImageObject","inLanguage":"fr-FR","@id":"https:\/\/www.gereso.com\/actualites\/2024\/12\/09\/comment-soutenir-sante-mentale-salaries-contexte-economique-tendu\/#primaryimage","url":"https:\/\/www.gereso.com\/actualites\/wp-content\/uploads\/2024\/12\/sante-mentale-crise.jpg","contentUrl":"https:\/\/www.gereso.com\/actualites\/wp-content\/uploads\/2024\/12\/sante-mentale-crise.jpg","width":600,"height":400,"caption":"Dans un contexte \u00e9conomique incertain, pr\u00e9server la sant\u00e9 mentale des salari\u00e9s est essentiel pour allier bien-\u00eatre et performance au travail."},{"@type":"BreadcrumbList","@id":"https:\/\/www.gereso.com\/actualites\/2024\/12\/09\/comment-soutenir-sante-mentale-salaries-contexte-economique-tendu\/#breadcrumb","itemListElement":[{"@type":"ListItem","position":1,"name":"Home","item":"https:\/\/www.gereso.com\/actualites\/"},{"@type":"ListItem","position":2,"name":"Comment soutenir la sant\u00e9 mentale des salari\u00e9s dans un contexte \u00e9conomique tendu ?"}]},{"@type":"WebSite","@id":"https:\/\/www.gereso.com\/actualites\/#website","url":"https:\/\/www.gereso.com\/actualites\/","name":"Le Blog GERESO","description":"Toute l&#039;actu RH, Finance, Fonction Publique, Management...","potentialAction":[{"@type":"SearchAction","target":{"@type":"EntryPoint","urlTemplate":"https:\/\/www.gereso.com\/actualites\/?s={search_term_string}"},"query-input":{"@type":"PropertyValueSpecification","valueRequired":true,"valueName":"search_term_string"}}],"inLanguage":"fr-FR"},{"@type":"Person","@id":"https:\/\/www.gereso.com\/actualites\/#\/schema\/person\/197d8aef40cb4ae3f6a0aa9e1d3df2a6","name":"\u00c9quipe GERESO","image":{"@type":"ImageObject","inLanguage":"fr-FR","@id":"https:\/\/www.gereso.com\/actualites\/#\/schema\/person\/image\/","url":"https:\/\/www.gereso.com\/actualites\/wp-content\/uploads\/2013\/12\/avatar-gereso-1.png","contentUrl":"https:\/\/www.gereso.com\/actualites\/wp-content\/uploads\/2013\/12\/avatar-gereso-1.png","caption":"\u00c9quipe GERESO"},"url":"https:\/\/www.gereso.com\/actualites\/author\/gereso\/"}]}},"_links":{"self":[{"href":"https:\/\/www.gereso.com\/actualites\/wp-json\/wp\/v2\/posts\/42752","targetHints":{"allow":["GET"]}}],"collection":[{"href":"https:\/\/www.gereso.com\/actualites\/wp-json\/wp\/v2\/posts"}],"about":[{"href":"https:\/\/www.gereso.com\/actualites\/wp-json\/wp\/v2\/types\/post"}],"author":[{"embeddable":true,"href":"https:\/\/www.gereso.com\/actualites\/wp-json\/wp\/v2\/users\/32"}],"replies":[{"embeddable":true,"href":"https:\/\/www.gereso.com\/actualites\/wp-json\/wp\/v2\/comments?post=42752"}],"version-history":[{"count":14,"href":"https:\/\/www.gereso.com\/actualites\/wp-json\/wp\/v2\/posts\/42752\/revisions"}],"predecessor-version":[{"id":42769,"href":"https:\/\/www.gereso.com\/actualites\/wp-json\/wp\/v2\/posts\/42752\/revisions\/42769"}],"wp:featuredmedia":[{"embeddable":true,"href":"https:\/\/www.gereso.com\/actualites\/wp-json\/wp\/v2\/media\/42764"}],"wp:attachment":[{"href":"https:\/\/www.gereso.com\/actualites\/wp-json\/wp\/v2\/media?parent=42752"}],"wp:term":[{"taxonomy":"category","embeddable":true,"href":"https:\/\/www.gereso.com\/actualites\/wp-json\/wp\/v2\/categories?post=42752"},{"taxonomy":"post_tag","embeddable":true,"href":"https:\/\/www.gereso.com\/actualites\/wp-json\/wp\/v2\/tags?post=42752"}],"curies":[{"name":"wp","href":"https:\/\/api.w.org\/{rel}","templated":true}]}}