{"id":43188,"date":"2025-01-30T13:31:04","date_gmt":"2025-01-30T11:31:04","guid":{"rendered":"https:\/\/www.gereso.com\/actualites\/?p=43188"},"modified":"2025-01-30T13:31:06","modified_gmt":"2025-01-30T11:31:06","slug":"webinaire-prise-parole-public-cles-pour-preparer-gagner-aisance","status":"publish","type":"post","link":"https:\/\/www.gereso.com\/actualites\/2025\/01\/30\/webinaire-prise-parole-public-cles-pour-preparer-gagner-aisance\/","title":{"rendered":"Webinaire \u00ab Prise de parole en public\u00a0: les cl\u00e9s pour se pr\u00e9parer et gagner en aisance \u00bb"},"content":{"rendered":"\n<h2>D\u00e9tails de la conf\u00e9rence&nbsp;:<\/h2>\n<h3 class=\"section-title\"><span class=\"title-inner\" data-animation=\"fadeInRight\" data-animation-delay=\"500\">DATE&nbsp;:<\/span><\/h3>\n<p>Mercredi 29 janvier 2025 de 11h00 \u00e0 12h00<\/p>\n<h3 class=\"section-title\"><span class=\"title-inner\" data-animation=\"fadeInRight\" data-animation-delay=\"500\">R\u00c9SUM\u00c9&nbsp;:<\/span><\/h3>\n<p>Pour beaucoup d&rsquo;entre nous,\u00a0<strong>prendre la parole en public<\/strong>\u00a0est un<strong>\u00a0d\u00e9fi<\/strong>.<\/p>\n<p>Mais pourquoi cette peur ?<\/p>\n<p>Elle nous pousse \u00e0 nous concentrer sur nous-m\u00eames : notre posture, notre voix, les mots que nous voulons utiliser, et surtout, ce que les autres pensent de nous.<\/p>\n<p>Cette\u00a0<strong>hyperconscience de soi\u00a0<\/strong>cr\u00e9e un cercle vicieux : l&rsquo;orateur se perd dans ses propres pens\u00e9es, se focalise sur son image et redoute le jugement des autres ; il s&rsquo;isole au lieu de s&rsquo;ouvrir. C&rsquo;est l\u00e0 que naissent le stress, les h\u00e9sitations, les oublis\u2026<\/p>\n<p>La solution ? Changer de perspective ! Ne pensez plus \u00e0 vous, mais \u00e0\u00a0<strong>ce que vous voulez transmettre<\/strong>\u00a0et \u00e0 l&rsquo;<strong>impact<\/strong>\u00a0que vous souhaitez avoir sur votre auditoire. Pourquoi prenez-vous la parole ? Qu&rsquo;attendez-vous de ce moment ?<\/p>\n<p>Dans ce webinaire, Antonin Lesson, expert en communication et formateur en aisance oratoire, vous livrera des techniques concr\u00e8tes pour vous\u00a0<strong>pr\u00e9parer \u00e0 une prise de parole<\/strong>,\u00a0<strong>surmonter vos blocages<\/strong>\u00a0et\u00a0<strong>captiver votre public.<\/strong><\/p>\n<p>Vous apprendrez \u00e0 apprivoiser vos appr\u00e9hensions pour vous concentrer sur l&rsquo;essentiel :\u00a0<strong>d\u00e9livrer votre message avec clart\u00e9 et sans souffrance.<\/strong><\/p>\n<p>Rejoignez-nous et transformez chaque prise de parole en une occasion de briller !<\/p>\n\n<h3 class=\"section-title\"><span class=\"title-inner\" data-animation=\"fadeInRight\" data-animation-delay=\"500\">INTERVENANT&nbsp;:<\/span><\/h3>\n<p><strong>Antonin Lesson<\/strong> s\u2019est longuement form\u00e9 \u00e0 l\u2019actorat, il devient com\u00e9dien actif dans le doublage, et directeur d\u2019acteur. De son exp\u00e9rience de coach de com\u00e9dien, il tira une m\u00e9thode de prise de parole en public. Depuis 2017, il anime des ateliers d\u2019aisance oratoire, de prise de parole sc\u00e9nique et cam\u00e9ra en entreprise et est consultant-formateur pour GERESO. Il travaille \u00e9galement avec des \u00e9lus, des diplomates et des dirigeants sur la d\u00e9finition de leur personnage public.<\/p>\n\n<h3 class=\"section-title\"><span class=\"title-inner\" data-animation=\"fadeInRight\" data-animation-delay=\"500\">WEBINAIRE&nbsp;:<\/span><\/h3>\n<h4>Replay du webinaire &nbsp;: \u00ab\u00a0Prise de parole en public&nbsp;:&nbsp;les cl\u00e9s pour se pr\u00e9parer et gagner en aisance&nbsp;!\u00a0\u00bb&nbsp;:<\/h4>\n\n\n\n<figure class=\"wp-block-embed is-type-video is-provider-youtube wp-block-embed-youtube wp-embed-aspect-16-9 wp-has-aspect-ratio\"><div class=\"wp-block-embed__wrapper\">\n<iframe title=\"WEBINAIRE - Prise de parole en public - Antonin Lesson\" width=\"644\" height=\"362\" src=\"https:\/\/www.youtube.com\/embed\/3TrRH_pS6aA?feature=oembed\" frameborder=\"0\" allow=\"accelerometer; autoplay; clipboard-write; encrypted-media; gyroscope; picture-in-picture; web-share\" referrerpolicy=\"strict-origin-when-cross-origin\" allowfullscreen><\/iframe>\n<\/div><\/figure>\n\n\n\n<p><h3 class=\"section-title\"><span class=\"title-inner\" data-animation=\"fadeInRight\" data-animation-delay=\"500\">DOCUMENT&nbsp;:<\/span><\/h3><\/p>\n\n\n\n<div data-wp-interactive=\"core\/file\" class=\"wp-block-file\"><object data-wp-bind--hidden=\"!state.hasPdfPreview\" hidden class=\"wp-block-file__embed\" data=\"https:\/\/www.gereso.com\/actualites\/wp-content\/uploads\/2025\/01\/WebinaireGERESO-Prise-de-parole-en-public.pdf\" type=\"application\/pdf\" style=\"width:100%;height:600px\" aria-label=\"Contenu embarqu\u00e9 WebinaireGERESO-Prise de parole en public.\"><\/object><a id=\"wp-block-file--media-5b40203f-f561-43b9-a6cb-f80036940b18\" href=\"https:\/\/www.gereso.com\/actualites\/wp-content\/uploads\/2025\/01\/WebinaireGERESO-Prise-de-parole-en-public.pdf\">WebinaireGERESO-Prise de parole en public<\/a><a href=\"https:\/\/www.gereso.com\/actualites\/wp-content\/uploads\/2025\/01\/WebinaireGERESO-Prise-de-parole-en-public.pdf\" class=\"wp-block-file__button wp-element-button\" download aria-describedby=\"wp-block-file--media-5b40203f-f561-43b9-a6cb-f80036940b18\">T\u00e9l\u00e9charger<\/a><\/div>\n\n\n\n<article class=\"obj_encart-formation\">\n<div class=\"ctn_encart\">\n<h3>Votre formation sur ce th\u00e8me<\/h3>\n<h2>&nbsp;PRISE DE PAROLE EN PUBLIC&nbsp;<\/h2>\n<h4>2 jours &#8211; En pr\u00e9sentiel ou \u00e0 distance<\/h4>\n<ul>\n<li>S&rsquo;exprimer en public avec aisance et conviction.<\/li>\n<li>G\u00e9rer sa communication non verbale et son \u00e9motivit\u00e9 lors de ses interventions orales.<\/li>\n<li>Construire son message en le valorisant pour gagner en pertinence.<\/li>\n<li>D\u00e9velopper ses qualit\u00e9s d&rsquo;orateur en utilisant des outils issus du th\u00e9\u00e2tre.<\/li>\n<li>Improviser au cours d&rsquo;une prise de parole.<\/li>\n\n<\/ul>\n\n\n<\/ul>\n<div class=\"ctn_btn\">\n<a class=\"obj_btn\" target=\"_blank\" href=\"https:\/\/www.gereso.com\/PARO\" rel=\"noopener\"><span>En savoir plus<\/span><\/a>\n<a class=\"obj_btn\" target=\"_blank\" href=\"https:\/\/www.gereso.com\/client\/programme-pdf\/PARO.pdf\" rel=\"noopener\"><span>T\u00e9l\u00e9charger le programme PDF<\/span><\/a>\n<\/div>\n<\/article>\n\n\n\n\n\n\n","protected":false},"excerpt":{"rendered":"<p>D\u00e9tails de la conf\u00e9rence&nbsp;: DATE&nbsp;: Mercredi 29 janvier 2025 de 11h00 \u00e0 12h00 R\u00c9SUM\u00c9&nbsp;: Pour beaucoup d&rsquo;entre nous,\u00a0prendre la parole en public\u00a0est un\u00a0d\u00e9fi. Mais pourquoi cette peur ? Elle nous pousse \u00e0 nous concentrer sur nous-m\u00eames : notre posture, notre voix, les mots que nous voulons utiliser, et surtout, ce que les autres pensent de [&hellip;]<\/p>\n","protected":false},"author":32,"featured_media":0,"comment_status":"open","ping_status":"open","sticky":false,"template":"","format":"standard","meta":{"_acf_changed":false,"_mi_skip_tracking":false,"footnotes":""},"categories":[12,319],"tags":[],"class_list":["post-43188","post","type-post","status-publish","format-standard","hentry","category-actualites","category-coaching-2"],"acf":[],"yoast_head":"<!-- This site is optimized with the Yoast SEO plugin v23.4 - https:\/\/yoast.com\/wordpress\/plugins\/seo\/ -->\n<title>Webinaire \u00ab Prise de parole en public\u00a0: les cl\u00e9s pour se pr\u00e9parer et gagner en aisance \u00bb - Le Blog GERESO<\/title>\n<meta name=\"robots\" content=\"index, follow, max-snippet:-1, max-image-preview:large, max-video-preview:-1\" \/>\n<link rel=\"canonical\" href=\"https:\/\/www.gereso.com\/actualites\/2025\/01\/30\/webinaire-prise-parole-public-cles-pour-preparer-gagner-aisance\/\" \/>\n<meta property=\"og:locale\" content=\"fr_FR\" \/>\n<meta property=\"og:type\" content=\"article\" \/>\n<meta property=\"og:title\" content=\"Webinaire \u00ab Prise de parole en public\u00a0: les cl\u00e9s pour se pr\u00e9parer et gagner en aisance \u00bb - Le Blog GERESO\" \/>\n<meta property=\"og:description\" content=\"D\u00e9tails de la conf\u00e9rence&nbsp;: DATE&nbsp;: Mercredi 29 janvier 2025 de 11h00 \u00e0 12h00 R\u00c9SUM\u00c9&nbsp;: Pour beaucoup d&rsquo;entre nous,\u00a0prendre la parole en public\u00a0est un\u00a0d\u00e9fi. Mais pourquoi cette peur ? Elle nous pousse \u00e0 nous concentrer sur nous-m\u00eames : notre posture, notre voix, les mots que nous voulons utiliser, et surtout, ce que les autres pensent de [&hellip;]\" \/>\n<meta property=\"og:url\" content=\"https:\/\/www.gereso.com\/actualites\/2025\/01\/30\/webinaire-prise-parole-public-cles-pour-preparer-gagner-aisance\/\" \/>\n<meta property=\"og:site_name\" content=\"Le Blog GERESO\" \/>\n<meta property=\"article:published_time\" content=\"2025-01-30T11:31:04+00:00\" \/>\n<meta property=\"article:modified_time\" content=\"2025-01-30T11:31:06+00:00\" \/>\n<meta name=\"author\" content=\"\u00c9quipe GERESO\" \/>\n<meta name=\"twitter:card\" content=\"summary_large_image\" \/>\n<script type=\"application\/ld+json\" class=\"yoast-schema-graph\">{\"@context\":\"https:\/\/schema.org\",\"@graph\":[{\"@type\":\"WebPage\",\"@id\":\"https:\/\/www.gereso.com\/actualites\/2025\/01\/30\/webinaire-prise-parole-public-cles-pour-preparer-gagner-aisance\/\",\"url\":\"https:\/\/www.gereso.com\/actualites\/2025\/01\/30\/webinaire-prise-parole-public-cles-pour-preparer-gagner-aisance\/\",\"name\":\"Webinaire \u00ab Prise de parole en public\u00a0: les cl\u00e9s pour se pr\u00e9parer et gagner en aisance \u00bb - Le Blog GERESO\",\"isPartOf\":{\"@id\":\"https:\/\/www.gereso.com\/actualites\/#website\"},\"datePublished\":\"2025-01-30T11:31:04+00:00\",\"dateModified\":\"2025-01-30T11:31:06+00:00\",\"author\":{\"@id\":\"https:\/\/www.gereso.com\/actualites\/#\/schema\/person\/197d8aef40cb4ae3f6a0aa9e1d3df2a6\"},\"breadcrumb\":{\"@id\":\"https:\/\/www.gereso.com\/actualites\/2025\/01\/30\/webinaire-prise-parole-public-cles-pour-preparer-gagner-aisance\/#breadcrumb\"},\"inLanguage\":\"fr-FR\",\"potentialAction\":[{\"@type\":\"ReadAction\",\"target\":[\"https:\/\/www.gereso.com\/actualites\/2025\/01\/30\/webinaire-prise-parole-public-cles-pour-preparer-gagner-aisance\/\"]}]},{\"@type\":\"BreadcrumbList\",\"@id\":\"https:\/\/www.gereso.com\/actualites\/2025\/01\/30\/webinaire-prise-parole-public-cles-pour-preparer-gagner-aisance\/#breadcrumb\",\"itemListElement\":[{\"@type\":\"ListItem\",\"position\":1,\"name\":\"Home\",\"item\":\"https:\/\/www.gereso.com\/actualites\/\"},{\"@type\":\"ListItem\",\"position\":2,\"name\":\"Webinaire \u00ab Prise de parole en public\u00a0: les cl\u00e9s pour se pr\u00e9parer et gagner en aisance \u00bb\"}]},{\"@type\":\"WebSite\",\"@id\":\"https:\/\/www.gereso.com\/actualites\/#website\",\"url\":\"https:\/\/www.gereso.com\/actualites\/\",\"name\":\"Le Blog GERESO\",\"description\":\"Toute l&#039;actu RH, Finance, Fonction Publique, Management...\",\"potentialAction\":[{\"@type\":\"SearchAction\",\"target\":{\"@type\":\"EntryPoint\",\"urlTemplate\":\"https:\/\/www.gereso.com\/actualites\/?s={search_term_string}\"},\"query-input\":{\"@type\":\"PropertyValueSpecification\",\"valueRequired\":true,\"valueName\":\"search_term_string\"}}],\"inLanguage\":\"fr-FR\"},{\"@type\":\"Person\",\"@id\":\"https:\/\/www.gereso.com\/actualites\/#\/schema\/person\/197d8aef40cb4ae3f6a0aa9e1d3df2a6\",\"name\":\"\u00c9quipe GERESO\",\"image\":{\"@type\":\"ImageObject\",\"inLanguage\":\"fr-FR\",\"@id\":\"https:\/\/www.gereso.com\/actualites\/#\/schema\/person\/image\/\",\"url\":\"https:\/\/www.gereso.com\/actualites\/wp-content\/uploads\/2013\/12\/avatar-gereso-1.png\",\"contentUrl\":\"https:\/\/www.gereso.com\/actualites\/wp-content\/uploads\/2013\/12\/avatar-gereso-1.png\",\"caption\":\"\u00c9quipe GERESO\"},\"url\":\"https:\/\/www.gereso.com\/actualites\/author\/gereso\/\"}]}<\/script>\n<!-- \/ Yoast SEO plugin. -->","yoast_head_json":{"title":"Webinaire \u00ab Prise de parole en public\u00a0: les cl\u00e9s pour se pr\u00e9parer et gagner en aisance \u00bb - Le Blog GERESO","robots":{"index":"index","follow":"follow","max-snippet":"max-snippet:-1","max-image-preview":"max-image-preview:large","max-video-preview":"max-video-preview:-1"},"canonical":"https:\/\/www.gereso.com\/actualites\/2025\/01\/30\/webinaire-prise-parole-public-cles-pour-preparer-gagner-aisance\/","og_locale":"fr_FR","og_type":"article","og_title":"Webinaire \u00ab Prise de parole en public\u00a0: les cl\u00e9s pour se pr\u00e9parer et gagner en aisance \u00bb - Le Blog GERESO","og_description":"D\u00e9tails de la conf\u00e9rence&nbsp;: DATE&nbsp;: Mercredi 29 janvier 2025 de 11h00 \u00e0 12h00 R\u00c9SUM\u00c9&nbsp;: Pour beaucoup d&rsquo;entre nous,\u00a0prendre la parole en public\u00a0est un\u00a0d\u00e9fi. Mais pourquoi cette peur ? Elle nous pousse \u00e0 nous concentrer sur nous-m\u00eames : notre posture, notre voix, les mots que nous voulons utiliser, et surtout, ce que les autres pensent de [&hellip;]","og_url":"https:\/\/www.gereso.com\/actualites\/2025\/01\/30\/webinaire-prise-parole-public-cles-pour-preparer-gagner-aisance\/","og_site_name":"Le Blog GERESO","article_published_time":"2025-01-30T11:31:04+00:00","article_modified_time":"2025-01-30T11:31:06+00:00","author":"\u00c9quipe GERESO","twitter_card":"summary_large_image","schema":{"@context":"https:\/\/schema.org","@graph":[{"@type":"WebPage","@id":"https:\/\/www.gereso.com\/actualites\/2025\/01\/30\/webinaire-prise-parole-public-cles-pour-preparer-gagner-aisance\/","url":"https:\/\/www.gereso.com\/actualites\/2025\/01\/30\/webinaire-prise-parole-public-cles-pour-preparer-gagner-aisance\/","name":"Webinaire \u00ab Prise de parole en public\u00a0: les cl\u00e9s pour se pr\u00e9parer et gagner en aisance \u00bb - Le Blog GERESO","isPartOf":{"@id":"https:\/\/www.gereso.com\/actualites\/#website"},"datePublished":"2025-01-30T11:31:04+00:00","dateModified":"2025-01-30T11:31:06+00:00","author":{"@id":"https:\/\/www.gereso.com\/actualites\/#\/schema\/person\/197d8aef40cb4ae3f6a0aa9e1d3df2a6"},"breadcrumb":{"@id":"https:\/\/www.gereso.com\/actualites\/2025\/01\/30\/webinaire-prise-parole-public-cles-pour-preparer-gagner-aisance\/#breadcrumb"},"inLanguage":"fr-FR","potentialAction":[{"@type":"ReadAction","target":["https:\/\/www.gereso.com\/actualites\/2025\/01\/30\/webinaire-prise-parole-public-cles-pour-preparer-gagner-aisance\/"]}]},{"@type":"BreadcrumbList","@id":"https:\/\/www.gereso.com\/actualites\/2025\/01\/30\/webinaire-prise-parole-public-cles-pour-preparer-gagner-aisance\/#breadcrumb","itemListElement":[{"@type":"ListItem","position":1,"name":"Home","item":"https:\/\/www.gereso.com\/actualites\/"},{"@type":"ListItem","position":2,"name":"Webinaire \u00ab Prise de parole en public\u00a0: les cl\u00e9s pour se pr\u00e9parer et gagner en aisance \u00bb"}]},{"@type":"WebSite","@id":"https:\/\/www.gereso.com\/actualites\/#website","url":"https:\/\/www.gereso.com\/actualites\/","name":"Le Blog GERESO","description":"Toute l&#039;actu RH, Finance, Fonction Publique, Management...","potentialAction":[{"@type":"SearchAction","target":{"@type":"EntryPoint","urlTemplate":"https:\/\/www.gereso.com\/actualites\/?s={search_term_string}"},"query-input":{"@type":"PropertyValueSpecification","valueRequired":true,"valueName":"search_term_string"}}],"inLanguage":"fr-FR"},{"@type":"Person","@id":"https:\/\/www.gereso.com\/actualites\/#\/schema\/person\/197d8aef40cb4ae3f6a0aa9e1d3df2a6","name":"\u00c9quipe GERESO","image":{"@type":"ImageObject","inLanguage":"fr-FR","@id":"https:\/\/www.gereso.com\/actualites\/#\/schema\/person\/image\/","url":"https:\/\/www.gereso.com\/actualites\/wp-content\/uploads\/2013\/12\/avatar-gereso-1.png","contentUrl":"https:\/\/www.gereso.com\/actualites\/wp-content\/uploads\/2013\/12\/avatar-gereso-1.png","caption":"\u00c9quipe GERESO"},"url":"https:\/\/www.gereso.com\/actualites\/author\/gereso\/"}]}},"_links":{"self":[{"href":"https:\/\/www.gereso.com\/actualites\/wp-json\/wp\/v2\/posts\/43188","targetHints":{"allow":["GET"]}}],"collection":[{"href":"https:\/\/www.gereso.com\/actualites\/wp-json\/wp\/v2\/posts"}],"about":[{"href":"https:\/\/www.gereso.com\/actualites\/wp-json\/wp\/v2\/types\/post"}],"author":[{"embeddable":true,"href":"https:\/\/www.gereso.com\/actualites\/wp-json\/wp\/v2\/users\/32"}],"replies":[{"embeddable":true,"href":"https:\/\/www.gereso.com\/actualites\/wp-json\/wp\/v2\/comments?post=43188"}],"version-history":[{"count":6,"href":"https:\/\/www.gereso.com\/actualites\/wp-json\/wp\/v2\/posts\/43188\/revisions"}],"predecessor-version":[{"id":43199,"href":"https:\/\/www.gereso.com\/actualites\/wp-json\/wp\/v2\/posts\/43188\/revisions\/43199"}],"wp:attachment":[{"href":"https:\/\/www.gereso.com\/actualites\/wp-json\/wp\/v2\/media?parent=43188"}],"wp:term":[{"taxonomy":"category","embeddable":true,"href":"https:\/\/www.gereso.com\/actualites\/wp-json\/wp\/v2\/categories?post=43188"},{"taxonomy":"post_tag","embeddable":true,"href":"https:\/\/www.gereso.com\/actualites\/wp-json\/wp\/v2\/tags?post=43188"}],"curies":[{"name":"wp","href":"https:\/\/api.w.org\/{rel}","templated":true}]}}