{"id":43200,"date":"2025-01-30T17:22:19","date_gmt":"2025-01-30T15:22:19","guid":{"rendered":"https:\/\/www.gereso.com\/actualites\/?p=43200"},"modified":"2025-01-30T17:22:22","modified_gmt":"2025-01-30T15:22:22","slug":"webinaire-reforme-retraites-gagnante-perdante","status":"publish","type":"post","link":"https:\/\/www.gereso.com\/actualites\/2025\/01\/30\/webinaire-reforme-retraites-gagnante-perdante\/","title":{"rendered":"Webinaire \u00ab R\u00e9forme des retraites\u00a0: \u00eates-vous gagnant(e) ou perdant(e)\u00a0? \u00bb"},"content":{"rendered":"\n<h2>D\u00e9tails de la conf\u00e9rence&nbsp;:<\/h2>\n<h3 class=\"section-title\"><span class=\"title-inner\" data-animation=\"fadeInRight\" data-animation-delay=\"500\">DATE&nbsp;:<\/span><\/h3>\n<p>Jeudi 30 janvier 2025 de 10h00 \u00e0 11h00<\/p>\n<h3 class=\"section-title\"><span class=\"title-inner\" data-animation=\"fadeInRight\" data-animation-delay=\"500\">R\u00c9SUM\u00c9&nbsp;:<\/span><\/h3>\n<p>Avec la\u00a0<strong>r\u00e9forme des retraites<\/strong>, nombreux sont ceux qui s&rsquo;interrogent sur l&rsquo;impact concret des changements en fonction de leur propre parcours. Ce webinaire vous propose une\u00a0<strong>analyse d\u00e9taill\u00e9e<\/strong>\u00a0et des\u00a0<strong>cas pratiques<\/strong>\u00a0tir\u00e9s de situations r\u00e9elles, pour mieux comprendre les\u00a0<strong>cons\u00e9quences de cette r\u00e9forme<\/strong>\u00a0sur diff\u00e9rents profils de carri\u00e8re et vous permettre d&rsquo;\u00e9valuer votre propre situation.<\/p>\n\n<h3 class=\"section-title\"><span class=\"title-inner\" data-animation=\"fadeInRight\" data-animation-delay=\"500\">PROGRAMME&nbsp;:<\/span><\/h3>\n\n<ul>\n<li><strong>M\u00e8res de famille :<\/strong> Un focus sur les questions sp\u00e9cifiques telles que les trimestres de majoration pour enfants, l\u2019impact des cong\u00e9s parentaux, et la prise en compte des carri\u00e8res r\u00e9duites. Un cas particuli\u00e8rement pertinent pour les m\u00e8res, les RH et les salari\u00e9s s\u2019int\u00e9ressant aux droits familiaux.<\/li>\n<li><strong>P\u00e9riodes de ch\u00f4mage :<\/strong> Abordons l\u2019impact des p\u00e9riodes de ch\u00f4mage sur les droits \u00e0 la retraite et les moyens de les valoriser dans les calculs. Un sujet qui touche de pr\u00e8s les RH et les salari\u00e9s souhaitant mieux comprendre les protections et cons\u00e9quences des interruptions de carri\u00e8re.<\/li>\n<li><strong>Travailleurs ind\u00e9pendants ou lib\u00e9raux ayant chang\u00e9 de statut&nbsp;:&nbsp;<\/strong>D\u00e9cryptage des implications pour ceux ayant altern\u00e9 entre statut salari\u00e9 et ind\u00e9pendant.&nbsp;Un cas souvent complexe et essentiel pour les RH travaillant avec des consultants ou freelances et pour les travailleurs concern\u00e9s par les transitions de statut.<\/li>\n<li><strong>Carri\u00e8res longues&nbsp;:<\/strong>&nbsp;Les nouvelles conditions de d\u00e9part anticip\u00e9, les crit\u00e8res \u00e0 remplir et les strat\u00e9gies pour optimiser ses droits de carri\u00e8re longue. Un sujet majeur qui attire une large audience.<\/li>\n<\/ul>\n\n<h3 class=\"section-title\"><span class=\"title-inner\" data-animation=\"fadeInRight\" data-animation-delay=\"500\">PUBLIC&nbsp;:<\/span><\/h3>\n<p>Ce webinaire s\u2019adresse aux salari\u00e9s du secteur priv\u00e9, et toute personne d\u00e9sireuse de comprendre en d\u00e9tail les cons\u00e9quences de la r\u00e9forme des retraites et d\u2019\u00e9valuer son impact sur leur propre parcours.<\/p>\n\n<h3 class=\"section-title\"><span class=\"title-inner\" data-animation=\"fadeInRight\" data-animation-delay=\"500\">INTERVENANTE&nbsp;:<\/span><\/h3>\n<p><strong> Nadine EGAULT <\/strong>est consultante en retraite et protection sociale depuis 1989. Elle anime des formations inter et intra-entreprises pour GERESO sur les th\u00e8mes de la retraite des salari\u00e9s du secteur priv\u00e9, la retraite des expatri\u00e9s, les prestations de la s\u00e9curit\u00e9 sociale. Elle r\u00e9alise \u00e9galement des missions de conseil dans le domaine des retraites du secteur priv\u00e9 : bilans retraite individuels, rachat de trimestres, p\u00e9riodes d\u2019activit\u00e9 \u00e0 l\u2019\u00e9tranger.<\/p>\n\n<h3 class=\"section-title\"><span class=\"title-inner\" data-animation=\"fadeInRight\" data-animation-delay=\"500\">WEBINAIRE&nbsp;:<\/span><\/h3>\n<h4>Replay du webinaire &nbsp;: \u00ab\u00a0R\u00e9forme des retraites\u00a0: \u00eates-vous gagnant(e) ou perdant(e)&nbsp;?\u00a0\u00bb&nbsp;:<\/h4>\n\n\n\n<figure class=\"wp-block-embed is-type-video is-provider-youtube wp-block-embed-youtube wp-embed-aspect-16-9 wp-has-aspect-ratio\"><div class=\"wp-block-embed__wrapper\">\n<iframe title=\"WEBINIARE - R\u00e9forme des retraites : \u00eates-vous gagnant(e) ou perdant(e) ? - Nadine Egault\" width=\"644\" height=\"362\" src=\"https:\/\/www.youtube.com\/embed\/xCth8dbfE-k?feature=oembed\" frameborder=\"0\" allow=\"accelerometer; autoplay; clipboard-write; encrypted-media; gyroscope; picture-in-picture; web-share\" referrerpolicy=\"strict-origin-when-cross-origin\" allowfullscreen><\/iframe>\n<\/div><\/figure>\n\n\n\n<p><h3 class=\"section-title\"><span class=\"title-inner\" data-animation=\"fadeInRight\" data-animation-delay=\"500\">DOCUMENT&nbsp;:<\/span><\/h3><\/p>\n\n\n\n<div data-wp-interactive=\"core\/file\" class=\"wp-block-file\"><object data-wp-bind--hidden=\"!state.hasPdfPreview\" hidden class=\"wp-block-file__embed\" data=\"https:\/\/www.gereso.com\/actualites\/wp-content\/uploads\/2025\/01\/Webinaire-GERESO-Reforme-des-retraites.pdf\" type=\"application\/pdf\" style=\"width:100%;height:600px\" aria-label=\"Contenu embarqu\u00e9 Webinaire GERESO-R\u00e9forme des retraites.\"><\/object><a id=\"wp-block-file--media-c634b376-c0f0-4146-a6ef-df8b5c89b41e\" href=\"https:\/\/www.gereso.com\/actualites\/wp-content\/uploads\/2025\/01\/Webinaire-GERESO-Reforme-des-retraites.pdf\">Webinaire GERESO-R\u00e9forme des retraites<\/a><a href=\"https:\/\/www.gereso.com\/actualites\/wp-content\/uploads\/2025\/01\/Webinaire-GERESO-Reforme-des-retraites.pdf\" class=\"wp-block-file__button wp-element-button\" download aria-describedby=\"wp-block-file--media-c634b376-c0f0-4146-a6ef-df8b5c89b41e\">T\u00e9l\u00e9charger<\/a><\/div>\n\n\n\n<article class=\"obj_encart-formation\">\n<div class=\"ctn_encart\">\n<h3>Votre formation sur ce th\u00e8me<\/h3>\n<h2>&nbsp;ACTUALITES RETRAITE&nbsp;<\/h2>\n<h4>2 jours &#8211; En pr\u00e9sentiel ou \u00e0 distance<\/h4>\n<ul>\n<li>Analyser les incidences RH de la r\u00e9forme en cours, notamment sur la gestion des carri\u00e8res.<\/li>\n<li>D\u00e9finir l&rsquo;\u00e2ge et le nombre de trimestres par g\u00e9n\u00e9ration.<\/li>\n<li>Se rep\u00e9rer dans les diff\u00e9rentes validations de trimestres au r\u00e9gime g\u00e9n\u00e9ral et de points en AGIRC-ARRCO.<\/li>\n<li>Distinguer les nouvelles conditions de d\u00e9part anticip\u00e9s : carri\u00e8re longue, handicap, incapacit\u00e9 permanente&#8230; et de retraite progressive.<\/li>\n<li>Mesurer l&rsquo;impact de la r\u00e9forme en cours sur l&rsquo;\u00e2ge de la retraite.<\/li>\n<\/ul>\n\n\n<\/ul>\n<div class=\"ctn_btn\">\n<a class=\"obj_btn\" target=\"_blank\" href=\"https:\/\/www.gereso.com\/ACTR\" rel=\"noopener\"><span>En savoir plus<\/span><\/a>\n<a class=\"obj_btn\" target=\"_blank\" href=\"https:\/\/www.gereso.com\/client\/programme-pdf\/ACTR.pdf\" rel=\"noopener\"><span>T\u00e9l\u00e9charger le programme PDF<\/span><\/a>\n<\/div>\n<\/article>\n\n\n","protected":false},"excerpt":{"rendered":"<p>D\u00e9tails de la conf\u00e9rence&nbsp;: DATE&nbsp;: Jeudi 30 janvier 2025 de 10h00 \u00e0 11h00 R\u00c9SUM\u00c9&nbsp;: Avec la\u00a0r\u00e9forme des retraites, nombreux sont ceux qui s&rsquo;interrogent sur l&rsquo;impact concret des changements en fonction de leur propre parcours. Ce webinaire vous propose une\u00a0analyse d\u00e9taill\u00e9e\u00a0et des\u00a0cas pratiques\u00a0tir\u00e9s de situations r\u00e9elles, pour mieux comprendre les\u00a0cons\u00e9quences de cette r\u00e9forme\u00a0sur diff\u00e9rents profils de [&hellip;]<\/p>\n","protected":false},"author":32,"featured_media":0,"comment_status":"open","ping_status":"open","sticky":false,"template":"","format":"standard","meta":{"_acf_changed":false,"_mi_skip_tracking":false,"footnotes":""},"categories":[12,4],"tags":[],"class_list":["post-43200","post","type-post","status-publish","format-standard","hentry","category-actualites","category-retraite-et-protection-sociale"],"acf":[],"yoast_head":"<!-- This site is optimized with the Yoast SEO plugin v23.4 - https:\/\/yoast.com\/wordpress\/plugins\/seo\/ -->\n<title>Webinaire \u00ab R\u00e9forme des retraites\u00a0: \u00eates-vous gagnant(e) ou perdant(e)\u00a0? \u00bb - Le Blog GERESO<\/title>\n<meta name=\"robots\" content=\"index, follow, max-snippet:-1, max-image-preview:large, max-video-preview:-1\" \/>\n<link rel=\"canonical\" href=\"https:\/\/www.gereso.com\/actualites\/2025\/01\/30\/webinaire-reforme-retraites-gagnante-perdante\/\" \/>\n<meta property=\"og:locale\" content=\"fr_FR\" \/>\n<meta property=\"og:type\" content=\"article\" \/>\n<meta property=\"og:title\" content=\"Webinaire \u00ab R\u00e9forme des retraites\u00a0: \u00eates-vous gagnant(e) ou perdant(e)\u00a0? \u00bb - Le Blog GERESO\" \/>\n<meta property=\"og:description\" content=\"D\u00e9tails de la conf\u00e9rence&nbsp;: DATE&nbsp;: Jeudi 30 janvier 2025 de 10h00 \u00e0 11h00 R\u00c9SUM\u00c9&nbsp;: Avec la\u00a0r\u00e9forme des retraites, nombreux sont ceux qui s&rsquo;interrogent sur l&rsquo;impact concret des changements en fonction de leur propre parcours. Ce webinaire vous propose une\u00a0analyse d\u00e9taill\u00e9e\u00a0et des\u00a0cas pratiques\u00a0tir\u00e9s de situations r\u00e9elles, pour mieux comprendre les\u00a0cons\u00e9quences de cette r\u00e9forme\u00a0sur diff\u00e9rents profils de [&hellip;]\" \/>\n<meta property=\"og:url\" content=\"https:\/\/www.gereso.com\/actualites\/2025\/01\/30\/webinaire-reforme-retraites-gagnante-perdante\/\" \/>\n<meta property=\"og:site_name\" content=\"Le Blog GERESO\" \/>\n<meta property=\"article:published_time\" content=\"2025-01-30T15:22:19+00:00\" \/>\n<meta property=\"article:modified_time\" content=\"2025-01-30T15:22:22+00:00\" \/>\n<meta name=\"author\" content=\"\u00c9quipe GERESO\" \/>\n<meta name=\"twitter:card\" content=\"summary_large_image\" \/>\n<script type=\"application\/ld+json\" class=\"yoast-schema-graph\">{\"@context\":\"https:\/\/schema.org\",\"@graph\":[{\"@type\":\"WebPage\",\"@id\":\"https:\/\/www.gereso.com\/actualites\/2025\/01\/30\/webinaire-reforme-retraites-gagnante-perdante\/\",\"url\":\"https:\/\/www.gereso.com\/actualites\/2025\/01\/30\/webinaire-reforme-retraites-gagnante-perdante\/\",\"name\":\"Webinaire \u00ab R\u00e9forme des retraites\u00a0: \u00eates-vous gagnant(e) ou perdant(e)\u00a0? \u00bb - Le Blog GERESO\",\"isPartOf\":{\"@id\":\"https:\/\/www.gereso.com\/actualites\/#website\"},\"datePublished\":\"2025-01-30T15:22:19+00:00\",\"dateModified\":\"2025-01-30T15:22:22+00:00\",\"author\":{\"@id\":\"https:\/\/www.gereso.com\/actualites\/#\/schema\/person\/197d8aef40cb4ae3f6a0aa9e1d3df2a6\"},\"breadcrumb\":{\"@id\":\"https:\/\/www.gereso.com\/actualites\/2025\/01\/30\/webinaire-reforme-retraites-gagnante-perdante\/#breadcrumb\"},\"inLanguage\":\"fr-FR\",\"potentialAction\":[{\"@type\":\"ReadAction\",\"target\":[\"https:\/\/www.gereso.com\/actualites\/2025\/01\/30\/webinaire-reforme-retraites-gagnante-perdante\/\"]}]},{\"@type\":\"BreadcrumbList\",\"@id\":\"https:\/\/www.gereso.com\/actualites\/2025\/01\/30\/webinaire-reforme-retraites-gagnante-perdante\/#breadcrumb\",\"itemListElement\":[{\"@type\":\"ListItem\",\"position\":1,\"name\":\"Home\",\"item\":\"https:\/\/www.gereso.com\/actualites\/\"},{\"@type\":\"ListItem\",\"position\":2,\"name\":\"Webinaire \u00ab R\u00e9forme des retraites\u00a0: \u00eates-vous gagnant(e) ou perdant(e)\u00a0? \u00bb\"}]},{\"@type\":\"WebSite\",\"@id\":\"https:\/\/www.gereso.com\/actualites\/#website\",\"url\":\"https:\/\/www.gereso.com\/actualites\/\",\"name\":\"Le Blog GERESO\",\"description\":\"Toute l&#039;actu RH, Finance, Fonction Publique, Management...\",\"potentialAction\":[{\"@type\":\"SearchAction\",\"target\":{\"@type\":\"EntryPoint\",\"urlTemplate\":\"https:\/\/www.gereso.com\/actualites\/?s={search_term_string}\"},\"query-input\":{\"@type\":\"PropertyValueSpecification\",\"valueRequired\":true,\"valueName\":\"search_term_string\"}}],\"inLanguage\":\"fr-FR\"},{\"@type\":\"Person\",\"@id\":\"https:\/\/www.gereso.com\/actualites\/#\/schema\/person\/197d8aef40cb4ae3f6a0aa9e1d3df2a6\",\"name\":\"\u00c9quipe GERESO\",\"image\":{\"@type\":\"ImageObject\",\"inLanguage\":\"fr-FR\",\"@id\":\"https:\/\/www.gereso.com\/actualites\/#\/schema\/person\/image\/\",\"url\":\"https:\/\/www.gereso.com\/actualites\/wp-content\/uploads\/2013\/12\/avatar-gereso-1.png\",\"contentUrl\":\"https:\/\/www.gereso.com\/actualites\/wp-content\/uploads\/2013\/12\/avatar-gereso-1.png\",\"caption\":\"\u00c9quipe GERESO\"},\"url\":\"https:\/\/www.gereso.com\/actualites\/author\/gereso\/\"}]}<\/script>\n<!-- \/ Yoast SEO plugin. -->","yoast_head_json":{"title":"Webinaire \u00ab R\u00e9forme des retraites\u00a0: \u00eates-vous gagnant(e) ou perdant(e)\u00a0? \u00bb - Le Blog GERESO","robots":{"index":"index","follow":"follow","max-snippet":"max-snippet:-1","max-image-preview":"max-image-preview:large","max-video-preview":"max-video-preview:-1"},"canonical":"https:\/\/www.gereso.com\/actualites\/2025\/01\/30\/webinaire-reforme-retraites-gagnante-perdante\/","og_locale":"fr_FR","og_type":"article","og_title":"Webinaire \u00ab R\u00e9forme des retraites\u00a0: \u00eates-vous gagnant(e) ou perdant(e)\u00a0? \u00bb - Le Blog GERESO","og_description":"D\u00e9tails de la conf\u00e9rence&nbsp;: DATE&nbsp;: Jeudi 30 janvier 2025 de 10h00 \u00e0 11h00 R\u00c9SUM\u00c9&nbsp;: Avec la\u00a0r\u00e9forme des retraites, nombreux sont ceux qui s&rsquo;interrogent sur l&rsquo;impact concret des changements en fonction de leur propre parcours. Ce webinaire vous propose une\u00a0analyse d\u00e9taill\u00e9e\u00a0et des\u00a0cas pratiques\u00a0tir\u00e9s de situations r\u00e9elles, pour mieux comprendre les\u00a0cons\u00e9quences de cette r\u00e9forme\u00a0sur diff\u00e9rents profils de [&hellip;]","og_url":"https:\/\/www.gereso.com\/actualites\/2025\/01\/30\/webinaire-reforme-retraites-gagnante-perdante\/","og_site_name":"Le Blog GERESO","article_published_time":"2025-01-30T15:22:19+00:00","article_modified_time":"2025-01-30T15:22:22+00:00","author":"\u00c9quipe GERESO","twitter_card":"summary_large_image","schema":{"@context":"https:\/\/schema.org","@graph":[{"@type":"WebPage","@id":"https:\/\/www.gereso.com\/actualites\/2025\/01\/30\/webinaire-reforme-retraites-gagnante-perdante\/","url":"https:\/\/www.gereso.com\/actualites\/2025\/01\/30\/webinaire-reforme-retraites-gagnante-perdante\/","name":"Webinaire \u00ab R\u00e9forme des retraites\u00a0: \u00eates-vous gagnant(e) ou perdant(e)\u00a0? \u00bb - Le Blog GERESO","isPartOf":{"@id":"https:\/\/www.gereso.com\/actualites\/#website"},"datePublished":"2025-01-30T15:22:19+00:00","dateModified":"2025-01-30T15:22:22+00:00","author":{"@id":"https:\/\/www.gereso.com\/actualites\/#\/schema\/person\/197d8aef40cb4ae3f6a0aa9e1d3df2a6"},"breadcrumb":{"@id":"https:\/\/www.gereso.com\/actualites\/2025\/01\/30\/webinaire-reforme-retraites-gagnante-perdante\/#breadcrumb"},"inLanguage":"fr-FR","potentialAction":[{"@type":"ReadAction","target":["https:\/\/www.gereso.com\/actualites\/2025\/01\/30\/webinaire-reforme-retraites-gagnante-perdante\/"]}]},{"@type":"BreadcrumbList","@id":"https:\/\/www.gereso.com\/actualites\/2025\/01\/30\/webinaire-reforme-retraites-gagnante-perdante\/#breadcrumb","itemListElement":[{"@type":"ListItem","position":1,"name":"Home","item":"https:\/\/www.gereso.com\/actualites\/"},{"@type":"ListItem","position":2,"name":"Webinaire \u00ab R\u00e9forme des retraites\u00a0: \u00eates-vous gagnant(e) ou perdant(e)\u00a0? \u00bb"}]},{"@type":"WebSite","@id":"https:\/\/www.gereso.com\/actualites\/#website","url":"https:\/\/www.gereso.com\/actualites\/","name":"Le Blog GERESO","description":"Toute l&#039;actu RH, Finance, Fonction Publique, Management...","potentialAction":[{"@type":"SearchAction","target":{"@type":"EntryPoint","urlTemplate":"https:\/\/www.gereso.com\/actualites\/?s={search_term_string}"},"query-input":{"@type":"PropertyValueSpecification","valueRequired":true,"valueName":"search_term_string"}}],"inLanguage":"fr-FR"},{"@type":"Person","@id":"https:\/\/www.gereso.com\/actualites\/#\/schema\/person\/197d8aef40cb4ae3f6a0aa9e1d3df2a6","name":"\u00c9quipe GERESO","image":{"@type":"ImageObject","inLanguage":"fr-FR","@id":"https:\/\/www.gereso.com\/actualites\/#\/schema\/person\/image\/","url":"https:\/\/www.gereso.com\/actualites\/wp-content\/uploads\/2013\/12\/avatar-gereso-1.png","contentUrl":"https:\/\/www.gereso.com\/actualites\/wp-content\/uploads\/2013\/12\/avatar-gereso-1.png","caption":"\u00c9quipe GERESO"},"url":"https:\/\/www.gereso.com\/actualites\/author\/gereso\/"}]}},"_links":{"self":[{"href":"https:\/\/www.gereso.com\/actualites\/wp-json\/wp\/v2\/posts\/43200","targetHints":{"allow":["GET"]}}],"collection":[{"href":"https:\/\/www.gereso.com\/actualites\/wp-json\/wp\/v2\/posts"}],"about":[{"href":"https:\/\/www.gereso.com\/actualites\/wp-json\/wp\/v2\/types\/post"}],"author":[{"embeddable":true,"href":"https:\/\/www.gereso.com\/actualites\/wp-json\/wp\/v2\/users\/32"}],"replies":[{"embeddable":true,"href":"https:\/\/www.gereso.com\/actualites\/wp-json\/wp\/v2\/comments?post=43200"}],"version-history":[{"count":8,"href":"https:\/\/www.gereso.com\/actualites\/wp-json\/wp\/v2\/posts\/43200\/revisions"}],"predecessor-version":[{"id":43212,"href":"https:\/\/www.gereso.com\/actualites\/wp-json\/wp\/v2\/posts\/43200\/revisions\/43212"}],"wp:attachment":[{"href":"https:\/\/www.gereso.com\/actualites\/wp-json\/wp\/v2\/media?parent=43200"}],"wp:term":[{"taxonomy":"category","embeddable":true,"href":"https:\/\/www.gereso.com\/actualites\/wp-json\/wp\/v2\/categories?post=43200"},{"taxonomy":"post_tag","embeddable":true,"href":"https:\/\/www.gereso.com\/actualites\/wp-json\/wp\/v2\/tags?post=43200"}],"curies":[{"name":"wp","href":"https:\/\/api.w.org\/{rel}","templated":true}]}}