{"id":43258,"date":"2025-02-10T11:34:49","date_gmt":"2025-02-10T09:34:49","guid":{"rendered":"https:\/\/www.gereso.com\/actualites\/?p=43258"},"modified":"2025-02-10T11:34:50","modified_gmt":"2025-02-10T09:34:50","slug":"nouvelles-reglementaires-relatives-aux-pensions-agents-publics","status":"publish","type":"post","link":"https:\/\/www.gereso.com\/actualites\/2025\/02\/10\/nouvelles-reglementaires-relatives-aux-pensions-agents-publics\/","title":{"rendered":"Nouvelles r\u00e9glementaires relatives aux pensions des agents publics"},"content":{"rendered":"\n<h2 style=\"color:#D10016\"><strong>Prise en compte du cong\u00e9 de solidarit\u00e9 familiale <\/strong><\/h2>\n\n\n\n<p>Le d\u00e9cret <strong>\u00e9tend aux militaires la prise en compte du cong\u00e9 de solidarit\u00e9 familiale<\/strong> dans les droits \u00e0 pension.<\/p>\n\n\n\n<p>En outre, en application du nouvel article R.9 II du code des pensions civiles et militaires de retraite (CPCMR), l\u2019agent b\u00e9n\u00e9ficiaire d\u2019un cong\u00e9 de solidarit\u00e9 familiale peut demander la prise en compte de ce cong\u00e9 pour la constitution et la liquidation de sa pension, sous r\u00e9serve du <strong>versement d\u2019une cotisation sp\u00e9ciale<\/strong> \u00e9gale aux retenues pour pension pr\u00e9vues aux 1\u00b0 et 2\u00b0 de l\u2019<a href=\"https:\/\/www.legifrance.gouv.fr\/codes\/article_lc\/LEGIARTI000037064940\" target=\"_blank\" rel=\"noreferrer noopener\">article L. 61 du code des pensions civiles et militaires de retraite<\/a> qui auraient \u00e9t\u00e9 dues si l\u2019assur\u00e9 n\u2019avait pas b\u00e9n\u00e9fici\u00e9 du cong\u00e9. L\u2019assur\u00e9 dispose ainsi d\u2019un <strong>d\u00e9lai de six mois \u00e0 compter de la fin de son cong\u00e9 pour d\u00e9poser sa demande<\/strong> aupr\u00e8s de son employeur par tout moyen permettant d\u2019en attester la date de r\u00e9ception.<\/p>\n\n\n\n<h2 style=\"color:#D10016\"><strong>Assiette de contribution due au titre du financement des allocations temporaires d&rsquo;invalidit\u00e9<\/strong><\/h2>\n\n\n\n<p>Le d\u00e9cret reprend la jurisprudence Valiani (Conseil d\u2019\u00c9tat, 27 juin 2018, n\u00b0 415210) au sein de l\u2019article 9 bis du <a href=\"https:\/\/www.legifrance.gouv.fr\/loda\/id\/LEGITEXT000006060938\/\" target=\"_blank\" rel=\"noreferrer noopener\">d\u00e9cret n\u00b0 60-1089 du 6 octobre 1960<\/a> aux termes duquel d\u00e9sormais \u00ab <em>La contribution due au titre du financement des allocations temporaires d\u2019invalidit\u00e9 est assise sur les traitements soumis \u00e0 retenue pour pension. Pour les agents en service d\u00e9tach\u00e9, la contribution est due par l\u2019employeur d\u2019accueil et calcul\u00e9e dans les conditions pr\u00e9vues \u00e0 l\u2019article R. 73 du code des pensions civiles et militaires de retraite. <\/em>\u00bb<\/p>\n\n\n\n<p>Conform\u00e9ment \u00e0 cette derni\u00e8re disposition, pour les agents en position de d\u00e9tachement, l\u2019assiette des cotisations et contributions pour pension est constitu\u00e9e par le <strong>traitement aff\u00e9rent \u00e0 l\u2019emploi de d\u00e9tachement <\/strong>lorsque celui-ci conduit \u00e0 pension de l\u2019\u00c9tat ou de la Caisse nationale de retraites des agents des collectivit\u00e9s locales.<\/p>\n\n\n\n<p>Ainsi, les employeurs de la Fonction publique territoriale ou hospitali\u00e8re accueillant des fonctionnaires d\u2019\u00c9tat en d\u00e9tachement sur un emploi conduisant \u00e0 pension cotisent aupr\u00e8s de l\u2019<strong>Allocation Temporaire d\u2019Invalidit\u00e9<\/strong> (ATI) \u00c9tat au <strong>taux de 0,32 % <\/strong>et non plus aupr\u00e8s de l\u2019ATIACL.<\/p>\n\n\n\n<p>\u00c0 l\u2019inverse, les employeurs de la fonction publique d\u2019\u00c9tat accueillant des fonctionnaires territoriaux ou hospitaliers en d\u00e9tachement sur un emploi conduisant \u00e0 pension cotisent aupr\u00e8s de l\u2019ATIACL au taux de<br>0,40 % et non plus aupr\u00e8s de l\u2019ATI \u00c9tat.<\/p>\n\n\n\n<h2 style=\"color:#D10016\"><strong>Modifications relatives \u00e0 la surcote parentale <\/strong><\/h2>\n\n\n\n<p>Le d\u00e9cret <strong>\u00e9tend les b\u00e9n\u00e9ficiaires de la surcote parentale<\/strong> <strong>en ajoutant les situations de cong\u00e9 parental.<\/strong> Il encadre \u00e9galement son cumul avec la surcote de droit commun, les deux types de majoration ne pouvant \u00eatre cumul\u00e9s au titre des m\u00eames p\u00e9riodes.<\/p>\n\n\n\n<h2 style=\"color:#D10016\"><strong>Prise en compte de services contractuels pour appr\u00e9cier l\u2019ouverture du droit au d\u00e9part anticip\u00e9 en cat\u00e9gorie active<\/strong><\/h2>\n\n\n\n<p>Aux termes d\u2019un nouvel <a href=\"https:\/\/www.legifrance.gouv.fr\/jorf\/id\/JORFTEXT000000611945\" target=\"_blank\" rel=\"noreferrer noopener\">article 26-2 du d\u00e9cret n\u00b0 2003-1306<\/a>, les services accomplis par un fonctionnaire dans un emploi class\u00e9 en <strong>cat\u00e9gorie active au cours de la p\u00e9riode de dix ans pr\u00e9c\u00e9dant sa titularisation sont comptabilis\u00e9s comme des services actifs pour l\u2019acquisition du droit au d\u00e9part anticip\u00e9.<\/strong><\/p>\n\n\n\n<p>Le second alin\u00e9a \u00e9tend le dispositif \u00e0 l\u2019appr\u00e9ciation du d\u00e9part \u00e0 l\u2019\u00e2ge minor\u00e9 au titre de la cat\u00e9gorie super-active.<\/p>\n\n\n\n<p>Cette disposition est applicable aux services effectu\u00e9s \u00e0 compter du 1er janvier 2024.<\/p>\n\n\n\n<article class=\"obj_encart-formation\">\n<div class=\"ctn_encart\">\n<h3>Votre formation sur ce th\u00e8me<\/h3>\n<h2>&nbsp;RETRAITE DES AGENTS DE LA FONCTION PUBLIQUE&nbsp;<\/h2>\n<h4>3 jours &#8211; En pr\u00e9sentiel ou \u00e0 distance<\/h4>\n<ul>\n<li><strong>Identifier les diff\u00e9rents r\u00e9gimes<\/strong> de retraite des agents publics, titulaires et contractuels.<\/li>\n<li><strong>Renseigner les agents<\/strong> sur les dates possibles de d\u00e9part \u00e0 la retraite.<\/li>\n<li><strong>Calculer le montant des droits acquis<\/strong> dans les diff\u00e9rents r\u00e9gimes.<\/li>\n<li><strong>Traiter un dossier de retraite<\/strong> plus complexe (carri\u00e8res longues, d\u00e9part au titre du handicap).<\/li>\n\n\n<\/ul>\n<div class=\"ctn_btn\">\n<a class=\"obj_btn\" target=\"_blank\" href=\"https:\/\/www.gereso.com\/RRCL\" rel=\"noopener\"><span>En savoir plus<\/span><\/a>\n<a class=\"obj_btn\" target=\"_blank\" href=\"https:\/\/www.gereso.com\/client\/programme-pdf\/RRCL.pdf\" rel=\"noopener\"><span>T\u00e9l\u00e9charger le programme PDF<\/span><\/a>\n<\/div>\n<\/article>\n\n\n\n<h2 style=\"color:#D10016\">Modification pour les sapeurs-pompiers professionnels<\/strong><\/h2>\n\n\n\n<p>Le texte r\u00e9glementaire modifie les r\u00e8gles de proratisation de la liquidation de la prime de feu des sapeurs-pompiers professionnels pr\u00e9vue \u00e0 l\u2019<a href=\"https:\/\/www.legifrance.gouv.fr\/loda\/id\/JORFTEXT000000611945\" target=\"_blank\" rel=\"noreferrer noopener\">article 18 du d\u00e9cret n\u00b0 2003-1306<\/a>.<\/p>\n\n\n\n<h2 style=\"color:#D10016\"><strong>Codification des dispositions relatives au rachat d\u2019ann\u00e9es d\u2019\u00e9tudes<\/strong><\/h2>\n\n\n\n<p>Le d\u00e9cret proc\u00e8de \u00e0 la <strong>codification et au toilettage des dispositions relatives au rachat d\u2019ann\u00e9es d\u2019\u00e9tudes, <\/strong>pr\u00e9vu par l\u2019article L. 9 bis CPCMR. Est ainsi cr\u00e9\u00e9 un article R9 CPCMR qui pr\u00e9cise les modalit\u00e9s de prise en compte des ann\u00e9es d\u2019\u00e9tudes sup\u00e9rieures et la proc\u00e9dure aff\u00e9rente. <\/p>\n\n\n\n<p>Par ailleurs, l\u2019article L.9 bis CPCMR, modifi\u00e9 par la <a href=\"https:\/\/www.legifrance.gouv.fr\/jorf\/id\/JORFTEXT000048668665\" target=\"_blank\" rel=\"noreferrer noopener\">loi n\u00b0 2023-1250 du 26 d\u00e9cembre 2023 de financement de la S\u00e9curit\u00e9 sociale pour 2024<\/a>, pr\u00e9voit que le rachat de p\u00e9riodes d\u2019\u00e9tudes sup\u00e9rieures pour acqu\u00e9rir des <strong>droits \u00e0 retraite \u00ab \u00e0 tarif r\u00e9duit \u00bb, dans la limite de 4 trimestres, court \u00e0 partir de l\u2019\u00e2ge de 30 ans<\/strong> et non plus dans un d\u00e9lai fix\u00e9 \u00e0 dix ans \u00e0 compter de la fin des \u00e9tudes ind\u00e9pendamment de l\u2019\u00e2ge de l\u2019agent.<\/p>\n\n\n\n<p>Cette nouvelle r\u00e9daction de l\u2019article L.9 bis du CPMR s\u2019applique aux versements effectu\u00e9s \u00e0 compter du<br>1er janvier 2024.<\/p>\n\n\n\n<p>Le <a href=\"https:\/\/www.legifrance.gouv.fr\/jorf\/id\/JORFTEXT000050935436\" target=\"_blank\" rel=\"noreferrer noopener\">d\u00e9cret n\u00b0 2024-1282 du 31 d\u00e9cembre 2024<\/a> modifie l\u2019<a href=\"https:\/\/www.legifrance.gouv.fr\/loda\/id\/LEGITEXT000005754037\/\" target=\"_blank\" rel=\"noreferrer noopener\">article 2 bis du d\u00e9cret n\u00b0 2003-1310 du 26 d\u00e9cembre 2003<\/a> pour prendre en compte cette modification, aux termes duquel d\u00e9sormais \u00ab (\u2026) le<br>montant du versement \u00e0 effectuer par l\u2019assur\u00e9 au titre de chaque trimestre pour la prise en compte des p\u00e9riodes mentionn\u00e9es au premier alin\u00e9a de l\u2019article 2, d\u00e9termin\u00e9 conform\u00e9ment aux 1\u00b0, 2\u00b0 et 3\u00b0 de ce<br>m\u00eame article, est abattu d\u2019un <strong>montant forfaitaire lorsque la demande porte sur une p\u00e9riode de formation initiale<\/strong> et qu\u2019elle est pr\u00e9sent\u00e9e au plus tard le 31 d\u00e9cembre de l\u2019ann\u00e9e civile du quaranti\u00e8me anniversaire du demandeur. \u00bb<\/p>\n\n\n\n<p>Bien que cette modification r\u00e9glementaire soit entr\u00e9e en vigueur le 2 janvier 2025, l\u2019<a href=\"https:\/\/www.legifrance.gouv.fr\/jorf\/article_jo\/JORFARTI000050935469\" target=\"_blank\" rel=\"noreferrer noopener\">article 4 du d\u00e9cret n\u00b0 2024-1282<\/a> pr\u00e9cit\u00e9 pr\u00e9cise que l\u2019assur\u00e9 qui a pr\u00e9sent\u00e9, entre le 1er janvier 2024 et le 2 janvier 2025, une demande de rachat portant sur une p\u00e9riode de formation initiale aupr\u00e8s de son employeur ou de la CNRACL et ayant moins de 40 ans au 31 d\u00e9cembre 2023, pourra b\u00e9n\u00e9ficier de l\u2019abattement forfaitaire.<\/p>\n","protected":false},"excerpt":{"rendered":"<p>Prise en compte du cong\u00e9 de solidarit\u00e9 familiale Le d\u00e9cret \u00e9tend aux militaires la prise en compte du cong\u00e9 de solidarit\u00e9 familiale dans les droits \u00e0 pension. En outre, en application du nouvel article R.9 II du code des pensions civiles et militaires de retraite (CPCMR), l\u2019agent b\u00e9n\u00e9ficiaire d\u2019un cong\u00e9 de solidarit\u00e9 familiale peut demander [&hellip;]<\/p>\n","protected":false},"author":32,"featured_media":43285,"comment_status":"open","ping_status":"open","sticky":false,"template":"","format":"standard","meta":{"_acf_changed":false,"_mi_skip_tracking":false,"footnotes":""},"categories":[12,6],"tags":[],"class_list":["post-43258","post","type-post","status-publish","format-standard","has-post-thumbnail","hentry","category-actualites","category-fonction-publique"],"acf":[],"yoast_head":"<!-- This site is optimized with the Yoast SEO plugin v23.4 - https:\/\/yoast.com\/wordpress\/plugins\/seo\/ -->\n<title>Nouvelles r\u00e9glementaires relatives aux pensions des agents publics - Le Blog GERESO<\/title>\n<meta name=\"robots\" content=\"index, follow, max-snippet:-1, max-image-preview:large, max-video-preview:-1\" \/>\n<link rel=\"canonical\" href=\"https:\/\/www.gereso.com\/actualites\/2025\/02\/10\/nouvelles-reglementaires-relatives-aux-pensions-agents-publics\/\" \/>\n<meta property=\"og:locale\" content=\"fr_FR\" \/>\n<meta property=\"og:type\" content=\"article\" \/>\n<meta property=\"og:title\" content=\"Nouvelles r\u00e9glementaires relatives aux pensions des agents publics - Le Blog GERESO\" \/>\n<meta property=\"og:description\" content=\"Prise en compte du cong\u00e9 de solidarit\u00e9 familiale Le d\u00e9cret \u00e9tend aux militaires la prise en compte du cong\u00e9 de solidarit\u00e9 familiale dans les droits \u00e0 pension. En outre, en application du nouvel article R.9 II du code des pensions civiles et militaires de retraite (CPCMR), l\u2019agent b\u00e9n\u00e9ficiaire d\u2019un cong\u00e9 de solidarit\u00e9 familiale peut demander [&hellip;]\" \/>\n<meta property=\"og:url\" content=\"https:\/\/www.gereso.com\/actualites\/2025\/02\/10\/nouvelles-reglementaires-relatives-aux-pensions-agents-publics\/\" \/>\n<meta property=\"og:site_name\" content=\"Le Blog GERESO\" \/>\n<meta property=\"article:published_time\" content=\"2025-02-10T09:34:49+00:00\" \/>\n<meta property=\"article:modified_time\" content=\"2025-02-10T09:34:50+00:00\" \/>\n<meta property=\"og:image\" content=\"https:\/\/www.gereso.com\/actualites\/wp-content\/uploads\/2025\/02\/nouveautes-reglementaires-pensions-agents-publics.jpg\" \/>\n\t<meta property=\"og:image:width\" content=\"600\" \/>\n\t<meta property=\"og:image:height\" content=\"400\" \/>\n\t<meta property=\"og:image:type\" content=\"image\/jpeg\" \/>\n<meta name=\"author\" content=\"\u00c9quipe GERESO\" \/>\n<meta name=\"twitter:card\" content=\"summary_large_image\" \/>\n<script type=\"application\/ld+json\" class=\"yoast-schema-graph\">{\"@context\":\"https:\/\/schema.org\",\"@graph\":[{\"@type\":\"WebPage\",\"@id\":\"https:\/\/www.gereso.com\/actualites\/2025\/02\/10\/nouvelles-reglementaires-relatives-aux-pensions-agents-publics\/\",\"url\":\"https:\/\/www.gereso.com\/actualites\/2025\/02\/10\/nouvelles-reglementaires-relatives-aux-pensions-agents-publics\/\",\"name\":\"Nouvelles r\u00e9glementaires relatives aux pensions des agents publics - Le Blog GERESO\",\"isPartOf\":{\"@id\":\"https:\/\/www.gereso.com\/actualites\/#website\"},\"primaryImageOfPage\":{\"@id\":\"https:\/\/www.gereso.com\/actualites\/2025\/02\/10\/nouvelles-reglementaires-relatives-aux-pensions-agents-publics\/#primaryimage\"},\"image\":{\"@id\":\"https:\/\/www.gereso.com\/actualites\/2025\/02\/10\/nouvelles-reglementaires-relatives-aux-pensions-agents-publics\/#primaryimage\"},\"thumbnailUrl\":\"https:\/\/www.gereso.com\/actualites\/wp-content\/uploads\/2025\/02\/nouveautes-reglementaires-pensions-agents-publics.jpg\",\"datePublished\":\"2025-02-10T09:34:49+00:00\",\"dateModified\":\"2025-02-10T09:34:50+00:00\",\"author\":{\"@id\":\"https:\/\/www.gereso.com\/actualites\/#\/schema\/person\/197d8aef40cb4ae3f6a0aa9e1d3df2a6\"},\"breadcrumb\":{\"@id\":\"https:\/\/www.gereso.com\/actualites\/2025\/02\/10\/nouvelles-reglementaires-relatives-aux-pensions-agents-publics\/#breadcrumb\"},\"inLanguage\":\"fr-FR\",\"potentialAction\":[{\"@type\":\"ReadAction\",\"target\":[\"https:\/\/www.gereso.com\/actualites\/2025\/02\/10\/nouvelles-reglementaires-relatives-aux-pensions-agents-publics\/\"]}]},{\"@type\":\"ImageObject\",\"inLanguage\":\"fr-FR\",\"@id\":\"https:\/\/www.gereso.com\/actualites\/2025\/02\/10\/nouvelles-reglementaires-relatives-aux-pensions-agents-publics\/#primaryimage\",\"url\":\"https:\/\/www.gereso.com\/actualites\/wp-content\/uploads\/2025\/02\/nouveautes-reglementaires-pensions-agents-publics.jpg\",\"contentUrl\":\"https:\/\/www.gereso.com\/actualites\/wp-content\/uploads\/2025\/02\/nouveautes-reglementaires-pensions-agents-publics.jpg\",\"width\":600,\"height\":400,\"caption\":\"Pensions des agents publics : les nouvelles r\u00e8gles \u00e0 conna\u00eetre.\"},{\"@type\":\"BreadcrumbList\",\"@id\":\"https:\/\/www.gereso.com\/actualites\/2025\/02\/10\/nouvelles-reglementaires-relatives-aux-pensions-agents-publics\/#breadcrumb\",\"itemListElement\":[{\"@type\":\"ListItem\",\"position\":1,\"name\":\"Home\",\"item\":\"https:\/\/www.gereso.com\/actualites\/\"},{\"@type\":\"ListItem\",\"position\":2,\"name\":\"Nouvelles r\u00e9glementaires relatives aux pensions des agents publics\"}]},{\"@type\":\"WebSite\",\"@id\":\"https:\/\/www.gereso.com\/actualites\/#website\",\"url\":\"https:\/\/www.gereso.com\/actualites\/\",\"name\":\"Le Blog GERESO\",\"description\":\"Toute l&#039;actu RH, Finance, Fonction Publique, Management...\",\"potentialAction\":[{\"@type\":\"SearchAction\",\"target\":{\"@type\":\"EntryPoint\",\"urlTemplate\":\"https:\/\/www.gereso.com\/actualites\/?s={search_term_string}\"},\"query-input\":{\"@type\":\"PropertyValueSpecification\",\"valueRequired\":true,\"valueName\":\"search_term_string\"}}],\"inLanguage\":\"fr-FR\"},{\"@type\":\"Person\",\"@id\":\"https:\/\/www.gereso.com\/actualites\/#\/schema\/person\/197d8aef40cb4ae3f6a0aa9e1d3df2a6\",\"name\":\"\u00c9quipe GERESO\",\"image\":{\"@type\":\"ImageObject\",\"inLanguage\":\"fr-FR\",\"@id\":\"https:\/\/www.gereso.com\/actualites\/#\/schema\/person\/image\/\",\"url\":\"https:\/\/www.gereso.com\/actualites\/wp-content\/uploads\/2013\/12\/avatar-gereso-1.png\",\"contentUrl\":\"https:\/\/www.gereso.com\/actualites\/wp-content\/uploads\/2013\/12\/avatar-gereso-1.png\",\"caption\":\"\u00c9quipe GERESO\"},\"url\":\"https:\/\/www.gereso.com\/actualites\/author\/gereso\/\"}]}<\/script>\n<!-- \/ Yoast SEO plugin. -->","yoast_head_json":{"title":"Nouvelles r\u00e9glementaires relatives aux pensions des agents publics - Le Blog GERESO","robots":{"index":"index","follow":"follow","max-snippet":"max-snippet:-1","max-image-preview":"max-image-preview:large","max-video-preview":"max-video-preview:-1"},"canonical":"https:\/\/www.gereso.com\/actualites\/2025\/02\/10\/nouvelles-reglementaires-relatives-aux-pensions-agents-publics\/","og_locale":"fr_FR","og_type":"article","og_title":"Nouvelles r\u00e9glementaires relatives aux pensions des agents publics - Le Blog GERESO","og_description":"Prise en compte du cong\u00e9 de solidarit\u00e9 familiale Le d\u00e9cret \u00e9tend aux militaires la prise en compte du cong\u00e9 de solidarit\u00e9 familiale dans les droits \u00e0 pension. En outre, en application du nouvel article R.9 II du code des pensions civiles et militaires de retraite (CPCMR), l\u2019agent b\u00e9n\u00e9ficiaire d\u2019un cong\u00e9 de solidarit\u00e9 familiale peut demander [&hellip;]","og_url":"https:\/\/www.gereso.com\/actualites\/2025\/02\/10\/nouvelles-reglementaires-relatives-aux-pensions-agents-publics\/","og_site_name":"Le Blog GERESO","article_published_time":"2025-02-10T09:34:49+00:00","article_modified_time":"2025-02-10T09:34:50+00:00","og_image":[{"width":600,"height":400,"url":"https:\/\/www.gereso.com\/actualites\/wp-content\/uploads\/2025\/02\/nouveautes-reglementaires-pensions-agents-publics.jpg","type":"image\/jpeg"}],"author":"\u00c9quipe GERESO","twitter_card":"summary_large_image","schema":{"@context":"https:\/\/schema.org","@graph":[{"@type":"WebPage","@id":"https:\/\/www.gereso.com\/actualites\/2025\/02\/10\/nouvelles-reglementaires-relatives-aux-pensions-agents-publics\/","url":"https:\/\/www.gereso.com\/actualites\/2025\/02\/10\/nouvelles-reglementaires-relatives-aux-pensions-agents-publics\/","name":"Nouvelles r\u00e9glementaires relatives aux pensions des agents publics - Le Blog GERESO","isPartOf":{"@id":"https:\/\/www.gereso.com\/actualites\/#website"},"primaryImageOfPage":{"@id":"https:\/\/www.gereso.com\/actualites\/2025\/02\/10\/nouvelles-reglementaires-relatives-aux-pensions-agents-publics\/#primaryimage"},"image":{"@id":"https:\/\/www.gereso.com\/actualites\/2025\/02\/10\/nouvelles-reglementaires-relatives-aux-pensions-agents-publics\/#primaryimage"},"thumbnailUrl":"https:\/\/www.gereso.com\/actualites\/wp-content\/uploads\/2025\/02\/nouveautes-reglementaires-pensions-agents-publics.jpg","datePublished":"2025-02-10T09:34:49+00:00","dateModified":"2025-02-10T09:34:50+00:00","author":{"@id":"https:\/\/www.gereso.com\/actualites\/#\/schema\/person\/197d8aef40cb4ae3f6a0aa9e1d3df2a6"},"breadcrumb":{"@id":"https:\/\/www.gereso.com\/actualites\/2025\/02\/10\/nouvelles-reglementaires-relatives-aux-pensions-agents-publics\/#breadcrumb"},"inLanguage":"fr-FR","potentialAction":[{"@type":"ReadAction","target":["https:\/\/www.gereso.com\/actualites\/2025\/02\/10\/nouvelles-reglementaires-relatives-aux-pensions-agents-publics\/"]}]},{"@type":"ImageObject","inLanguage":"fr-FR","@id":"https:\/\/www.gereso.com\/actualites\/2025\/02\/10\/nouvelles-reglementaires-relatives-aux-pensions-agents-publics\/#primaryimage","url":"https:\/\/www.gereso.com\/actualites\/wp-content\/uploads\/2025\/02\/nouveautes-reglementaires-pensions-agents-publics.jpg","contentUrl":"https:\/\/www.gereso.com\/actualites\/wp-content\/uploads\/2025\/02\/nouveautes-reglementaires-pensions-agents-publics.jpg","width":600,"height":400,"caption":"Pensions des agents publics : les nouvelles r\u00e8gles \u00e0 conna\u00eetre."},{"@type":"BreadcrumbList","@id":"https:\/\/www.gereso.com\/actualites\/2025\/02\/10\/nouvelles-reglementaires-relatives-aux-pensions-agents-publics\/#breadcrumb","itemListElement":[{"@type":"ListItem","position":1,"name":"Home","item":"https:\/\/www.gereso.com\/actualites\/"},{"@type":"ListItem","position":2,"name":"Nouvelles r\u00e9glementaires relatives aux pensions des agents publics"}]},{"@type":"WebSite","@id":"https:\/\/www.gereso.com\/actualites\/#website","url":"https:\/\/www.gereso.com\/actualites\/","name":"Le Blog GERESO","description":"Toute l&#039;actu RH, Finance, Fonction Publique, Management...","potentialAction":[{"@type":"SearchAction","target":{"@type":"EntryPoint","urlTemplate":"https:\/\/www.gereso.com\/actualites\/?s={search_term_string}"},"query-input":{"@type":"PropertyValueSpecification","valueRequired":true,"valueName":"search_term_string"}}],"inLanguage":"fr-FR"},{"@type":"Person","@id":"https:\/\/www.gereso.com\/actualites\/#\/schema\/person\/197d8aef40cb4ae3f6a0aa9e1d3df2a6","name":"\u00c9quipe GERESO","image":{"@type":"ImageObject","inLanguage":"fr-FR","@id":"https:\/\/www.gereso.com\/actualites\/#\/schema\/person\/image\/","url":"https:\/\/www.gereso.com\/actualites\/wp-content\/uploads\/2013\/12\/avatar-gereso-1.png","contentUrl":"https:\/\/www.gereso.com\/actualites\/wp-content\/uploads\/2013\/12\/avatar-gereso-1.png","caption":"\u00c9quipe GERESO"},"url":"https:\/\/www.gereso.com\/actualites\/author\/gereso\/"}]}},"_links":{"self":[{"href":"https:\/\/www.gereso.com\/actualites\/wp-json\/wp\/v2\/posts\/43258","targetHints":{"allow":["GET"]}}],"collection":[{"href":"https:\/\/www.gereso.com\/actualites\/wp-json\/wp\/v2\/posts"}],"about":[{"href":"https:\/\/www.gereso.com\/actualites\/wp-json\/wp\/v2\/types\/post"}],"author":[{"embeddable":true,"href":"https:\/\/www.gereso.com\/actualites\/wp-json\/wp\/v2\/users\/32"}],"replies":[{"embeddable":true,"href":"https:\/\/www.gereso.com\/actualites\/wp-json\/wp\/v2\/comments?post=43258"}],"version-history":[{"count":23,"href":"https:\/\/www.gereso.com\/actualites\/wp-json\/wp\/v2\/posts\/43258\/revisions"}],"predecessor-version":[{"id":43287,"href":"https:\/\/www.gereso.com\/actualites\/wp-json\/wp\/v2\/posts\/43258\/revisions\/43287"}],"wp:featuredmedia":[{"embeddable":true,"href":"https:\/\/www.gereso.com\/actualites\/wp-json\/wp\/v2\/media\/43285"}],"wp:attachment":[{"href":"https:\/\/www.gereso.com\/actualites\/wp-json\/wp\/v2\/media?parent=43258"}],"wp:term":[{"taxonomy":"category","embeddable":true,"href":"https:\/\/www.gereso.com\/actualites\/wp-json\/wp\/v2\/categories?post=43258"},{"taxonomy":"post_tag","embeddable":true,"href":"https:\/\/www.gereso.com\/actualites\/wp-json\/wp\/v2\/tags?post=43258"}],"curies":[{"name":"wp","href":"https:\/\/api.w.org\/{rel}","templated":true}]}}