{"id":43288,"date":"2025-02-10T12:16:30","date_gmt":"2025-02-10T10:16:30","guid":{"rendered":"https:\/\/www.gereso.com\/actualites\/?p=43288"},"modified":"2025-02-11T17:15:06","modified_gmt":"2025-02-11T15:15:06","slug":"fonction-publique-modification-regime-temps-partiel","status":"publish","type":"post","link":"https:\/\/www.gereso.com\/actualites\/2025\/02\/10\/fonction-publique-modification-regime-temps-partiel\/","title":{"rendered":"Fonction publique : modification du r\u00e9gime du temps partiel"},"content":{"rendered":"\n<p>Premi\u00e8rement, le <strong>d\u00e9cret supprime la condition d\u2019un an d\u2019anciennet\u00e9<\/strong> pour que les agents contractuels de droit public \u00e0 temps complet puissent b\u00e9n\u00e9ficier d\u2019un <strong>temps partiel <\/strong>sur autorisation.<\/p>\n\n\n\n<p>Deuxi\u00e8mement les nouvelles dispositions ouvrent le temps partiel sur autorisation aux fonctionnaires et aux agents contractuels \u00e0 <strong>temps non complet.<\/strong><\/p>\n\n\n\n<p>La dur\u00e9e est \u00e9gale \u00e0 50 %, 60 %, 70 %, 80 % ou 90 % de la dur\u00e9e hebdomadaire du service que les agents \u00e0 temps plein exer\u00e7ant les m\u00eames fonctions doivent effectuer.<\/p>\n\n\n\n<p>Le texte \u00e9tend \u00e9galement aux agents contractuels \u00e0 temps non complet le temps partiel de<strong> droit pour la naissance ou de l\u2019adoption d\u2019un enfant,<\/strong> avec une quotit\u00e9 fix\u00e9e \u00e0 50 %, 60 %, 70 % ou 80 % de la dur\u00e9e hebdomadaire du service que les agents \u00e0 temps plein exer\u00e7ant les m\u00eames fonctions doivent effectuer.<\/p>\n\n\n\n<p>Les dispositions sont entr\u00e9es en vigueur le <strong>1er janvier 2025.<\/strong><\/p>\n","protected":false},"excerpt":{"rendered":"<p>Premi\u00e8rement, le d\u00e9cret supprime la condition d\u2019un an d\u2019anciennet\u00e9 pour que les agents contractuels de droit public \u00e0 temps complet puissent b\u00e9n\u00e9ficier d\u2019un temps partiel sur autorisation. Deuxi\u00e8mement les nouvelles dispositions ouvrent le temps partiel sur autorisation aux fonctionnaires et aux agents contractuels \u00e0 temps non complet. La dur\u00e9e est \u00e9gale \u00e0 50 %, 60 [&hellip;]<\/p>\n","protected":false},"author":32,"featured_media":43296,"comment_status":"open","ping_status":"open","sticky":false,"template":"","format":"standard","meta":{"_acf_changed":false,"_mi_skip_tracking":false,"footnotes":""},"categories":[12,6],"tags":[],"class_list":["post-43288","post","type-post","status-publish","format-standard","has-post-thumbnail","hentry","category-actualites","category-fonction-publique"],"acf":[],"yoast_head":"<!-- This site is optimized with the Yoast SEO plugin v23.4 - https:\/\/yoast.com\/wordpress\/plugins\/seo\/ -->\n<title>Fonction publique : modification du r\u00e9gime du temps partiel - Le Blog GERESO<\/title>\n<meta name=\"robots\" content=\"index, follow, max-snippet:-1, max-image-preview:large, max-video-preview:-1\" \/>\n<link rel=\"canonical\" href=\"https:\/\/www.gereso.com\/actualites\/2025\/02\/10\/fonction-publique-modification-regime-temps-partiel\/\" \/>\n<meta property=\"og:locale\" content=\"fr_FR\" \/>\n<meta property=\"og:type\" content=\"article\" \/>\n<meta property=\"og:title\" content=\"Fonction publique : modification du r\u00e9gime du temps partiel - Le Blog GERESO\" \/>\n<meta property=\"og:description\" content=\"Premi\u00e8rement, le d\u00e9cret supprime la condition d\u2019un an d\u2019anciennet\u00e9 pour que les agents contractuels de droit public \u00e0 temps complet puissent b\u00e9n\u00e9ficier d\u2019un temps partiel sur autorisation. Deuxi\u00e8mement les nouvelles dispositions ouvrent le temps partiel sur autorisation aux fonctionnaires et aux agents contractuels \u00e0 temps non complet. La dur\u00e9e est \u00e9gale \u00e0 50 %, 60 [&hellip;]\" \/>\n<meta property=\"og:url\" content=\"https:\/\/www.gereso.com\/actualites\/2025\/02\/10\/fonction-publique-modification-regime-temps-partiel\/\" \/>\n<meta property=\"og:site_name\" content=\"Le Blog GERESO\" \/>\n<meta property=\"article:published_time\" content=\"2025-02-10T10:16:30+00:00\" \/>\n<meta property=\"article:modified_time\" content=\"2025-02-11T15:15:06+00:00\" \/>\n<meta property=\"og:image\" content=\"https:\/\/www.gereso.com\/actualites\/wp-content\/uploads\/2025\/02\/modification-temps-partiel-fonction-publique.jpg\" \/>\n\t<meta property=\"og:image:width\" content=\"600\" \/>\n\t<meta property=\"og:image:height\" content=\"400\" \/>\n\t<meta property=\"og:image:type\" content=\"image\/jpeg\" \/>\n<meta name=\"author\" content=\"\u00c9quipe GERESO\" \/>\n<meta name=\"twitter:card\" content=\"summary_large_image\" \/>\n<script type=\"application\/ld+json\" class=\"yoast-schema-graph\">{\"@context\":\"https:\/\/schema.org\",\"@graph\":[{\"@type\":\"WebPage\",\"@id\":\"https:\/\/www.gereso.com\/actualites\/2025\/02\/10\/fonction-publique-modification-regime-temps-partiel\/\",\"url\":\"https:\/\/www.gereso.com\/actualites\/2025\/02\/10\/fonction-publique-modification-regime-temps-partiel\/\",\"name\":\"Fonction publique : modification du r\u00e9gime du temps partiel - Le Blog GERESO\",\"isPartOf\":{\"@id\":\"https:\/\/www.gereso.com\/actualites\/#website\"},\"primaryImageOfPage\":{\"@id\":\"https:\/\/www.gereso.com\/actualites\/2025\/02\/10\/fonction-publique-modification-regime-temps-partiel\/#primaryimage\"},\"image\":{\"@id\":\"https:\/\/www.gereso.com\/actualites\/2025\/02\/10\/fonction-publique-modification-regime-temps-partiel\/#primaryimage\"},\"thumbnailUrl\":\"https:\/\/www.gereso.com\/actualites\/wp-content\/uploads\/2025\/02\/modification-temps-partiel-fonction-publique.jpg\",\"datePublished\":\"2025-02-10T10:16:30+00:00\",\"dateModified\":\"2025-02-11T15:15:06+00:00\",\"author\":{\"@id\":\"https:\/\/www.gereso.com\/actualites\/#\/schema\/person\/197d8aef40cb4ae3f6a0aa9e1d3df2a6\"},\"breadcrumb\":{\"@id\":\"https:\/\/www.gereso.com\/actualites\/2025\/02\/10\/fonction-publique-modification-regime-temps-partiel\/#breadcrumb\"},\"inLanguage\":\"fr-FR\",\"potentialAction\":[{\"@type\":\"ReadAction\",\"target\":[\"https:\/\/www.gereso.com\/actualites\/2025\/02\/10\/fonction-publique-modification-regime-temps-partiel\/\"]}]},{\"@type\":\"ImageObject\",\"inLanguage\":\"fr-FR\",\"@id\":\"https:\/\/www.gereso.com\/actualites\/2025\/02\/10\/fonction-publique-modification-regime-temps-partiel\/#primaryimage\",\"url\":\"https:\/\/www.gereso.com\/actualites\/wp-content\/uploads\/2025\/02\/modification-temps-partiel-fonction-publique.jpg\",\"contentUrl\":\"https:\/\/www.gereso.com\/actualites\/wp-content\/uploads\/2025\/02\/modification-temps-partiel-fonction-publique.jpg\",\"width\":600,\"height\":400,\"caption\":\"Modification du r\u00e9gime du temps partiel dans la fonction publique pour une meilleure conciliation entre vie professionnelle et personnelle.\"},{\"@type\":\"BreadcrumbList\",\"@id\":\"https:\/\/www.gereso.com\/actualites\/2025\/02\/10\/fonction-publique-modification-regime-temps-partiel\/#breadcrumb\",\"itemListElement\":[{\"@type\":\"ListItem\",\"position\":1,\"name\":\"Home\",\"item\":\"https:\/\/www.gereso.com\/actualites\/\"},{\"@type\":\"ListItem\",\"position\":2,\"name\":\"Fonction publique : modification du r\u00e9gime du temps partiel\"}]},{\"@type\":\"WebSite\",\"@id\":\"https:\/\/www.gereso.com\/actualites\/#website\",\"url\":\"https:\/\/www.gereso.com\/actualites\/\",\"name\":\"Le Blog GERESO\",\"description\":\"Toute l&#039;actu RH, Finance, Fonction Publique, Management...\",\"potentialAction\":[{\"@type\":\"SearchAction\",\"target\":{\"@type\":\"EntryPoint\",\"urlTemplate\":\"https:\/\/www.gereso.com\/actualites\/?s={search_term_string}\"},\"query-input\":{\"@type\":\"PropertyValueSpecification\",\"valueRequired\":true,\"valueName\":\"search_term_string\"}}],\"inLanguage\":\"fr-FR\"},{\"@type\":\"Person\",\"@id\":\"https:\/\/www.gereso.com\/actualites\/#\/schema\/person\/197d8aef40cb4ae3f6a0aa9e1d3df2a6\",\"name\":\"\u00c9quipe GERESO\",\"image\":{\"@type\":\"ImageObject\",\"inLanguage\":\"fr-FR\",\"@id\":\"https:\/\/www.gereso.com\/actualites\/#\/schema\/person\/image\/\",\"url\":\"https:\/\/www.gereso.com\/actualites\/wp-content\/uploads\/2013\/12\/avatar-gereso-1.png\",\"contentUrl\":\"https:\/\/www.gereso.com\/actualites\/wp-content\/uploads\/2013\/12\/avatar-gereso-1.png\",\"caption\":\"\u00c9quipe GERESO\"},\"url\":\"https:\/\/www.gereso.com\/actualites\/author\/gereso\/\"}]}<\/script>\n<!-- \/ Yoast SEO plugin. -->","yoast_head_json":{"title":"Fonction publique : modification du r\u00e9gime du temps partiel - Le Blog GERESO","robots":{"index":"index","follow":"follow","max-snippet":"max-snippet:-1","max-image-preview":"max-image-preview:large","max-video-preview":"max-video-preview:-1"},"canonical":"https:\/\/www.gereso.com\/actualites\/2025\/02\/10\/fonction-publique-modification-regime-temps-partiel\/","og_locale":"fr_FR","og_type":"article","og_title":"Fonction publique : modification du r\u00e9gime du temps partiel - Le Blog GERESO","og_description":"Premi\u00e8rement, le d\u00e9cret supprime la condition d\u2019un an d\u2019anciennet\u00e9 pour que les agents contractuels de droit public \u00e0 temps complet puissent b\u00e9n\u00e9ficier d\u2019un temps partiel sur autorisation. Deuxi\u00e8mement les nouvelles dispositions ouvrent le temps partiel sur autorisation aux fonctionnaires et aux agents contractuels \u00e0 temps non complet. La dur\u00e9e est \u00e9gale \u00e0 50 %, 60 [&hellip;]","og_url":"https:\/\/www.gereso.com\/actualites\/2025\/02\/10\/fonction-publique-modification-regime-temps-partiel\/","og_site_name":"Le Blog GERESO","article_published_time":"2025-02-10T10:16:30+00:00","article_modified_time":"2025-02-11T15:15:06+00:00","og_image":[{"width":600,"height":400,"url":"https:\/\/www.gereso.com\/actualites\/wp-content\/uploads\/2025\/02\/modification-temps-partiel-fonction-publique.jpg","type":"image\/jpeg"}],"author":"\u00c9quipe GERESO","twitter_card":"summary_large_image","schema":{"@context":"https:\/\/schema.org","@graph":[{"@type":"WebPage","@id":"https:\/\/www.gereso.com\/actualites\/2025\/02\/10\/fonction-publique-modification-regime-temps-partiel\/","url":"https:\/\/www.gereso.com\/actualites\/2025\/02\/10\/fonction-publique-modification-regime-temps-partiel\/","name":"Fonction publique : modification du r\u00e9gime du temps partiel - Le Blog GERESO","isPartOf":{"@id":"https:\/\/www.gereso.com\/actualites\/#website"},"primaryImageOfPage":{"@id":"https:\/\/www.gereso.com\/actualites\/2025\/02\/10\/fonction-publique-modification-regime-temps-partiel\/#primaryimage"},"image":{"@id":"https:\/\/www.gereso.com\/actualites\/2025\/02\/10\/fonction-publique-modification-regime-temps-partiel\/#primaryimage"},"thumbnailUrl":"https:\/\/www.gereso.com\/actualites\/wp-content\/uploads\/2025\/02\/modification-temps-partiel-fonction-publique.jpg","datePublished":"2025-02-10T10:16:30+00:00","dateModified":"2025-02-11T15:15:06+00:00","author":{"@id":"https:\/\/www.gereso.com\/actualites\/#\/schema\/person\/197d8aef40cb4ae3f6a0aa9e1d3df2a6"},"breadcrumb":{"@id":"https:\/\/www.gereso.com\/actualites\/2025\/02\/10\/fonction-publique-modification-regime-temps-partiel\/#breadcrumb"},"inLanguage":"fr-FR","potentialAction":[{"@type":"ReadAction","target":["https:\/\/www.gereso.com\/actualites\/2025\/02\/10\/fonction-publique-modification-regime-temps-partiel\/"]}]},{"@type":"ImageObject","inLanguage":"fr-FR","@id":"https:\/\/www.gereso.com\/actualites\/2025\/02\/10\/fonction-publique-modification-regime-temps-partiel\/#primaryimage","url":"https:\/\/www.gereso.com\/actualites\/wp-content\/uploads\/2025\/02\/modification-temps-partiel-fonction-publique.jpg","contentUrl":"https:\/\/www.gereso.com\/actualites\/wp-content\/uploads\/2025\/02\/modification-temps-partiel-fonction-publique.jpg","width":600,"height":400,"caption":"Modification du r\u00e9gime du temps partiel dans la fonction publique pour une meilleure conciliation entre vie professionnelle et personnelle."},{"@type":"BreadcrumbList","@id":"https:\/\/www.gereso.com\/actualites\/2025\/02\/10\/fonction-publique-modification-regime-temps-partiel\/#breadcrumb","itemListElement":[{"@type":"ListItem","position":1,"name":"Home","item":"https:\/\/www.gereso.com\/actualites\/"},{"@type":"ListItem","position":2,"name":"Fonction publique : modification du r\u00e9gime du temps partiel"}]},{"@type":"WebSite","@id":"https:\/\/www.gereso.com\/actualites\/#website","url":"https:\/\/www.gereso.com\/actualites\/","name":"Le Blog GERESO","description":"Toute l&#039;actu RH, Finance, Fonction Publique, Management...","potentialAction":[{"@type":"SearchAction","target":{"@type":"EntryPoint","urlTemplate":"https:\/\/www.gereso.com\/actualites\/?s={search_term_string}"},"query-input":{"@type":"PropertyValueSpecification","valueRequired":true,"valueName":"search_term_string"}}],"inLanguage":"fr-FR"},{"@type":"Person","@id":"https:\/\/www.gereso.com\/actualites\/#\/schema\/person\/197d8aef40cb4ae3f6a0aa9e1d3df2a6","name":"\u00c9quipe GERESO","image":{"@type":"ImageObject","inLanguage":"fr-FR","@id":"https:\/\/www.gereso.com\/actualites\/#\/schema\/person\/image\/","url":"https:\/\/www.gereso.com\/actualites\/wp-content\/uploads\/2013\/12\/avatar-gereso-1.png","contentUrl":"https:\/\/www.gereso.com\/actualites\/wp-content\/uploads\/2013\/12\/avatar-gereso-1.png","caption":"\u00c9quipe GERESO"},"url":"https:\/\/www.gereso.com\/actualites\/author\/gereso\/"}]}},"_links":{"self":[{"href":"https:\/\/www.gereso.com\/actualites\/wp-json\/wp\/v2\/posts\/43288","targetHints":{"allow":["GET"]}}],"collection":[{"href":"https:\/\/www.gereso.com\/actualites\/wp-json\/wp\/v2\/posts"}],"about":[{"href":"https:\/\/www.gereso.com\/actualites\/wp-json\/wp\/v2\/types\/post"}],"author":[{"embeddable":true,"href":"https:\/\/www.gereso.com\/actualites\/wp-json\/wp\/v2\/users\/32"}],"replies":[{"embeddable":true,"href":"https:\/\/www.gereso.com\/actualites\/wp-json\/wp\/v2\/comments?post=43288"}],"version-history":[{"count":8,"href":"https:\/\/www.gereso.com\/actualites\/wp-json\/wp\/v2\/posts\/43288\/revisions"}],"predecessor-version":[{"id":43353,"href":"https:\/\/www.gereso.com\/actualites\/wp-json\/wp\/v2\/posts\/43288\/revisions\/43353"}],"wp:featuredmedia":[{"embeddable":true,"href":"https:\/\/www.gereso.com\/actualites\/wp-json\/wp\/v2\/media\/43296"}],"wp:attachment":[{"href":"https:\/\/www.gereso.com\/actualites\/wp-json\/wp\/v2\/media?parent=43288"}],"wp:term":[{"taxonomy":"category","embeddable":true,"href":"https:\/\/www.gereso.com\/actualites\/wp-json\/wp\/v2\/categories?post=43288"},{"taxonomy":"post_tag","embeddable":true,"href":"https:\/\/www.gereso.com\/actualites\/wp-json\/wp\/v2\/tags?post=43288"}],"curies":[{"name":"wp","href":"https:\/\/api.w.org\/{rel}","templated":true}]}}