{"id":43370,"date":"2025-02-26T10:56:03","date_gmt":"2025-02-26T08:56:03","guid":{"rendered":"https:\/\/www.gereso.com\/actualites\/?p=43370"},"modified":"2025-02-26T10:56:06","modified_gmt":"2025-02-26T08:56:06","slug":"webinaire-attirer-fideliser-et-valoriser-vos-talents-les-cles-dun-engagement-durable","status":"publish","type":"post","link":"https:\/\/www.gereso.com\/actualites\/2025\/02\/26\/webinaire-attirer-fideliser-et-valoriser-vos-talents-les-cles-dun-engagement-durable\/","title":{"rendered":"Webinaire \u00ab Attirer, fid\u00e9liser et valoriser vos talents : les cl\u00e9s d\u2019un engagement durable \u00bb"},"content":{"rendered":"\n<h2>D\u00e9tails de la conf\u00e9rence&nbsp;:<\/h2>\n<h3 class=\"section-title\"><span class=\"title-inner\" data-animation=\"fadeInRight\" data-animation-delay=\"500\">DATE&nbsp;:<\/span><\/h3>\n<p>Mardi 25 f\u00e9vrier 2025 de 14h00 \u00e0 15h00<\/p>\n<h3 class=\"section-title\"><span class=\"title-inner\" data-animation=\"fadeInRight\" data-animation-delay=\"500\">R\u00c9SUM\u00c9&nbsp;:<\/span><\/h3>\n<p>Dans un march\u00e9 de l\u2019emploi marqu\u00e9 par une forte comp\u00e9tition pour les talents et l\u2019\u00e9volution constante des attentes des collaborateurs, <strong>fid\u00e9liser et valoriser ses \u00e9quipes<\/strong> n\u2019est plus une simple n\u00e9cessit\u00e9&nbsp;: c&rsquo;est un v\u00e9ritable levier strat\u00e9gique. Mais comment garantir l\u2019<strong>engagement des collaborateurs<\/strong> tout en s\u2019adaptant aux d\u00e9fis actuels, qu\u2019ils soient \u00e9conomiques ou organisationnels&nbsp;?<\/p>\n\n<p>Ce webinaire vous apportera des r\u00e9ponses concr\u00e8tes pour&nbsp;:<\/p>\n\n<ul>\n<li>Renforcer votre marque employeur pour attirer et recruter les meilleurs potentiels.<\/li>\n<li>Soigner le climat social et cultiver une ambiance positive au sein des \u00e9quipes, m\u00eame en p\u00e9riode de crise.<\/li>\n<li> Construire une strat\u00e9gie coh\u00e9rente et align\u00e9e avec vos valeurs d\u2019entreprise.<\/li>\n<\/ul>\n\n<h3 class=\"section-title\"><span class=\"title-inner\" data-animation=\"fadeInRight\" data-animation-delay=\"500\">PUBLIC&nbsp;:<\/span><\/h3>\n<p>Ce webinaire s&rsquo;adresse \u00e0 un public RH ou dirigeant qui a besoin d&rsquo;outils pour b\u00e2tir une organisation attractive et engageante.<\/p>\n\n<h3 class=\"section-title\"><span class=\"title-inner\" data-animation=\"fadeInRight\" data-animation-delay=\"500\">INTERVENANTE&nbsp;:<\/span><\/h3>\n<p><strong>Ana-Marina DE SA<\/strong> anciennement responsable RH et recrutement, intervient aujourd\u2019hui en tant que coach et formatrice en ressources humaines, recrutement, marque employeur et gestion des talents. Elle accompagne depuis plusieurs ann\u00e9es entreprises et managers dans leurs d\u00e9marches de d\u00e9veloppement RH, en leur apportant des solutions adapt\u00e9es aux d\u00e9fis actuels. <\/p>\n\n<h3 class=\"section-title\"><span class=\"title-inner\" data-animation=\"fadeInRight\" data-animation-delay=\"500\">WEBINAIRE&nbsp;:<\/span><\/h3>\n<h4>Replay du webinaire &nbsp;: \u00ab\u00a0Attirer, fid\u00e9liser et valoriser vos talents&nbsp;: les cl\u00e9s d\u2019un engagement durable\u00a0\u00bb&nbsp;:<\/h4>\n\n\n\n\n\n<figure class=\"wp-block-embed is-type-video is-provider-youtube wp-block-embed-youtube wp-embed-aspect-16-9 wp-has-aspect-ratio\"><div class=\"wp-block-embed__wrapper\">\n<iframe title=\"WEBINAIRE - Attirer, fid\u00e9liser et valoriser vos talents - Ana Marina De Sa\" width=\"644\" height=\"362\" src=\"https:\/\/www.youtube.com\/embed\/ImObwJAOLYw?feature=oembed\" frameborder=\"0\" allow=\"accelerometer; autoplay; clipboard-write; encrypted-media; gyroscope; picture-in-picture; web-share\" referrerpolicy=\"strict-origin-when-cross-origin\" allowfullscreen><\/iframe>\n<\/div><\/figure>\n\n\n\n<p><h3 class=\"section-title\"><span class=\"title-inner\" data-animation=\"fadeInRight\" data-animation-delay=\"500\">DOCUMENT&nbsp;:<\/span><\/h3><\/p>\n\n\n\n<div data-wp-interactive=\"core\/file\" class=\"wp-block-file aligncenter\"><object data-wp-bind--hidden=\"!state.hasPdfPreview\" hidden class=\"wp-block-file__embed\" data=\"https:\/\/www.gereso.com\/actualites\/wp-content\/uploads\/2025\/02\/Webinaire-GERESO-Attirer-fideliser-et-valoriser-vos-talents.pdf\" type=\"application\/pdf\" style=\"width:100%;height:600px\" aria-label=\"Contenu embarqu\u00e9 Webinaire-GERESO-Attirer fid\u00e9liser et valoriser vos talents.\"><\/object><a id=\"wp-block-file--media-c965dbc7-7c80-4e7d-9daf-c7597afc6297\" href=\"https:\/\/www.gereso.com\/actualites\/wp-content\/uploads\/2025\/02\/Webinaire-GERESO-Attirer-fideliser-et-valoriser-vos-talents.pdf\">Webinaire-GERESO-Attirer fid\u00e9liser et valoriser vos talents<\/a><a href=\"https:\/\/www.gereso.com\/actualites\/wp-content\/uploads\/2025\/02\/Webinaire-GERESO-Attirer-fideliser-et-valoriser-vos-talents.pdf\" class=\"wp-block-file__button wp-element-button\" download aria-describedby=\"wp-block-file--media-c965dbc7-7c80-4e7d-9daf-c7597afc6297\">T\u00e9l\u00e9charger<\/a><\/div>\n\n\n\n<article class=\"obj_encart-formation\">\n<div class=\"ctn_encart\">\n<h3>Votre formation sur ce th\u00e8me<\/h3>\n<h2>&nbsp;MARKETING RH &#038; MARQUE EMPLOYEUR&nbsp;<\/h2>\n<h4>2 jours &#8211; En pr\u00e9sentiel ou \u00e0 distance<\/h4>\n<ul>\n<li>Identifier les outils et m\u00e9thodes RH permettant de fid\u00e9liser les talents.<\/li>\n<li>Cr\u00e9er une marque employeur pour attirer, recruter et int\u00e9grer les meilleurs potentiels.<\/li>\n<li>D\u00e9velopper une culture d&rsquo;entreprise pour valoriser et fid\u00e9liser les talents.<\/li>\n<li>Construire un plan de communication coh\u00e9rent pour v\u00e9hiculer les engagements de l&#8217;employeur.<\/li>\n<\/ul>\n\n\n<\/ul>\n<div class=\"ctn_btn\">\n<a class=\"obj_btn\" target=\"_blank\" href=\"https:\/\/www.gereso.com\/MARK\" rel=\"noopener\"><span>En savoir plus<\/span><\/a>\n<a class=\"obj_btn\" target=\"_blank\" href=\"https:\/\/www.gereso.com\/client\/programme-pdf\/MARK.pdf\" rel=\"noopener\"><span>T\u00e9l\u00e9charger le programme PDF<\/span><\/a>\n<\/div>\n<\/article>\n","protected":false},"excerpt":{"rendered":"<p>D\u00e9tails de la conf\u00e9rence&nbsp;: DATE&nbsp;: Mardi 25 f\u00e9vrier 2025 de 14h00 \u00e0 15h00 R\u00c9SUM\u00c9&nbsp;: Dans un march\u00e9 de l\u2019emploi marqu\u00e9 par une forte comp\u00e9tition pour les talents et l\u2019\u00e9volution constante des attentes des collaborateurs, fid\u00e9liser et valoriser ses \u00e9quipes n\u2019est plus une simple n\u00e9cessit\u00e9&nbsp;: c&rsquo;est un v\u00e9ritable levier strat\u00e9gique. Mais comment garantir l\u2019engagement des collaborateurs [&hellip;]<\/p>\n","protected":false},"author":32,"featured_media":0,"comment_status":"open","ping_status":"open","sticky":false,"template":"","format":"standard","meta":{"_acf_changed":false,"_mi_skip_tracking":false,"footnotes":""},"categories":[12,2],"tags":[],"class_list":["post-43370","post","type-post","status-publish","format-standard","hentry","category-actualites","category-ressources-humaines"],"acf":[],"yoast_head":"<!-- This site is optimized with the Yoast SEO plugin v23.4 - https:\/\/yoast.com\/wordpress\/plugins\/seo\/ -->\n<title>Webinaire \u00ab Attirer, fid\u00e9liser et valoriser vos talents : les cl\u00e9s d\u2019un engagement durable \u00bb - Le Blog GERESO<\/title>\n<meta name=\"robots\" content=\"index, follow, max-snippet:-1, max-image-preview:large, max-video-preview:-1\" \/>\n<link rel=\"canonical\" href=\"https:\/\/www.gereso.com\/actualites\/2025\/02\/26\/webinaire-attirer-fideliser-et-valoriser-vos-talents-les-cles-dun-engagement-durable\/\" \/>\n<meta property=\"og:locale\" content=\"fr_FR\" \/>\n<meta property=\"og:type\" content=\"article\" \/>\n<meta property=\"og:title\" content=\"Webinaire \u00ab Attirer, fid\u00e9liser et valoriser vos talents : les cl\u00e9s d\u2019un engagement durable \u00bb - Le Blog GERESO\" \/>\n<meta property=\"og:description\" content=\"D\u00e9tails de la conf\u00e9rence&nbsp;: DATE&nbsp;: Mardi 25 f\u00e9vrier 2025 de 14h00 \u00e0 15h00 R\u00c9SUM\u00c9&nbsp;: Dans un march\u00e9 de l\u2019emploi marqu\u00e9 par une forte comp\u00e9tition pour les talents et l\u2019\u00e9volution constante des attentes des collaborateurs, fid\u00e9liser et valoriser ses \u00e9quipes n\u2019est plus une simple n\u00e9cessit\u00e9&nbsp;: c&rsquo;est un v\u00e9ritable levier strat\u00e9gique. Mais comment garantir l\u2019engagement des collaborateurs [&hellip;]\" \/>\n<meta property=\"og:url\" content=\"https:\/\/www.gereso.com\/actualites\/2025\/02\/26\/webinaire-attirer-fideliser-et-valoriser-vos-talents-les-cles-dun-engagement-durable\/\" \/>\n<meta property=\"og:site_name\" content=\"Le Blog GERESO\" \/>\n<meta property=\"article:published_time\" content=\"2025-02-26T08:56:03+00:00\" \/>\n<meta property=\"article:modified_time\" content=\"2025-02-26T08:56:06+00:00\" \/>\n<meta name=\"author\" content=\"\u00c9quipe GERESO\" \/>\n<meta name=\"twitter:card\" content=\"summary_large_image\" \/>\n<script type=\"application\/ld+json\" class=\"yoast-schema-graph\">{\"@context\":\"https:\/\/schema.org\",\"@graph\":[{\"@type\":\"WebPage\",\"@id\":\"https:\/\/www.gereso.com\/actualites\/2025\/02\/26\/webinaire-attirer-fideliser-et-valoriser-vos-talents-les-cles-dun-engagement-durable\/\",\"url\":\"https:\/\/www.gereso.com\/actualites\/2025\/02\/26\/webinaire-attirer-fideliser-et-valoriser-vos-talents-les-cles-dun-engagement-durable\/\",\"name\":\"Webinaire \u00ab Attirer, fid\u00e9liser et valoriser vos talents : les cl\u00e9s d\u2019un engagement durable \u00bb - Le Blog GERESO\",\"isPartOf\":{\"@id\":\"https:\/\/www.gereso.com\/actualites\/#website\"},\"datePublished\":\"2025-02-26T08:56:03+00:00\",\"dateModified\":\"2025-02-26T08:56:06+00:00\",\"author\":{\"@id\":\"https:\/\/www.gereso.com\/actualites\/#\/schema\/person\/197d8aef40cb4ae3f6a0aa9e1d3df2a6\"},\"breadcrumb\":{\"@id\":\"https:\/\/www.gereso.com\/actualites\/2025\/02\/26\/webinaire-attirer-fideliser-et-valoriser-vos-talents-les-cles-dun-engagement-durable\/#breadcrumb\"},\"inLanguage\":\"fr-FR\",\"potentialAction\":[{\"@type\":\"ReadAction\",\"target\":[\"https:\/\/www.gereso.com\/actualites\/2025\/02\/26\/webinaire-attirer-fideliser-et-valoriser-vos-talents-les-cles-dun-engagement-durable\/\"]}]},{\"@type\":\"BreadcrumbList\",\"@id\":\"https:\/\/www.gereso.com\/actualites\/2025\/02\/26\/webinaire-attirer-fideliser-et-valoriser-vos-talents-les-cles-dun-engagement-durable\/#breadcrumb\",\"itemListElement\":[{\"@type\":\"ListItem\",\"position\":1,\"name\":\"Home\",\"item\":\"https:\/\/www.gereso.com\/actualites\/\"},{\"@type\":\"ListItem\",\"position\":2,\"name\":\"Webinaire \u00ab Attirer, fid\u00e9liser et valoriser vos talents : les cl\u00e9s d\u2019un engagement durable \u00bb\"}]},{\"@type\":\"WebSite\",\"@id\":\"https:\/\/www.gereso.com\/actualites\/#website\",\"url\":\"https:\/\/www.gereso.com\/actualites\/\",\"name\":\"Le Blog GERESO\",\"description\":\"Toute l&#039;actu RH, Finance, Fonction Publique, Management...\",\"potentialAction\":[{\"@type\":\"SearchAction\",\"target\":{\"@type\":\"EntryPoint\",\"urlTemplate\":\"https:\/\/www.gereso.com\/actualites\/?s={search_term_string}\"},\"query-input\":{\"@type\":\"PropertyValueSpecification\",\"valueRequired\":true,\"valueName\":\"search_term_string\"}}],\"inLanguage\":\"fr-FR\"},{\"@type\":\"Person\",\"@id\":\"https:\/\/www.gereso.com\/actualites\/#\/schema\/person\/197d8aef40cb4ae3f6a0aa9e1d3df2a6\",\"name\":\"\u00c9quipe GERESO\",\"image\":{\"@type\":\"ImageObject\",\"inLanguage\":\"fr-FR\",\"@id\":\"https:\/\/www.gereso.com\/actualites\/#\/schema\/person\/image\/\",\"url\":\"https:\/\/www.gereso.com\/actualites\/wp-content\/uploads\/2013\/12\/avatar-gereso-1.png\",\"contentUrl\":\"https:\/\/www.gereso.com\/actualites\/wp-content\/uploads\/2013\/12\/avatar-gereso-1.png\",\"caption\":\"\u00c9quipe GERESO\"},\"url\":\"https:\/\/www.gereso.com\/actualites\/author\/gereso\/\"}]}<\/script>\n<!-- \/ Yoast SEO plugin. -->","yoast_head_json":{"title":"Webinaire \u00ab Attirer, fid\u00e9liser et valoriser vos talents : les cl\u00e9s d\u2019un engagement durable \u00bb - Le Blog GERESO","robots":{"index":"index","follow":"follow","max-snippet":"max-snippet:-1","max-image-preview":"max-image-preview:large","max-video-preview":"max-video-preview:-1"},"canonical":"https:\/\/www.gereso.com\/actualites\/2025\/02\/26\/webinaire-attirer-fideliser-et-valoriser-vos-talents-les-cles-dun-engagement-durable\/","og_locale":"fr_FR","og_type":"article","og_title":"Webinaire \u00ab Attirer, fid\u00e9liser et valoriser vos talents : les cl\u00e9s d\u2019un engagement durable \u00bb - Le Blog GERESO","og_description":"D\u00e9tails de la conf\u00e9rence&nbsp;: DATE&nbsp;: Mardi 25 f\u00e9vrier 2025 de 14h00 \u00e0 15h00 R\u00c9SUM\u00c9&nbsp;: Dans un march\u00e9 de l\u2019emploi marqu\u00e9 par une forte comp\u00e9tition pour les talents et l\u2019\u00e9volution constante des attentes des collaborateurs, fid\u00e9liser et valoriser ses \u00e9quipes n\u2019est plus une simple n\u00e9cessit\u00e9&nbsp;: c&rsquo;est un v\u00e9ritable levier strat\u00e9gique. Mais comment garantir l\u2019engagement des collaborateurs [&hellip;]","og_url":"https:\/\/www.gereso.com\/actualites\/2025\/02\/26\/webinaire-attirer-fideliser-et-valoriser-vos-talents-les-cles-dun-engagement-durable\/","og_site_name":"Le Blog GERESO","article_published_time":"2025-02-26T08:56:03+00:00","article_modified_time":"2025-02-26T08:56:06+00:00","author":"\u00c9quipe GERESO","twitter_card":"summary_large_image","schema":{"@context":"https:\/\/schema.org","@graph":[{"@type":"WebPage","@id":"https:\/\/www.gereso.com\/actualites\/2025\/02\/26\/webinaire-attirer-fideliser-et-valoriser-vos-talents-les-cles-dun-engagement-durable\/","url":"https:\/\/www.gereso.com\/actualites\/2025\/02\/26\/webinaire-attirer-fideliser-et-valoriser-vos-talents-les-cles-dun-engagement-durable\/","name":"Webinaire \u00ab Attirer, fid\u00e9liser et valoriser vos talents : les cl\u00e9s d\u2019un engagement durable \u00bb - Le Blog GERESO","isPartOf":{"@id":"https:\/\/www.gereso.com\/actualites\/#website"},"datePublished":"2025-02-26T08:56:03+00:00","dateModified":"2025-02-26T08:56:06+00:00","author":{"@id":"https:\/\/www.gereso.com\/actualites\/#\/schema\/person\/197d8aef40cb4ae3f6a0aa9e1d3df2a6"},"breadcrumb":{"@id":"https:\/\/www.gereso.com\/actualites\/2025\/02\/26\/webinaire-attirer-fideliser-et-valoriser-vos-talents-les-cles-dun-engagement-durable\/#breadcrumb"},"inLanguage":"fr-FR","potentialAction":[{"@type":"ReadAction","target":["https:\/\/www.gereso.com\/actualites\/2025\/02\/26\/webinaire-attirer-fideliser-et-valoriser-vos-talents-les-cles-dun-engagement-durable\/"]}]},{"@type":"BreadcrumbList","@id":"https:\/\/www.gereso.com\/actualites\/2025\/02\/26\/webinaire-attirer-fideliser-et-valoriser-vos-talents-les-cles-dun-engagement-durable\/#breadcrumb","itemListElement":[{"@type":"ListItem","position":1,"name":"Home","item":"https:\/\/www.gereso.com\/actualites\/"},{"@type":"ListItem","position":2,"name":"Webinaire \u00ab Attirer, fid\u00e9liser et valoriser vos talents : les cl\u00e9s d\u2019un engagement durable \u00bb"}]},{"@type":"WebSite","@id":"https:\/\/www.gereso.com\/actualites\/#website","url":"https:\/\/www.gereso.com\/actualites\/","name":"Le Blog GERESO","description":"Toute l&#039;actu RH, Finance, Fonction Publique, Management...","potentialAction":[{"@type":"SearchAction","target":{"@type":"EntryPoint","urlTemplate":"https:\/\/www.gereso.com\/actualites\/?s={search_term_string}"},"query-input":{"@type":"PropertyValueSpecification","valueRequired":true,"valueName":"search_term_string"}}],"inLanguage":"fr-FR"},{"@type":"Person","@id":"https:\/\/www.gereso.com\/actualites\/#\/schema\/person\/197d8aef40cb4ae3f6a0aa9e1d3df2a6","name":"\u00c9quipe GERESO","image":{"@type":"ImageObject","inLanguage":"fr-FR","@id":"https:\/\/www.gereso.com\/actualites\/#\/schema\/person\/image\/","url":"https:\/\/www.gereso.com\/actualites\/wp-content\/uploads\/2013\/12\/avatar-gereso-1.png","contentUrl":"https:\/\/www.gereso.com\/actualites\/wp-content\/uploads\/2013\/12\/avatar-gereso-1.png","caption":"\u00c9quipe GERESO"},"url":"https:\/\/www.gereso.com\/actualites\/author\/gereso\/"}]}},"_links":{"self":[{"href":"https:\/\/www.gereso.com\/actualites\/wp-json\/wp\/v2\/posts\/43370","targetHints":{"allow":["GET"]}}],"collection":[{"href":"https:\/\/www.gereso.com\/actualites\/wp-json\/wp\/v2\/posts"}],"about":[{"href":"https:\/\/www.gereso.com\/actualites\/wp-json\/wp\/v2\/types\/post"}],"author":[{"embeddable":true,"href":"https:\/\/www.gereso.com\/actualites\/wp-json\/wp\/v2\/users\/32"}],"replies":[{"embeddable":true,"href":"https:\/\/www.gereso.com\/actualites\/wp-json\/wp\/v2\/comments?post=43370"}],"version-history":[{"count":11,"href":"https:\/\/www.gereso.com\/actualites\/wp-json\/wp\/v2\/posts\/43370\/revisions"}],"predecessor-version":[{"id":44039,"href":"https:\/\/www.gereso.com\/actualites\/wp-json\/wp\/v2\/posts\/43370\/revisions\/44039"}],"wp:attachment":[{"href":"https:\/\/www.gereso.com\/actualites\/wp-json\/wp\/v2\/media?parent=43370"}],"wp:term":[{"taxonomy":"category","embeddable":true,"href":"https:\/\/www.gereso.com\/actualites\/wp-json\/wp\/v2\/categories?post=43370"},{"taxonomy":"post_tag","embeddable":true,"href":"https:\/\/www.gereso.com\/actualites\/wp-json\/wp\/v2\/tags?post=43370"}],"curies":[{"name":"wp","href":"https:\/\/api.w.org\/{rel}","templated":true}]}}