{"id":4381,"date":"2015-07-24T08:57:22","date_gmt":"2015-07-24T06:57:22","guid":{"rendered":"https:\/\/www.gereso.com\/actualites\/?p=4381"},"modified":"2015-07-24T08:57:22","modified_gmt":"2015-07-24T06:57:22","slug":"choisir-entre-une-formation-interentreprise-ou-intra-entreprise","status":"publish","type":"post","link":"https:\/\/www.gereso.com\/actualites\/2015\/07\/24\/choisir-entre-une-formation-interentreprise-ou-intra-entreprise\/","title":{"rendered":"Choisir entre une formation interentreprise ou intra-entreprise"},"content":{"rendered":"<p style=\"text-align: justify;\">Dans le monde de l\u2019entreprise et de la formation professionnelle, on entend r\u00e9guli\u00e8rement parler de <strong>formation intra et inter<\/strong>. Dans cet article, nous vous proposons les cl\u00e9s pour mieux choisir entre ces deux formats, qui, bien que tr\u00e8s diff\u00e9rents, n\u2019en sont pas moins tout aussi pertinents pour les professionnels.<\/p>\n<figure id=\"attachment_4389\" aria-describedby=\"caption-attachment-4389\" style=\"width: 520px\" class=\"wp-caption aligncenter\"><img fetchpriority=\"high\" decoding=\"async\" class=\"size-full wp-image-4389\" src=\"https:\/\/www.gereso.com\/actualites\/wp-content\/uploads\/2015\/07\/formation-interentreprise-ou-intra-entreprise-1.jpg\" alt=\"Choisir entre une formation interentreprise ou intra-entreprise\" width=\"520\" height=\"195\" srcset=\"https:\/\/www.gereso.com\/actualites\/wp-content\/uploads\/2015\/07\/formation-interentreprise-ou-intra-entreprise-1.jpg 520w, https:\/\/www.gereso.com\/actualites\/wp-content\/uploads\/2015\/07\/formation-interentreprise-ou-intra-entreprise-1-300x113.jpg 300w\" sizes=\"(max-width: 520px) 100vw, 520px\" \/><figcaption id=\"caption-attachment-4389\" class=\"wp-caption-text\">Choisir entre une formation interentreprise ou intra-entreprise<\/figcaption><\/figure>\n<p style=\"text-align: justify;\"><!--more--><\/p>\n<h2 style=\"text-align: justify;\"><strong>La formation interentreprise<\/strong><\/h2>\n<p style=\"text-align: justify;\">Celle-ci se d\u00e9roule g\u00e9n\u00e9ralement dans les locaux de l\u2019organisme de formation. Des salari\u00e9s, travaillant dans des entreprises diff\u00e9rentes se regroupent pour suivre la m\u00eame formation, suivant un <strong>programme de formation \u00ab\u00a0catalogue\u00a0\u00bb<\/strong> pr\u00e9d\u00e9termin\u00e9. Voici les principaux avantages de la m\u00e9thode inter\u00a0:<\/p>\n<ul style=\"text-align: justify;\">\n<li>Pour une ou deux personnes d\u2019une m\u00eame entreprise, il est <strong>plus rentable<\/strong> de choisir la formule inter, beaucoup plus \u00e9conomique.<\/li>\n<li>Le calendrier interentreprise est d\u00e9fini par l\u2019organisme de formation et se compose de <strong>nombreuses sessions<\/strong> pendant l\u2019ann\u00e9e\u00a0: il ne reste plus \u00e0 l\u2019entreprise qu&rsquo;\u00e0 choisir la session qui convient le mieux \u00e0 chaque salari\u00e9. Attention cependant, les sessions de formation ne sont pas toujours garanties, et peuvent \u00eatre annul\u00e9es en raison d&rsquo;un nombre trop faible de participants. Pensez \u00e0 v\u00e9rifier aupr\u00e8s de l&rsquo;organisme de formation que la session aura bien lieu !<\/li>\n<li>Tout se d\u00e9roule <strong>dans les locaux de l\u2019organisme<\/strong>\u00a0: l\u2019entreprise n\u2019a donc pas \u00e0 mettre \u00e0 disposition une salle pendant une ou plusieurs journ\u00e9es.<\/li>\n<li>Le <strong>partage d\u2019exp\u00e9rience<\/strong> entre participants est tr\u00e8s enrichissant, car les apprenants viennent d\u2019entreprises diff\u00e9rentes ne fonctionnant sans doute pas de la m\u00eame mani\u00e8re.<\/li>\n<li>Le fait d&rsquo;\u00eatre <strong>\u00ab\u00a0d\u00e9connect\u00e9\u00a0\u00bb de son lieu de travail<\/strong> (m\u00eame si les smartphones et PC sont toujours l\u00e0 pour garder le lien \ud83d\ude09 permet g\u00e9n\u00e9ralement aux participants d&rsquo;\u00eatre <strong>plus concentr\u00e9<\/strong> sur la th\u00e9matique de formation et de b\u00e9n\u00e9ficier pleinement de l&rsquo;apprentissage.<\/li>\n<\/ul>\n<p style=\"text-align: justify;\">Bien \u00e9videmment, les programmes \u00ab\u00a0catalogues\u00a0\u00bb sont <strong>plus uniformes et g\u00e9n\u00e9ralement moins personnalis\u00e9s<\/strong> qu\u2019en intra, m\u00eame s\u2019il est possible pour les salari\u00e9s d\u2019exposer leurs probl\u00e9matiques et d&rsquo;\u00e9changer avec le consultant au cours du stage. Il faut aussi tenir compte du co\u00fbt li\u00e9 aux d\u00e9placements et \u00e0 l\u2019h\u00e9bergement.<\/p>\n<h2 style=\"text-align: justify;\"><strong>La formation intra-entreprise<\/strong><\/h2>\n<p style=\"text-align: justify;\">Celle-ci se d\u00e9roule dans l\u2019entreprise et concerne g\u00e9n\u00e9ralement <strong>5 \u00e0 20 salari\u00e9s de la m\u00eame soci\u00e9t\u00e9.<\/strong> Les avantages sont multiples\u00a0:<\/p>\n<ul style=\"text-align: justify;\">\n<li>L\u2019entreprise et l\u2019organisme de formation d\u00e9finissent\u00a0 les <strong>modalit\u00e9s de formation<\/strong> ensemble (dates, horaires, lieu, objectifs, d\u00e9roul\u00e9, m\u00e9thodes p\u00e9dagogiques&#8230;)<\/li>\n<li>Le <strong>co\u00fbt est plus accessible<\/strong> si le stage concerne plus de 3 ou 4 salari\u00e9s<\/li>\n<li>Le p<strong>rogramme peut \u00eatre adapt\u00e9<\/strong> en fonction des besoins sp\u00e9cifiques de la soci\u00e9t\u00e9 et de ses salari\u00e9s. Mais bien \u00e9videmment, cela suppose un gros travail de pr\u00e9paration de la part de l\u2019entreprise sur ses besoins et ses attentes.<\/li>\n<li>Le stage se d\u00e9roule <strong>dans l\u2019entreprise,<\/strong> ce qui se r\u00e9v\u00e8le plus pratique pour les collaborateurs, mais aussi plus \u00e9conomique pour la soci\u00e9t\u00e9.<\/li>\n<\/ul>\n<p style=\"text-align: justify;\"><strong>\u00a0<\/strong><\/p>\n","protected":false},"excerpt":{"rendered":"<p>Dans le monde de l\u2019entreprise et de la formation professionnelle, on entend r\u00e9guli\u00e8rement parler de formation intra et inter. Dans cet article, nous vous proposons les cl\u00e9s pour mieux choisir entre ces deux formats, qui, bien que tr\u00e8s diff\u00e9rents, n\u2019en sont pas moins tout aussi pertinents pour les professionnels.<\/p>\n","protected":false},"author":32,"featured_media":4389,"comment_status":"open","ping_status":"open","sticky":false,"template":"","format":"standard","meta":{"_acf_changed":false,"_mi_skip_tracking":false,"footnotes":""},"categories":[332],"tags":[755,756],"class_list":["post-4381","post","type-post","status-publish","format-standard","has-post-thumbnail","hentry","category-intra-entreprise","tag-formation-inter","tag-formation-intra"],"acf":[],"yoast_head":"<!-- This site is optimized with the Yoast SEO plugin v23.4 - https:\/\/yoast.com\/wordpress\/plugins\/seo\/ -->\n<title>Choisir entre une formation interentreprise ou intra-entreprise - Le Blog GERESO<\/title>\n<meta name=\"robots\" content=\"index, follow, max-snippet:-1, max-image-preview:large, max-video-preview:-1\" \/>\n<link rel=\"canonical\" href=\"https:\/\/www.gereso.com\/actualites\/2015\/07\/24\/choisir-entre-une-formation-interentreprise-ou-intra-entreprise\/\" \/>\n<meta property=\"og:locale\" content=\"fr_FR\" \/>\n<meta property=\"og:type\" content=\"article\" \/>\n<meta property=\"og:title\" content=\"Choisir entre une formation interentreprise ou intra-entreprise - Le Blog GERESO\" \/>\n<meta property=\"og:description\" content=\"Dans le monde de l\u2019entreprise et de la formation professionnelle, on entend r\u00e9guli\u00e8rement parler de formation intra et inter. Dans cet article, nous vous proposons les cl\u00e9s pour mieux choisir entre ces deux formats, qui, bien que tr\u00e8s diff\u00e9rents, n\u2019en sont pas moins tout aussi pertinents pour les professionnels.\" \/>\n<meta property=\"og:url\" content=\"https:\/\/www.gereso.com\/actualites\/2015\/07\/24\/choisir-entre-une-formation-interentreprise-ou-intra-entreprise\/\" \/>\n<meta property=\"og:site_name\" content=\"Le Blog GERESO\" \/>\n<meta property=\"article:published_time\" content=\"2015-07-24T06:57:22+00:00\" \/>\n<meta property=\"og:image\" content=\"https:\/\/www.gereso.com\/actualites\/wp-content\/uploads\/2015\/07\/formation-interentreprise-ou-intra-entreprise-1.jpg\" \/>\n\t<meta property=\"og:image:width\" content=\"520\" \/>\n\t<meta property=\"og:image:height\" content=\"195\" \/>\n\t<meta property=\"og:image:type\" content=\"image\/jpeg\" \/>\n<meta name=\"author\" content=\"\u00c9quipe GERESO\" \/>\n<meta name=\"twitter:card\" content=\"summary_large_image\" \/>\n<script type=\"application\/ld+json\" class=\"yoast-schema-graph\">{\"@context\":\"https:\/\/schema.org\",\"@graph\":[{\"@type\":\"WebPage\",\"@id\":\"https:\/\/www.gereso.com\/actualites\/2015\/07\/24\/choisir-entre-une-formation-interentreprise-ou-intra-entreprise\/\",\"url\":\"https:\/\/www.gereso.com\/actualites\/2015\/07\/24\/choisir-entre-une-formation-interentreprise-ou-intra-entreprise\/\",\"name\":\"Choisir entre une formation interentreprise ou intra-entreprise - Le Blog GERESO\",\"isPartOf\":{\"@id\":\"https:\/\/www.gereso.com\/actualites\/#website\"},\"primaryImageOfPage\":{\"@id\":\"https:\/\/www.gereso.com\/actualites\/2015\/07\/24\/choisir-entre-une-formation-interentreprise-ou-intra-entreprise\/#primaryimage\"},\"image\":{\"@id\":\"https:\/\/www.gereso.com\/actualites\/2015\/07\/24\/choisir-entre-une-formation-interentreprise-ou-intra-entreprise\/#primaryimage\"},\"thumbnailUrl\":\"https:\/\/www.gereso.com\/actualites\/wp-content\/uploads\/2015\/07\/formation-interentreprise-ou-intra-entreprise-1.jpg\",\"datePublished\":\"2015-07-24T06:57:22+00:00\",\"dateModified\":\"2015-07-24T06:57:22+00:00\",\"author\":{\"@id\":\"https:\/\/www.gereso.com\/actualites\/#\/schema\/person\/197d8aef40cb4ae3f6a0aa9e1d3df2a6\"},\"breadcrumb\":{\"@id\":\"https:\/\/www.gereso.com\/actualites\/2015\/07\/24\/choisir-entre-une-formation-interentreprise-ou-intra-entreprise\/#breadcrumb\"},\"inLanguage\":\"fr-FR\",\"potentialAction\":[{\"@type\":\"ReadAction\",\"target\":[\"https:\/\/www.gereso.com\/actualites\/2015\/07\/24\/choisir-entre-une-formation-interentreprise-ou-intra-entreprise\/\"]}]},{\"@type\":\"ImageObject\",\"inLanguage\":\"fr-FR\",\"@id\":\"https:\/\/www.gereso.com\/actualites\/2015\/07\/24\/choisir-entre-une-formation-interentreprise-ou-intra-entreprise\/#primaryimage\",\"url\":\"https:\/\/www.gereso.com\/actualites\/wp-content\/uploads\/2015\/07\/formation-interentreprise-ou-intra-entreprise-1.jpg\",\"contentUrl\":\"https:\/\/www.gereso.com\/actualites\/wp-content\/uploads\/2015\/07\/formation-interentreprise-ou-intra-entreprise-1.jpg\",\"width\":520,\"height\":195,\"caption\":\"Choisir entre une formation interentreprise ou intra-entreprise\"},{\"@type\":\"BreadcrumbList\",\"@id\":\"https:\/\/www.gereso.com\/actualites\/2015\/07\/24\/choisir-entre-une-formation-interentreprise-ou-intra-entreprise\/#breadcrumb\",\"itemListElement\":[{\"@type\":\"ListItem\",\"position\":1,\"name\":\"Home\",\"item\":\"https:\/\/www.gereso.com\/actualites\/\"},{\"@type\":\"ListItem\",\"position\":2,\"name\":\"Choisir entre une formation interentreprise ou intra-entreprise\"}]},{\"@type\":\"WebSite\",\"@id\":\"https:\/\/www.gereso.com\/actualites\/#website\",\"url\":\"https:\/\/www.gereso.com\/actualites\/\",\"name\":\"Le Blog GERESO\",\"description\":\"Toute l&#039;actu RH, Finance, Fonction Publique, Management...\",\"potentialAction\":[{\"@type\":\"SearchAction\",\"target\":{\"@type\":\"EntryPoint\",\"urlTemplate\":\"https:\/\/www.gereso.com\/actualites\/?s={search_term_string}\"},\"query-input\":{\"@type\":\"PropertyValueSpecification\",\"valueRequired\":true,\"valueName\":\"search_term_string\"}}],\"inLanguage\":\"fr-FR\"},{\"@type\":\"Person\",\"@id\":\"https:\/\/www.gereso.com\/actualites\/#\/schema\/person\/197d8aef40cb4ae3f6a0aa9e1d3df2a6\",\"name\":\"\u00c9quipe GERESO\",\"image\":{\"@type\":\"ImageObject\",\"inLanguage\":\"fr-FR\",\"@id\":\"https:\/\/www.gereso.com\/actualites\/#\/schema\/person\/image\/\",\"url\":\"https:\/\/www.gereso.com\/actualites\/wp-content\/uploads\/2013\/12\/avatar-gereso-1.png\",\"contentUrl\":\"https:\/\/www.gereso.com\/actualites\/wp-content\/uploads\/2013\/12\/avatar-gereso-1.png\",\"caption\":\"\u00c9quipe GERESO\"},\"url\":\"https:\/\/www.gereso.com\/actualites\/author\/gereso\/\"}]}<\/script>\n<!-- \/ Yoast SEO plugin. -->","yoast_head_json":{"title":"Choisir entre une formation interentreprise ou intra-entreprise - Le Blog GERESO","robots":{"index":"index","follow":"follow","max-snippet":"max-snippet:-1","max-image-preview":"max-image-preview:large","max-video-preview":"max-video-preview:-1"},"canonical":"https:\/\/www.gereso.com\/actualites\/2015\/07\/24\/choisir-entre-une-formation-interentreprise-ou-intra-entreprise\/","og_locale":"fr_FR","og_type":"article","og_title":"Choisir entre une formation interentreprise ou intra-entreprise - Le Blog GERESO","og_description":"Dans le monde de l\u2019entreprise et de la formation professionnelle, on entend r\u00e9guli\u00e8rement parler de formation intra et inter. Dans cet article, nous vous proposons les cl\u00e9s pour mieux choisir entre ces deux formats, qui, bien que tr\u00e8s diff\u00e9rents, n\u2019en sont pas moins tout aussi pertinents pour les professionnels.","og_url":"https:\/\/www.gereso.com\/actualites\/2015\/07\/24\/choisir-entre-une-formation-interentreprise-ou-intra-entreprise\/","og_site_name":"Le Blog GERESO","article_published_time":"2015-07-24T06:57:22+00:00","og_image":[{"width":520,"height":195,"url":"https:\/\/www.gereso.com\/actualites\/wp-content\/uploads\/2015\/07\/formation-interentreprise-ou-intra-entreprise-1.jpg","type":"image\/jpeg"}],"author":"\u00c9quipe GERESO","twitter_card":"summary_large_image","schema":{"@context":"https:\/\/schema.org","@graph":[{"@type":"WebPage","@id":"https:\/\/www.gereso.com\/actualites\/2015\/07\/24\/choisir-entre-une-formation-interentreprise-ou-intra-entreprise\/","url":"https:\/\/www.gereso.com\/actualites\/2015\/07\/24\/choisir-entre-une-formation-interentreprise-ou-intra-entreprise\/","name":"Choisir entre une formation interentreprise ou intra-entreprise - Le Blog GERESO","isPartOf":{"@id":"https:\/\/www.gereso.com\/actualites\/#website"},"primaryImageOfPage":{"@id":"https:\/\/www.gereso.com\/actualites\/2015\/07\/24\/choisir-entre-une-formation-interentreprise-ou-intra-entreprise\/#primaryimage"},"image":{"@id":"https:\/\/www.gereso.com\/actualites\/2015\/07\/24\/choisir-entre-une-formation-interentreprise-ou-intra-entreprise\/#primaryimage"},"thumbnailUrl":"https:\/\/www.gereso.com\/actualites\/wp-content\/uploads\/2015\/07\/formation-interentreprise-ou-intra-entreprise-1.jpg","datePublished":"2015-07-24T06:57:22+00:00","dateModified":"2015-07-24T06:57:22+00:00","author":{"@id":"https:\/\/www.gereso.com\/actualites\/#\/schema\/person\/197d8aef40cb4ae3f6a0aa9e1d3df2a6"},"breadcrumb":{"@id":"https:\/\/www.gereso.com\/actualites\/2015\/07\/24\/choisir-entre-une-formation-interentreprise-ou-intra-entreprise\/#breadcrumb"},"inLanguage":"fr-FR","potentialAction":[{"@type":"ReadAction","target":["https:\/\/www.gereso.com\/actualites\/2015\/07\/24\/choisir-entre-une-formation-interentreprise-ou-intra-entreprise\/"]}]},{"@type":"ImageObject","inLanguage":"fr-FR","@id":"https:\/\/www.gereso.com\/actualites\/2015\/07\/24\/choisir-entre-une-formation-interentreprise-ou-intra-entreprise\/#primaryimage","url":"https:\/\/www.gereso.com\/actualites\/wp-content\/uploads\/2015\/07\/formation-interentreprise-ou-intra-entreprise-1.jpg","contentUrl":"https:\/\/www.gereso.com\/actualites\/wp-content\/uploads\/2015\/07\/formation-interentreprise-ou-intra-entreprise-1.jpg","width":520,"height":195,"caption":"Choisir entre une formation interentreprise ou intra-entreprise"},{"@type":"BreadcrumbList","@id":"https:\/\/www.gereso.com\/actualites\/2015\/07\/24\/choisir-entre-une-formation-interentreprise-ou-intra-entreprise\/#breadcrumb","itemListElement":[{"@type":"ListItem","position":1,"name":"Home","item":"https:\/\/www.gereso.com\/actualites\/"},{"@type":"ListItem","position":2,"name":"Choisir entre une formation interentreprise ou intra-entreprise"}]},{"@type":"WebSite","@id":"https:\/\/www.gereso.com\/actualites\/#website","url":"https:\/\/www.gereso.com\/actualites\/","name":"Le Blog GERESO","description":"Toute l&#039;actu RH, Finance, Fonction Publique, Management...","potentialAction":[{"@type":"SearchAction","target":{"@type":"EntryPoint","urlTemplate":"https:\/\/www.gereso.com\/actualites\/?s={search_term_string}"},"query-input":{"@type":"PropertyValueSpecification","valueRequired":true,"valueName":"search_term_string"}}],"inLanguage":"fr-FR"},{"@type":"Person","@id":"https:\/\/www.gereso.com\/actualites\/#\/schema\/person\/197d8aef40cb4ae3f6a0aa9e1d3df2a6","name":"\u00c9quipe GERESO","image":{"@type":"ImageObject","inLanguage":"fr-FR","@id":"https:\/\/www.gereso.com\/actualites\/#\/schema\/person\/image\/","url":"https:\/\/www.gereso.com\/actualites\/wp-content\/uploads\/2013\/12\/avatar-gereso-1.png","contentUrl":"https:\/\/www.gereso.com\/actualites\/wp-content\/uploads\/2013\/12\/avatar-gereso-1.png","caption":"\u00c9quipe GERESO"},"url":"https:\/\/www.gereso.com\/actualites\/author\/gereso\/"}]}},"_links":{"self":[{"href":"https:\/\/www.gereso.com\/actualites\/wp-json\/wp\/v2\/posts\/4381","targetHints":{"allow":["GET"]}}],"collection":[{"href":"https:\/\/www.gereso.com\/actualites\/wp-json\/wp\/v2\/posts"}],"about":[{"href":"https:\/\/www.gereso.com\/actualites\/wp-json\/wp\/v2\/types\/post"}],"author":[{"embeddable":true,"href":"https:\/\/www.gereso.com\/actualites\/wp-json\/wp\/v2\/users\/32"}],"replies":[{"embeddable":true,"href":"https:\/\/www.gereso.com\/actualites\/wp-json\/wp\/v2\/comments?post=4381"}],"version-history":[{"count":0,"href":"https:\/\/www.gereso.com\/actualites\/wp-json\/wp\/v2\/posts\/4381\/revisions"}],"wp:featuredmedia":[{"embeddable":true,"href":"https:\/\/www.gereso.com\/actualites\/wp-json\/wp\/v2\/media\/4389"}],"wp:attachment":[{"href":"https:\/\/www.gereso.com\/actualites\/wp-json\/wp\/v2\/media?parent=4381"}],"wp:term":[{"taxonomy":"category","embeddable":true,"href":"https:\/\/www.gereso.com\/actualites\/wp-json\/wp\/v2\/categories?post=4381"},{"taxonomy":"post_tag","embeddable":true,"href":"https:\/\/www.gereso.com\/actualites\/wp-json\/wp\/v2\/tags?post=4381"}],"curies":[{"name":"wp","href":"https:\/\/api.w.org\/{rel}","templated":true}]}}