{"id":44124,"date":"2025-04-28T14:59:44","date_gmt":"2025-04-28T12:59:44","guid":{"rendered":"https:\/\/www.gereso.com\/actualites\/?p=44124"},"modified":"2025-04-28T14:59:45","modified_gmt":"2025-04-28T12:59:45","slug":"nouvelles-missions-rh-temps-crise","status":"publish","type":"post","link":"https:\/\/www.gereso.com\/actualites\/2025\/04\/28\/nouvelles-missions-rh-temps-crise\/","title":{"rendered":"Les nouvelles missions des RH en temps de crise"},"content":{"rendered":"\n<p>Ces professionnels qui \u00e9taient hier les moteurs de la croissance et les champions du bien-\u00eatre se retrouvent aujourd&rsquo;hui gardiens de la r\u00e9silience organisationnelle. Leur moral en prend un coup&nbsp;:&nbsp;59% disent avoir \u00ab\u00a0bien ou tr\u00e8s bien v\u00e9cu\u00a0\u00bb 2024, mais c&rsquo;est 6 points de moins que l&rsquo;ann\u00e9e d&rsquo;avant. Ce n\u2019est pas anodin&nbsp;!<\/p>\n\n\n\n<h2 style=\"color:#D10016\"><strong>R\u00e9trospective 2021-2024&nbsp;:&nbsp;la fin d&rsquo;une \u00e8re d&rsquo;expansion<\/strong><\/h2>\n\n\n\n<p>Les ann\u00e9es 2021-2024 resteront grav\u00e9es comme une p\u00e9riode faste pour les directions RH. Port\u00e9es par l&rsquo;apr\u00e8s-Covid et une \u00e9conomie qui reprenait des couleurs, les entreprises se sont lanc\u00e9es dans une course effr\u00e9n\u00e9e aux talents, propulsant les RH au c\u0153ur des d\u00e9cisions qui comptent.<\/p>\n\n\n\n<p><strong>Le march\u00e9 du travail \u00e9tait clairement du c\u00f4t\u00e9 des candidats<\/strong> &#8211; les offres pleuvaient alors que le nombre de CV par poste fondait comme neige au soleil. La marque employeur est devenue l&rsquo;obsession du moment, avec des budgets <a href=\"https:\/\/www.gereso.com\/actualites\/2024\/02\/23\/communication-rh-gerer-temps-forts-temps-faibles\/\" target=\"_blank\" rel=\"noreferrer noopener\">communication RH <\/a>qui ont explos\u00e9 et une attention forte port\u00e9e \u00e0 l&rsquo;exp\u00e9rience candidat.<\/p>\n\n\n\n<p>Cette p\u00e9riode a aussi vu fleurir de nombreuses initiatives QVCT (Qualit\u00e9 de Vie et Conditions de Travail). Les entreprises ont innov\u00e9 pour r\u00e9pondre aux attentes post-covid&nbsp;:&nbsp;horaires souples, t\u00e9l\u00e9travail hybride, coups de pouce \u00e0 la parentalit\u00e9, programmes bien-\u00eatre&#8230; Ces efforts visaient aussi \u00e0 fid\u00e9liser les talents dans un contexte o\u00f9 les difficult\u00e9s de r\u00e9tention \u00e9taient importantes.<\/p>\n\n\n\n<p>Mais la p\u00e9riode n\u2019\u00e9tait pas exempte de d\u00e9fis. Notre <a href=\"https:\/\/www.gereso.com\/actualites\/2024\/01\/02\/enquete-annuelle-professionnels-rh-comment-allez-vous-resultats-2024\/\" target=\"_blank\" rel=\"noreferrer noopener\">enqu\u00eate annuelle<\/a> montre que 55% des professionnels RH ont trouv\u00e9 l\u2019ann\u00e9e 2024 \u00ab\u00a0\u00e9puisante\u00a0\u00bb, en hausse par rapport \u00e0 2023 (48%). Cet \u00e9puisement vient d&rsquo;une charge de travail devenue intenable pour 53% des r\u00e9pondants, coupl\u00e9e \u00e0 une pression des deadlines et des priorit\u00e9s qui partent dans tous les sens, mentionn\u00e9e par 56% d&rsquo;entre eux.<\/p>\n\n\n\n<p>La transformation num\u00e9rique \u00e9tait aussi un v\u00e9ritable challenge ; avec l&rsquo;urgence de digitaliser les process RH tout en embarquant les collaborateurs dans cette transformation. <strong>D\u00e8s fin 2024, les voyants d&rsquo;alerte commen\u00e7aient \u00e0 s&rsquo;allumer<\/strong>&nbsp;:&nbsp;le taux de stress touchait 90% des professionnels RH (4 points de plus en un an), et leur motivation professionnelle plafonnait \u00e0 6,3\/10.&nbsp;<\/p>\n\n\n\n<h2 style=\"color:#D10016\"><strong>Le nouveau contexte \u00e9conomique et social (2025 et au-del\u00e0)<\/strong><\/h2>\n\n\n\n<p>Le passage \u00e0 2025 marque une vraie rupture pour les entreprises et leurs d\u00e9partements RH. <strong>Ce qui n&rsquo;\u00e9tait que des signaux faibles fin 2024 s&rsquo;est transform\u00e9 en tendances lourdes<\/strong>, chamboulant compl\u00e8tement le paysage.<\/p>\n\n\n\n<p>Les chiffres \u00e9conomiques sont sans appel et l&#8217;emploi est en premi\u00e8re ligne. Le ch\u00f4mage, qu&rsquo;on voit monter \u00e0 7,6% pour 2025 selon l\u2019INSEE, pourrait m\u00eame grimper \u00e0 8% dans les sc\u00e9narios les plus pessimistes. Cette d\u00e9gringolade s&rsquo;explique par une croissance atone de 0,7%, bien trop faible pour maintenir l&rsquo;\u00e9lan d&rsquo;avant.<\/p>\n\n\n\n<p><strong>Pr\u00e8s de 143 000 emplois risquent de dispara\u00eetre<\/strong>, principalement dans l&rsquo;industrie et les services \u00e0 faible valeur ajout\u00e9e Le dernier trimestre 2024 avait d\u00e9j\u00e0 donn\u00e9 le ton avec 50 000 emplois priv\u00e9s supprim\u00e9s. La bataille entre candidats s&rsquo;intensifie m\u00e9caniquement : le nombre moyen de postulants par offre est pass\u00e9 de 3 en 2022 \u00e0 4,5 en 2024, et la tendance risque de se poursuivre en 2025\/2026.<\/p>\n\n\n\n<p>Cette fragilit\u00e9 \u00e9conomique est amplifi\u00e9e par des facteurs externes : tensions g\u00e9opolitiques qui s&rsquo;\u00e9ternisent et politiques protectionnistes am\u00e9ricaines qui mettent en difficult\u00e9 nos exportations. Cette incertitude se lit dans le moral des RH&nbsp;:&nbsp;<strong>58% citent l&rsquo;incertitude comme leur sentiment dominant pour 2025<\/strong>, un bond de 11 points en un an.<\/p>\n\n\n\n<h2 style=\"color:#D10016\"><strong>Les nouvelles priorit\u00e9s RH en p\u00e9riode de crise<\/strong><\/h2>\n\n\n\n<p>Face \u00e0 cette crise \u00e9conomique, <strong>les d\u00e9partements RH doivent revoir compl\u00e8tement leur copie.<\/strong> Fini la chasse aux talents ou les politiques QVCT ambitieuses, place \u00e0 la pr\u00e9servation de l&rsquo;essentiel&nbsp;:&nbsp;maintenir l&rsquo;engagement des \u00e9quipes, verrouiller les comp\u00e9tences strat\u00e9giques et accompagner les transformations in\u00e9vitables.<\/p>\n\n\n\n<p>Premier virage : <strong>passer d&rsquo;une logique d&rsquo;acquisition de talents \u00e0 une strat\u00e9gie de pr\u00e9servation du capital humain existant<\/strong>. Face au spectre des r\u00e9ductions d&rsquo;effectifs, les RH doivent maintenant se concentrer sur l&rsquo;identification et la fid\u00e9lisation des comp\u00e9tences vitales.<\/p>\n\n\n\n<p><strong>La mobilit\u00e9 interne devient cruciale<\/strong>, permettant \u00e0 la fois de limiter les recrutements externes co\u00fbteux et d&rsquo;offrir des perspectives aux collaborateurs en place. La formation s&rsquo;impose comme un levier central, ciblant d&rsquo;abord les comp\u00e9tences essentielles et celles qui rendent les \u00e9quipes plus polyvalentes.<\/p>\n\n\n\n<p>Le climat social devient aussi une pr\u00e9occupation majeure. Avec des employ\u00e9s stress\u00e9s par les menaces sur leur emploi et les restrictions budg\u00e9taires, les RH doivent redoubler d&rsquo;efforts pour maintenir un niveau d&rsquo;engagement d\u00e9cent. La pr\u00e9vention des RPS devient vitale, et l<strong>a communication interne se transforme en outil strat\u00e9gique de premier plan<\/strong>.<\/p>\n\n\n\n<p>Face aux contraintes budg\u00e9taires, les d\u00e9partements RH sont eux-m\u00eames forc\u00e9s de faire des \u00e9conomies. Digitalisation des process, automatisation des t\u00e2ches administratives, recours \u00e0 l&rsquo;IA&#8230; Ces approches permettent de recentrer les \u00e9quipes RH sur les missions \u00e0 haute valeur ajout\u00e9e.<\/p>\n\n\n\n<h2 style=\"color:#D10016\"><strong>L&rsquo;accompagnement des restructurations et la gestion du changement<\/strong><\/h2>\n\n\n\n<p>Avec la perspective de 143 000 suppressions de postes, <strong>les directions RH se retrouvent en premi\u00e8re ligne pour g\u00e9rer les restructurations.<\/strong> Cette mission d\u00e9licate exige de jongler entre imp\u00e9ratifs \u00e9conomiques et approche humaine.<\/p>\n\n\n\n<p>L&rsquo;exp\u00e9rience montre que les entreprises qui s&rsquo;en sortent le mieux sont celles qui misent sur la transparence et l&rsquo;anticipation. Les dispositifs de mobilit\u00e9 interne, de reconversion ou de d\u00e9parts volontaires mis en place assez t\u00f4t \u00e9vitent souvent d&rsquo;en arriver aux licenciements secs.<\/p>\n\n\n\n<p>Au-del\u00e0 de la gestion des d\u00e9parts, les RH doivent prendre soin des \u00ab\u00a0survivants\u00a0\u00bb, souvent touch\u00e9s par le fameux \u00ab\u00a0syndrome du survivant\u00a0\u00bb. Ce cocktail de culpabilit\u00e9, de surcharge et de perte de confiance peut faire s&rsquo;effondrer l&rsquo;engagement.<\/p>\n\n\n\n<p><strong>La formation des managers de terrain devient alors capitale<\/strong>. Ce sont eux qui devront porter au quotidien les messages de la direction et remotiver leurs \u00e9quipes malgr\u00e9 le brouillard ambiant. Notre enqu\u00eate annuelle montre que <strong>41% des RH identifient la gestion des conflits comme une comp\u00e9tence prioritaire<\/strong> \u00e0 d\u00e9velopper pour 2025.<\/p>\n\n\n\n<p>Pour relever ces d\u00e9fis in\u00e9dits, les professionnels RH doivent eux-m\u00eames faire \u00e9voluer leurs comp\u00e9tences. Notre enqu\u00eate pointe les domaines cl\u00e9s pour 2025&nbsp;:&nbsp;ma\u00eetrise des outils technologiques (46%), agilit\u00e9 organisationnelle (45%), gestion des conflits (41%), communication (40%) et management\/leadership (34%).<\/p>\n\n\n\n<article class=\"obj_encart-formation\">\n<div class=\"ctn_encart\">\n<h3>Votre formation intra sur ce th\u00e8me<\/h3>\n<h2>&nbsp;COMMUNICATION DE CRISE&nbsp;<\/h2>\n<h4>2 jours &#8211; En pr\u00e9sentiel ou \u00e0 distance<\/h4>\n<ul>\n<li><strong>R\u00e9pondre aux enjeux<\/strong> de la communication de crise.<\/li>\n<li><strong>Anticiper les situations<\/strong> de vuln\u00e9rabilit\u00e9 op\u00e9rationnelle et m\u00e9diatique..<\/li>\n<li><strong>Mettre en place une d\u00e9marche anticrise :<\/strong> m\u00e9thodologie et supports de travail.<\/li>\n<li><strong>\u00c9laborer un dispositif de gestion :<\/strong> du temps, de l\u2019espace et des hommes en situation d\u2019urgence.<\/li>\n<li><strong>Assumer un r\u00f4le inhabituel dans un contexte d\u00e9grad\u00e9,<\/strong> et hors hi\u00e9rarchie traditionnelle dans le cadre d&rsquo;une cellule de crise.<\/li>\n<\/ul>\n<div class=\"ctn_btn\">\n<a class=\"obj_btn\" target=\"_blank\" href=\"https:\/\/www.gereso.com\/YDCR\" rel=\"noopener\"><span>En savoir plus<\/span><\/a>\n<a class=\"obj_btn\" target=\"_blank\" href=\"https:\/\/www.gereso.com\/client\/programme-pdf\/YDCR.pdf\" rel=\"noopener\"><span>T\u00e9l\u00e9charger le programme PDF<\/span><\/a>\n<\/div>\n<\/article>\n\n\n\n<h2 style=\"color:#D10016\"><strong>Le renforcement du r\u00f4le strat\u00e9gique des RH<\/strong><\/h2>\n\n\n\n<p>Si la crise force les \u00e9quipes RH \u00e0 se recentrer sur l&rsquo;accompagnement des transformations, elle repr\u00e9sente paradoxalement une opportunit\u00e9 pour renforcer leur positionnement strat\u00e9gique. <strong>Les comit\u00e9s de direction ont plus que jamais besoin d&rsquo;une fonction RH capable de naviguer dans la temp\u00eate et d&rsquo;orchestrer des changements profonds<\/strong>.<\/p>\n\n\n\n<p>Cette \u00e9volution exige un changement de posture. Le RH doit s&rsquo;affirmer comme un v\u00e9ritable business partner qui comprend les enjeux business et contribue activement aux d\u00e9cisions. Le pilotage de la transformation devient central, n\u00e9cessitant une analyse fine des comp\u00e9tences strat\u00e9giques et une cartographie pr\u00e9cise des risques humains.<\/p>\n\n\n\n<p>L&rsquo;IA offre des perspectives riches pour la fonction RH en p\u00e9riode troubl\u00e9e. Notre enqu\u00eate r\u00e9v\u00e8le un optimisme mesur\u00e9 des professionnels RH face \u00e0 l&rsquo;IA&nbsp;:&nbsp;51% se disent confiants quant \u00e0 son int\u00e9gration dans leur m\u00e9tier, chiffre qui monte \u00e0 69% chez les moins de 30 ans. Automatisation administrative, analyse pr\u00e9dictive pour anticiper les d\u00e9parts, personnalisation des parcours de formation&#8230; Ces applications permettent non seulement de gagner en efficacit\u00e9, mais aussi d&rsquo;am\u00e9liorer la pertinence des d\u00e9cisions RH.<\/p>\n\n\n\n<p>Pour assumer pleinement ce r\u00f4le strat\u00e9gique, <strong>encore faut-il que la fonction RH soit reconnue \u00e0 sa juste valeur.<\/strong> Or, l&rsquo;enqu\u00eate montre une r\u00e9alit\u00e9 contrast\u00e9e&nbsp;:&nbsp;si 45% des RH disent avoir \u00e9t\u00e9 reconnus pour leurs efforts en 2024, plus de la moiti\u00e9 (55%) ne voient aucune valorisation claire de leur travail. Cette reconnaissance varie fortement selon les secteurs, \u00e9tant plus pr\u00e9sente dans le priv\u00e9 (48%) que dans le public (33%).<\/p>\n\n\n\n<p>Les professionnels RH sont \u00e0 un carrefour critique, entre les vestiges d&rsquo;une p\u00e9riode d&rsquo;abondance et les d\u00e9fis d&rsquo;un environnement \u00e9conomique devenu plus hostile. Cette transition n&rsquo;est pas un simple ajustement temporaire mais une vraie m\u00e9tamorphose du m\u00e9tier.<\/p>\n\n\n\n<p>Les nouvelles missions qui s&rsquo;imposent exigent un \u00e9quilibre d\u00e9licat entre la gestion des contraintes \u00e9conomiques imm\u00e9diates et la pr\u00e9servation d&rsquo;un capital humain indispensable pour rebondir lors de la reprise. <strong>Pour relever ces d\u00e9fis, les RH devront eux-m\u00eames \u00e9voluer<\/strong>, en musclant leurs comp\u00e9tences techniques et op\u00e9rationnelles, sans jamais oublier&nbsp;la dimension strat\u00e9gique de leur r\u00f4le.<\/p>\n\n\n\n<p>La crise peut ainsi devenir un tremplin pour les directions RH qui veulent renforcer leur positionnement strat\u00e9gique en prouvant leur capacit\u00e9 \u00e0 piloter les transformations n\u00e9cessaires tout en pr\u00e9servant l&rsquo;essence du capital humain. L&rsquo;avenir appartient aux professionnels RH qui transformeront cette p\u00e9riode d&rsquo;incertitude en catalyseur d&rsquo;innovation sociale et organisationnelle, s&rsquo;imposant comme les v\u00e9ritables architectes de la r\u00e9silience dans l&rsquo;entreprise de demain.<\/p>\n\n\n\n<p>&nbsp;<\/p>\n\n\n\n\n","protected":false},"excerpt":{"rendered":"<p>Ces professionnels qui \u00e9taient hier les moteurs de la croissance et les champions du bien-\u00eatre se retrouvent aujourd&rsquo;hui gardiens de la r\u00e9silience organisationnelle. Leur moral en prend un coup&nbsp;:&nbsp;59% disent avoir \u00ab\u00a0bien ou tr\u00e8s bien v\u00e9cu\u00a0\u00bb 2024, mais c&rsquo;est 6 points de moins que l&rsquo;ann\u00e9e d&rsquo;avant. Ce n\u2019est pas anodin&nbsp;! R\u00e9trospective 2021-2024&nbsp;:&nbsp;la fin d&rsquo;une \u00e8re [&hellip;]<\/p>\n","protected":false},"author":32,"featured_media":44128,"comment_status":"open","ping_status":"open","sticky":false,"template":"","format":"standard","meta":{"_acf_changed":false,"_mi_skip_tracking":false,"footnotes":""},"categories":[12,2],"tags":[],"class_list":["post-44124","post","type-post","status-publish","format-standard","has-post-thumbnail","hentry","category-actualites","category-ressources-humaines"],"acf":[],"yoast_head":"<!-- This site is optimized with the Yoast SEO plugin v23.4 - https:\/\/yoast.com\/wordpress\/plugins\/seo\/ -->\n<title>Les nouvelles missions des RH en temps de crise - Le Blog GERESO<\/title>\n<meta name=\"robots\" content=\"index, follow, max-snippet:-1, max-image-preview:large, max-video-preview:-1\" \/>\n<link rel=\"canonical\" href=\"https:\/\/www.gereso.com\/actualites\/2025\/04\/28\/nouvelles-missions-rh-temps-crise\/\" \/>\n<meta property=\"og:locale\" content=\"fr_FR\" \/>\n<meta property=\"og:type\" content=\"article\" \/>\n<meta property=\"og:title\" content=\"Les nouvelles missions des RH en temps de crise - Le Blog GERESO\" \/>\n<meta property=\"og:description\" content=\"Ces professionnels qui \u00e9taient hier les moteurs de la croissance et les champions du bien-\u00eatre se retrouvent aujourd&rsquo;hui gardiens de la r\u00e9silience organisationnelle. Leur moral en prend un coup&nbsp;:&nbsp;59% disent avoir \u00ab\u00a0bien ou tr\u00e8s bien v\u00e9cu\u00a0\u00bb 2024, mais c&rsquo;est 6 points de moins que l&rsquo;ann\u00e9e d&rsquo;avant. Ce n\u2019est pas anodin&nbsp;! R\u00e9trospective 2021-2024&nbsp;:&nbsp;la fin d&rsquo;une \u00e8re [&hellip;]\" \/>\n<meta property=\"og:url\" content=\"https:\/\/www.gereso.com\/actualites\/2025\/04\/28\/nouvelles-missions-rh-temps-crise\/\" \/>\n<meta property=\"og:site_name\" content=\"Le Blog GERESO\" \/>\n<meta property=\"article:published_time\" content=\"2025-04-28T12:59:44+00:00\" \/>\n<meta property=\"article:modified_time\" content=\"2025-04-28T12:59:45+00:00\" \/>\n<meta property=\"og:image\" content=\"https:\/\/www.gereso.com\/actualites\/wp-content\/uploads\/2025\/04\/Les-nouvelles-missions-des-RH-en-temps-de-crise.jpg\" \/>\n\t<meta property=\"og:image:width\" content=\"600\" \/>\n\t<meta property=\"og:image:height\" content=\"400\" \/>\n\t<meta property=\"og:image:type\" content=\"image\/jpeg\" \/>\n<meta name=\"author\" content=\"\u00c9quipe GERESO\" \/>\n<meta name=\"twitter:card\" content=\"summary_large_image\" \/>\n<script type=\"application\/ld+json\" class=\"yoast-schema-graph\">{\"@context\":\"https:\/\/schema.org\",\"@graph\":[{\"@type\":\"WebPage\",\"@id\":\"https:\/\/www.gereso.com\/actualites\/2025\/04\/28\/nouvelles-missions-rh-temps-crise\/\",\"url\":\"https:\/\/www.gereso.com\/actualites\/2025\/04\/28\/nouvelles-missions-rh-temps-crise\/\",\"name\":\"Les nouvelles missions des RH en temps de crise - Le Blog GERESO\",\"isPartOf\":{\"@id\":\"https:\/\/www.gereso.com\/actualites\/#website\"},\"primaryImageOfPage\":{\"@id\":\"https:\/\/www.gereso.com\/actualites\/2025\/04\/28\/nouvelles-missions-rh-temps-crise\/#primaryimage\"},\"image\":{\"@id\":\"https:\/\/www.gereso.com\/actualites\/2025\/04\/28\/nouvelles-missions-rh-temps-crise\/#primaryimage\"},\"thumbnailUrl\":\"https:\/\/www.gereso.com\/actualites\/wp-content\/uploads\/2025\/04\/Les-nouvelles-missions-des-RH-en-temps-de-crise.jpg\",\"datePublished\":\"2025-04-28T12:59:44+00:00\",\"dateModified\":\"2025-04-28T12:59:45+00:00\",\"author\":{\"@id\":\"https:\/\/www.gereso.com\/actualites\/#\/schema\/person\/197d8aef40cb4ae3f6a0aa9e1d3df2a6\"},\"breadcrumb\":{\"@id\":\"https:\/\/www.gereso.com\/actualites\/2025\/04\/28\/nouvelles-missions-rh-temps-crise\/#breadcrumb\"},\"inLanguage\":\"fr-FR\",\"potentialAction\":[{\"@type\":\"ReadAction\",\"target\":[\"https:\/\/www.gereso.com\/actualites\/2025\/04\/28\/nouvelles-missions-rh-temps-crise\/\"]}]},{\"@type\":\"ImageObject\",\"inLanguage\":\"fr-FR\",\"@id\":\"https:\/\/www.gereso.com\/actualites\/2025\/04\/28\/nouvelles-missions-rh-temps-crise\/#primaryimage\",\"url\":\"https:\/\/www.gereso.com\/actualites\/wp-content\/uploads\/2025\/04\/Les-nouvelles-missions-des-RH-en-temps-de-crise.jpg\",\"contentUrl\":\"https:\/\/www.gereso.com\/actualites\/wp-content\/uploads\/2025\/04\/Les-nouvelles-missions-des-RH-en-temps-de-crise.jpg\",\"width\":600,\"height\":400,\"caption\":\"En temps de crise, les RH passent de chasseurs de talents \u00e0 architectes de la r\u00e9silience organisationnelle.\"},{\"@type\":\"BreadcrumbList\",\"@id\":\"https:\/\/www.gereso.com\/actualites\/2025\/04\/28\/nouvelles-missions-rh-temps-crise\/#breadcrumb\",\"itemListElement\":[{\"@type\":\"ListItem\",\"position\":1,\"name\":\"Home\",\"item\":\"https:\/\/www.gereso.com\/actualites\/\"},{\"@type\":\"ListItem\",\"position\":2,\"name\":\"Les nouvelles missions des RH en temps de crise\"}]},{\"@type\":\"WebSite\",\"@id\":\"https:\/\/www.gereso.com\/actualites\/#website\",\"url\":\"https:\/\/www.gereso.com\/actualites\/\",\"name\":\"Le Blog GERESO\",\"description\":\"Toute l&#039;actu RH, Finance, Fonction Publique, Management...\",\"potentialAction\":[{\"@type\":\"SearchAction\",\"target\":{\"@type\":\"EntryPoint\",\"urlTemplate\":\"https:\/\/www.gereso.com\/actualites\/?s={search_term_string}\"},\"query-input\":{\"@type\":\"PropertyValueSpecification\",\"valueRequired\":true,\"valueName\":\"search_term_string\"}}],\"inLanguage\":\"fr-FR\"},{\"@type\":\"Person\",\"@id\":\"https:\/\/www.gereso.com\/actualites\/#\/schema\/person\/197d8aef40cb4ae3f6a0aa9e1d3df2a6\",\"name\":\"\u00c9quipe GERESO\",\"image\":{\"@type\":\"ImageObject\",\"inLanguage\":\"fr-FR\",\"@id\":\"https:\/\/www.gereso.com\/actualites\/#\/schema\/person\/image\/\",\"url\":\"https:\/\/www.gereso.com\/actualites\/wp-content\/uploads\/2013\/12\/avatar-gereso-1.png\",\"contentUrl\":\"https:\/\/www.gereso.com\/actualites\/wp-content\/uploads\/2013\/12\/avatar-gereso-1.png\",\"caption\":\"\u00c9quipe GERESO\"},\"url\":\"https:\/\/www.gereso.com\/actualites\/author\/gereso\/\"}]}<\/script>\n<!-- \/ Yoast SEO plugin. -->","yoast_head_json":{"title":"Les nouvelles missions des RH en temps de crise - Le Blog GERESO","robots":{"index":"index","follow":"follow","max-snippet":"max-snippet:-1","max-image-preview":"max-image-preview:large","max-video-preview":"max-video-preview:-1"},"canonical":"https:\/\/www.gereso.com\/actualites\/2025\/04\/28\/nouvelles-missions-rh-temps-crise\/","og_locale":"fr_FR","og_type":"article","og_title":"Les nouvelles missions des RH en temps de crise - Le Blog GERESO","og_description":"Ces professionnels qui \u00e9taient hier les moteurs de la croissance et les champions du bien-\u00eatre se retrouvent aujourd&rsquo;hui gardiens de la r\u00e9silience organisationnelle. Leur moral en prend un coup&nbsp;:&nbsp;59% disent avoir \u00ab\u00a0bien ou tr\u00e8s bien v\u00e9cu\u00a0\u00bb 2024, mais c&rsquo;est 6 points de moins que l&rsquo;ann\u00e9e d&rsquo;avant. Ce n\u2019est pas anodin&nbsp;! R\u00e9trospective 2021-2024&nbsp;:&nbsp;la fin d&rsquo;une \u00e8re [&hellip;]","og_url":"https:\/\/www.gereso.com\/actualites\/2025\/04\/28\/nouvelles-missions-rh-temps-crise\/","og_site_name":"Le Blog GERESO","article_published_time":"2025-04-28T12:59:44+00:00","article_modified_time":"2025-04-28T12:59:45+00:00","og_image":[{"width":600,"height":400,"url":"https:\/\/www.gereso.com\/actualites\/wp-content\/uploads\/2025\/04\/Les-nouvelles-missions-des-RH-en-temps-de-crise.jpg","type":"image\/jpeg"}],"author":"\u00c9quipe GERESO","twitter_card":"summary_large_image","schema":{"@context":"https:\/\/schema.org","@graph":[{"@type":"WebPage","@id":"https:\/\/www.gereso.com\/actualites\/2025\/04\/28\/nouvelles-missions-rh-temps-crise\/","url":"https:\/\/www.gereso.com\/actualites\/2025\/04\/28\/nouvelles-missions-rh-temps-crise\/","name":"Les nouvelles missions des RH en temps de crise - Le Blog GERESO","isPartOf":{"@id":"https:\/\/www.gereso.com\/actualites\/#website"},"primaryImageOfPage":{"@id":"https:\/\/www.gereso.com\/actualites\/2025\/04\/28\/nouvelles-missions-rh-temps-crise\/#primaryimage"},"image":{"@id":"https:\/\/www.gereso.com\/actualites\/2025\/04\/28\/nouvelles-missions-rh-temps-crise\/#primaryimage"},"thumbnailUrl":"https:\/\/www.gereso.com\/actualites\/wp-content\/uploads\/2025\/04\/Les-nouvelles-missions-des-RH-en-temps-de-crise.jpg","datePublished":"2025-04-28T12:59:44+00:00","dateModified":"2025-04-28T12:59:45+00:00","author":{"@id":"https:\/\/www.gereso.com\/actualites\/#\/schema\/person\/197d8aef40cb4ae3f6a0aa9e1d3df2a6"},"breadcrumb":{"@id":"https:\/\/www.gereso.com\/actualites\/2025\/04\/28\/nouvelles-missions-rh-temps-crise\/#breadcrumb"},"inLanguage":"fr-FR","potentialAction":[{"@type":"ReadAction","target":["https:\/\/www.gereso.com\/actualites\/2025\/04\/28\/nouvelles-missions-rh-temps-crise\/"]}]},{"@type":"ImageObject","inLanguage":"fr-FR","@id":"https:\/\/www.gereso.com\/actualites\/2025\/04\/28\/nouvelles-missions-rh-temps-crise\/#primaryimage","url":"https:\/\/www.gereso.com\/actualites\/wp-content\/uploads\/2025\/04\/Les-nouvelles-missions-des-RH-en-temps-de-crise.jpg","contentUrl":"https:\/\/www.gereso.com\/actualites\/wp-content\/uploads\/2025\/04\/Les-nouvelles-missions-des-RH-en-temps-de-crise.jpg","width":600,"height":400,"caption":"En temps de crise, les RH passent de chasseurs de talents \u00e0 architectes de la r\u00e9silience organisationnelle."},{"@type":"BreadcrumbList","@id":"https:\/\/www.gereso.com\/actualites\/2025\/04\/28\/nouvelles-missions-rh-temps-crise\/#breadcrumb","itemListElement":[{"@type":"ListItem","position":1,"name":"Home","item":"https:\/\/www.gereso.com\/actualites\/"},{"@type":"ListItem","position":2,"name":"Les nouvelles missions des RH en temps de crise"}]},{"@type":"WebSite","@id":"https:\/\/www.gereso.com\/actualites\/#website","url":"https:\/\/www.gereso.com\/actualites\/","name":"Le Blog GERESO","description":"Toute l&#039;actu RH, Finance, Fonction Publique, Management...","potentialAction":[{"@type":"SearchAction","target":{"@type":"EntryPoint","urlTemplate":"https:\/\/www.gereso.com\/actualites\/?s={search_term_string}"},"query-input":{"@type":"PropertyValueSpecification","valueRequired":true,"valueName":"search_term_string"}}],"inLanguage":"fr-FR"},{"@type":"Person","@id":"https:\/\/www.gereso.com\/actualites\/#\/schema\/person\/197d8aef40cb4ae3f6a0aa9e1d3df2a6","name":"\u00c9quipe GERESO","image":{"@type":"ImageObject","inLanguage":"fr-FR","@id":"https:\/\/www.gereso.com\/actualites\/#\/schema\/person\/image\/","url":"https:\/\/www.gereso.com\/actualites\/wp-content\/uploads\/2013\/12\/avatar-gereso-1.png","contentUrl":"https:\/\/www.gereso.com\/actualites\/wp-content\/uploads\/2013\/12\/avatar-gereso-1.png","caption":"\u00c9quipe GERESO"},"url":"https:\/\/www.gereso.com\/actualites\/author\/gereso\/"}]}},"_links":{"self":[{"href":"https:\/\/www.gereso.com\/actualites\/wp-json\/wp\/v2\/posts\/44124","targetHints":{"allow":["GET"]}}],"collection":[{"href":"https:\/\/www.gereso.com\/actualites\/wp-json\/wp\/v2\/posts"}],"about":[{"href":"https:\/\/www.gereso.com\/actualites\/wp-json\/wp\/v2\/types\/post"}],"author":[{"embeddable":true,"href":"https:\/\/www.gereso.com\/actualites\/wp-json\/wp\/v2\/users\/32"}],"replies":[{"embeddable":true,"href":"https:\/\/www.gereso.com\/actualites\/wp-json\/wp\/v2\/comments?post=44124"}],"version-history":[{"count":4,"href":"https:\/\/www.gereso.com\/actualites\/wp-json\/wp\/v2\/posts\/44124\/revisions"}],"predecessor-version":[{"id":44132,"href":"https:\/\/www.gereso.com\/actualites\/wp-json\/wp\/v2\/posts\/44124\/revisions\/44132"}],"wp:featuredmedia":[{"embeddable":true,"href":"https:\/\/www.gereso.com\/actualites\/wp-json\/wp\/v2\/media\/44128"}],"wp:attachment":[{"href":"https:\/\/www.gereso.com\/actualites\/wp-json\/wp\/v2\/media?parent=44124"}],"wp:term":[{"taxonomy":"category","embeddable":true,"href":"https:\/\/www.gereso.com\/actualites\/wp-json\/wp\/v2\/categories?post=44124"},{"taxonomy":"post_tag","embeddable":true,"href":"https:\/\/www.gereso.com\/actualites\/wp-json\/wp\/v2\/tags?post=44124"}],"curies":[{"name":"wp","href":"https:\/\/api.w.org\/{rel}","templated":true}]}}