{"id":44244,"date":"2025-05-13T11:13:24","date_gmt":"2025-05-13T09:13:24","guid":{"rendered":"https:\/\/www.gereso.com\/actualites\/?p=44244"},"modified":"2025-05-28T09:48:15","modified_gmt":"2025-05-28T07:48:15","slug":"cas-agent-public-creer-reprendre-entreprise","status":"publish","type":"post","link":"https:\/\/www.gereso.com\/actualites\/2025\/05\/13\/cas-agent-public-creer-reprendre-entreprise\/","title":{"rendered":"Dans quels cas un agent public peut-il cr\u00e9er ou reprendre une entreprise\u00a0?"},"content":{"rendered":"\n<h2 style=\"color:#D10016\"><strong>Quelle proc\u00e9dure s\u2019applique&nbsp;?<\/strong><\/h2>\n\n\n\n<p>Conform\u00e9ment aux dispositions des articles L. 123-8 et R.123-14 du code g\u00e9n\u00e9ral de la fonction publique (CGFP) un agent qui occupe un emploi \u00e0 temps complet doit adresser une demande \u00e9crite d\u2019autorisation de service \u00e0 temps partiel \u00e0 l\u2019autorit\u00e9 administrative, pour cr\u00e9er ou reprendre une entreprise ou une activit\u00e9 lib\u00e9rale.<\/p>\n\n\n\n<p>Cette demande doit \u00eatre pr\u00e9sent\u00e9e avant le d\u00e9but de cette activit\u00e9.<\/p>\n\n\n\n<p>La liste des \u00e9l\u00e9ments contenus dans le dossier de saisine est mentionn\u00e9e \u00e0 l&rsquo;article 1<sup>er<\/sup> d\u2019un arr\u00eat\u00e9 du 4 f\u00e9vrier 2020 (2). Il s\u2019agit des pi\u00e8ces suivantes&nbsp;:<\/p>\n\n\n\n<ol class=\"wp-block-list\">\n<li>La saisine initiale de l\u2019agent informant l\u2019autorit\u00e9 hi\u00e9rarchique de son souhait d\u2019exercer une activit\u00e9 priv\u00e9e et d\u2019\u00eatre plac\u00e9, \u00e0 ce titre, dans une position conforme \u00e0 son statut ;<\/li>\n\n\n\n<li>Une copie du contrat d\u2019engagement pour les agents contractuels ;<\/li>\n\n\n\n<li>Une description du projet envisag\u00e9 comportant toutes les informations utiles et circonstanci\u00e9es permettant l\u2019appr\u00e9ciation de la demande par l\u2019autorit\u00e9 hi\u00e9rarchique ;<\/li>\n\n\n\n<li>Le cas \u00e9ch\u00e9ant, les statuts ou projets de statuts de l\u2019entreprise que l\u2019agent souhaite cr\u00e9er ou reprendre ;<\/li>\n\n\n\n<li>Le cas \u00e9ch\u00e9ant, l\u2019extrait du registre du commerce et des soci\u00e9t\u00e9s (extraits K ou K bis) ou la copie des statuts de la personne morale que l\u2019agent souhaite rejoindre.<\/li>\n<\/ol>\n\n\n\n<p><strong>Le silence gard\u00e9 par l\u2019administration pendant deux mois vaut d\u00e9cision de rejet<\/strong> (3).<\/p>\n\n\n\n<p>Le cas \u00e9ch\u00e9ant, l&rsquo;administration saisit le r\u00e9f\u00e9rent d\u00e9ontologue ou la Haute Autorit\u00e9 pour la transparence de la vie publique (HATVP) ; en cas de saisine de cette derni\u00e8re, le d\u00e9lai de deux mois, pr\u00e9cit\u00e9 est suspendu (4).<\/p>\n\n\n\n<p>\u00a0<strong>L\u2019autorisation d\u2019accomplir un service \u00e0 temps partiel est accord\u00e9e sous r\u00e9serve des n\u00e9cessit\u00e9s de la continuit\u00e9 et du fonctionnement du service et compte tenu des possibilit\u00e9s d\u2019am\u00e9nagement de l\u2019organisation du travail<\/strong>. Et la quotit\u00e9 de travail doit \u00eatre au moins \u00e9gale au mi-temps, conform\u00e9ment aux dispositions de l\u2019<a href=\"https:\/\/www.legifrance.gouv.fr\/codes\/article_lc\/LEGIARTI000044427801\" target=\"_blank\" rel=\"noreferrer noopener\">article L. 123-8 du CGFP<\/a>.<\/p>\n\n\n\n<h2 style=\"color:#D10016\"><strong>Quelle est la dur\u00e9e de l&rsquo;autorisation&nbsp;?<\/strong><\/h2>\n\n\n\n<p>Comme l\u2019indique l\u2019article L. 123-8 du CGFP, l &lsquo;autorisation d&rsquo;accomplir un service \u00e0 temps partiel prend effet \u00e0 compter de la cr\u00e9ation, de la reprise de l\u2019entreprise ou du d\u00e9but de l\u2019activit\u00e9 lib\u00e9rale. <strong>Elle est accord\u00e9e pour une dur\u00e9e de trois ans, renouvelable pour un an apr\u00e8s d\u00e9p\u00f4t d&rsquo;une nouvelle demande d&rsquo;autorisation<\/strong>, au moins un mois avant le terme de la premi\u00e8re p\u00e9riode. Lorsque la HATVP a rendu un avis sur la demande d&rsquo;autorisation de l&rsquo;agent, le renouvellement de l&rsquo;autorisation ne fait pas l&rsquo;objet d&rsquo;une nouvelle saisine de cette autorit\u00e9 (5).<\/p>\n\n\n\n<p>A noter que, pour le juge administratif, manque \u00e0 l&rsquo;obligation de non-cumul l\u2019agent qui, ayant b\u00e9n\u00e9fici\u00e9 d&rsquo;une autorisation de cumul d&rsquo;activit\u00e9s pour la cr\u00e9ation d&rsquo;une entreprise commerciale, n&rsquo;a pas pr\u00e9sent\u00e9 de demande de renouvellement et, ayant \u00e9t\u00e9 inform\u00e9, par son administration, de ce qu&rsquo;il n&rsquo;\u00e9tait plus autoris\u00e9 \u00e0 exercer son activit\u00e9, a toutefois poursuivi celle-ci (6).<\/p>\n\n\n\n<h2 style=\"color:#D10016\"><strong>Y a-t-il un d\u00e9lai entre deux autorisations&nbsp;?<\/strong><\/h2>\n\n\n\n<p>En application des dispositions de l\u2019article L. 123-8 du CGFP, l\u2019agent ayant b\u00e9n\u00e9fici\u00e9 d\u2019une autorisation d\u2019accomplir un service \u00e0 temps partiel pour cr\u00e9er ou reprendre une entreprise ne peut solliciter une nouvelle autorisation au titre de la cr\u00e9ation ou de la reprise d\u2019une entreprise avant l\u2019\u00e9coulement d\u2019un d\u00e9lai de trois ans \u00e0 compter de la fin d&rsquo;un service \u00e0 temps partiel pour ce motif.<\/p>\n\n\n\n<h2 style=\"color:#D10016\"><strong>Dans quels cas l\u2019administration peut-elle s\u2019opposer au cumul&nbsp;?<\/strong><\/h2>\n\n\n\n<p>L\u2019<a href=\"https:\/\/www.legifrance.gouv.fr\/codes\/article_lc\/LEGIARTI000050546351\" target=\"_blank\" rel=\"noreferrer noopener\">article R. 123-2 du CGFP<\/a> indique que l\u2019autorit\u00e9 comp\u00e9tente peut s\u2019opposer au cumul d\u2019activit\u00e9s ou \u00e0 sa poursuite si l&rsquo;int\u00e9r\u00eat du service le justifie, si les informations fournies pour obtenir l\u2019autorisation sont inexactes ou si le cumul s\u2019av\u00e8re incompatible avec les fonctions exerc\u00e9es ou avec l\u2019emploi occup\u00e9 par l\u2019agent au regard des obligations d\u00e9ontologiques et des conflits d&rsquo;int\u00e9r\u00eats.<\/p>\n\n\n\n<h2 style=\"color:#D10016\"><strong>Dans quels cas, l\u2019administration saisit-elle le r\u00e9f\u00e9rent d\u00e9ontologue&nbsp;?<\/strong><\/h2>\n\n\n\n<p>L\u2019article L. 123-8 du CGFP pr\u00e9voit que dans le cas o\u00f9 l\u2019administration a un doute s\u00e9rieux sur la compatibilit\u00e9 du projet de cr\u00e9ation ou de reprise d\u2019une entreprise avec les fonctions exerc\u00e9es par l\u2019agent au cours des trois ann\u00e9es pr\u00e9c\u00e9dant sa demande d\u2019autorisation, elle doit saisir, pour avis, le r\u00e9f\u00e9rent d\u00e9ontologue pr\u00e9alablement \u00e0 sa d\u00e9cision Lorsque l\u2019avis du r\u00e9f\u00e9rent d\u00e9ontologue ne permet pas de lever le doute, l\u2019administration doit saisir la Haute Autorit\u00e9 pour la transparence de la vie publique.<\/p>\n\n\n\n<h2 style=\"color:#D10016\"><strong>Dans quels cas, la Haute Autorit\u00e9 pour la transparence de la vie publique (HATVP) peut-elle \u00eatre saisie&nbsp;?<\/strong><\/h2>\n\n\n\n<p>Pour rappel, la saisine de la HATVP par l&rsquo;administration suspend le d\u00e9lai de deux mois selon lequel le silence de l\u2019administration vaut rejet (7). La Haute autorit\u00e9 peut \u00e9galement \u00eatre saisie par l\u2019agents. Par ailleurs, la HATVP peut s\u2019autosaisir dans certains cas.<\/p>\n\n\n\n<h2 style=\"color:#D10016\"><strong>La saisine de la HATVP par l\u2019administration<\/strong><\/h2>\n\n\n\n<p>Lorsque le fonctionnaire occupe un emploi dont le niveau hi\u00e9rarchique ou la nature des fonctions le justifient, l\u2019administration doit soumettre sa demande d\u2019autorisation \u00e0 l\u2019avis pr\u00e9alable de la Haute Autorit\u00e9, comme le pr\u00e9voit l\u2019article L. 123-8 du CGFP. \u00a0<\/p>\n\n\n\n<p>Sont concern\u00e9es par cette obligation de saisine, les personnes cit\u00e9es par les dispositions de l\u2019<a href=\"https:\/\/www.legifrance.gouv.fr\/codes\/article_lc\/LEGIARTI000050548313\" target=\"_blank\" rel=\"noreferrer noopener\">article R. 123-29 du CGFP<\/a>, par exemple, au sein de la fonction publique territoriale, celles occupant les emplois de directeur, de directeur adjoint et de chef de cabinet des autorit\u00e9s territoriales dont le niveau hi\u00e9rarchique ou la nature des fonctions justifient la transmission d\u2019une d\u00e9claration d\u2019int\u00e9r\u00eats.<\/p>\n\n\n\n<p>\u00a0L\u2019autorit\u00e9 dont rel\u00e8ve l\u2019agent dispose de quinze jours, \u00e0 compter de la date \u00e0 laquelle le projet de l\u2019agent lui a \u00e9t\u00e9 communiqu\u00e9 pour saisir la HATVP. Ce dernier doit, alors, recevoir une copie de la lettre de saisine, comme l\u2019indique l\u2019article R. 123-30 du CGFP.<\/p>\n\n\n\n<p>La liste des pi\u00e8ces constitutives du dossier de saisine de la HATVP, laquelle comprend les informations utiles relatives au projet de l\u2019agent et une appr\u00e9ciation de l\u2019autorit\u00e9 ou des autorit\u00e9s dont rel\u00e8ve l\u2019int\u00e9ress\u00e9 ou dont il a relev\u00e9 au cours des trois ann\u00e9es pr\u00e9c\u00e9dant le d\u00e9but de l\u2019activit\u00e9 priv\u00e9e envisag\u00e9e est fix\u00e9e par l&rsquo;article 2 de l\u2019arr\u00eat\u00e9 du 4 f\u00e9vrier 2020, pr\u00e9cit\u00e9 (8).<\/p>\n\n\n\n<p>La Haute Autorit\u00e9 peut demander \u00e0 l\u2019agent toute information compl\u00e9mentaire utile \u00e0 l\u2019examen de sa demande. Elle peut \u00e9galement demander aux m\u00eames autorit\u00e9s une analyse circonstanci\u00e9e de la situation de l\u2019agent et des implications de celle-ci, comme le pr\u00e9voient les dispositions de l\u2019article R. 123-30 du CGFP. En outre, \u00e0 la demande de l\u2019agent, l\u2019autorit\u00e9 dont il rel\u00e8ve doit lui transmettre une copie du dossier de saisine et, le cas \u00e9ch\u00e9ant, de l\u2019analyse qu\u2019elle a produite.<\/p>\n\n\n\n<p>Puis, conform\u00e9ment aux dispositions de l\u2019article R. 123-32 du CGFP, l\u2019administration doit rendre sa d\u00e9cision dans un d\u00e9lai de quinze jours \u00e0 compter de la notification de l\u2019avis de la HATVP ou de l&rsquo;\u00e9ch\u00e9ance du d\u00e9lai de deux mois dans lequel elle doit rendre un avis.<\/p>\n\n\n\n<h2 style=\"color:#D10016\"><strong>La saisine de la HATVP par l\u2019agent<\/strong><\/h2>\n\n\n\n<p>A d\u00e9faut de saisine par l&rsquo;administration dans le d\u00e9lai de quinze jours imparti, l&rsquo;agent peut saisir lui-m\u00eame la HATVP. Il doit, alors, en informer par \u00e9crit l\u2019autorit\u00e9 comp\u00e9tente qui transmet \u00e0 la Haute Autorit\u00e9 les pi\u00e8ces du dossier de saisine, comme l\u2019indiquent les dispositions des articles L. 123-8 et R.123-33 du CGFP. &nbsp;<\/p>\n\n\n\n<h2 style=\"color:#D10016\"><strong>L\u2019auto-saisine de la HATVP<\/strong><\/h2>\n\n\n\n<p>En application des dispositions des articles L. 124-11 et R. 123-34 du CGFP, la Haute Autorit\u00e9 peut \u00e9galement se saisir, \u00e0 l\u2019initiative de son pr\u00e9sident, dans un d\u00e9lai de trois mois \u00e0 compter :<\/p>\n\n\n\n<ul class=\"wp-block-list\">\n<li>soit de la cr\u00e9ation ou de la reprise d\u2019une entreprise par un fonctionnaire ;<\/li>\n\n\n\n<li>soit du jour o\u00f9 le pr\u00e9sident a eu connaissance d\u2019un d\u00e9faut de saisine pr\u00e9alable de la HATVP.<\/li>\n<\/ul>\n\n\n\n<p>Pour ce faire, il doit en informer par \u00e9crit l\u2019int\u00e9ress\u00e9 et l\u2019autorit\u00e9 dont il rel\u00e8ve, qui sont tenus de produire, dans un d\u00e9lai de dix jours, les pi\u00e8ces du dossier de saisine et le cas \u00e9ch\u00e9ant, l&rsquo;analyse circonstanci\u00e9e de la situation de l&rsquo;agent et de ses implications (9).<\/p>\n\n\n\n<h2 style=\"color:#D10016\"><strong>Sur quels aspects se prononce la HATVP&nbsp;?<\/strong><\/h2>\n\n\n\n<p>La Haute Autorit\u00e9 doit se prononcer dans un d\u00e9lai de deux mois \u00e0 compter de sa saisine. En application des dispositions de l\u2019article L. 124-14 du CGFP, <strong>l\u2019absence d\u2019avis dans ce d\u00e9lai vaut avis de compatibilit\u00e9.<\/strong><\/p>\n\n\n\n<p>Conform\u00e9ment aux dispositions de l\u2019<a href=\"https:\/\/www.legifrance.gouv.fr\/codes\/article_lc\/LEGIARTI000044427752\" target=\"_blank\" rel=\"noreferrer noopener\">article L.124-12 du CGFP<\/a>, la HATVP examine, notamment, si l\u2019activit\u00e9 qu\u2019exerce le fonctionnaire risque :<\/p>\n\n\n\n<ul class=\"wp-block-list\">\n<li>de compromettre ou de mettre en cause le fonctionnement normal, l\u2019ind\u00e9pendance ou la neutralit\u00e9 du service\u00a0;<\/li>\n\n\n\n<li>de m\u00e9conna\u00eetre tout principe d\u00e9ontologique mentionn\u00e9 aux articles L. 121-1 et L. 121-2 du CGFP (10)\u00a0;<\/li>\n\n\n\n<li>ou encore de placer l\u2019int\u00e9ress\u00e9 en situation de prise ill\u00e9gale d\u2019int\u00e9r\u00eats dans les conditions pr\u00e9vues par les articles 432-12 et 432-13 du code p\u00e9nal.<\/li>\n<\/ul>\n\n\n\n<p>La HATVP peut demander \u00e0 l&rsquo;agent ou \u00e0 l&rsquo;administration dont il rel\u00e8ve ou dont il a relev\u00e9 pr\u00e9c\u00e9demment, toute information ou tout document n\u00e9cessaire \u00e0 l&rsquo;exercice de ses missions. Elle peut recueillir aupr\u00e8s des personnes publiques et priv\u00e9es toute information n\u00e9cessaire \u00e0 l&rsquo;accomplissement de sa mission. Elle peut entendre ou consulter toute personne dont le concours lui para\u00eet utile. Le cas \u00e9ch\u00e9ant, la Haute Autorit\u00e9 est inform\u00e9e par la ou les autorit\u00e9s dont rel\u00e8ve le fonctionnaire dans son corps ou dans son cadre d&#8217;emplois d&rsquo;origine des faits relatifs \u00e0 une situation de conflit d&rsquo;int\u00e9r\u00eats qui ont \u00e9t\u00e9 relat\u00e9s ou ont fait l&rsquo;objet d&rsquo;un t\u00e9moignage, d\u00e8s lors que ces faits concernent les fonctions exerc\u00e9es ou ayant \u00e9t\u00e9 exerc\u00e9es au cours des trois ann\u00e9es ant\u00e9rieures par ce fonctionnaire, comme le pr\u00e9cisent les dispositions de l\u2019<a href=\"https:\/\/www.legifrance.gouv.fr\/codes\/article_lc\/LEGIARTI000044427750\" target=\"_blank\" rel=\"noreferrer noopener\">article L. 124-13 du CGFP<\/a>.<\/p>\n\n\n\n<h2 style=\"color:#D10016\"><strong>Quel est le contenu de l\u2019avis rendu par la HATVP&nbsp;?<\/strong><\/h2>\n\n\n\n<p>En application des dispositions de l\u2019article L. 124-14 du CGFP, la HATVP rend un avis :<\/p>\n\n\n\n<ul class=\"wp-block-list\">\n<li>de compatibilit\u00e9\u00a0;<\/li>\n\n\n\n<li>de compatibilit\u00e9 avec r\u00e9serves, qui sont prononc\u00e9es pour une dur\u00e9e de trois ans\u00a0;<\/li>\n\n\n\n<li>ou d\u2019incompatibilit\u00e9.<\/li>\n<\/ul>\n\n\n\n<p><strong>Elle peut rendre un avis d\u2019incompatibilit\u00e9 lorsqu\u2019elle estime ne pas avoir obtenu de la personne concern\u00e9e les informations n\u00e9cessaires.<\/strong><\/p>\n\n\n\n<p>En outre, comme l\u2019indiquent les dispositions de l\u2019article L. 124-14 du CGFP, le pr\u00e9sident de la Haute Autorit\u00e9 peut rendre, au nom de celle-ci, un avis de compatibilit\u00e9, \u00e9ventuellement assorti de r\u00e9serves, lorsque l\u2019activit\u00e9 envisag\u00e9e est manifestement compatible avec les fonctions ant\u00e9rieures ou actuelles de l\u2019int\u00e9ress\u00e9. Il est \u00e9galement habilit\u00e9 \u00e0 rendre au nom de celle-ci des avis d\u2019incomp\u00e9tence, d\u2019irrecevabilit\u00e9 ou constatant qu\u2019il n\u2019y a pas lieu \u00e0 statuer.<\/p>\n\n\n\n<p>Par ailleurs, un deuxi\u00e8me avis peut \u00eatre sollicit\u00e9 par l\u2019administration, dans le d\u00e9lai d\u2019un mois suivant la notification de l\u2019avis initial. La HATVP doit alors rendre un nouvel avis dans le d\u00e9lai d\u2019un mois \u00e0 compter de la r\u00e9ception de la sollicitation, comme l\u2019indiquent les dispositions de l\u2019<a href=\"https:\/\/www.legifrance.gouv.fr\/codes\/article_lc\/LEGIARTI000044427742\" target=\"_blank\" rel=\"noreferrer noopener\">article L. 124-17 du CGFP<\/a>.<\/p>\n\n\n\n<h2 style=\"color:#D10016\"><strong>Quelles sont les cons\u00e9quences de l\u2019avis de la HATVP&nbsp;?<\/strong><\/h2>\n\n\n\n<p>En premier lieu, l\u2019administration est li\u00e9e par les avis de compatibilit\u00e9 avec r\u00e9serves et d&rsquo;incompatibilit\u00e9 ; ceux-ci s\u2019imposent \u00e0 l\u2019agent. Et ils doivent \u00eatre notifi\u00e9s \u00e0 l\u2019administration, \u00e0 l\u2019agent et \u00e0 l\u2019entreprise ou l\u2019organisme de droit priv\u00e9 d\u2019accueil de l\u2019agent, comme le pr\u00e9voient les dispositions de l\u2019<a href=\"https:\/\/www.legifrance.gouv.fr\/codes\/article_lc\/LEGIARTI000044427746\" target=\"_blank\" rel=\"noreferrer noopener\">article L. 124-15 du CGFP<\/a>.<\/p>\n\n\n\n<p>En outre, la HATVP peut rendre publics les avis rendus portant sur le projet de cr\u00e9ation ou de reprise d\u2019une entreprise par un fonctionnaire, apr\u00e8s avoir recueilli les observations de l\u2019agent concern\u00e9 (article L. 124-16 du CGFP). Ces avis doivent \u00eatre publi\u00e9s dans le respect des garanties pr\u00e9vues pour la communication des documents administratifs (11).<\/p>\n\n\n\n<article class=\"obj_encart-formation\">\n<div class=\"ctn_encart\">\n<h3>Votre formation sur ce th\u00e8me<\/h3>\n<h2>&nbsp;CUMUL D&rsquo;ACTIVIT\u00c9S DANS LA FONCTION PUBLIQUE&nbsp;<\/h2>\n<h4>1 jour &#8211; En pr\u00e9sentiel ou \u00e0 distance<\/h4>\n<ul>\n<li><strong>Respecter le cadre l\u00e9gal et le champ d&rsquo;application<\/strong> du r\u00e9gime de cumul d&rsquo;activit\u00e9s issues de la loi \u00ab\u00a0D\u00e9ontologie\u00a0\u00bb.<\/li>\n<li><strong>Appliquer la proc\u00e9dure de cumul d\u2019activit\u00e9s<\/strong> suivant leur articulation public\/public ou public\/priv\u00e9.<\/li>\n<li><strong>G\u00e9rer les cas particuliers<\/strong> de cumul d&rsquo;activit\u00e9s et de fonctions.<\/li>\n<li><strong>Utiliser le r\u00e9gime de sanctions<\/strong> en cas de non respect des r\u00e8gles.<\/li>\n<li><strong>Faire respecter les r\u00e8gles<\/strong> d\u00e9ontologiques.<\/li>\n\n\n<\/ul>\n<div class=\"ctn_btn\">\n<a class=\"obj_btn\" target=\"_blank\" href=\"https:\/\/www.gereso.com\/CUML\" rel=\"noopener\"><span>En savoir plus<\/span><\/a>\n<a class=\"obj_btn\" target=\"_blank\" href=\"https:\/\/www.gereso.com\/client\/programme-pdf\/CUML.pdf\" rel=\"noopener\"><span>T\u00e9l\u00e9charger le programme PDF<\/span><\/a>\n<\/div>\n<\/article>\n\n\n\n<h2 style=\"color:#D10016\"><strong>Quelles sont les sanctions en cas de non-respect de l\u2019avis de la HATVP&nbsp;?<\/strong><\/h2>\n\n\n\n<p>En application des dispositions de l\u2019<a href=\"https:\/\/www.legifrance.gouv.fr\/codes\/article_lc\/LEGIARTI000044427736\" target=\"_blank\" rel=\"noreferrer noopener\">article L. 124-20 du CGFP<\/a>, lorsque l\u2019avis d\u2019incompatibilit\u00e9 ou de compatibilit\u00e9 avec r\u00e9serves de la Haute Autorit\u00e9 n\u2019est pas respect\u00e9 :<\/p>\n\n\n\n<ul class=\"wp-block-list\">\n<li>l&rsquo;agent public peut faire l\u2019objet de poursuites disciplinaires ; <\/li>\n\n\n\n<li>le fonctionnaire retrait\u00e9 peut faire l\u2019objet d\u2019une retenue sur pension, dans la limite de 20 % du montant de la pension vers\u00e9e, pendant les trois ans suivant la cessation de ses fonctions ; <\/li>\n\n\n\n<li>l\u2019administration ne peut proc\u00e9der au recrutement de l\u2019agent contractuel int\u00e9ress\u00e9 au cours des trois ann\u00e9es suivant la date de notification de l\u2019avis (12)\u00a0;<\/li>\n\n\n\n<li>il est mis fin au contrat dont est titulaire l\u2019agent \u00e0 la date de notification de l\u2019avis, sans pr\u00e9avis et sans indemnit\u00e9 de rupture.<\/li>\n<\/ul>\n\n\n\n<p>A noter que le Conseil constitutionnel a d\u00e9clar\u00e9 ces dispositions contraires \u00e0 la Constitution. Il consid\u00e8re en effet que l\u2019interdiction de recrutement de l\u2019agent contractuel pour une dur\u00e9e de trois ans, pr\u00e9vue en cas de manquement de l&rsquo;agent, y compris en l\u2019absence de saisine pr\u00e9alable de l\u2019autorit\u00e9 hi\u00e9rarchique, constitue une sanction ayant le caract\u00e8re d\u2019une punition. Cette sanction s\u2019appliquant automatiquement, sans que l\u2019administration ne la prononce en tenant compte des circonstances propres \u00e0 chaque esp\u00e8ce, ces dispositions m\u00e9connaissent le principe d\u2019individualisation des peines consacr\u00e9 par la D\u00e9claration des droits de l&rsquo;homme et du citoyen de 1789. Leur abrogation est fix\u00e9e au 31 janvier 2026. Jusqu\u2019\u00e0 l\u2019entr\u00e9e en vigueur d\u2019une nouvelle loi ou jusqu\u2019\u00e0 la date de cette abrogation, l\u2019administration peut \u00e9carter la sanction pr\u00e9vue par ces dispositions ou en moduler la dur\u00e9e pour tenir compte des circonstances propres \u00e0 chaque esp\u00e8ce. La d\u00e9claration d\u2019inconstitutionnalit\u00e9 est applicable \u00e0 toutes les affaires non jug\u00e9es d\u00e9finitivement au 25 janvier 2025 (13).<\/p>\n\n\n\n<h2 style=\"color:#D10016\"><strong>Quels contr\u00f4les la HATVP peut-elle exercer&nbsp;?<\/strong><\/h2>\n\n\n\n<p>Durant les trois ann\u00e9es qui suivent le d\u00e9but de l\u2019activit\u00e9 priv\u00e9e lucrative, l\u2019agent qui a fait l\u2019objet d\u2019un avis doit fournir, \u00e0 la demande de la HATVP, toute explication ou tout document justifiant qu\u2019il respecte cet avis. &nbsp;En l\u2019absence de r\u00e9ponse, la Haute Autorit\u00e9 met en demeure l\u2019agent de r\u00e9pondre dans un d\u00e9lai de deux mois, en application des dispositions de l\u2019article L. 124-18 du CGFP.<\/p>\n\n\n\n<p>Si elle n\u2019a pas obtenu les informations n\u00e9cessaires ou qu\u2019elle constate que son avis n\u2019a pas \u00e9t\u00e9 respect\u00e9, la Haute Autorit\u00e9 informe l\u2019autorit\u00e9 dont rel\u00e8ve l\u2019agent en vue de permettre la mise en \u0153uvre de poursuites disciplinaires, comme le pr\u00e9voient les dispositions de l\u2019article L. 124-19 du CGFP.<\/p>\n\n\n\n<p>Enfin, elle peut publier le r\u00e9sultat de ses contr\u00f4les et le cas \u00e9ch\u00e9ant, les observations \u00e9crites de l\u2019agent concern\u00e9, dans le respect des garanties li\u00e9es \u00e0 la communication des documents administratifs (14).<\/p>\n\n\n\n<hr class=\"wp-block-separator has-alpha-channel-opacity\"\/>\n\n\n\n<h2 style=\"color:#D10016\"><strong>R\u00e9f\u00e9rences&nbsp;:<\/strong><\/h2>\n\n\n\n<ol class=\"wp-block-list\">\n<li>Article R. 123-8 du CGFP\u00a0;<\/li>\n\n\n\n<li>Arr\u00eat\u00e9 du 4 f\u00e9vrier 2020 relatif aux contr\u00f4les d\u00e9ontologiques dans la fonction publique- NOR n\u00b0CPAF2003244A\u00a0;<\/li>\n\n\n\n<li>Article L. 231-4 du code des relations entre le public et l\u2019administration (CRPA)\u00a0;<\/li>\n\n\n\n<li>Article R. 123-31 du CGFP\u00a0;<\/li>\n\n\n\n<li>Articles L. 123-8, R. 123-14 et R. 123-16 du CGFP\u00a0;<\/li>\n\n\n\n<li>CAA Toulouse, 23 janvier 2024, requ\u00eate n\u00b0 22TL00082\u00a0;<\/li>\n\n\n\n<li>Voir note 4\u00a0;<\/li>\n\n\n\n<li>Voir note 2\u00a0;<\/li>\n\n\n\n<li>Article R. 123-34 du CGFP\u00a0;<\/li>\n\n\n\n<li>Respect des obligations de dignit\u00e9, d\u2019impartialit\u00e9, d\u2019int\u00e9grit\u00e9 de probit\u00e9 et des principes de neutralit\u00e9, de la\u00efcit\u00e9 et d\u2019\u00e9galit\u00e9 de traitement des usagers\u00a0;<\/li>\n\n\n\n<li>Articles L. 311-5 et L. 311-6 du CRPA\u00a0;<\/li>\n\n\n\n<li>Ces mesures s\u2019appliquent \u00e9galement en l\u2019absence de saisine pr\u00e9alable de l\u2019autorit\u00e9 hi\u00e9rarchique par la personne concern\u00e9e\u00a0;<\/li>\n\n\n\n<li>Cel, d\u00e9cision QPC n\u00b0 2024-1120 du 24 janvier 2025\u00a0;<\/li>\n\n\n\n<li>Articles L. 311-5 et L. 311-6 du CRPA.<\/li>\n<\/ol>\n\n\n\n<p>&nbsp;<\/p>\n","protected":false},"excerpt":{"rendered":"<p>Quelle proc\u00e9dure s\u2019applique&nbsp;? Conform\u00e9ment aux dispositions des articles L. 123-8 et R.123-14 du code g\u00e9n\u00e9ral de la fonction publique (CGFP) un agent qui occupe un emploi \u00e0 temps complet doit adresser une demande \u00e9crite d\u2019autorisation de service \u00e0 temps partiel \u00e0 l\u2019autorit\u00e9 administrative, pour cr\u00e9er ou reprendre une entreprise ou une activit\u00e9 lib\u00e9rale. Cette demande [&hellip;]<\/p>\n","protected":false},"author":32,"featured_media":44266,"comment_status":"open","ping_status":"open","sticky":false,"template":"","format":"standard","meta":{"_acf_changed":false,"_mi_skip_tracking":false,"footnotes":""},"categories":[12,6],"tags":[],"class_list":["post-44244","post","type-post","status-publish","format-standard","has-post-thumbnail","hentry","category-actualites","category-fonction-publique"],"acf":[],"yoast_head":"<!-- This site is optimized with the Yoast SEO plugin v23.4 - https:\/\/yoast.com\/wordpress\/plugins\/seo\/ -->\n<title>Dans quels cas un agent public peut-il cr\u00e9er ou reprendre une entreprise\u00a0? - Le Blog GERESO<\/title>\n<meta name=\"robots\" content=\"index, follow, max-snippet:-1, max-image-preview:large, max-video-preview:-1\" \/>\n<link rel=\"canonical\" href=\"https:\/\/www.gereso.com\/actualites\/2025\/05\/13\/cas-agent-public-creer-reprendre-entreprise\/\" \/>\n<meta property=\"og:locale\" content=\"fr_FR\" \/>\n<meta property=\"og:type\" content=\"article\" \/>\n<meta property=\"og:title\" content=\"Dans quels cas un agent public peut-il cr\u00e9er ou reprendre une entreprise\u00a0? - Le Blog GERESO\" \/>\n<meta property=\"og:description\" content=\"Quelle proc\u00e9dure s\u2019applique&nbsp;? Conform\u00e9ment aux dispositions des articles L. 123-8 et R.123-14 du code g\u00e9n\u00e9ral de la fonction publique (CGFP) un agent qui occupe un emploi \u00e0 temps complet doit adresser une demande \u00e9crite d\u2019autorisation de service \u00e0 temps partiel \u00e0 l\u2019autorit\u00e9 administrative, pour cr\u00e9er ou reprendre une entreprise ou une activit\u00e9 lib\u00e9rale. Cette demande [&hellip;]\" \/>\n<meta property=\"og:url\" content=\"https:\/\/www.gereso.com\/actualites\/2025\/05\/13\/cas-agent-public-creer-reprendre-entreprise\/\" \/>\n<meta property=\"og:site_name\" content=\"Le Blog GERESO\" \/>\n<meta property=\"article:published_time\" content=\"2025-05-13T09:13:24+00:00\" \/>\n<meta property=\"article:modified_time\" content=\"2025-05-28T07:48:15+00:00\" \/>\n<meta property=\"og:image\" content=\"https:\/\/www.gereso.com\/actualites\/wp-content\/uploads\/2025\/05\/cas-agent-public-creer-reprendre-entreprise.jpg\" \/>\n\t<meta property=\"og:image:width\" content=\"600\" \/>\n\t<meta property=\"og:image:height\" content=\"400\" \/>\n\t<meta property=\"og:image:type\" content=\"image\/jpeg\" \/>\n<meta name=\"author\" content=\"\u00c9quipe GERESO\" \/>\n<meta name=\"twitter:card\" content=\"summary_large_image\" \/>\n<script type=\"application\/ld+json\" class=\"yoast-schema-graph\">{\"@context\":\"https:\/\/schema.org\",\"@graph\":[{\"@type\":\"WebPage\",\"@id\":\"https:\/\/www.gereso.com\/actualites\/2025\/05\/13\/cas-agent-public-creer-reprendre-entreprise\/\",\"url\":\"https:\/\/www.gereso.com\/actualites\/2025\/05\/13\/cas-agent-public-creer-reprendre-entreprise\/\",\"name\":\"Dans quels cas un agent public peut-il cr\u00e9er ou reprendre une entreprise\u00a0? - Le Blog GERESO\",\"isPartOf\":{\"@id\":\"https:\/\/www.gereso.com\/actualites\/#website\"},\"primaryImageOfPage\":{\"@id\":\"https:\/\/www.gereso.com\/actualites\/2025\/05\/13\/cas-agent-public-creer-reprendre-entreprise\/#primaryimage\"},\"image\":{\"@id\":\"https:\/\/www.gereso.com\/actualites\/2025\/05\/13\/cas-agent-public-creer-reprendre-entreprise\/#primaryimage\"},\"thumbnailUrl\":\"https:\/\/www.gereso.com\/actualites\/wp-content\/uploads\/2025\/05\/cas-agent-public-creer-reprendre-entreprise.jpg\",\"datePublished\":\"2025-05-13T09:13:24+00:00\",\"dateModified\":\"2025-05-28T07:48:15+00:00\",\"author\":{\"@id\":\"https:\/\/www.gereso.com\/actualites\/#\/schema\/person\/197d8aef40cb4ae3f6a0aa9e1d3df2a6\"},\"breadcrumb\":{\"@id\":\"https:\/\/www.gereso.com\/actualites\/2025\/05\/13\/cas-agent-public-creer-reprendre-entreprise\/#breadcrumb\"},\"inLanguage\":\"fr-FR\",\"potentialAction\":[{\"@type\":\"ReadAction\",\"target\":[\"https:\/\/www.gereso.com\/actualites\/2025\/05\/13\/cas-agent-public-creer-reprendre-entreprise\/\"]}]},{\"@type\":\"ImageObject\",\"inLanguage\":\"fr-FR\",\"@id\":\"https:\/\/www.gereso.com\/actualites\/2025\/05\/13\/cas-agent-public-creer-reprendre-entreprise\/#primaryimage\",\"url\":\"https:\/\/www.gereso.com\/actualites\/wp-content\/uploads\/2025\/05\/cas-agent-public-creer-reprendre-entreprise.jpg\",\"contentUrl\":\"https:\/\/www.gereso.com\/actualites\/wp-content\/uploads\/2025\/05\/cas-agent-public-creer-reprendre-entreprise.jpg\",\"width\":600,\"height\":400,\"caption\":\"Un agent public peut cr\u00e9er ou reprendre une entreprise sous conditions strictes et apr\u00e8s autorisation.\"},{\"@type\":\"BreadcrumbList\",\"@id\":\"https:\/\/www.gereso.com\/actualites\/2025\/05\/13\/cas-agent-public-creer-reprendre-entreprise\/#breadcrumb\",\"itemListElement\":[{\"@type\":\"ListItem\",\"position\":1,\"name\":\"Home\",\"item\":\"https:\/\/www.gereso.com\/actualites\/\"},{\"@type\":\"ListItem\",\"position\":2,\"name\":\"Dans quels cas un agent public peut-il cr\u00e9er ou reprendre une entreprise\u00a0?\"}]},{\"@type\":\"WebSite\",\"@id\":\"https:\/\/www.gereso.com\/actualites\/#website\",\"url\":\"https:\/\/www.gereso.com\/actualites\/\",\"name\":\"Le Blog GERESO\",\"description\":\"Toute l&#039;actu RH, Finance, Fonction Publique, Management...\",\"potentialAction\":[{\"@type\":\"SearchAction\",\"target\":{\"@type\":\"EntryPoint\",\"urlTemplate\":\"https:\/\/www.gereso.com\/actualites\/?s={search_term_string}\"},\"query-input\":{\"@type\":\"PropertyValueSpecification\",\"valueRequired\":true,\"valueName\":\"search_term_string\"}}],\"inLanguage\":\"fr-FR\"},{\"@type\":\"Person\",\"@id\":\"https:\/\/www.gereso.com\/actualites\/#\/schema\/person\/197d8aef40cb4ae3f6a0aa9e1d3df2a6\",\"name\":\"\u00c9quipe GERESO\",\"image\":{\"@type\":\"ImageObject\",\"inLanguage\":\"fr-FR\",\"@id\":\"https:\/\/www.gereso.com\/actualites\/#\/schema\/person\/image\/\",\"url\":\"https:\/\/www.gereso.com\/actualites\/wp-content\/uploads\/2013\/12\/avatar-gereso-1.png\",\"contentUrl\":\"https:\/\/www.gereso.com\/actualites\/wp-content\/uploads\/2013\/12\/avatar-gereso-1.png\",\"caption\":\"\u00c9quipe GERESO\"},\"url\":\"https:\/\/www.gereso.com\/actualites\/author\/gereso\/\"}]}<\/script>\n<!-- \/ Yoast SEO plugin. -->","yoast_head_json":{"title":"Dans quels cas un agent public peut-il cr\u00e9er ou reprendre une entreprise\u00a0? - Le Blog GERESO","robots":{"index":"index","follow":"follow","max-snippet":"max-snippet:-1","max-image-preview":"max-image-preview:large","max-video-preview":"max-video-preview:-1"},"canonical":"https:\/\/www.gereso.com\/actualites\/2025\/05\/13\/cas-agent-public-creer-reprendre-entreprise\/","og_locale":"fr_FR","og_type":"article","og_title":"Dans quels cas un agent public peut-il cr\u00e9er ou reprendre une entreprise\u00a0? - Le Blog GERESO","og_description":"Quelle proc\u00e9dure s\u2019applique&nbsp;? Conform\u00e9ment aux dispositions des articles L. 123-8 et R.123-14 du code g\u00e9n\u00e9ral de la fonction publique (CGFP) un agent qui occupe un emploi \u00e0 temps complet doit adresser une demande \u00e9crite d\u2019autorisation de service \u00e0 temps partiel \u00e0 l\u2019autorit\u00e9 administrative, pour cr\u00e9er ou reprendre une entreprise ou une activit\u00e9 lib\u00e9rale. Cette demande [&hellip;]","og_url":"https:\/\/www.gereso.com\/actualites\/2025\/05\/13\/cas-agent-public-creer-reprendre-entreprise\/","og_site_name":"Le Blog GERESO","article_published_time":"2025-05-13T09:13:24+00:00","article_modified_time":"2025-05-28T07:48:15+00:00","og_image":[{"width":600,"height":400,"url":"https:\/\/www.gereso.com\/actualites\/wp-content\/uploads\/2025\/05\/cas-agent-public-creer-reprendre-entreprise.jpg","type":"image\/jpeg"}],"author":"\u00c9quipe GERESO","twitter_card":"summary_large_image","schema":{"@context":"https:\/\/schema.org","@graph":[{"@type":"WebPage","@id":"https:\/\/www.gereso.com\/actualites\/2025\/05\/13\/cas-agent-public-creer-reprendre-entreprise\/","url":"https:\/\/www.gereso.com\/actualites\/2025\/05\/13\/cas-agent-public-creer-reprendre-entreprise\/","name":"Dans quels cas un agent public peut-il cr\u00e9er ou reprendre une entreprise\u00a0? - Le Blog GERESO","isPartOf":{"@id":"https:\/\/www.gereso.com\/actualites\/#website"},"primaryImageOfPage":{"@id":"https:\/\/www.gereso.com\/actualites\/2025\/05\/13\/cas-agent-public-creer-reprendre-entreprise\/#primaryimage"},"image":{"@id":"https:\/\/www.gereso.com\/actualites\/2025\/05\/13\/cas-agent-public-creer-reprendre-entreprise\/#primaryimage"},"thumbnailUrl":"https:\/\/www.gereso.com\/actualites\/wp-content\/uploads\/2025\/05\/cas-agent-public-creer-reprendre-entreprise.jpg","datePublished":"2025-05-13T09:13:24+00:00","dateModified":"2025-05-28T07:48:15+00:00","author":{"@id":"https:\/\/www.gereso.com\/actualites\/#\/schema\/person\/197d8aef40cb4ae3f6a0aa9e1d3df2a6"},"breadcrumb":{"@id":"https:\/\/www.gereso.com\/actualites\/2025\/05\/13\/cas-agent-public-creer-reprendre-entreprise\/#breadcrumb"},"inLanguage":"fr-FR","potentialAction":[{"@type":"ReadAction","target":["https:\/\/www.gereso.com\/actualites\/2025\/05\/13\/cas-agent-public-creer-reprendre-entreprise\/"]}]},{"@type":"ImageObject","inLanguage":"fr-FR","@id":"https:\/\/www.gereso.com\/actualites\/2025\/05\/13\/cas-agent-public-creer-reprendre-entreprise\/#primaryimage","url":"https:\/\/www.gereso.com\/actualites\/wp-content\/uploads\/2025\/05\/cas-agent-public-creer-reprendre-entreprise.jpg","contentUrl":"https:\/\/www.gereso.com\/actualites\/wp-content\/uploads\/2025\/05\/cas-agent-public-creer-reprendre-entreprise.jpg","width":600,"height":400,"caption":"Un agent public peut cr\u00e9er ou reprendre une entreprise sous conditions strictes et apr\u00e8s autorisation."},{"@type":"BreadcrumbList","@id":"https:\/\/www.gereso.com\/actualites\/2025\/05\/13\/cas-agent-public-creer-reprendre-entreprise\/#breadcrumb","itemListElement":[{"@type":"ListItem","position":1,"name":"Home","item":"https:\/\/www.gereso.com\/actualites\/"},{"@type":"ListItem","position":2,"name":"Dans quels cas un agent public peut-il cr\u00e9er ou reprendre une entreprise\u00a0?"}]},{"@type":"WebSite","@id":"https:\/\/www.gereso.com\/actualites\/#website","url":"https:\/\/www.gereso.com\/actualites\/","name":"Le Blog GERESO","description":"Toute l&#039;actu RH, Finance, Fonction Publique, Management...","potentialAction":[{"@type":"SearchAction","target":{"@type":"EntryPoint","urlTemplate":"https:\/\/www.gereso.com\/actualites\/?s={search_term_string}"},"query-input":{"@type":"PropertyValueSpecification","valueRequired":true,"valueName":"search_term_string"}}],"inLanguage":"fr-FR"},{"@type":"Person","@id":"https:\/\/www.gereso.com\/actualites\/#\/schema\/person\/197d8aef40cb4ae3f6a0aa9e1d3df2a6","name":"\u00c9quipe GERESO","image":{"@type":"ImageObject","inLanguage":"fr-FR","@id":"https:\/\/www.gereso.com\/actualites\/#\/schema\/person\/image\/","url":"https:\/\/www.gereso.com\/actualites\/wp-content\/uploads\/2013\/12\/avatar-gereso-1.png","contentUrl":"https:\/\/www.gereso.com\/actualites\/wp-content\/uploads\/2013\/12\/avatar-gereso-1.png","caption":"\u00c9quipe GERESO"},"url":"https:\/\/www.gereso.com\/actualites\/author\/gereso\/"}]}},"_links":{"self":[{"href":"https:\/\/www.gereso.com\/actualites\/wp-json\/wp\/v2\/posts\/44244","targetHints":{"allow":["GET"]}}],"collection":[{"href":"https:\/\/www.gereso.com\/actualites\/wp-json\/wp\/v2\/posts"}],"about":[{"href":"https:\/\/www.gereso.com\/actualites\/wp-json\/wp\/v2\/types\/post"}],"author":[{"embeddable":true,"href":"https:\/\/www.gereso.com\/actualites\/wp-json\/wp\/v2\/users\/32"}],"replies":[{"embeddable":true,"href":"https:\/\/www.gereso.com\/actualites\/wp-json\/wp\/v2\/comments?post=44244"}],"version-history":[{"count":21,"href":"https:\/\/www.gereso.com\/actualites\/wp-json\/wp\/v2\/posts\/44244\/revisions"}],"predecessor-version":[{"id":44361,"href":"https:\/\/www.gereso.com\/actualites\/wp-json\/wp\/v2\/posts\/44244\/revisions\/44361"}],"wp:featuredmedia":[{"embeddable":true,"href":"https:\/\/www.gereso.com\/actualites\/wp-json\/wp\/v2\/media\/44266"}],"wp:attachment":[{"href":"https:\/\/www.gereso.com\/actualites\/wp-json\/wp\/v2\/media?parent=44244"}],"wp:term":[{"taxonomy":"category","embeddable":true,"href":"https:\/\/www.gereso.com\/actualites\/wp-json\/wp\/v2\/categories?post=44244"},{"taxonomy":"post_tag","embeddable":true,"href":"https:\/\/www.gereso.com\/actualites\/wp-json\/wp\/v2\/tags?post=44244"}],"curies":[{"name":"wp","href":"https:\/\/api.w.org\/{rel}","templated":true}]}}