{"id":44283,"date":"2025-05-14T15:02:52","date_gmt":"2025-05-14T13:02:52","guid":{"rendered":"https:\/\/www.gereso.com\/actualites\/?p=44283"},"modified":"2025-05-14T15:02:54","modified_gmt":"2025-05-14T13:02:54","slug":"webinaire-vente-ethique-bienveillante-reconciliez-performance-commerciale-valeurs-humaines","status":"publish","type":"post","link":"https:\/\/www.gereso.com\/actualites\/2025\/05\/14\/webinaire-vente-ethique-bienveillante-reconciliez-performance-commerciale-valeurs-humaines\/","title":{"rendered":"Webinaire \u00ab La vente \u00e9thique et bienveillante : r\u00e9conciliez performance commerciale et valeurs humaines \u00bb"},"content":{"rendered":"\n<h2>D\u00e9tails de la conf\u00e9rence&nbsp;:<\/h2>\n<h3 class=\"section-title\"><span class=\"title-inner\" data-animation=\"fadeInRight\" data-animation-delay=\"500\">DATE&nbsp;:<\/span><\/h3>\n<p>Mercredi 30 avril 2025 de 10h00 \u00e0 11h00<\/p>\n<h3 class=\"section-title\"><span class=\"title-inner\" data-animation=\"fadeInRight\" data-animation-delay=\"500\">R\u00c9SUM\u00c9&nbsp;:<\/span><\/h3>\n<p>La vente souffre d\u2019un d\u00e9ficit d\u2019image. Trop souvent per\u00e7ue comme agressive ou manipulatrice, elle peine \u00e0 attirer de nouveaux talents et \u00e0 instaurer une v\u00e9ritable relation de confiance avec les clients. Et si une autre approche \u00e9tait possible&nbsp;?<\/p>\n\n<p>D\u00e9couvrez comment la vente \u00e9thique et bienveillante peut vous permettre d\u2019\u00eatre plus performant tout en restant fid\u00e8le \u00e0 vos valeurs&nbsp;!<\/p>\n\n<p>Dans ce webinaire exclusif, nous verrons comment r\u00e9humaniser la vente, b\u00e2tir des relations solides et durables avec vos clients et booster votre efficacit\u00e9 commerciale sans jamais forcer une vente.<\/p>\n\n<p>Rejoignez-nous et d\u00e9couvrez pourquoi les vendeurs \u00e9thiques et bienveillants sont les meilleurs vendeurs&nbsp;!<\/p>\n\n<h3 class=\"section-title\"><span class=\"title-inner\" data-animation=\"fadeInRight\" data-animation-delay=\"500\">OBJECTIFS DU WEBINAIRE&nbsp;:<\/span><\/h3>\n\n<ul>\n<li>Montrer comment une approche \u00e9thique et bienveillante peut booster la performance commerciale.<\/li>\n<li>Expliquer comment cette approche permet de fid\u00e9liser durablement les clients.<\/li>\n<li>Redorer l\u2019image du m\u00e9tier et attirer de nouveaux talents vers la vente.<\/li>\n<li>Donner des cl\u00e9s concr\u00e8tes pour adopter cette posture et faire la diff\u00e9rence sur le terrain.<\/li>\n\n<\/ul>\n\n\n<h3 class=\"section-title\"><span class=\"title-inner\" data-animation=\"fadeInRight\" data-animation-delay=\"500\">AU PROGRAMME&nbsp;:<\/span><\/h3>\n\n<ul>\n<li>Introduction<\/li>\n<li>Les 3 illusions de la vente traditionnelle<\/li>\n<li>L\u2019approche \u00e9thique et bienveillante en 3 piliers<\/li>\n<li>Pourquoi cette approche booste la performance&nbsp;?<\/li>\n<li>Les 3 secrets des meilleurs vendeurs \u00e9thiques <\/li>\n<li>Questions \/ r\u00e9ponses<\/li>\n<\/ul>\n\n<h3 class=\"section-title\"><span class=\"title-inner\" data-animation=\"fadeInRight\" data-animation-delay=\"500\">INTERVENANT&nbsp;:<\/span><\/h3>\n<p><strong>Fay\u00e7al NETICHE<\/strong> est pass\u00e9 par tous les \u00e9chelons de la vente : de vendeur \u00e0 manager commercial, de l\u2019op\u00e9rationnel \u00e0 la strat\u00e9gie. Aujourd\u2019hui cadre commercial, il est formateur en performance commerciale, jury d\u2019examen et mentor en d\u00e9veloppement commercial pour les cr\u00e9ateurs d\u2019entreprises.<\/p>\n\n\n\n<h3 class=\"section-title\"><span class=\"title-inner\" data-animation=\"fadeInRight\" data-animation-delay=\"500\">WEBINAIRE&nbsp;:<\/span><\/h3>\n<h4>Replay du webinaire&nbsp;: \u00ab\u00a0La vente \u00e9thique et bienveillante&nbsp;: r\u00e9conciliez performance commerciale et valeurs humaines\u00a0\u00bb&nbsp;:<\/h4>\n\n\n\n<figure class=\"wp-block-embed is-type-video is-provider-youtube wp-block-embed-youtube wp-embed-aspect-16-9 wp-has-aspect-ratio\"><div class=\"wp-block-embed__wrapper\">\n<iframe title=\"WEBINAIRE -  La vente \u00e9thique et bienveillante - Fay\u00e7al Netiche\" width=\"644\" height=\"362\" src=\"https:\/\/www.youtube.com\/embed\/Xa03VQTtObY?feature=oembed\" frameborder=\"0\" allow=\"accelerometer; autoplay; clipboard-write; encrypted-media; gyroscope; picture-in-picture; web-share\" referrerpolicy=\"strict-origin-when-cross-origin\" allowfullscreen><\/iframe>\n<\/div><\/figure>\n\n\n\n<p><h3 class=\"section-title\"><span class=\"title-inner\" data-animation=\"fadeInRight\" data-animation-delay=\"500\">DOCUMENT&nbsp;:<\/span><\/h3><\/p>\n\n\n\n\n\n<div data-wp-interactive=\"core\/file\" class=\"wp-block-file\"><object data-wp-bind--hidden=\"!state.hasPdfPreview\" hidden class=\"wp-block-file__embed\" data=\"https:\/\/www.gereso.com\/actualites\/wp-content\/uploads\/2025\/05\/Webinaire-GERESO-Vente-ethique-et-bienveillante.pdf\" type=\"application\/pdf\" style=\"width:100%;height:600px\" aria-label=\"Contenu embarqu\u00e9 Webinaire-GERESO-Vente \u00e9thique et bienveillante.\"><\/object><a id=\"wp-block-file--media-20e825b7-d661-41b4-a2ba-1fcfd3d70429\" href=\"https:\/\/www.gereso.com\/actualites\/wp-content\/uploads\/2025\/05\/Webinaire-GERESO-Vente-ethique-et-bienveillante.pdf\">Webinaire-GERESO-Vente \u00e9thique et bienveillante<\/a><a href=\"https:\/\/www.gereso.com\/actualites\/wp-content\/uploads\/2025\/05\/Webinaire-GERESO-Vente-ethique-et-bienveillante.pdf\" class=\"wp-block-file__button wp-element-button\" download aria-describedby=\"wp-block-file--media-20e825b7-d661-41b4-a2ba-1fcfd3d70429\">T\u00e9l\u00e9charger<\/a><\/div>\n\n\n\n<p><article class=\"obj_encart-formation\">\n<div class=\"ctn_encart\">\n<h3>L&rsquo;ouvrage<\/h3>\n<h2>&nbsp;LA VENTE \u00c9THIQUE ET BIENVEILLANTE&nbsp;<\/h2>\n\n<p><strong><img decoding=\"async\" class=\"size-full wp-image-8994 alignleft\" src=\"https:\/\/www.gereso.com\/actualites\/wp-content\/uploads\/2025\/05\/VEEB.jpg\" alt=\"60 minutes pour apprendre \u00e0 \u00e9crire une histoire\" width=\"140\" height=\"130\"><\/strong><\/p>\n\n\n<p>Pourquoi tant de commerciaux souffrent-ils d\u2019une si mauvaise r\u00e9putation ?<\/p>\n\n<p>Trop souvent, la vente s\u2019est orient\u00e9e vers la quantit\u00e9 plut\u00f4t que la qualit\u00e9, avec des pratiques parfois douteuses et des relations \u00e9ph\u00e9m\u00e8res.<\/p>\n\n<p>Mais \u00e0 l\u2019\u00e8re du num\u00e9rique, o\u00f9 tout est accessible en un clic, les commerciaux doivent prouver leur valeur ajout\u00e9e pour se d\u00e9marquer.<\/p>\n\n<p>L\u2019\u00e9poque de la commission \u00e0 tout prix est r\u00e9volue&nbsp;!<\/p>\n\n<p>L\u2019auteur vous d\u00e9voile une approche positive du m\u00e9tier, s\u2019inspirant des secrets des meilleurs vendeurs, pour forger des relations solides et b\u00e9n\u00e9fiques avec les clients.<\/p>\n\n<p>Confiance, loyaut\u00e9 et bienveillance sont d\u00e9sormais les ma\u00eetres-mots, transformant les commerciaux en v\u00e9ritables apporteurs de solutions.<\/p>\n\n<p>D\u00e9couvrez comment am\u00e9liorer votre pratique de la vente pour faire la diff\u00e9rence dans un monde exigeant et en constante \u00e9volution.<\/p>\n\n<p>Bien plus qu\u2019une nouvelle strat\u00e9gie commerciale, ce livre ouvre la voie vers un commerce plus \u00e9thique, durable et gratifiant.<\/p>\n\n<p>&nbsp;<\/p>\n<div class=\"ctn_btn\">\n<a class=\"obj_btn\" target=\"_blank\" href=\"https:\/\/librairie.gereso.com\/livre-entreprise\/marketing-et-commercial\/la-vente-ethique-et-bienveillante-veeb.html\" rel=\"noopener\"><span>En savoir plus<\/span><\/a>\n<\/div>\n<\/div>\n<\/article><\/p>\n","protected":false},"excerpt":{"rendered":"<p>D\u00e9tails de la conf\u00e9rence&nbsp;: DATE&nbsp;: Mercredi 30 avril 2025 de 10h00 \u00e0 11h00 R\u00c9SUM\u00c9&nbsp;: La vente souffre d\u2019un d\u00e9ficit d\u2019image. Trop souvent per\u00e7ue comme agressive ou manipulatrice, elle peine \u00e0 attirer de nouveaux talents et \u00e0 instaurer une v\u00e9ritable relation de confiance avec les clients. Et si une autre approche \u00e9tait possible&nbsp;? D\u00e9couvrez comment la [&hellip;]<\/p>\n","protected":false},"author":32,"featured_media":0,"comment_status":"open","ping_status":"open","sticky":false,"template":"","format":"standard","meta":{"_acf_changed":false,"_mi_skip_tracking":false,"footnotes":""},"categories":[12,2262],"tags":[],"class_list":["post-44283","post","type-post","status-publish","format-standard","hentry","category-actualites","category-marketing-performance-commerciale"],"acf":[],"yoast_head":"<!-- This site is optimized with the Yoast SEO plugin v23.4 - https:\/\/yoast.com\/wordpress\/plugins\/seo\/ -->\n<title>Webinaire \u00ab La vente \u00e9thique et bienveillante : r\u00e9conciliez performance commerciale et valeurs humaines \u00bb - Le Blog GERESO<\/title>\n<meta name=\"robots\" content=\"index, follow, max-snippet:-1, max-image-preview:large, max-video-preview:-1\" \/>\n<link rel=\"canonical\" href=\"https:\/\/www.gereso.com\/actualites\/2025\/05\/14\/webinaire-vente-ethique-bienveillante-reconciliez-performance-commerciale-valeurs-humaines\/\" \/>\n<meta property=\"og:locale\" content=\"fr_FR\" \/>\n<meta property=\"og:type\" content=\"article\" \/>\n<meta property=\"og:title\" content=\"Webinaire \u00ab La vente \u00e9thique et bienveillante : r\u00e9conciliez performance commerciale et valeurs humaines \u00bb - Le Blog GERESO\" \/>\n<meta property=\"og:description\" content=\"D\u00e9tails de la conf\u00e9rence&nbsp;: DATE&nbsp;: Mercredi 30 avril 2025 de 10h00 \u00e0 11h00 R\u00c9SUM\u00c9&nbsp;: La vente souffre d\u2019un d\u00e9ficit d\u2019image. Trop souvent per\u00e7ue comme agressive ou manipulatrice, elle peine \u00e0 attirer de nouveaux talents et \u00e0 instaurer une v\u00e9ritable relation de confiance avec les clients. Et si une autre approche \u00e9tait possible&nbsp;? D\u00e9couvrez comment la [&hellip;]\" \/>\n<meta property=\"og:url\" content=\"https:\/\/www.gereso.com\/actualites\/2025\/05\/14\/webinaire-vente-ethique-bienveillante-reconciliez-performance-commerciale-valeurs-humaines\/\" \/>\n<meta property=\"og:site_name\" content=\"Le Blog GERESO\" \/>\n<meta property=\"article:published_time\" content=\"2025-05-14T13:02:52+00:00\" \/>\n<meta property=\"article:modified_time\" content=\"2025-05-14T13:02:54+00:00\" \/>\n<meta property=\"og:image\" content=\"https:\/\/www.gereso.com\/actualites\/wp-content\/uploads\/2025\/05\/VEEB.jpg\" \/>\n<meta name=\"author\" content=\"\u00c9quipe GERESO\" \/>\n<meta name=\"twitter:card\" content=\"summary_large_image\" \/>\n<script type=\"application\/ld+json\" class=\"yoast-schema-graph\">{\"@context\":\"https:\/\/schema.org\",\"@graph\":[{\"@type\":\"WebPage\",\"@id\":\"https:\/\/www.gereso.com\/actualites\/2025\/05\/14\/webinaire-vente-ethique-bienveillante-reconciliez-performance-commerciale-valeurs-humaines\/\",\"url\":\"https:\/\/www.gereso.com\/actualites\/2025\/05\/14\/webinaire-vente-ethique-bienveillante-reconciliez-performance-commerciale-valeurs-humaines\/\",\"name\":\"Webinaire \u00ab La vente \u00e9thique et bienveillante : r\u00e9conciliez performance commerciale et valeurs humaines \u00bb - Le Blog GERESO\",\"isPartOf\":{\"@id\":\"https:\/\/www.gereso.com\/actualites\/#website\"},\"primaryImageOfPage\":{\"@id\":\"https:\/\/www.gereso.com\/actualites\/2025\/05\/14\/webinaire-vente-ethique-bienveillante-reconciliez-performance-commerciale-valeurs-humaines\/#primaryimage\"},\"image\":{\"@id\":\"https:\/\/www.gereso.com\/actualites\/2025\/05\/14\/webinaire-vente-ethique-bienveillante-reconciliez-performance-commerciale-valeurs-humaines\/#primaryimage\"},\"thumbnailUrl\":\"https:\/\/www.gereso.com\/actualites\/wp-content\/uploads\/2025\/05\/VEEB.jpg\",\"datePublished\":\"2025-05-14T13:02:52+00:00\",\"dateModified\":\"2025-05-14T13:02:54+00:00\",\"author\":{\"@id\":\"https:\/\/www.gereso.com\/actualites\/#\/schema\/person\/197d8aef40cb4ae3f6a0aa9e1d3df2a6\"},\"breadcrumb\":{\"@id\":\"https:\/\/www.gereso.com\/actualites\/2025\/05\/14\/webinaire-vente-ethique-bienveillante-reconciliez-performance-commerciale-valeurs-humaines\/#breadcrumb\"},\"inLanguage\":\"fr-FR\",\"potentialAction\":[{\"@type\":\"ReadAction\",\"target\":[\"https:\/\/www.gereso.com\/actualites\/2025\/05\/14\/webinaire-vente-ethique-bienveillante-reconciliez-performance-commerciale-valeurs-humaines\/\"]}]},{\"@type\":\"ImageObject\",\"inLanguage\":\"fr-FR\",\"@id\":\"https:\/\/www.gereso.com\/actualites\/2025\/05\/14\/webinaire-vente-ethique-bienveillante-reconciliez-performance-commerciale-valeurs-humaines\/#primaryimage\",\"url\":\"https:\/\/www.gereso.com\/actualites\/wp-content\/uploads\/2018\/02\/nadine-egault.jpg\",\"contentUrl\":\"https:\/\/www.gereso.com\/actualites\/wp-content\/uploads\/2018\/02\/nadine-egault.jpg\",\"width\":100,\"height\":113,\"caption\":\"nadine egault consultante retraite gereso\"},{\"@type\":\"BreadcrumbList\",\"@id\":\"https:\/\/www.gereso.com\/actualites\/2025\/05\/14\/webinaire-vente-ethique-bienveillante-reconciliez-performance-commerciale-valeurs-humaines\/#breadcrumb\",\"itemListElement\":[{\"@type\":\"ListItem\",\"position\":1,\"name\":\"Home\",\"item\":\"https:\/\/www.gereso.com\/actualites\/\"},{\"@type\":\"ListItem\",\"position\":2,\"name\":\"Webinaire \u00ab La vente \u00e9thique et bienveillante : r\u00e9conciliez performance commerciale et valeurs humaines \u00bb\"}]},{\"@type\":\"WebSite\",\"@id\":\"https:\/\/www.gereso.com\/actualites\/#website\",\"url\":\"https:\/\/www.gereso.com\/actualites\/\",\"name\":\"Le Blog GERESO\",\"description\":\"Toute l&#039;actu RH, Finance, Fonction Publique, Management...\",\"potentialAction\":[{\"@type\":\"SearchAction\",\"target\":{\"@type\":\"EntryPoint\",\"urlTemplate\":\"https:\/\/www.gereso.com\/actualites\/?s={search_term_string}\"},\"query-input\":{\"@type\":\"PropertyValueSpecification\",\"valueRequired\":true,\"valueName\":\"search_term_string\"}}],\"inLanguage\":\"fr-FR\"},{\"@type\":\"Person\",\"@id\":\"https:\/\/www.gereso.com\/actualites\/#\/schema\/person\/197d8aef40cb4ae3f6a0aa9e1d3df2a6\",\"name\":\"\u00c9quipe GERESO\",\"image\":{\"@type\":\"ImageObject\",\"inLanguage\":\"fr-FR\",\"@id\":\"https:\/\/www.gereso.com\/actualites\/#\/schema\/person\/image\/\",\"url\":\"https:\/\/www.gereso.com\/actualites\/wp-content\/uploads\/2013\/12\/avatar-gereso-1.png\",\"contentUrl\":\"https:\/\/www.gereso.com\/actualites\/wp-content\/uploads\/2013\/12\/avatar-gereso-1.png\",\"caption\":\"\u00c9quipe GERESO\"},\"url\":\"https:\/\/www.gereso.com\/actualites\/author\/gereso\/\"}]}<\/script>\n<!-- \/ Yoast SEO plugin. -->","yoast_head_json":{"title":"Webinaire \u00ab La vente \u00e9thique et bienveillante : r\u00e9conciliez performance commerciale et valeurs humaines \u00bb - Le Blog GERESO","robots":{"index":"index","follow":"follow","max-snippet":"max-snippet:-1","max-image-preview":"max-image-preview:large","max-video-preview":"max-video-preview:-1"},"canonical":"https:\/\/www.gereso.com\/actualites\/2025\/05\/14\/webinaire-vente-ethique-bienveillante-reconciliez-performance-commerciale-valeurs-humaines\/","og_locale":"fr_FR","og_type":"article","og_title":"Webinaire \u00ab La vente \u00e9thique et bienveillante : r\u00e9conciliez performance commerciale et valeurs humaines \u00bb - Le Blog GERESO","og_description":"D\u00e9tails de la conf\u00e9rence&nbsp;: DATE&nbsp;: Mercredi 30 avril 2025 de 10h00 \u00e0 11h00 R\u00c9SUM\u00c9&nbsp;: La vente souffre d\u2019un d\u00e9ficit d\u2019image. Trop souvent per\u00e7ue comme agressive ou manipulatrice, elle peine \u00e0 attirer de nouveaux talents et \u00e0 instaurer une v\u00e9ritable relation de confiance avec les clients. Et si une autre approche \u00e9tait possible&nbsp;? D\u00e9couvrez comment la [&hellip;]","og_url":"https:\/\/www.gereso.com\/actualites\/2025\/05\/14\/webinaire-vente-ethique-bienveillante-reconciliez-performance-commerciale-valeurs-humaines\/","og_site_name":"Le Blog GERESO","article_published_time":"2025-05-14T13:02:52+00:00","article_modified_time":"2025-05-14T13:02:54+00:00","og_image":[{"url":"https:\/\/www.gereso.com\/actualites\/wp-content\/uploads\/2025\/05\/VEEB.jpg"}],"author":"\u00c9quipe GERESO","twitter_card":"summary_large_image","schema":{"@context":"https:\/\/schema.org","@graph":[{"@type":"WebPage","@id":"https:\/\/www.gereso.com\/actualites\/2025\/05\/14\/webinaire-vente-ethique-bienveillante-reconciliez-performance-commerciale-valeurs-humaines\/","url":"https:\/\/www.gereso.com\/actualites\/2025\/05\/14\/webinaire-vente-ethique-bienveillante-reconciliez-performance-commerciale-valeurs-humaines\/","name":"Webinaire \u00ab La vente \u00e9thique et bienveillante : r\u00e9conciliez performance commerciale et valeurs humaines \u00bb - Le Blog GERESO","isPartOf":{"@id":"https:\/\/www.gereso.com\/actualites\/#website"},"primaryImageOfPage":{"@id":"https:\/\/www.gereso.com\/actualites\/2025\/05\/14\/webinaire-vente-ethique-bienveillante-reconciliez-performance-commerciale-valeurs-humaines\/#primaryimage"},"image":{"@id":"https:\/\/www.gereso.com\/actualites\/2025\/05\/14\/webinaire-vente-ethique-bienveillante-reconciliez-performance-commerciale-valeurs-humaines\/#primaryimage"},"thumbnailUrl":"https:\/\/www.gereso.com\/actualites\/wp-content\/uploads\/2025\/05\/VEEB.jpg","datePublished":"2025-05-14T13:02:52+00:00","dateModified":"2025-05-14T13:02:54+00:00","author":{"@id":"https:\/\/www.gereso.com\/actualites\/#\/schema\/person\/197d8aef40cb4ae3f6a0aa9e1d3df2a6"},"breadcrumb":{"@id":"https:\/\/www.gereso.com\/actualites\/2025\/05\/14\/webinaire-vente-ethique-bienveillante-reconciliez-performance-commerciale-valeurs-humaines\/#breadcrumb"},"inLanguage":"fr-FR","potentialAction":[{"@type":"ReadAction","target":["https:\/\/www.gereso.com\/actualites\/2025\/05\/14\/webinaire-vente-ethique-bienveillante-reconciliez-performance-commerciale-valeurs-humaines\/"]}]},{"@type":"ImageObject","inLanguage":"fr-FR","@id":"https:\/\/www.gereso.com\/actualites\/2025\/05\/14\/webinaire-vente-ethique-bienveillante-reconciliez-performance-commerciale-valeurs-humaines\/#primaryimage","url":"https:\/\/www.gereso.com\/actualites\/wp-content\/uploads\/2018\/02\/nadine-egault.jpg","contentUrl":"https:\/\/www.gereso.com\/actualites\/wp-content\/uploads\/2018\/02\/nadine-egault.jpg","width":100,"height":113,"caption":"nadine egault consultante retraite gereso"},{"@type":"BreadcrumbList","@id":"https:\/\/www.gereso.com\/actualites\/2025\/05\/14\/webinaire-vente-ethique-bienveillante-reconciliez-performance-commerciale-valeurs-humaines\/#breadcrumb","itemListElement":[{"@type":"ListItem","position":1,"name":"Home","item":"https:\/\/www.gereso.com\/actualites\/"},{"@type":"ListItem","position":2,"name":"Webinaire \u00ab La vente \u00e9thique et bienveillante : r\u00e9conciliez performance commerciale et valeurs humaines \u00bb"}]},{"@type":"WebSite","@id":"https:\/\/www.gereso.com\/actualites\/#website","url":"https:\/\/www.gereso.com\/actualites\/","name":"Le Blog GERESO","description":"Toute l&#039;actu RH, Finance, Fonction Publique, Management...","potentialAction":[{"@type":"SearchAction","target":{"@type":"EntryPoint","urlTemplate":"https:\/\/www.gereso.com\/actualites\/?s={search_term_string}"},"query-input":{"@type":"PropertyValueSpecification","valueRequired":true,"valueName":"search_term_string"}}],"inLanguage":"fr-FR"},{"@type":"Person","@id":"https:\/\/www.gereso.com\/actualites\/#\/schema\/person\/197d8aef40cb4ae3f6a0aa9e1d3df2a6","name":"\u00c9quipe GERESO","image":{"@type":"ImageObject","inLanguage":"fr-FR","@id":"https:\/\/www.gereso.com\/actualites\/#\/schema\/person\/image\/","url":"https:\/\/www.gereso.com\/actualites\/wp-content\/uploads\/2013\/12\/avatar-gereso-1.png","contentUrl":"https:\/\/www.gereso.com\/actualites\/wp-content\/uploads\/2013\/12\/avatar-gereso-1.png","caption":"\u00c9quipe GERESO"},"url":"https:\/\/www.gereso.com\/actualites\/author\/gereso\/"}]}},"_links":{"self":[{"href":"https:\/\/www.gereso.com\/actualites\/wp-json\/wp\/v2\/posts\/44283","targetHints":{"allow":["GET"]}}],"collection":[{"href":"https:\/\/www.gereso.com\/actualites\/wp-json\/wp\/v2\/posts"}],"about":[{"href":"https:\/\/www.gereso.com\/actualites\/wp-json\/wp\/v2\/types\/post"}],"author":[{"embeddable":true,"href":"https:\/\/www.gereso.com\/actualites\/wp-json\/wp\/v2\/users\/32"}],"replies":[{"embeddable":true,"href":"https:\/\/www.gereso.com\/actualites\/wp-json\/wp\/v2\/comments?post=44283"}],"version-history":[{"count":9,"href":"https:\/\/www.gereso.com\/actualites\/wp-json\/wp\/v2\/posts\/44283\/revisions"}],"predecessor-version":[{"id":44298,"href":"https:\/\/www.gereso.com\/actualites\/wp-json\/wp\/v2\/posts\/44283\/revisions\/44298"}],"wp:attachment":[{"href":"https:\/\/www.gereso.com\/actualites\/wp-json\/wp\/v2\/media?parent=44283"}],"wp:term":[{"taxonomy":"category","embeddable":true,"href":"https:\/\/www.gereso.com\/actualites\/wp-json\/wp\/v2\/categories?post=44283"},{"taxonomy":"post_tag","embeddable":true,"href":"https:\/\/www.gereso.com\/actualites\/wp-json\/wp\/v2\/tags?post=44283"}],"curies":[{"name":"wp","href":"https:\/\/api.w.org\/{rel}","templated":true}]}}