{"id":4437,"date":"2015-08-12T11:21:21","date_gmt":"2015-08-12T09:21:21","guid":{"rendered":"https:\/\/www.gereso.com\/actualites\/?p=4437"},"modified":"2015-08-12T11:21:21","modified_gmt":"2015-08-12T09:21:21","slug":"quel-est-le-seuil-d-effectif-rendant-obligatoire-la-presence-d-administrateurs-salaries-au-conseil-d-administration","status":"publish","type":"post","link":"https:\/\/www.gereso.com\/actualites\/2015\/08\/12\/quel-est-le-seuil-d-effectif-rendant-obligatoire-la-presence-d-administrateurs-salaries-au-conseil-d-administration\/","title":{"rendered":"Quel est le seuil d\u2019effectif rendant obligatoire la pr\u00e9sence d\u2019administrateurs salari\u00e9s au conseil d\u2019administration&nbsp;?\u00a0\u00a0\u00a0"},"content":{"rendered":"<p>Si actuellement l\u2019obligation concerne les entreprises dont le si\u00e8ge est en France et qui ont plus de 5\u00a0000 salari\u00e9s ainsi que celles de plus de 10\u00a0000 dont le si\u00e8ge est \u00e0 l\u2019\u00e9tranger, ces seuils devraient \u00eatre respectivement abaiss\u00e9s \u00e0 1 000 et \u00e0 5\u00a0000 salari\u00e9s.<\/p>\n<p>Ces administrateurs doivent disposer d\u2019un temps de pr\u00e9paration, fix\u00e9 par le conseil d\u2019administration, qui ne peut \u00eatre inf\u00e9rieur \u00e0 15 heures, ni sup\u00e9rieur \u00e0 la moiti\u00e9 de la dur\u00e9e l\u00e9gale du travail, sachant que ce temps est assimil\u00e9 \u00e0 du travail effectif. En outre, ils peuvent demander \u00e0 b\u00e9n\u00e9ficier d\u2019une formation de 20 heures par an dont le co\u00fbt est \u00e0 la charge de l\u2019entreprise.<\/p>\n<p>(projet de loi Rebsamen et d\u00e9cret no 2015-606)<\/p>\n","protected":false},"excerpt":{"rendered":"<p>Si actuellement l\u2019obligation concerne les entreprises dont le si\u00e8ge est en France et qui ont plus de 5\u00a0000 salari\u00e9s ainsi que celles de plus de 10\u00a0000 dont le si\u00e8ge est \u00e0 l\u2019\u00e9tranger, ces seuils devraient \u00eatre respectivement abaiss\u00e9s \u00e0 1 000 et \u00e0 5\u00a0000 salari\u00e9s. Ces administrateurs doivent disposer d\u2019un temps de pr\u00e9paration, fix\u00e9 par [&hellip;]<\/p>\n","protected":false},"author":12,"featured_media":3985,"comment_status":"open","ping_status":"open","sticky":false,"template":"","format":"standard","meta":{"_acf_changed":false,"_mi_skip_tracking":false,"footnotes":""},"categories":[12,5],"tags":[789,790,791],"class_list":["post-4437","post","type-post","status-publish","format-standard","has-post-thumbnail","hentry","category-actualites","category-droit-du-travail","tag-administrateur","tag-conseil-dadministration","tag-effectif"],"acf":[],"yoast_head":"<!-- This site is optimized with the Yoast SEO plugin v23.4 - https:\/\/yoast.com\/wordpress\/plugins\/seo\/ -->\n<title>Quel est le seuil d\u2019effectif rendant obligatoire la pr\u00e9sence d\u2019administrateurs salari\u00e9s au conseil d\u2019administration&nbsp;?\u00a0\u00a0\u00a0 - Le Blog GERESO<\/title>\n<meta name=\"robots\" content=\"index, follow, max-snippet:-1, max-image-preview:large, max-video-preview:-1\" \/>\n<link rel=\"canonical\" href=\"https:\/\/www.gereso.com\/actualites\/2015\/08\/12\/quel-est-le-seuil-d-effectif-rendant-obligatoire-la-presence-d-administrateurs-salaries-au-conseil-d-administration\/\" \/>\n<meta property=\"og:locale\" content=\"fr_FR\" \/>\n<meta property=\"og:type\" content=\"article\" \/>\n<meta property=\"og:title\" content=\"Quel est le seuil d\u2019effectif rendant obligatoire la pr\u00e9sence d\u2019administrateurs salari\u00e9s au conseil d\u2019administration&nbsp;?\u00a0\u00a0\u00a0 - Le Blog GERESO\" \/>\n<meta property=\"og:description\" content=\"Si actuellement l\u2019obligation concerne les entreprises dont le si\u00e8ge est en France et qui ont plus de 5\u00a0000 salari\u00e9s ainsi que celles de plus de 10\u00a0000 dont le si\u00e8ge est \u00e0 l\u2019\u00e9tranger, ces seuils devraient \u00eatre respectivement abaiss\u00e9s \u00e0 1 000 et \u00e0 5\u00a0000 salari\u00e9s. Ces administrateurs doivent disposer d\u2019un temps de pr\u00e9paration, fix\u00e9 par [&hellip;]\" \/>\n<meta property=\"og:url\" content=\"https:\/\/www.gereso.com\/actualites\/2015\/08\/12\/quel-est-le-seuil-d-effectif-rendant-obligatoire-la-presence-d-administrateurs-salaries-au-conseil-d-administration\/\" \/>\n<meta property=\"og:site_name\" content=\"Le Blog GERESO\" \/>\n<meta property=\"article:published_time\" content=\"2015-08-12T09:21:21+00:00\" \/>\n<meta property=\"og:image\" content=\"https:\/\/www.gereso.com\/actualites\/wp-content\/uploads\/2015\/05\/Les-Rendez-vous-de-GERESO-1.jpg\" \/>\n\t<meta property=\"og:image:width\" content=\"528\" \/>\n\t<meta property=\"og:image:height\" content=\"352\" \/>\n\t<meta property=\"og:image:type\" content=\"image\/jpeg\" \/>\n<meta name=\"author\" content=\"Anne-Lise Douat\" \/>\n<meta name=\"twitter:card\" content=\"summary_large_image\" \/>\n<script type=\"application\/ld+json\" class=\"yoast-schema-graph\">{\"@context\":\"https:\/\/schema.org\",\"@graph\":[{\"@type\":\"WebPage\",\"@id\":\"https:\/\/www.gereso.com\/actualites\/2015\/08\/12\/quel-est-le-seuil-d-effectif-rendant-obligatoire-la-presence-d-administrateurs-salaries-au-conseil-d-administration\/\",\"url\":\"https:\/\/www.gereso.com\/actualites\/2015\/08\/12\/quel-est-le-seuil-d-effectif-rendant-obligatoire-la-presence-d-administrateurs-salaries-au-conseil-d-administration\/\",\"name\":\"Quel est le seuil d\u2019effectif rendant obligatoire la pr\u00e9sence d\u2019administrateurs salari\u00e9s au conseil d\u2019administration&nbsp;?\u00a0\u00a0\u00a0 - Le Blog GERESO\",\"isPartOf\":{\"@id\":\"https:\/\/www.gereso.com\/actualites\/#website\"},\"primaryImageOfPage\":{\"@id\":\"https:\/\/www.gereso.com\/actualites\/2015\/08\/12\/quel-est-le-seuil-d-effectif-rendant-obligatoire-la-presence-d-administrateurs-salaries-au-conseil-d-administration\/#primaryimage\"},\"image\":{\"@id\":\"https:\/\/www.gereso.com\/actualites\/2015\/08\/12\/quel-est-le-seuil-d-effectif-rendant-obligatoire-la-presence-d-administrateurs-salaries-au-conseil-d-administration\/#primaryimage\"},\"thumbnailUrl\":\"https:\/\/www.gereso.com\/actualites\/wp-content\/uploads\/2015\/05\/Les-Rendez-vous-de-GERESO-1.jpg\",\"datePublished\":\"2015-08-12T09:21:21+00:00\",\"dateModified\":\"2015-08-12T09:21:21+00:00\",\"author\":{\"@id\":\"https:\/\/www.gereso.com\/actualites\/#\/schema\/person\/f9b9cd95b838e92d2022ffafbaa46491\"},\"breadcrumb\":{\"@id\":\"https:\/\/www.gereso.com\/actualites\/2015\/08\/12\/quel-est-le-seuil-d-effectif-rendant-obligatoire-la-presence-d-administrateurs-salaries-au-conseil-d-administration\/#breadcrumb\"},\"inLanguage\":\"fr-FR\",\"potentialAction\":[{\"@type\":\"ReadAction\",\"target\":[\"https:\/\/www.gereso.com\/actualites\/2015\/08\/12\/quel-est-le-seuil-d-effectif-rendant-obligatoire-la-presence-d-administrateurs-salaries-au-conseil-d-administration\/\"]}]},{\"@type\":\"ImageObject\",\"inLanguage\":\"fr-FR\",\"@id\":\"https:\/\/www.gereso.com\/actualites\/2015\/08\/12\/quel-est-le-seuil-d-effectif-rendant-obligatoire-la-presence-d-administrateurs-salaries-au-conseil-d-administration\/#primaryimage\",\"url\":\"https:\/\/www.gereso.com\/actualites\/wp-content\/uploads\/2015\/05\/Les-Rendez-vous-de-GERESO-1.jpg\",\"contentUrl\":\"https:\/\/www.gereso.com\/actualites\/wp-content\/uploads\/2015\/05\/Les-Rendez-vous-de-GERESO-1.jpg\",\"width\":528,\"height\":352,\"caption\":\"Les Rendez-vous de GERESO\"},{\"@type\":\"BreadcrumbList\",\"@id\":\"https:\/\/www.gereso.com\/actualites\/2015\/08\/12\/quel-est-le-seuil-d-effectif-rendant-obligatoire-la-presence-d-administrateurs-salaries-au-conseil-d-administration\/#breadcrumb\",\"itemListElement\":[{\"@type\":\"ListItem\",\"position\":1,\"name\":\"Home\",\"item\":\"https:\/\/www.gereso.com\/actualites\/\"},{\"@type\":\"ListItem\",\"position\":2,\"name\":\"Quel est le seuil d\u2019effectif rendant obligatoire la pr\u00e9sence d\u2019administrateurs salari\u00e9s au conseil d\u2019administration&nbsp;?\u00a0\u00a0\u00a0\"}]},{\"@type\":\"WebSite\",\"@id\":\"https:\/\/www.gereso.com\/actualites\/#website\",\"url\":\"https:\/\/www.gereso.com\/actualites\/\",\"name\":\"Le Blog GERESO\",\"description\":\"Toute l&#039;actu RH, Finance, Fonction Publique, Management...\",\"potentialAction\":[{\"@type\":\"SearchAction\",\"target\":{\"@type\":\"EntryPoint\",\"urlTemplate\":\"https:\/\/www.gereso.com\/actualites\/?s={search_term_string}\"},\"query-input\":{\"@type\":\"PropertyValueSpecification\",\"valueRequired\":true,\"valueName\":\"search_term_string\"}}],\"inLanguage\":\"fr-FR\"},{\"@type\":\"Person\",\"@id\":\"https:\/\/www.gereso.com\/actualites\/#\/schema\/person\/f9b9cd95b838e92d2022ffafbaa46491\",\"name\":\"Anne-Lise Douat\",\"image\":{\"@type\":\"ImageObject\",\"inLanguage\":\"fr-FR\",\"@id\":\"https:\/\/www.gereso.com\/actualites\/#\/schema\/person\/image\/\",\"url\":\"https:\/\/www.gereso.com\/actualites\/wp-content\/uploads\/2012\/03\/anne-lise-douat-1-144x144.png\",\"contentUrl\":\"https:\/\/www.gereso.com\/actualites\/wp-content\/uploads\/2012\/03\/anne-lise-douat-1-144x144.png\",\"caption\":\"Anne-Lise Douat\"},\"description\":\"Consultante en droit social et mobilit\u00e9 internationale pour GERESO. Elle intervient au cours de formations inter et intra-entreprises sur les th\u00e8mes de la gestion des salari\u00e9s expatri\u00e9s, impatri\u00e9s et de la r\u00e9glementation du travail en France et \u00e0 l'international. Elle est \u00e9galement l'auteur de l'ouvrage \u00ab\u00a0La Protection Sociale en Europe\u00a0\u00bb, et collabore \u00e0 l'actualisation r\u00e9guli\u00e8re du best-seller \u00ab La Mobilit\u00e9 Internationale\u00a0\u00bb\",\"url\":\"https:\/\/www.gereso.com\/actualites\/author\/a-douat\/\"}]}<\/script>\n<!-- \/ Yoast SEO plugin. -->","yoast_head_json":{"title":"Quel est le seuil d\u2019effectif rendant obligatoire la pr\u00e9sence d\u2019administrateurs salari\u00e9s au conseil d\u2019administration&nbsp;?\u00a0\u00a0\u00a0 - Le Blog GERESO","robots":{"index":"index","follow":"follow","max-snippet":"max-snippet:-1","max-image-preview":"max-image-preview:large","max-video-preview":"max-video-preview:-1"},"canonical":"https:\/\/www.gereso.com\/actualites\/2015\/08\/12\/quel-est-le-seuil-d-effectif-rendant-obligatoire-la-presence-d-administrateurs-salaries-au-conseil-d-administration\/","og_locale":"fr_FR","og_type":"article","og_title":"Quel est le seuil d\u2019effectif rendant obligatoire la pr\u00e9sence d\u2019administrateurs salari\u00e9s au conseil d\u2019administration&nbsp;?\u00a0\u00a0\u00a0 - Le Blog GERESO","og_description":"Si actuellement l\u2019obligation concerne les entreprises dont le si\u00e8ge est en France et qui ont plus de 5\u00a0000 salari\u00e9s ainsi que celles de plus de 10\u00a0000 dont le si\u00e8ge est \u00e0 l\u2019\u00e9tranger, ces seuils devraient \u00eatre respectivement abaiss\u00e9s \u00e0 1 000 et \u00e0 5\u00a0000 salari\u00e9s. Ces administrateurs doivent disposer d\u2019un temps de pr\u00e9paration, fix\u00e9 par [&hellip;]","og_url":"https:\/\/www.gereso.com\/actualites\/2015\/08\/12\/quel-est-le-seuil-d-effectif-rendant-obligatoire-la-presence-d-administrateurs-salaries-au-conseil-d-administration\/","og_site_name":"Le Blog GERESO","article_published_time":"2015-08-12T09:21:21+00:00","og_image":[{"width":528,"height":352,"url":"https:\/\/www.gereso.com\/actualites\/wp-content\/uploads\/2015\/05\/Les-Rendez-vous-de-GERESO-1.jpg","type":"image\/jpeg"}],"author":"Anne-Lise Douat","twitter_card":"summary_large_image","schema":{"@context":"https:\/\/schema.org","@graph":[{"@type":"WebPage","@id":"https:\/\/www.gereso.com\/actualites\/2015\/08\/12\/quel-est-le-seuil-d-effectif-rendant-obligatoire-la-presence-d-administrateurs-salaries-au-conseil-d-administration\/","url":"https:\/\/www.gereso.com\/actualites\/2015\/08\/12\/quel-est-le-seuil-d-effectif-rendant-obligatoire-la-presence-d-administrateurs-salaries-au-conseil-d-administration\/","name":"Quel est le seuil d\u2019effectif rendant obligatoire la pr\u00e9sence d\u2019administrateurs salari\u00e9s au conseil d\u2019administration&nbsp;?\u00a0\u00a0\u00a0 - Le Blog GERESO","isPartOf":{"@id":"https:\/\/www.gereso.com\/actualites\/#website"},"primaryImageOfPage":{"@id":"https:\/\/www.gereso.com\/actualites\/2015\/08\/12\/quel-est-le-seuil-d-effectif-rendant-obligatoire-la-presence-d-administrateurs-salaries-au-conseil-d-administration\/#primaryimage"},"image":{"@id":"https:\/\/www.gereso.com\/actualites\/2015\/08\/12\/quel-est-le-seuil-d-effectif-rendant-obligatoire-la-presence-d-administrateurs-salaries-au-conseil-d-administration\/#primaryimage"},"thumbnailUrl":"https:\/\/www.gereso.com\/actualites\/wp-content\/uploads\/2015\/05\/Les-Rendez-vous-de-GERESO-1.jpg","datePublished":"2015-08-12T09:21:21+00:00","dateModified":"2015-08-12T09:21:21+00:00","author":{"@id":"https:\/\/www.gereso.com\/actualites\/#\/schema\/person\/f9b9cd95b838e92d2022ffafbaa46491"},"breadcrumb":{"@id":"https:\/\/www.gereso.com\/actualites\/2015\/08\/12\/quel-est-le-seuil-d-effectif-rendant-obligatoire-la-presence-d-administrateurs-salaries-au-conseil-d-administration\/#breadcrumb"},"inLanguage":"fr-FR","potentialAction":[{"@type":"ReadAction","target":["https:\/\/www.gereso.com\/actualites\/2015\/08\/12\/quel-est-le-seuil-d-effectif-rendant-obligatoire-la-presence-d-administrateurs-salaries-au-conseil-d-administration\/"]}]},{"@type":"ImageObject","inLanguage":"fr-FR","@id":"https:\/\/www.gereso.com\/actualites\/2015\/08\/12\/quel-est-le-seuil-d-effectif-rendant-obligatoire-la-presence-d-administrateurs-salaries-au-conseil-d-administration\/#primaryimage","url":"https:\/\/www.gereso.com\/actualites\/wp-content\/uploads\/2015\/05\/Les-Rendez-vous-de-GERESO-1.jpg","contentUrl":"https:\/\/www.gereso.com\/actualites\/wp-content\/uploads\/2015\/05\/Les-Rendez-vous-de-GERESO-1.jpg","width":528,"height":352,"caption":"Les Rendez-vous de GERESO"},{"@type":"BreadcrumbList","@id":"https:\/\/www.gereso.com\/actualites\/2015\/08\/12\/quel-est-le-seuil-d-effectif-rendant-obligatoire-la-presence-d-administrateurs-salaries-au-conseil-d-administration\/#breadcrumb","itemListElement":[{"@type":"ListItem","position":1,"name":"Home","item":"https:\/\/www.gereso.com\/actualites\/"},{"@type":"ListItem","position":2,"name":"Quel est le seuil d\u2019effectif rendant obligatoire la pr\u00e9sence d\u2019administrateurs salari\u00e9s au conseil d\u2019administration&nbsp;?\u00a0\u00a0\u00a0"}]},{"@type":"WebSite","@id":"https:\/\/www.gereso.com\/actualites\/#website","url":"https:\/\/www.gereso.com\/actualites\/","name":"Le Blog GERESO","description":"Toute l&#039;actu RH, Finance, Fonction Publique, Management...","potentialAction":[{"@type":"SearchAction","target":{"@type":"EntryPoint","urlTemplate":"https:\/\/www.gereso.com\/actualites\/?s={search_term_string}"},"query-input":{"@type":"PropertyValueSpecification","valueRequired":true,"valueName":"search_term_string"}}],"inLanguage":"fr-FR"},{"@type":"Person","@id":"https:\/\/www.gereso.com\/actualites\/#\/schema\/person\/f9b9cd95b838e92d2022ffafbaa46491","name":"Anne-Lise Douat","image":{"@type":"ImageObject","inLanguage":"fr-FR","@id":"https:\/\/www.gereso.com\/actualites\/#\/schema\/person\/image\/","url":"https:\/\/www.gereso.com\/actualites\/wp-content\/uploads\/2012\/03\/anne-lise-douat-1-144x144.png","contentUrl":"https:\/\/www.gereso.com\/actualites\/wp-content\/uploads\/2012\/03\/anne-lise-douat-1-144x144.png","caption":"Anne-Lise Douat"},"description":"Consultante en droit social et mobilit\u00e9 internationale pour GERESO. Elle intervient au cours de formations inter et intra-entreprises sur les th\u00e8mes de la gestion des salari\u00e9s expatri\u00e9s, impatri\u00e9s et de la r\u00e9glementation du travail en France et \u00e0 l'international. Elle est \u00e9galement l'auteur de l'ouvrage \u00ab\u00a0La Protection Sociale en Europe\u00a0\u00bb, et collabore \u00e0 l'actualisation r\u00e9guli\u00e8re du best-seller \u00ab La Mobilit\u00e9 Internationale\u00a0\u00bb","url":"https:\/\/www.gereso.com\/actualites\/author\/a-douat\/"}]}},"_links":{"self":[{"href":"https:\/\/www.gereso.com\/actualites\/wp-json\/wp\/v2\/posts\/4437","targetHints":{"allow":["GET"]}}],"collection":[{"href":"https:\/\/www.gereso.com\/actualites\/wp-json\/wp\/v2\/posts"}],"about":[{"href":"https:\/\/www.gereso.com\/actualites\/wp-json\/wp\/v2\/types\/post"}],"author":[{"embeddable":true,"href":"https:\/\/www.gereso.com\/actualites\/wp-json\/wp\/v2\/users\/12"}],"replies":[{"embeddable":true,"href":"https:\/\/www.gereso.com\/actualites\/wp-json\/wp\/v2\/comments?post=4437"}],"version-history":[{"count":0,"href":"https:\/\/www.gereso.com\/actualites\/wp-json\/wp\/v2\/posts\/4437\/revisions"}],"wp:featuredmedia":[{"embeddable":true,"href":"https:\/\/www.gereso.com\/actualites\/wp-json\/wp\/v2\/media\/3985"}],"wp:attachment":[{"href":"https:\/\/www.gereso.com\/actualites\/wp-json\/wp\/v2\/media?parent=4437"}],"wp:term":[{"taxonomy":"category","embeddable":true,"href":"https:\/\/www.gereso.com\/actualites\/wp-json\/wp\/v2\/categories?post=4437"},{"taxonomy":"post_tag","embeddable":true,"href":"https:\/\/www.gereso.com\/actualites\/wp-json\/wp\/v2\/tags?post=4437"}],"curies":[{"name":"wp","href":"https:\/\/api.w.org\/{rel}","templated":true}]}}