{"id":4449,"date":"2015-08-21T08:05:28","date_gmt":"2015-08-21T06:05:28","guid":{"rendered":"https:\/\/www.gereso.com\/actualites\/?p=4449"},"modified":"2015-08-21T08:05:28","modified_gmt":"2015-08-21T06:05:28","slug":"les-editions-gereso-recrutent-de-nouveaux-auteurs","status":"publish","type":"post","link":"https:\/\/www.gereso.com\/actualites\/2015\/08\/21\/les-editions-gereso-recrutent-de-nouveaux-auteurs\/","title":{"rendered":"Les Editions GERESO recrutent de nouveaux auteurs !"},"content":{"rendered":"<p style=\"text-align: justify;\">Les Editions GERESO sont r\u00e9guli\u00e8rement \u00e0 la <strong>recherche de nouveaux talents !<\/strong> Vous \u00eates <strong>expert(e) en ressources humaines, management, communication ou d\u00e9veloppement professionnel<\/strong> en entreprise ou aupr\u00e8s du secteur public&nbsp;? Vous r\u00eavez d\u2019\u00e9crire sur votre sujet de pr\u00e9dilection\u00a0? Rejoignez les Editions GERESO\u00a0!<\/p>\n<figure id=\"attachment_4471\" aria-describedby=\"caption-attachment-4471\" style=\"width: 518px\" class=\"wp-caption aligncenter\"><img fetchpriority=\"high\" decoding=\"async\" class=\"size-full wp-image-4471\" src=\"https:\/\/www.gereso.com\/actualites\/wp-content\/uploads\/2015\/08\/devenir-auteur-1.jpg\" alt=\"Devenir auteur\" width=\"518\" height=\"345\" srcset=\"https:\/\/www.gereso.com\/actualites\/wp-content\/uploads\/2015\/08\/devenir-auteur-1.jpg 518w, https:\/\/www.gereso.com\/actualites\/wp-content\/uploads\/2015\/08\/devenir-auteur-1-300x200.jpg 300w\" sizes=\"(max-width: 518px) 100vw, 518px\" \/><figcaption id=\"caption-attachment-4471\" class=\"wp-caption-text\">Devenir auteur<\/figcaption><\/figure>\n<p style=\"text-align: justify;\"><!--more--><\/p>\n<h2 style=\"text-align: justify;\"><strong>Comment <a href=\"http:\/\/www.gereso.com\/edition\/devenez-auteur\">devenir auteur<\/a> chez GERESO\u00a0?<\/strong><\/h2>\n<p style=\"text-align: justify;\">Que votre manuscrit soit d\u00e9j\u00e0 r\u00e9dig\u00e9 ou non, sachez que nous sommes tr\u00e8s int\u00e9ress\u00e9s par votre projet chez GERESO. En effet, nous consid\u00e9rons que <strong>le regard d\u2019un professionnel des ressources humaines <\/strong>sur un sujet est d\u2019une grande richesse et que <strong>des conseils op\u00e9rationnels, <\/strong>prodigu\u00e9s par un auteur qui <strong>b\u00e9n\u00e9ficie d&rsquo;une longue exp\u00e9rience \u00ab\u00a0sur le terrain\u00a0\u00bb, <\/strong>valent bien mieux qu&rsquo;une th\u00e9orie abstraite et d\u00e9connect\u00e9e du monde r\u00e9el !<strong><br \/>\n<\/strong><\/p>\n<p style=\"text-align: justify;\"><strong>Du v\u00e9cu, des conseils pratiques, des m\u00e9thodes pragmatiques pour des r\u00e9sultats tangibles<\/strong> : voil\u00e0 l&rsquo;esprit des ouvrages GERESO Edition !<\/p>\n<p style=\"text-align: justify;\">Vous voulez \u00e9crire sur un sujet, mais vous avez l\u2019impression que ce dernier a d\u00e9j\u00e0 \u00e9t\u00e9 trait\u00e9\u00a0? Ce n\u2019est pas un probl\u00e8me\u00a0! Ce qui nous int\u00e9resse, c\u2019est <strong>votre vision des choses\u00a0!<\/strong> Votre exp\u00e9rience est unique et permettra sans le moindre doute d\u2019aider de nombreux professionnels \u00e0 la recherche de conseils pratiques ou d&rsquo;exemples tir\u00e9s de situations v\u00e9cues en entreprise !<\/p>\n<p style=\"text-align: justify;\">Votre manuscrit est pr\u00eat\u00a0? Envoyez-le nous par mail \u00e0 <a href=\"mailto:edition@gereso.fr\">edition@gereso.fr<\/a> \u00e0 l\u2019attention de Catherine Fourmond. Vous pouvez aussi l\u2019envoyer en version papier \u00e0 cette adresse\u00a0:<\/p>\n<p style=\"text-align: justify;\">GERESO \u00c9DITION<br \/>\nCatherine FOURMOND<br \/>\n38 rue de la Teillaie, CS 81826<br \/>\n72018 Le Mans Cedex 2<\/p>\n<p style=\"text-align: justify;\">Nous vous recommandons par ailleurs d\u2019accompagner votre ouvrage d\u2019un <strong>CV, d\u2019un descriptif (sujet, objectifs, publics, ouvrages concurrents) et d\u2019un sommaire d\u00e9taill\u00e9.<\/strong><\/p>\n<p style=\"text-align: justify;\">Votre ouvrage n\u2019est <strong>pas encore totalement termin\u00e9<\/strong> ou vous en \u00eates seulement au <strong>stade de la r\u00e9flexion&nbsp;?<\/strong> Votre projet nous int\u00e9resse quand m\u00eame ! Envoyez-nous un <strong>descriptif de votre projet \u00e9ditorial, ses objectifs, le public que vous visez<\/strong> et si vous avez, <strong>un extrait<\/strong> repr\u00e9sentatif et <strong>le sommaire<\/strong> provisoire de votre livre. Des r\u00e9f\u00e9rences d\u2019ouvrages concurrents sur le m\u00eame th\u00e8me sont un plus.<\/p>\n<h2 style=\"text-align: justify;\"><strong>En savoir plus avec notre offre d\u2019emploi\u00a0!<\/strong><\/h2>\n<p style=\"text-align: justify;\">Vous avez envie de <strong><a href=\"https:\/\/www.la-librairie-rh.com\/proposer-un-manuscrit.html\">rejoindre les Editions GERESO<\/a><\/strong> pour transmettre votre savoir et votre exp\u00e9rience aux professionnels des ressources humaines\u00a0? D\u00e9couvrez plus d\u2019information sur cette <a href=\"http:\/\/www.asfored.org\/f\/offre\/3003\" target=\"_blank\">offre d\u2019emploi<\/a> publi\u00e9e par GERESO\u00a0!<\/p>\n","protected":false},"excerpt":{"rendered":"<p>Les Editions GERESO sont r\u00e9guli\u00e8rement \u00e0 la recherche de nouveaux talents ! Vous \u00eates expert(e) en ressources humaines, management, communication ou d\u00e9veloppement professionnel en entreprise ou aupr\u00e8s du secteur public&nbsp;? Vous r\u00eavez d\u2019\u00e9crire sur votre sujet de pr\u00e9dilection\u00a0? Rejoignez les Editions GERESO\u00a0!<\/p>\n","protected":false},"author":32,"featured_media":4471,"comment_status":"open","ping_status":"open","sticky":false,"template":"","format":"standard","meta":{"_acf_changed":false,"_mi_skip_tracking":false,"footnotes":""},"categories":[20],"tags":[591,69],"class_list":["post-4449","post","type-post","status-publish","format-standard","has-post-thumbnail","hentry","category-la-librairie-rh","tag-editions-gereso","tag-librairie"],"acf":[],"yoast_head":"<!-- This site is optimized with the Yoast SEO plugin v23.4 - https:\/\/yoast.com\/wordpress\/plugins\/seo\/ -->\n<title>Les Editions GERESO recrutent de nouveaux auteurs ! - Le Blog GERESO<\/title>\n<meta name=\"robots\" content=\"index, follow, max-snippet:-1, max-image-preview:large, max-video-preview:-1\" \/>\n<link rel=\"canonical\" href=\"https:\/\/www.gereso.com\/actualites\/2015\/08\/21\/les-editions-gereso-recrutent-de-nouveaux-auteurs\/\" \/>\n<meta property=\"og:locale\" content=\"fr_FR\" \/>\n<meta property=\"og:type\" content=\"article\" \/>\n<meta property=\"og:title\" content=\"Les Editions GERESO recrutent de nouveaux auteurs ! - Le Blog GERESO\" \/>\n<meta property=\"og:description\" content=\"Les Editions GERESO sont r\u00e9guli\u00e8rement \u00e0 la recherche de nouveaux talents ! Vous \u00eates expert(e) en ressources humaines, management, communication ou d\u00e9veloppement professionnel en entreprise ou aupr\u00e8s du secteur public&nbsp;? Vous r\u00eavez d\u2019\u00e9crire sur votre sujet de pr\u00e9dilection\u00a0? Rejoignez les Editions GERESO\u00a0!\" \/>\n<meta property=\"og:url\" content=\"https:\/\/www.gereso.com\/actualites\/2015\/08\/21\/les-editions-gereso-recrutent-de-nouveaux-auteurs\/\" \/>\n<meta property=\"og:site_name\" content=\"Le Blog GERESO\" \/>\n<meta property=\"article:published_time\" content=\"2015-08-21T06:05:28+00:00\" \/>\n<meta property=\"og:image\" content=\"https:\/\/www.gereso.com\/actualites\/wp-content\/uploads\/2015\/08\/devenir-auteur-1.jpg\" \/>\n\t<meta property=\"og:image:width\" content=\"518\" \/>\n\t<meta property=\"og:image:height\" content=\"345\" \/>\n\t<meta property=\"og:image:type\" content=\"image\/jpeg\" \/>\n<meta name=\"author\" content=\"\u00c9quipe GERESO\" \/>\n<meta name=\"twitter:card\" content=\"summary_large_image\" \/>\n<script type=\"application\/ld+json\" class=\"yoast-schema-graph\">{\"@context\":\"https:\/\/schema.org\",\"@graph\":[{\"@type\":\"WebPage\",\"@id\":\"https:\/\/www.gereso.com\/actualites\/2015\/08\/21\/les-editions-gereso-recrutent-de-nouveaux-auteurs\/\",\"url\":\"https:\/\/www.gereso.com\/actualites\/2015\/08\/21\/les-editions-gereso-recrutent-de-nouveaux-auteurs\/\",\"name\":\"Les Editions GERESO recrutent de nouveaux auteurs ! - Le Blog GERESO\",\"isPartOf\":{\"@id\":\"https:\/\/www.gereso.com\/actualites\/#website\"},\"primaryImageOfPage\":{\"@id\":\"https:\/\/www.gereso.com\/actualites\/2015\/08\/21\/les-editions-gereso-recrutent-de-nouveaux-auteurs\/#primaryimage\"},\"image\":{\"@id\":\"https:\/\/www.gereso.com\/actualites\/2015\/08\/21\/les-editions-gereso-recrutent-de-nouveaux-auteurs\/#primaryimage\"},\"thumbnailUrl\":\"https:\/\/www.gereso.com\/actualites\/wp-content\/uploads\/2015\/08\/devenir-auteur-1.jpg\",\"datePublished\":\"2015-08-21T06:05:28+00:00\",\"dateModified\":\"2015-08-21T06:05:28+00:00\",\"author\":{\"@id\":\"https:\/\/www.gereso.com\/actualites\/#\/schema\/person\/197d8aef40cb4ae3f6a0aa9e1d3df2a6\"},\"breadcrumb\":{\"@id\":\"https:\/\/www.gereso.com\/actualites\/2015\/08\/21\/les-editions-gereso-recrutent-de-nouveaux-auteurs\/#breadcrumb\"},\"inLanguage\":\"fr-FR\",\"potentialAction\":[{\"@type\":\"ReadAction\",\"target\":[\"https:\/\/www.gereso.com\/actualites\/2015\/08\/21\/les-editions-gereso-recrutent-de-nouveaux-auteurs\/\"]}]},{\"@type\":\"ImageObject\",\"inLanguage\":\"fr-FR\",\"@id\":\"https:\/\/www.gereso.com\/actualites\/2015\/08\/21\/les-editions-gereso-recrutent-de-nouveaux-auteurs\/#primaryimage\",\"url\":\"https:\/\/www.gereso.com\/actualites\/wp-content\/uploads\/2015\/08\/devenir-auteur-1.jpg\",\"contentUrl\":\"https:\/\/www.gereso.com\/actualites\/wp-content\/uploads\/2015\/08\/devenir-auteur-1.jpg\",\"width\":518,\"height\":345,\"caption\":\"Devenir auteur\"},{\"@type\":\"BreadcrumbList\",\"@id\":\"https:\/\/www.gereso.com\/actualites\/2015\/08\/21\/les-editions-gereso-recrutent-de-nouveaux-auteurs\/#breadcrumb\",\"itemListElement\":[{\"@type\":\"ListItem\",\"position\":1,\"name\":\"Home\",\"item\":\"https:\/\/www.gereso.com\/actualites\/\"},{\"@type\":\"ListItem\",\"position\":2,\"name\":\"Les Editions GERESO recrutent de nouveaux auteurs !\"}]},{\"@type\":\"WebSite\",\"@id\":\"https:\/\/www.gereso.com\/actualites\/#website\",\"url\":\"https:\/\/www.gereso.com\/actualites\/\",\"name\":\"Le Blog GERESO\",\"description\":\"Toute l&#039;actu RH, Finance, Fonction Publique, Management...\",\"potentialAction\":[{\"@type\":\"SearchAction\",\"target\":{\"@type\":\"EntryPoint\",\"urlTemplate\":\"https:\/\/www.gereso.com\/actualites\/?s={search_term_string}\"},\"query-input\":{\"@type\":\"PropertyValueSpecification\",\"valueRequired\":true,\"valueName\":\"search_term_string\"}}],\"inLanguage\":\"fr-FR\"},{\"@type\":\"Person\",\"@id\":\"https:\/\/www.gereso.com\/actualites\/#\/schema\/person\/197d8aef40cb4ae3f6a0aa9e1d3df2a6\",\"name\":\"\u00c9quipe GERESO\",\"image\":{\"@type\":\"ImageObject\",\"inLanguage\":\"fr-FR\",\"@id\":\"https:\/\/www.gereso.com\/actualites\/#\/schema\/person\/image\/\",\"url\":\"https:\/\/www.gereso.com\/actualites\/wp-content\/uploads\/2013\/12\/avatar-gereso-1.png\",\"contentUrl\":\"https:\/\/www.gereso.com\/actualites\/wp-content\/uploads\/2013\/12\/avatar-gereso-1.png\",\"caption\":\"\u00c9quipe GERESO\"},\"url\":\"https:\/\/www.gereso.com\/actualites\/author\/gereso\/\"}]}<\/script>\n<!-- \/ Yoast SEO plugin. -->","yoast_head_json":{"title":"Les Editions GERESO recrutent de nouveaux auteurs ! - Le Blog GERESO","robots":{"index":"index","follow":"follow","max-snippet":"max-snippet:-1","max-image-preview":"max-image-preview:large","max-video-preview":"max-video-preview:-1"},"canonical":"https:\/\/www.gereso.com\/actualites\/2015\/08\/21\/les-editions-gereso-recrutent-de-nouveaux-auteurs\/","og_locale":"fr_FR","og_type":"article","og_title":"Les Editions GERESO recrutent de nouveaux auteurs ! - Le Blog GERESO","og_description":"Les Editions GERESO sont r\u00e9guli\u00e8rement \u00e0 la recherche de nouveaux talents ! Vous \u00eates expert(e) en ressources humaines, management, communication ou d\u00e9veloppement professionnel en entreprise ou aupr\u00e8s du secteur public&nbsp;? Vous r\u00eavez d\u2019\u00e9crire sur votre sujet de pr\u00e9dilection\u00a0? Rejoignez les Editions GERESO\u00a0!","og_url":"https:\/\/www.gereso.com\/actualites\/2015\/08\/21\/les-editions-gereso-recrutent-de-nouveaux-auteurs\/","og_site_name":"Le Blog GERESO","article_published_time":"2015-08-21T06:05:28+00:00","og_image":[{"width":518,"height":345,"url":"https:\/\/www.gereso.com\/actualites\/wp-content\/uploads\/2015\/08\/devenir-auteur-1.jpg","type":"image\/jpeg"}],"author":"\u00c9quipe GERESO","twitter_card":"summary_large_image","schema":{"@context":"https:\/\/schema.org","@graph":[{"@type":"WebPage","@id":"https:\/\/www.gereso.com\/actualites\/2015\/08\/21\/les-editions-gereso-recrutent-de-nouveaux-auteurs\/","url":"https:\/\/www.gereso.com\/actualites\/2015\/08\/21\/les-editions-gereso-recrutent-de-nouveaux-auteurs\/","name":"Les Editions GERESO recrutent de nouveaux auteurs ! - Le Blog GERESO","isPartOf":{"@id":"https:\/\/www.gereso.com\/actualites\/#website"},"primaryImageOfPage":{"@id":"https:\/\/www.gereso.com\/actualites\/2015\/08\/21\/les-editions-gereso-recrutent-de-nouveaux-auteurs\/#primaryimage"},"image":{"@id":"https:\/\/www.gereso.com\/actualites\/2015\/08\/21\/les-editions-gereso-recrutent-de-nouveaux-auteurs\/#primaryimage"},"thumbnailUrl":"https:\/\/www.gereso.com\/actualites\/wp-content\/uploads\/2015\/08\/devenir-auteur-1.jpg","datePublished":"2015-08-21T06:05:28+00:00","dateModified":"2015-08-21T06:05:28+00:00","author":{"@id":"https:\/\/www.gereso.com\/actualites\/#\/schema\/person\/197d8aef40cb4ae3f6a0aa9e1d3df2a6"},"breadcrumb":{"@id":"https:\/\/www.gereso.com\/actualites\/2015\/08\/21\/les-editions-gereso-recrutent-de-nouveaux-auteurs\/#breadcrumb"},"inLanguage":"fr-FR","potentialAction":[{"@type":"ReadAction","target":["https:\/\/www.gereso.com\/actualites\/2015\/08\/21\/les-editions-gereso-recrutent-de-nouveaux-auteurs\/"]}]},{"@type":"ImageObject","inLanguage":"fr-FR","@id":"https:\/\/www.gereso.com\/actualites\/2015\/08\/21\/les-editions-gereso-recrutent-de-nouveaux-auteurs\/#primaryimage","url":"https:\/\/www.gereso.com\/actualites\/wp-content\/uploads\/2015\/08\/devenir-auteur-1.jpg","contentUrl":"https:\/\/www.gereso.com\/actualites\/wp-content\/uploads\/2015\/08\/devenir-auteur-1.jpg","width":518,"height":345,"caption":"Devenir auteur"},{"@type":"BreadcrumbList","@id":"https:\/\/www.gereso.com\/actualites\/2015\/08\/21\/les-editions-gereso-recrutent-de-nouveaux-auteurs\/#breadcrumb","itemListElement":[{"@type":"ListItem","position":1,"name":"Home","item":"https:\/\/www.gereso.com\/actualites\/"},{"@type":"ListItem","position":2,"name":"Les Editions GERESO recrutent de nouveaux auteurs !"}]},{"@type":"WebSite","@id":"https:\/\/www.gereso.com\/actualites\/#website","url":"https:\/\/www.gereso.com\/actualites\/","name":"Le Blog GERESO","description":"Toute l&#039;actu RH, Finance, Fonction Publique, Management...","potentialAction":[{"@type":"SearchAction","target":{"@type":"EntryPoint","urlTemplate":"https:\/\/www.gereso.com\/actualites\/?s={search_term_string}"},"query-input":{"@type":"PropertyValueSpecification","valueRequired":true,"valueName":"search_term_string"}}],"inLanguage":"fr-FR"},{"@type":"Person","@id":"https:\/\/www.gereso.com\/actualites\/#\/schema\/person\/197d8aef40cb4ae3f6a0aa9e1d3df2a6","name":"\u00c9quipe GERESO","image":{"@type":"ImageObject","inLanguage":"fr-FR","@id":"https:\/\/www.gereso.com\/actualites\/#\/schema\/person\/image\/","url":"https:\/\/www.gereso.com\/actualites\/wp-content\/uploads\/2013\/12\/avatar-gereso-1.png","contentUrl":"https:\/\/www.gereso.com\/actualites\/wp-content\/uploads\/2013\/12\/avatar-gereso-1.png","caption":"\u00c9quipe GERESO"},"url":"https:\/\/www.gereso.com\/actualites\/author\/gereso\/"}]}},"_links":{"self":[{"href":"https:\/\/www.gereso.com\/actualites\/wp-json\/wp\/v2\/posts\/4449","targetHints":{"allow":["GET"]}}],"collection":[{"href":"https:\/\/www.gereso.com\/actualites\/wp-json\/wp\/v2\/posts"}],"about":[{"href":"https:\/\/www.gereso.com\/actualites\/wp-json\/wp\/v2\/types\/post"}],"author":[{"embeddable":true,"href":"https:\/\/www.gereso.com\/actualites\/wp-json\/wp\/v2\/users\/32"}],"replies":[{"embeddable":true,"href":"https:\/\/www.gereso.com\/actualites\/wp-json\/wp\/v2\/comments?post=4449"}],"version-history":[{"count":0,"href":"https:\/\/www.gereso.com\/actualites\/wp-json\/wp\/v2\/posts\/4449\/revisions"}],"wp:featuredmedia":[{"embeddable":true,"href":"https:\/\/www.gereso.com\/actualites\/wp-json\/wp\/v2\/media\/4471"}],"wp:attachment":[{"href":"https:\/\/www.gereso.com\/actualites\/wp-json\/wp\/v2\/media?parent=4449"}],"wp:term":[{"taxonomy":"category","embeddable":true,"href":"https:\/\/www.gereso.com\/actualites\/wp-json\/wp\/v2\/categories?post=4449"},{"taxonomy":"post_tag","embeddable":true,"href":"https:\/\/www.gereso.com\/actualites\/wp-json\/wp\/v2\/tags?post=4449"}],"curies":[{"name":"wp","href":"https:\/\/api.w.org\/{rel}","templated":true}]}}