{"id":44528,"date":"2025-06-12T09:39:13","date_gmt":"2025-06-12T07:39:13","guid":{"rendered":"https:\/\/www.gereso.com\/actualites\/?p=44528"},"modified":"2025-07-07T16:07:55","modified_gmt":"2025-07-07T14:07:55","slug":"bien-etre-travail-2025-nouvelles-approches","status":"publish","type":"post","link":"https:\/\/www.gereso.com\/actualites\/2025\/06\/12\/bien-etre-travail-2025-nouvelles-approches\/","title":{"rendered":"Bien-\u00eatre au travail en 2025 : les nouvelles approches qui fonctionnent"},"content":{"rendered":"\n<p>Devant cette r\u00e9alit\u00e9, <strong>2025 repr\u00e9sente un tournant majeur<\/strong>. Le gouvernement fran\u00e7ais a \u00e9rig\u00e9 la sant\u00e9 mentale en grande cause nationale, obligeant les entreprises \u00e0 r\u00e9viser compl\u00e8tement leurs approches du bien-\u00eatre.&nbsp;<\/p>\n\n\n\n<p>L&rsquo;enjeu va bien au-del\u00e0 du simple aspect social : <strong>le mal-\u00eatre au travail co\u00fbte 170 milliards d&rsquo;euros par an <\/strong>\u00e0 l&rsquo;\u00e9conomie fran\u00e7aise &#8211; un v\u00e9ritable gouffre financier qui pousse les organisations \u00e0 r\u00e9agir.<\/p>\n\n\n\n<p>Entre v\u00e9los-bureaux et cong\u00e9s sabbatiques d\u00e9mocratis\u00e9s, droit d&rsquo;amener son chien au travail et expatriation temporaire fa\u00e7on \u00ab\u00a0holiworking\u00a0\u00bb, une nouvelle g\u00e9n\u00e9ration d&rsquo;initiatives bouscule les codes traditionnels de la qualit\u00e9 de vie au travail. L&rsquo;\u00e9quation reste simple&nbsp;: <a href=\"https:\/\/www.gereso.com\/actualites\/2019\/04\/19\/promouvoir-concretement-bien-etre-entreprise\/\" target=\"_blank\" rel=\"noreferrer noopener\">les entreprises qui investissent intelligemment dans le bien-\u00eatre<\/a> de leurs \u00e9quipes enregistrent jusqu&rsquo;\u00e0 <a href=\"https:\/\/www.nesspay.co\/blog\/2025-lannee-du-bien-etre-au-travail\" target=\"_blank\" rel=\"noreferrer noopener nofollow\">+20% de productivit\u00e9<\/a>, divisent leur turnover par deux et r\u00e9duisent drastiquement l&rsquo;absent\u00e9isme.<\/p>\n\n\n\n<h2 style=\"color:#D10016\"><strong>Le r\u00e9veil forc\u00e9 des entreprises face \u00e0 la crise du bien-\u00eatre<\/strong><\/h2>\n\n\n\n<p>Ces 170 milliards d&rsquo;euros annuels que repr\u00e9sente le mal-\u00eatre au travail pour l&rsquo;\u00e9conomie fran\u00e7aise ne constituent plus une statistique abstraite mais une r\u00e9alit\u00e9 comptable qui frappe directement les bilans. Cette h\u00e9morragie financi\u00e8re pousse enfin les directions g\u00e9n\u00e9rales \u00e0 consid\u00e9rer le bien-\u00eatre comme un levier de performance plut\u00f4t qu&rsquo;un simple co\u00fbt.<\/p>\n\n\n\n<p>Le cadre r\u00e9glementaire se durcit parall\u00e8lement. Depuis 2025, <strong>la CNIL impose \u00e0 toutes les entreprises de plus de 50 salari\u00e9s de tracer scrupuleusement les temps de connexion et de d\u00e9connexion<\/strong> &#8211; transformant le droit \u00e0 la d\u00e9connexion d&rsquo;intention louable en obligation mesurable.<\/p>\n\n\n\n<p>Mais l&rsquo;\u00e9l\u00e9ment le plus d\u00e9terminant demeure la transformation des attentes collaborateurs. Les <a href=\"https:\/\/www.gereso.com\/actualites\/2016\/02\/22\/strategie-rh-les-aspirations-de-la-generation-y\/\" target=\"_blank\" rel=\"noreferrer noopener\">g\u00e9n\u00e9rations Y <\/a>et Z, d\u00e9sormais majoritaires dans l&rsquo;entreprise, ont r\u00e9volutionn\u00e9 le rapport au travail. Pour elles, la flexibilit\u00e9 constitue un pr\u00e9requis, pas un avantage. La reconnaissance devient vitale, non optionnelle. L&rsquo;alignement avec les valeurs de l&rsquo;entreprise conditionne leur engagement.<\/p>\n\n\n\n<h2 style=\"color:#D10016\"><strong>La r\u00e9volution de la flexibilit\u00e9&nbsp;: repenser le temps et l&rsquo;espace de travail<\/strong><\/h2>\n\n\n\n<h3 class=\"wp-block-heading\"><strong>Le \u00ab\u00a0Work from Anywhere\u00a0\u00bb nouvelle g\u00e9n\u00e9ration<\/strong><\/h3>\n\n\n\n<p>Talkspirit illustre parfaitement cette \u00e9volution avec sa politique r\u00e9volutionnaire : au-del\u00e0 des 3 jours de t\u00e9l\u00e9travail hebdomadaire d\u00e9sormais standard,<strong> l&rsquo;entreprise propose un v\u00e9ritable \u00ab\u00a0Work from Anywhere\u00a0\u00bb<\/strong> permettant \u00e0 ses collaborateurs de travailler de n&rsquo;importe o\u00f9 en France pendant 3 semaines cons\u00e9cutives par an. Cette approche transforme l&rsquo;\u00e9t\u00e9 en p\u00e9riode d&rsquo;opportunit\u00e9 plut\u00f4t qu&rsquo;en contrainte organisationnelle.<\/p>\n\n\n\n<p>L&rsquo;holiworking et l&rsquo;expatriation temporaire repr\u00e9sentent l&rsquo;avant-garde de cette tendance. Certaines entreprises proposent maintenant \u00e0 leurs talents des missions de 3 \u00e0 6 mois \u00e0 l&rsquo;\u00e9tranger, combinant d\u00e9veloppement professionnel et d\u00e9couverte culturelle.<\/p>\n\n\n\n<h3 class=\"wp-block-heading\"><strong>Les cong\u00e9s longs d\u00e9mocratis\u00e9s<\/strong><\/h3>\n\n\n\n<p>L&rsquo;innovation la plus marquante concerne la d\u00e9mocratisation des cong\u00e9s sabbatiques. Inspir\u00e9es des mod\u00e8les nordiques, plusieurs entreprises fran\u00e7aises exp\u00e9rimentent le droit \u00e0 des cong\u00e9s longs de 3 \u00e0 6 mois tous les 3 \u00e0 5 ans. Ces pauses prolong\u00e9es, partiellement r\u00e9mun\u00e9r\u00e9es, permettent aux collaborateurs de se ressourcer, d\u00e9velopper de nouvelles comp\u00e9tences ou mener des projets personnels ambitieux.<\/p>\n\n\n\n<h3 class=\"wp-block-heading\"><strong>La semaine de 4 jours en exp\u00e9rimentation<\/strong><\/h3>\n\n\n\n<p>L&rsquo;<a href=\"https:\/\/www.gereso.com\/actualites\/2024\/01\/29\/semaine-4-jours-quels-enjeux-rh\/\" target=\"_blank\" rel=\"noreferrer noopener\">exp\u00e9rimentation de la semaine de 4 jours<\/a> gagne du terrain, port\u00e9e par des r\u00e9sultats encourageants dans plusieurs pays. Les entreprises pilotes observent non seulement un maintien de la productivit\u00e9 mais souvent une am\u00e9lioration due \u00e0 une concentration renforc\u00e9e et une meilleure r\u00e9cup\u00e9ration.<\/p>\n\n\n\n<h2 style=\"color:#D10016\"><strong>L&rsquo;innovation par la personnalisation et l&rsquo;exp\u00e9rience collaborateur<\/strong><\/h2>\n\n\n\n<h3 class=\"wp-block-heading\"><strong>Bureaux \u00ab\u00a0comme \u00e0 la maison\u00a0\u00bb<\/strong><\/h3>\n\n\n\n<p>Toucan Toco a transform\u00e9 l&rsquo;<a href=\"https:\/\/www.gereso.com\/actualites\/2020\/01\/15\/onboarding-etape-cle\/\" target=\"_blank\" rel=\"noreferrer noopener\">onboarding <\/a>traditionnel en offrant \u00e0 chaque nouveau collaborateur <strong>un budget de 200 euros pour personnaliser son espace de travail <\/strong>avec des \u0153uvres d&rsquo;art ou des objets personnels. Cette initiative g\u00e9n\u00e8re un impact majeur sur le sentiment d&rsquo;appartenance et la convivialit\u00e9.<\/p>\n\n\n\n<p>Les \u00ab\u00a0pet-friendly offices\u00a0\u00bb repr\u00e9sentent une autre r\u00e9volution silencieuse. Le <a href=\"https:\/\/www.gereso.com\/actualites\/2023\/12\/11\/emmener-chien-travail\/\">droit d&#8217;emmener son chien au travail,<\/a> test\u00e9 par plusieurs entreprises, produit des effets inattendus : r\u00e9duction mesurable du stress, multiplication des interactions informelles entre coll\u00e8gues, am\u00e9lioration de l&rsquo;ambiance g\u00e9n\u00e9rale.<\/p>\n\n\n\n<h3 class=\"wp-block-heading\"><strong>Bien-\u00eatre physique r\u00e9invent\u00e9<\/strong><\/h3>\n\n\n\n<p>Mutuelle Just a cr\u00e9\u00e9 la surprise avec ses <strong>v\u00e9los-bureaux permettant de p\u00e9daler tout en travaillant.<\/strong> Cette innovation am\u00e9liore la concentration gr\u00e2ce \u00e0 l&rsquo;activation physique et combat efficacement la s\u00e9dentarit\u00e9. L&rsquo;engouement des collaborateurs a d\u00e9pass\u00e9 toutes les attentes, cr\u00e9ant m\u00eame des listes d&rsquo;attente pour acc\u00e9der aux postes \u00e9quip\u00e9s.<\/p>\n\n\n\n<p>Nap &amp; Up r\u00e9volutionne la pause avec ses <strong>cocons de micro-sieste au bureau<\/strong>. Ces espaces d\u00e9di\u00e9s \u00e0 la r\u00e9cup\u00e9ration courte permettent un regain d&rsquo;\u00e9nergie sans quitter l&rsquo;entreprise, r\u00e9pondant aux besoins physiologiques naturels.<\/p>\n\n\n\n<p>Sanofi et Planity, via leur partenariat avec Gymlib, offrent un <strong>acc\u00e8s facilit\u00e9 aux activit\u00e9s sportives<\/strong> partout en France. Cette mutualisation d\u00e9mocratise l&rsquo;acc\u00e8s au sport pour tous les collaborateurs.<\/p>\n\n\n\n<h3 class=\"wp-block-heading\"><strong>Gamification et engagement collectif<\/strong><\/h3>\n\n\n\n<p>Twelve Consulting a frapp\u00e9 fort avec son challenge \u00ab\u00a0Pomme d&rsquo;Happy\u00a0\u00bb : <strong>une semaine o\u00f9 les \u00e9quipes se fixent des objectifs environnementaux et de bien-\u00eatre personnel<\/strong>. Avec 90% de participation, cette initiative prouve l&rsquo;efficacit\u00e9 de la gamification pour cr\u00e9er de l&rsquo;engagement collectif.<\/p>\n\n\n\n<p>Accor illustre l&rsquo;intelligence collaborative avec sa <strong>bo\u00eete \u00e0 id\u00e9es QVT<\/strong>. En permettant aux collaborateurs de proposer des actions concr\u00e8tes, l&rsquo;entreprise g\u00e9n\u00e8re une appropriation naturelle des initiatives et d\u00e9couvre des solutions auxquelles le management n&rsquo;aurait pas pens\u00e9.<\/p>\n\n\n\n<h2 style=\"color:#D10016\"><strong>Sant\u00e9 mentale et soutien psychologique&nbsp;: l&rsquo;enjeu prioritaire<\/strong><\/h2>\n\n\n\n<p>Dans un contexte o\u00f9 <a href=\"https:\/\/www.qualisocial.com\/barometre-sante-mentale-qvct-qualisocial-ipsos\/\" target=\"_blank\" rel=\"noreferrer noopener nofollow\">un salari\u00e9 sur quatre d\u00e9clare \u00eatre en situation de mauvaise sant\u00e9 mentale<\/a> et o\u00f9 82% consid\u00e8rent ce sujet comme pr\u00e9occupant, les entreprises d\u00e9veloppent des approches in\u00e9dites pour accompagner leurs \u00e9quipes.<\/p>\n\n\n\n<p>Les plateformes sp\u00e9cialis\u00e9es comme Spring Health et Likeminded r\u00e9volutionnent l&rsquo;accompagnement psychologique en proposant des plans de traitement personnalis\u00e9s et un acc\u00e8s virtuel aux services psychologiques.<\/p>\n\n\n\n<p>Supermood illustre parfaitement l&rsquo;\u00e9volution vers le monitoring en temps r\u00e9el. Cette plateforme permet de mesurer l&rsquo;engagement et le bien-\u00eatre via des sondages anonymes continus, offrant aux RH une visibilit\u00e9 sans pr\u00e9c\u00e9dent sur l&rsquo;\u00e9tat psychologique des \u00e9quipes.<\/p>\n\n\n\n<p>Orange d\u00e9montre l&rsquo;efficacit\u00e9 des ateliers pr\u00e9ventifs avec son programme d\u00e9sormais p\u00e9rennis\u00e9 : posture, nutrition, automassage, sommeil et d\u00e9fenses immunitaires. L&rsquo;accueil exceptionnel de ces initiatives confirme l&rsquo;app\u00e9tence des collaborateurs pour un accompagnement concret et pratique.<\/p>\n\n\n\n<article class=\"obj_encart-formation\">\n<div class=\"ctn_encart\">\n<h3>Votre formation INTRA sur ce th\u00e8me<\/h3>\n<h2>&nbsp;OPEN SPACE, COWORKING, FLEX OFFICE&#8230; OPTIMISEZ VOTRE PRODUCTIVIT\u00c9 ET PR\u00c9SERVEZ VOTRE BIEN-\u00caTRE&nbsp;!&nbsp;<\/h2>\n<h4>1 jour &#8211; En pr\u00e9sentiel ou \u00e0 distance<\/h4>\n<ul>\n<li><strong>Adapter son mode de travail<\/strong> aux espaces dynamiques comme les open spaces et le flex office.<\/li>\n<li><strong>Maintenir sa concentration dans un environnement de travail<\/strong> ouvert en g\u00e9rant mieux le bruit et la promiscuit\u00e9.<\/li>\n<li><strong>Am\u00e9liorer la circulation de l&rsquo;information et la collaboration<\/strong> pour une meilleure productivit\u00e9.<\/li>\n<li><strong>Utiliser les derni\u00e8res avanc\u00e9es en neurosciences comportementales<\/strong> pour mieux vivre et travailler en espace partag\u00e9.<\/li>\n<li><strong>\u00c9laborer une charte du vivre ensemble<\/strong> pour favoriser une ambiance de travail apais\u00e9e.<\/li>\n<\/ul>\n<div class=\"ctn_btn\">\n<a class=\"obj_btn\" target=\"_blank\" href=\"https:\/\/www.gereso.com\/YOPE\" rel=\"noopener\"><span>En savoir plus<\/span><\/a>\n<a class=\"obj_btn\" target=\"_blank\" href=\"https:\/\/www.gereso.com\/client\/programme-pdf\/YOPE.pdf\" rel=\"noopener\"><span>T\u00e9l\u00e9charger le programme PDF<\/span><\/a>\n<\/div>\n<\/article>\n\n\n\n<h2 style=\"color:#D10016\"><strong>Mesurer l&rsquo;impact&nbsp;: les entreprises qui prouvent l&rsquo;efficacit\u00e9<\/strong><\/h2>\n\n\n\n<p>Sanofi illustre parfaitement cette d\u00e9marche avec son programme <em>\u00ab\u00a0Take Care &amp; Bwel !<\/em>\u00a0\u00bb d\u00e9ploy\u00e9 aupr\u00e8s de 38 000 salari\u00e9s en France. Cette politique globale s&rsquo;articule autour de quatre piliers : \u00ab\u00a0manger mieux\u00a0\u00bb, \u00ab\u00a0bouger souvent\u00a0\u00bb, \u00ab\u00a0se sentir bien\u00a0\u00bb, \u00ab\u00a0rester en bonne sant\u00e9\u00a0\u00bb.<\/p>\n\n\n\n<p><strong>Les retours d&rsquo;exp\u00e9rience confirment l&rsquo;efficacit\u00e9 de ces approches int\u00e9gr\u00e9es<\/strong>. Les entreprises investissant dans la qualit\u00e9 de vie au travail constatent jusqu&rsquo;\u00e0 +20% de productivit\u00e9, une division par deux du turnover, et une r\u00e9duction de l&rsquo;absent\u00e9isme.<\/p>\n\n\n\n<p>Talkspirit rapporte des retours \u00ab\u00a0tr\u00e8s positifs sur l&rsquo;\u00e9quilibre vie pro\/vie perso et l&rsquo;\u00e9panouissement des collaborateurs\u00a0\u00bb. Le challenge \u00ab\u00a0Pomme d&rsquo;Happy\u00a0\u00bb de Twelve Consulting a suscit\u00e9 \u00ab\u00a0un fort engagement avec 90% de participation\u00a0\u00bb, d\u00e9montrant l&rsquo;app\u00e9tence des \u00e9quipes pour ces nouvelles approches.<\/p>\n\n\n\n<h2 style=\"color:#D10016\"><strong>Vers une transformation durable<\/strong><\/h2>\n\n\n\n<p><strong>Le bien-\u00eatre au travail a d\u00e9finitivement franchi un cap <\/strong>en 2025. Plus qu&rsquo;un simple effet de mode, il s&rsquo;impose comme un levier strat\u00e9gique confirm\u00e9 qui transforme en profondeur la relation entre entreprises et collaborateurs. La Journ\u00e9e mondiale du bien-\u00eatre du 14 juin repr\u00e9sente une opportunit\u00e9 unique de faire le bilan des avanc\u00e9es et de dessiner de nouvelles ambitions.<\/p>\n\n\n\n<p>Face aux attentes \u00e9volutives des nouvelles g\u00e9n\u00e9rations et aux d\u00e9fis \u00e9conomiques persistants, l&rsquo;innovation continue devient une n\u00e9cessit\u00e9. Les entreprises qui sauront adapter leurs pratiques, mesurer leurs impacts et faire preuve de cr\u00e9ativit\u00e9 dans leurs approches du bien-\u00eatre d\u00e9tiendront un avantage concurrentiel d\u00e9cisif dans la guerre des talents qui s&rsquo;intensifie.<\/p>\n\n\n\n<p>&nbsp;<\/p>\n","protected":false},"excerpt":{"rendered":"<p>Devant cette r\u00e9alit\u00e9, 2025 repr\u00e9sente un tournant majeur. Le gouvernement fran\u00e7ais a \u00e9rig\u00e9 la sant\u00e9 mentale en grande cause nationale, obligeant les entreprises \u00e0 r\u00e9viser compl\u00e8tement leurs approches du bien-\u00eatre.&nbsp; L&rsquo;enjeu va bien au-del\u00e0 du simple aspect social : le mal-\u00eatre au travail co\u00fbte 170 milliards d&rsquo;euros par an \u00e0 l&rsquo;\u00e9conomie fran\u00e7aise &#8211; un v\u00e9ritable [&hellip;]<\/p>\n","protected":false},"author":32,"featured_media":44539,"comment_status":"open","ping_status":"open","sticky":false,"template":"","format":"standard","meta":{"_acf_changed":false,"_mi_skip_tracking":false,"footnotes":""},"categories":[12,13],"tags":[],"class_list":["post-44528","post","type-post","status-publish","format-standard","has-post-thumbnail","hentry","category-actualites","category-sante-et-securite-au-travail"],"acf":[],"yoast_head":"<!-- This site is optimized with the Yoast SEO plugin v23.4 - https:\/\/yoast.com\/wordpress\/plugins\/seo\/ -->\n<title>Bien-\u00eatre au travail en 2025 : les nouvelles approches qui fonctionnent - Le Blog GERESO<\/title>\n<meta name=\"robots\" content=\"index, follow, max-snippet:-1, max-image-preview:large, max-video-preview:-1\" \/>\n<link rel=\"canonical\" href=\"https:\/\/www.gereso.com\/actualites\/2025\/06\/12\/bien-etre-travail-2025-nouvelles-approches\/\" \/>\n<meta property=\"og:locale\" content=\"fr_FR\" \/>\n<meta property=\"og:type\" content=\"article\" \/>\n<meta property=\"og:title\" content=\"Bien-\u00eatre au travail en 2025 : les nouvelles approches qui fonctionnent - Le Blog GERESO\" \/>\n<meta property=\"og:description\" content=\"Devant cette r\u00e9alit\u00e9, 2025 repr\u00e9sente un tournant majeur. Le gouvernement fran\u00e7ais a \u00e9rig\u00e9 la sant\u00e9 mentale en grande cause nationale, obligeant les entreprises \u00e0 r\u00e9viser compl\u00e8tement leurs approches du bien-\u00eatre.&nbsp; L&rsquo;enjeu va bien au-del\u00e0 du simple aspect social : le mal-\u00eatre au travail co\u00fbte 170 milliards d&rsquo;euros par an \u00e0 l&rsquo;\u00e9conomie fran\u00e7aise &#8211; un v\u00e9ritable [&hellip;]\" \/>\n<meta property=\"og:url\" content=\"https:\/\/www.gereso.com\/actualites\/2025\/06\/12\/bien-etre-travail-2025-nouvelles-approches\/\" \/>\n<meta property=\"og:site_name\" content=\"Le Blog GERESO\" \/>\n<meta property=\"article:published_time\" content=\"2025-06-12T07:39:13+00:00\" \/>\n<meta property=\"article:modified_time\" content=\"2025-07-07T14:07:55+00:00\" \/>\n<meta property=\"og:image\" content=\"https:\/\/www.gereso.com\/actualites\/wp-content\/uploads\/2025\/06\/bien-etre-travail-2025.jpg\" \/>\n\t<meta property=\"og:image:width\" content=\"600\" \/>\n\t<meta property=\"og:image:height\" content=\"400\" \/>\n\t<meta property=\"og:image:type\" content=\"image\/jpeg\" \/>\n<meta name=\"author\" content=\"\u00c9quipe GERESO\" \/>\n<meta name=\"twitter:card\" content=\"summary_large_image\" \/>\n<script type=\"application\/ld+json\" class=\"yoast-schema-graph\">{\"@context\":\"https:\/\/schema.org\",\"@graph\":[{\"@type\":\"WebPage\",\"@id\":\"https:\/\/www.gereso.com\/actualites\/2025\/06\/12\/bien-etre-travail-2025-nouvelles-approches\/\",\"url\":\"https:\/\/www.gereso.com\/actualites\/2025\/06\/12\/bien-etre-travail-2025-nouvelles-approches\/\",\"name\":\"Bien-\u00eatre au travail en 2025 : les nouvelles approches qui fonctionnent - Le Blog GERESO\",\"isPartOf\":{\"@id\":\"https:\/\/www.gereso.com\/actualites\/#website\"},\"primaryImageOfPage\":{\"@id\":\"https:\/\/www.gereso.com\/actualites\/2025\/06\/12\/bien-etre-travail-2025-nouvelles-approches\/#primaryimage\"},\"image\":{\"@id\":\"https:\/\/www.gereso.com\/actualites\/2025\/06\/12\/bien-etre-travail-2025-nouvelles-approches\/#primaryimage\"},\"thumbnailUrl\":\"https:\/\/www.gereso.com\/actualites\/wp-content\/uploads\/2025\/06\/bien-etre-travail-2025.jpg\",\"datePublished\":\"2025-06-12T07:39:13+00:00\",\"dateModified\":\"2025-07-07T14:07:55+00:00\",\"author\":{\"@id\":\"https:\/\/www.gereso.com\/actualites\/#\/schema\/person\/197d8aef40cb4ae3f6a0aa9e1d3df2a6\"},\"breadcrumb\":{\"@id\":\"https:\/\/www.gereso.com\/actualites\/2025\/06\/12\/bien-etre-travail-2025-nouvelles-approches\/#breadcrumb\"},\"inLanguage\":\"fr-FR\",\"potentialAction\":[{\"@type\":\"ReadAction\",\"target\":[\"https:\/\/www.gereso.com\/actualites\/2025\/06\/12\/bien-etre-travail-2025-nouvelles-approches\/\"]}]},{\"@type\":\"ImageObject\",\"inLanguage\":\"fr-FR\",\"@id\":\"https:\/\/www.gereso.com\/actualites\/2025\/06\/12\/bien-etre-travail-2025-nouvelles-approches\/#primaryimage\",\"url\":\"https:\/\/www.gereso.com\/actualites\/wp-content\/uploads\/2025\/06\/bien-etre-travail-2025.jpg\",\"contentUrl\":\"https:\/\/www.gereso.com\/actualites\/wp-content\/uploads\/2025\/06\/bien-etre-travail-2025.jpg\",\"width\":600,\"height\":400,\"caption\":\"En 2025, le bien-\u00eatre au travail devient un levier strat\u00e9gique, entre flexibilit\u00e9, sant\u00e9 mentale et innovations audacieuses.\"},{\"@type\":\"BreadcrumbList\",\"@id\":\"https:\/\/www.gereso.com\/actualites\/2025\/06\/12\/bien-etre-travail-2025-nouvelles-approches\/#breadcrumb\",\"itemListElement\":[{\"@type\":\"ListItem\",\"position\":1,\"name\":\"Home\",\"item\":\"https:\/\/www.gereso.com\/actualites\/\"},{\"@type\":\"ListItem\",\"position\":2,\"name\":\"Bien-\u00eatre au travail en 2025 : les nouvelles approches qui fonctionnent\"}]},{\"@type\":\"WebSite\",\"@id\":\"https:\/\/www.gereso.com\/actualites\/#website\",\"url\":\"https:\/\/www.gereso.com\/actualites\/\",\"name\":\"Le Blog GERESO\",\"description\":\"Toute l&#039;actu RH, Finance, Fonction Publique, Management...\",\"potentialAction\":[{\"@type\":\"SearchAction\",\"target\":{\"@type\":\"EntryPoint\",\"urlTemplate\":\"https:\/\/www.gereso.com\/actualites\/?s={search_term_string}\"},\"query-input\":{\"@type\":\"PropertyValueSpecification\",\"valueRequired\":true,\"valueName\":\"search_term_string\"}}],\"inLanguage\":\"fr-FR\"},{\"@type\":\"Person\",\"@id\":\"https:\/\/www.gereso.com\/actualites\/#\/schema\/person\/197d8aef40cb4ae3f6a0aa9e1d3df2a6\",\"name\":\"\u00c9quipe GERESO\",\"image\":{\"@type\":\"ImageObject\",\"inLanguage\":\"fr-FR\",\"@id\":\"https:\/\/www.gereso.com\/actualites\/#\/schema\/person\/image\/\",\"url\":\"https:\/\/www.gereso.com\/actualites\/wp-content\/uploads\/2013\/12\/avatar-gereso-1.png\",\"contentUrl\":\"https:\/\/www.gereso.com\/actualites\/wp-content\/uploads\/2013\/12\/avatar-gereso-1.png\",\"caption\":\"\u00c9quipe GERESO\"},\"url\":\"https:\/\/www.gereso.com\/actualites\/author\/gereso\/\"}]}<\/script>\n<!-- \/ Yoast SEO plugin. -->","yoast_head_json":{"title":"Bien-\u00eatre au travail en 2025 : les nouvelles approches qui fonctionnent - Le Blog GERESO","robots":{"index":"index","follow":"follow","max-snippet":"max-snippet:-1","max-image-preview":"max-image-preview:large","max-video-preview":"max-video-preview:-1"},"canonical":"https:\/\/www.gereso.com\/actualites\/2025\/06\/12\/bien-etre-travail-2025-nouvelles-approches\/","og_locale":"fr_FR","og_type":"article","og_title":"Bien-\u00eatre au travail en 2025 : les nouvelles approches qui fonctionnent - Le Blog GERESO","og_description":"Devant cette r\u00e9alit\u00e9, 2025 repr\u00e9sente un tournant majeur. Le gouvernement fran\u00e7ais a \u00e9rig\u00e9 la sant\u00e9 mentale en grande cause nationale, obligeant les entreprises \u00e0 r\u00e9viser compl\u00e8tement leurs approches du bien-\u00eatre.&nbsp; L&rsquo;enjeu va bien au-del\u00e0 du simple aspect social : le mal-\u00eatre au travail co\u00fbte 170 milliards d&rsquo;euros par an \u00e0 l&rsquo;\u00e9conomie fran\u00e7aise &#8211; un v\u00e9ritable [&hellip;]","og_url":"https:\/\/www.gereso.com\/actualites\/2025\/06\/12\/bien-etre-travail-2025-nouvelles-approches\/","og_site_name":"Le Blog GERESO","article_published_time":"2025-06-12T07:39:13+00:00","article_modified_time":"2025-07-07T14:07:55+00:00","og_image":[{"width":600,"height":400,"url":"https:\/\/www.gereso.com\/actualites\/wp-content\/uploads\/2025\/06\/bien-etre-travail-2025.jpg","type":"image\/jpeg"}],"author":"\u00c9quipe GERESO","twitter_card":"summary_large_image","schema":{"@context":"https:\/\/schema.org","@graph":[{"@type":"WebPage","@id":"https:\/\/www.gereso.com\/actualites\/2025\/06\/12\/bien-etre-travail-2025-nouvelles-approches\/","url":"https:\/\/www.gereso.com\/actualites\/2025\/06\/12\/bien-etre-travail-2025-nouvelles-approches\/","name":"Bien-\u00eatre au travail en 2025 : les nouvelles approches qui fonctionnent - Le Blog GERESO","isPartOf":{"@id":"https:\/\/www.gereso.com\/actualites\/#website"},"primaryImageOfPage":{"@id":"https:\/\/www.gereso.com\/actualites\/2025\/06\/12\/bien-etre-travail-2025-nouvelles-approches\/#primaryimage"},"image":{"@id":"https:\/\/www.gereso.com\/actualites\/2025\/06\/12\/bien-etre-travail-2025-nouvelles-approches\/#primaryimage"},"thumbnailUrl":"https:\/\/www.gereso.com\/actualites\/wp-content\/uploads\/2025\/06\/bien-etre-travail-2025.jpg","datePublished":"2025-06-12T07:39:13+00:00","dateModified":"2025-07-07T14:07:55+00:00","author":{"@id":"https:\/\/www.gereso.com\/actualites\/#\/schema\/person\/197d8aef40cb4ae3f6a0aa9e1d3df2a6"},"breadcrumb":{"@id":"https:\/\/www.gereso.com\/actualites\/2025\/06\/12\/bien-etre-travail-2025-nouvelles-approches\/#breadcrumb"},"inLanguage":"fr-FR","potentialAction":[{"@type":"ReadAction","target":["https:\/\/www.gereso.com\/actualites\/2025\/06\/12\/bien-etre-travail-2025-nouvelles-approches\/"]}]},{"@type":"ImageObject","inLanguage":"fr-FR","@id":"https:\/\/www.gereso.com\/actualites\/2025\/06\/12\/bien-etre-travail-2025-nouvelles-approches\/#primaryimage","url":"https:\/\/www.gereso.com\/actualites\/wp-content\/uploads\/2025\/06\/bien-etre-travail-2025.jpg","contentUrl":"https:\/\/www.gereso.com\/actualites\/wp-content\/uploads\/2025\/06\/bien-etre-travail-2025.jpg","width":600,"height":400,"caption":"En 2025, le bien-\u00eatre au travail devient un levier strat\u00e9gique, entre flexibilit\u00e9, sant\u00e9 mentale et innovations audacieuses."},{"@type":"BreadcrumbList","@id":"https:\/\/www.gereso.com\/actualites\/2025\/06\/12\/bien-etre-travail-2025-nouvelles-approches\/#breadcrumb","itemListElement":[{"@type":"ListItem","position":1,"name":"Home","item":"https:\/\/www.gereso.com\/actualites\/"},{"@type":"ListItem","position":2,"name":"Bien-\u00eatre au travail en 2025 : les nouvelles approches qui fonctionnent"}]},{"@type":"WebSite","@id":"https:\/\/www.gereso.com\/actualites\/#website","url":"https:\/\/www.gereso.com\/actualites\/","name":"Le Blog GERESO","description":"Toute l&#039;actu RH, Finance, Fonction Publique, Management...","potentialAction":[{"@type":"SearchAction","target":{"@type":"EntryPoint","urlTemplate":"https:\/\/www.gereso.com\/actualites\/?s={search_term_string}"},"query-input":{"@type":"PropertyValueSpecification","valueRequired":true,"valueName":"search_term_string"}}],"inLanguage":"fr-FR"},{"@type":"Person","@id":"https:\/\/www.gereso.com\/actualites\/#\/schema\/person\/197d8aef40cb4ae3f6a0aa9e1d3df2a6","name":"\u00c9quipe GERESO","image":{"@type":"ImageObject","inLanguage":"fr-FR","@id":"https:\/\/www.gereso.com\/actualites\/#\/schema\/person\/image\/","url":"https:\/\/www.gereso.com\/actualites\/wp-content\/uploads\/2013\/12\/avatar-gereso-1.png","contentUrl":"https:\/\/www.gereso.com\/actualites\/wp-content\/uploads\/2013\/12\/avatar-gereso-1.png","caption":"\u00c9quipe GERESO"},"url":"https:\/\/www.gereso.com\/actualites\/author\/gereso\/"}]}},"_links":{"self":[{"href":"https:\/\/www.gereso.com\/actualites\/wp-json\/wp\/v2\/posts\/44528","targetHints":{"allow":["GET"]}}],"collection":[{"href":"https:\/\/www.gereso.com\/actualites\/wp-json\/wp\/v2\/posts"}],"about":[{"href":"https:\/\/www.gereso.com\/actualites\/wp-json\/wp\/v2\/types\/post"}],"author":[{"embeddable":true,"href":"https:\/\/www.gereso.com\/actualites\/wp-json\/wp\/v2\/users\/32"}],"replies":[{"embeddable":true,"href":"https:\/\/www.gereso.com\/actualites\/wp-json\/wp\/v2\/comments?post=44528"}],"version-history":[{"count":13,"href":"https:\/\/www.gereso.com\/actualites\/wp-json\/wp\/v2\/posts\/44528\/revisions"}],"predecessor-version":[{"id":44753,"href":"https:\/\/www.gereso.com\/actualites\/wp-json\/wp\/v2\/posts\/44528\/revisions\/44753"}],"wp:featuredmedia":[{"embeddable":true,"href":"https:\/\/www.gereso.com\/actualites\/wp-json\/wp\/v2\/media\/44539"}],"wp:attachment":[{"href":"https:\/\/www.gereso.com\/actualites\/wp-json\/wp\/v2\/media?parent=44528"}],"wp:term":[{"taxonomy":"category","embeddable":true,"href":"https:\/\/www.gereso.com\/actualites\/wp-json\/wp\/v2\/categories?post=44528"},{"taxonomy":"post_tag","embeddable":true,"href":"https:\/\/www.gereso.com\/actualites\/wp-json\/wp\/v2\/tags?post=44528"}],"curies":[{"name":"wp","href":"https:\/\/api.w.org\/{rel}","templated":true}]}}