{"id":44557,"date":"2025-06-16T16:43:57","date_gmt":"2025-06-16T14:43:57","guid":{"rendered":"https:\/\/www.gereso.com\/actualites\/?p=44557"},"modified":"2025-07-07T15:35:17","modified_gmt":"2025-07-07T13:35:17","slug":"comment-bacheliers-2025-redessiner-travail-2030","status":"publish","type":"post","link":"https:\/\/www.gereso.com\/actualites\/2025\/06\/16\/comment-bacheliers-2025-redessiner-travail-2030\/","title":{"rendered":"Comment les bacheliers 2025 vont redessiner le travail en 2030 ?"},"content":{"rendered":"\n<p>Cette <a href=\"https:\/\/www.gereso.com\/actualites\/2024\/11\/05\/management-generation-z-competences-formations\/\" target=\"_blank\" rel=\"noreferrer noopener\">g\u00e9n\u00e9ration Z<\/a>, n\u00e9e entre 2006 et 2007, d\u00e9barquera au moment pr\u00e9cis o\u00f9 l&rsquo;\u00e9conomie fran\u00e7aise aura cruellement besoin d&rsquo;elle. Mais attention : ces jeunes ne viendront pas la t\u00eate basse, les mains vides.<\/p>\n\n\n\n<p>Les chiffres parlent et bousculent d\u00e9j\u00e0 les certitudes RH. Selon une <a href=\"https:\/\/www.ifop.com\/publication\/le-rapport-de-la-generation-z-au-travail\/\" target=\"_blank\" rel=\"noreferrer noopener nofollow\">enqu\u00eate IFOP<\/a>, 91% de ces jeunes consid\u00e8rent qu&rsquo;aimer son travail constitue un pr\u00e9requis absolu au bonheur \u2013 pas un petit plus n\u00e9gociable. 72% placent l&rsquo;autonomie en premi\u00e8re ligne de leurs priorit\u00e9s, 70% exigent une flexibilit\u00e9 horaire et 52% sont pr\u00eats \u00e0 sacrifier une partie de leur salaire pour un poste plus \u00e9panouissant.&nbsp;<\/p>\n\n\n\n<p>Face \u00e0 ces attentes r\u00e9volutionnaires, les entreprises qui s&rsquo;accrocheront \u00e0 leurs mod\u00e8les d&rsquo;antan risquent tout bonnement de se retrouver orphelines de main-d&rsquo;\u0153uvre.<\/p>\n\n\n\n<p><strong>Cette r\u00e9volution silencieuse se pr\u00e9pare d\u00e9j\u00e0 dans les lyc\u00e9es de 2025<\/strong>. Pour la premi\u00e8re fois, les bacheliers professionnels peuvent choisir d\u00e8s la terminale entre un parcours d&rsquo;insertion imm\u00e9diate (stage r\u00e9mun\u00e9r\u00e9 de six semaines) ou de poursuite d&rsquo;\u00e9tudes. Cette flexibilit\u00e9 in\u00e9dite illustre parfaitement leur approche du travail : personnalis\u00e9e, r\u00e9fl\u00e9chie et assum\u00e9e.<\/p>\n\n\n\n<p>L&rsquo;\u00e9quation devient limpide pour les directions g\u00e9n\u00e9rales : s&rsquo;adapter ou dispara\u00eetre. Les entreprises qui sauront anticiper cette transformation et ajuster leurs pratiques RH d\u00e8s maintenant b\u00e9n\u00e9ficieront d&rsquo;un avantage concurrentiel d\u00e9cisif dans la guerre des talents qui se profile. Car d&rsquo;ici 2030, ce ne seront plus les candidats qui postuleront aupr\u00e8s des entreprises, mais bien les entreprises qui devront convaincre cette g\u00e9n\u00e9ration de les rejoindre.<\/p>\n\n\n\n<h2 style=\"color:#D10016\"><strong>Portrait-robot&nbsp;: qui sont vraiment les bacheliers 2025&nbsp;?<\/strong><\/h2>\n\n\n\n<h3 class=\"wp-block-heading\"><strong>Une g\u00e9n\u00e9ration Z en pleine maturit\u00e9<\/strong><\/h3>\n\n\n\n<p>Les bacheliers 2025 incarnent le c\u0153ur de la G\u00e9n\u00e9ration Z, n\u00e9s majoritairement en 2006 et 2007. Leur particularit\u00e9 ? Une v\u00e9ritable r\u00e9volution d\u00e9mographique : pr\u00e8s de 80% d&rsquo;une g\u00e9n\u00e9ration obtient d\u00e9sormais le baccalaur\u00e9at, contre seulement 20% en 1985 <a href=\"https:\/\/www.education.gouv.fr\/le-baccalaureat-en-chiffres-3288\" target=\"_blank\" rel=\"noreferrer noopener\">selon le Minist\u00e8re de l\u2019\u00e9ducation<\/a>. Cette massification du dipl\u00f4me transforme radicalement la donne sur le march\u00e9 du travail.<\/p>\n\n\n\n<p>Mais au-del\u00e0 des chiffres, c&rsquo;est leur contexte de formation qui forge leur sp\u00e9cificit\u00e9. Ces jeunes ont v\u00e9cu leur scolarit\u00e9 entre pand\u00e9mie mondiale, crises \u00e9conomiques r\u00e9p\u00e9t\u00e9es et urgence climatique omnipr\u00e9sente. Loin de les fragiliser, ces \u00e9preuves ont d\u00e9velopp\u00e9 chez eux une r\u00e9silience et une capacit\u00e9 d&rsquo;adaptation remarquables, doubl\u00e9es d&rsquo;une conscience aigu\u00eb des enjeux soci\u00e9taux.<\/p>\n\n\n\n<h3 class=\"wp-block-heading\"><strong>Des attentes professionnelles qui r\u00e9volutionnent les codes<\/strong><\/h3>\n\n\n\n<p>Les statistiques r\u00e9centes r\u00e9v\u00e8lent un changement profond dans le <a href=\"https:\/\/www.gereso.com\/actualites\/2023\/05\/30\/attentes-jeunes-travail-points-communs-specificites\/\" target=\"_blank\" rel=\"noreferrer noopener\">rapport au travail de cette g\u00e9n\u00e9ration<\/a>. Quand 91% d&rsquo;entre eux d\u00e9clarent qu&rsquo;aimer son travail constitue un \u00e9l\u00e9ment essentiel au bonheur, ils ne formulent pas un souhait mais posent une condition non n\u00e9gociable.&nbsp;<\/p>\n\n\n\n<p>Cette exigence de sens s&rsquo;accompagne d&rsquo;attentes concr\u00e8tes : 72% valorisent l&rsquo;autonomie avant tout, 70% consid\u00e8rent la flexibilit\u00e9 horaire comme indispensable.<\/p>\n\n\n\n<p>Plus r\u00e9v\u00e9lateur encore :<strong> 52% de ces jeunes se d\u00e9clarent pr\u00eats \u00e0 accepter une r\u00e9mun\u00e9ration moindre en \u00e9change d&rsquo;un poste plus \u00e9panouissan<\/strong>t, toujours selon le <a href=\"https:\/\/www.ifop.com\/publication\/le-rapport-de-la-generation-z-au-travail\/\" target=\"_blank\" rel=\"noreferrer noopener\">rapport IFOP<\/a>. Cette donn\u00e9e chamboule les grilles traditionnelles de n\u00e9gociation salariale et oblige les entreprises \u00e0 repenser compl\u00e8tement leur proposition de valeur employeur.<\/p>\n\n\n\n<h3 class=\"wp-block-heading\"><strong>Le nouveau paradigme \u00e9ducatif : flexibilit\u00e9 et autonomie<\/strong><\/h3>\n\n\n\n<p>L&rsquo;innovation la plus marquante concerne l&rsquo;introduction de parcours diff\u00e9renci\u00e9s d\u00e8s la terminale. Pour la premi\u00e8re fois, les bacheliers professionnels peuvent choisir entre un parcours de pr\u00e9paration \u00e0 l&rsquo;insertion professionnelle, incluant un stage r\u00e9mun\u00e9r\u00e9 de six semaines en entreprise, ou un parcours de poursuite d&rsquo;\u00e9tudes avec renforcement disciplinaire.<\/p>\n\n\n\n<p>Cette flexibilit\u00e9 \u00e9ducative refl\u00e8te parfaitement leur approche du travail : personnalis\u00e9e, r\u00e9fl\u00e9chie et adaptable. <strong>Le syst\u00e8me \u00e9ducatif met d\u00e9sormais l&rsquo;accent sur l&rsquo;\u00e9valuation par projets, le d\u00e9veloppement de comp\u00e9tences transversales et l&rsquo;autonomie d\u00e9cisionnelle<\/strong>. Ces bacheliers 2025 arrivent donc sur le march\u00e9 du travail avec une culture de la responsabilit\u00e9 et de l&rsquo;adaptation d\u00e9j\u00e0 ancr\u00e9e, des atouts pr\u00e9cieux dans un monde professionnel en mutation permanente.<\/p>\n\n\n\n<h2 style=\"color:#D10016\"><strong>Quatre r\u00e9volutions en marche&nbsp;!<\/strong><\/h2>\n\n\n\n<h3 class=\"wp-block-heading\"><strong>La r\u00e9volution du sens au travail : du \u00ab\u00a0job alimentaire\u00a0\u00bb au \u00ab\u00a0job align\u00e9\u00a0\u00bb<\/strong><\/h3>\n\n\n\n<p>Termin\u00e9 le temps o\u00f9 un salaire suffisait \u00e0 motiver une embauche. Les bacheliers 2025 op\u00e8rent une r\u00e9volution copernicienne : ils placent l&rsquo;impact social et environnemental au c\u0153ur de leurs crit\u00e8res de choix professionnel. Cette exigence de sens transforme radicalement les n\u00e9gociations de recrutement, o\u00f9 les entreprises doivent d\u00e9sormais justifier leur raison d&rsquo;\u00eatre avant de parler r\u00e9mun\u00e9ration.<\/p>\n\n\n\n<p><strong>Cette g\u00e9n\u00e9ration remet \u00e9galement en question les hi\u00e9rarchies traditionnelles.<\/strong> Plut\u00f4t que de subir des structures pyramidales, ils privil\u00e9gient les organisations horizontales o\u00f9 leur voix compte d\u00e8s le premier jour.&nbsp;<\/p>\n\n\n\n<h3 class=\"wp-block-heading\"><strong>L&rsquo;hybridation des comp\u00e9tences : la fin des m\u00e9tiers \u00ab\u00a0en silo\u00a0\u00bb<\/strong><\/h3>\n\n\n\n<p>Les bacheliers 2025 incarnent parfaitement l&rsquo;\u00e9volution vers des profils hybrides. Form\u00e9s \u00e0 l&rsquo;intersection entre comp\u00e9tences techniques, soft skills et ma\u00eetrise num\u00e9rique, <strong>ils arrivent sur le march\u00e9 avec une polyvalence in\u00e9dite<\/strong>. Cette capacit\u00e9 d&rsquo;adaptation devient cruciale quand on sait que 85% des emplois de 2030 n&rsquo;existent pas encore aujourd&rsquo;hui.<\/p>\n\n\n\n<p>Contrairement aux g\u00e9n\u00e9rations pr\u00e9c\u00e9dentes qui se sp\u00e9cialisaient dans un domaine puis \u00e9voluaient verticalement, <strong>ces jeunes con\u00e7oivent leur carri\u00e8re comme un portefeuille de comp\u00e9tences en construction permanente<\/strong>. Ils consid\u00e8rent la formation continue non pas comme un plus mais comme un standard professionnel, transformant les politiques de d\u00e9veloppement des comp\u00e9tences en enjeu de r\u00e9tention majeur.<\/p>\n\n\n\n<h3 class=\"wp-block-heading\"><strong>La flexibilit\u00e9 comme nouvelle norme : du CDI \u00e0 vie aux parcours portfolio<\/strong><\/h3>\n\n\n\n<p>La donn\u00e9e frappe par sa clart\u00e9 : selon un <a href=\"https:\/\/lexpress-education.com\/articles\/emploi-des-jeunes-quelles-attentes-vis-a-vis-de-lentreprise\/\" target=\"_blank\" rel=\"noreferrer noopener nofollow\">article de l\u2019Express<\/a>, 40% de ces bacheliers n&rsquo;envisagent pas de signer un CDI traditionnel \u00e0 la sortie de leurs \u00e9tudes. Cette r\u00e9v\u00e9lation secoue les mod\u00e8les RH \u00e9tablis et force les entreprises \u00e0 repenser compl\u00e8tement leurs contrats de travail.<\/p>\n\n\n\n<p>Ces jeunes professionnels assument une approche portfolio de leur carri\u00e8re : alternance entre salariat classique, missions en freelance et projets entrepreneuriaux. Leur mobilit\u00e9 g\u00e9ographique assum\u00e9e les distingue \u00e9galement. L\u00e0 o\u00f9 leurs a\u00een\u00e9s h\u00e9sitaient \u00e0 d\u00e9m\u00e9nager pour un poste, eux consid\u00e8rent la mobilit\u00e9 nationale et internationale comme un enrichissement naturel de leur parcours.<\/p>\n\n\n\n<p><strong>Cette flexibilit\u00e9 ne traduit pas une instabilit\u00e9 mais une strat\u00e9gie d\u00e9lib\u00e9r\u00e9e d&rsquo;accumulation d&rsquo;exp\u00e9riences diversifi\u00e9es<\/strong>. Ils construisent ainsi une employabilit\u00e9 renforc\u00e9e qui leur donne un pouvoir de n\u00e9gociation in\u00e9dit face aux recruteurs.<\/p>\n\n\n\n<h3 class=\"wp-block-heading\"><strong>La digitalisation native : l&rsquo;avantage concurrentiel d\u00e9cisif<\/strong><\/h3>\n\n\n\n<p>Les bacheliers 2025 ne s&rsquo;adaptent pas aux outils num\u00e9riques : ils les ma\u00eetrisent intuitivement. Cette aisance naturelle avec l&rsquo;intelligence artificielle, l&rsquo;automatisation et les plateformes collaboratives leur conf\u00e8re un avantage concurrentiel imm\u00e9diat sur le march\u00e9 du travail.<\/p>\n\n\n\n<p>Plus strat\u00e9gique encore, <strong>ils deviennent les facilitateurs naturels de la transformation num\u00e9rique dans les entreprises<\/strong>. Leur capacit\u00e9 \u00e0 faire le pont entre les g\u00e9n\u00e9rations plus exp\u00e9riment\u00e9es et les nouvelles technologies en fait des acteurs cl\u00e9s de l&rsquo;innovation organisationnelle. Les entreprises qui sauront capitaliser sur cette comp\u00e9tence native prendront une longueur d&rsquo;avance d\u00e9cisive dans leur digitalisation.<\/p>\n\n\n\n<h2 style=\"color:#D10016\"><strong>Quel impact des jeunes bacheliers sur le monde du travail de 2030&nbsp;?<\/strong><\/h2>\n\n\n\n<h3 class=\"wp-block-heading\"><strong>Une restructuration massive du march\u00e9 de l&#8217;emploi<\/strong><\/h3>\n\n\n\n<p>Les chiffres dessinent un bouleversement sans pr\u00e9c\u00e9dent : 800 000 postes seront \u00e0 pourvoir annuellement d&rsquo;ici 2030, dont 90% directement li\u00e9s aux d\u00e9parts massifs des baby-boomers.&nbsp;<\/p>\n\n\n\n<p><strong>Cette vague de renouvellement g\u00e9n\u00e9rationnel cr\u00e9e une fen\u00eatre d&rsquo;opportunit\u00e9 historique pour les bacheliers 2025,<\/strong> mais transforme \u00e9galement radicalement l&rsquo;\u00e9quilibre des forces sur le march\u00e9 de l&#8217;emploi.<\/p>\n\n\n\n<p>Les tensions sectorielles s&rsquo;accentuent de mani\u00e8re diff\u00e9renci\u00e9e. Les m\u00e9tiers de la sant\u00e9, du num\u00e9rique et de la transition \u00e9cologique conna\u00eetront une p\u00e9nurie critique de talents, offrant aux jeunes dipl\u00f4m\u00e9s un pouvoir de n\u00e9gociation in\u00e9dit. Parall\u00e8lement, l&rsquo;\u00e9mergence de nouveaux m\u00e9tiers dans la data science, l&rsquo;intelligence artificielle et les \u00e9nergies renouvelables redessine compl\u00e8tement la cartographie des emplois d&rsquo;avenir.<\/p>\n\n\n\n<p>Cette r\u00e9volution quantitative s&rsquo;accompagne d&rsquo;une transformation qualitative profonde. Les entreprises d\u00e9couvrent qu&rsquo;attirer ces nouveaux talents n\u00e9cessite de repenser enti\u00e8rement leur proposition de valeur, au-del\u00e0 des seuls crit\u00e8res salariaux traditionnels.<\/p>\n\n\n\n<h3 class=\"wp-block-heading\"><strong>De nouveaux mod\u00e8les organisationnels : l&rsquo;entreprise plateforme<\/strong><\/h3>\n\n\n\n<p>Face aux attentes de cette g\u00e9n\u00e9ration, l<strong>es structures hi\u00e9rarchiques pyramidales c\u00e8dent progressivement la place aux entreprises \u00ab\u00a0plateformes\u00a0\u00bb<\/strong>. Ces organisations privil\u00e9gient les \u00e9quipes projet transversales, la prise de d\u00e9cision collaborative et les espaces de travail modulaires qui s&rsquo;adaptent aux besoins \u00e9volutifs des missions.<\/p>\n\n\n\n<p>Le management participatif devient la norme plut\u00f4t que l&rsquo;exception. Les bacheliers 2025, form\u00e9s \u00e0 l&rsquo;autonomie et \u00e0 la gestion de projet, rejettent naturellement le micro-management pour privil\u00e9gier la fixation d&rsquo;objectifs clairs assortie d&rsquo;une libert\u00e9 totale sur les moyens. <strong>Cette \u00e9volution oblige les managers de la g\u00e9n\u00e9ration X \u00e0 se former massivement aux nouvelles pratiques d&rsquo;encadrement.<\/strong><\/p>\n\n\n\n<h3 class=\"wp-block-heading\"><strong>Vers une red\u00e9finition compl\u00e8te de la performance<\/strong><\/h3>\n\n\n\n<p>L&rsquo;impact le plus profond concerne la mesure m\u00eame de la performance. Les bacheliers 2025 imposent progressivement une vision globale int\u00e9grant performance \u00e9conomique, impact social et empreinte environnementale. Cette triple exigence transforme les indicateurs RH traditionnels et oblige les entreprises \u00e0 d\u00e9velopper de nouveaux <a href=\"https:\/\/www.gereso.com\/actualites\/2024\/11\/08\/tableau-bord-rh\/\">tableaux de bord<\/a>.<\/p>\n\n\n\n<p><strong>Le retour sur investissement des politiques RH se recentre massivement sur la r\u00e9tention et le bien-\u00eatre plut\u00f4t que sur la seule productivit\u00e9 \u00e0 court terme<\/strong>. Les entreprises d\u00e9couvrent que l&rsquo;engagement de cette g\u00e9n\u00e9ration g\u00e9n\u00e8re des gains de performance durables, \u00e0 condition d&rsquo;accepter d&rsquo;investir dans l&rsquo;environnement de travail et le d\u00e9veloppement personnel.<\/p>\n\n\n\n<p>Cette r\u00e9volution culturelle s&rsquo;accompagne d&rsquo;une \u00e9volution majeure :<strong> le passage d&rsquo;une logique de contr\u00f4le \u00e0 une logique de confiance<\/strong>. Les organisations qui maintiennent des syst\u00e8mes de surveillance \u00e9troite voient leurs jeunes talents partir vers des concurrents plus ouverts, cr\u00e9ant un cercle vertueux pour les entreprises les plus innovantes.<\/p>\n\n\n\n<h2 style=\"color:#D10016\"><strong>Comment s\u2019adapter \u00e0 cette g\u00e9n\u00e9ration de bacheliers 2025&nbsp;?<\/strong><\/h2>\n\n\n\n<h3 class=\"wp-block-heading\"><strong>Faire face aux points de friction g\u00e9n\u00e9rationnels<\/strong><\/h3>\n\n\n\n<p>Le choc entre les bacheliers 2025 et les managers de la g\u00e9n\u00e9ration X ou des baby-boomers g\u00e9n\u00e9rera sans doute des tensions in\u00e9dites dans les organisations. Les pratiques de \u00ab\u00a0quiet quitting\u00a0\u00bb et de \u00ab\u00a0ghosting\u00a0\u00bb professionnel, ou de simple<a href=\"https:\/\/www.gereso.com\/actualites\/2022\/11\/24\/conference-desengagement-travail-quand-baby-foot-suffit-plus\/\"> d\u00e9sengagement au travail<\/a>, courantes chez ces jeunes, d\u00e9routent profond\u00e9ment les encadrants habitu\u00e9s \u00e0 des codes de loyaut\u00e9 diff\u00e9rents. Quand un collaborateur de 20 ans quitte son poste du jour au lendemain parce que ses valeurs ne s&rsquo;alignent plus avec l&rsquo;entreprise, les managers traditionnels y voient de l&rsquo;instabilit\u00e9 l\u00e0 o\u00f9 il s&rsquo;agit en r\u00e9alit\u00e9 d&rsquo;une coh\u00e9rence assum\u00e9e.<\/p>\n\n\n\n<p><strong>Cette incompr\u00e9hension mutuelle n\u00e9cessite un effort d&rsquo;adaptation des deux c\u00f4t\u00e9s<\/strong>. Les entreprises les plus perspicaces investissent massivement dans la formation au management interg\u00e9n\u00e9rationnel, transformant ce d\u00e9fi en opportunit\u00e9 d&rsquo;enrichissement mutuel.<\/p>\n\n\n\n<h3 class=\"wp-block-heading\"><strong>Des contraintes \u00e9conomiques \u00e0 court termes : la r\u00e9alit\u00e9 du march\u00e9 tendu<\/strong><\/h3>\n\n\n\n<p>Paradoxalement, <strong>cette g\u00e9n\u00e9ration exigeante arrive sur un march\u00e9 du travail particuli\u00e8rement difficile<\/strong>. Les <a href=\"https:\/\/www.challenges.fr\/economie\/vers-une-baisse-de-16-du-recrutement-en-2025-une-annee-difficile-pour-les-jeunes-cadres_602063\">pr\u00e9visions<\/a> annoncent une baisse de 16% des recrutements en 2025, cr\u00e9ant une concurrence accrue entre dipl\u00f4m\u00e9s. Cette tension g\u00e9n\u00e8re un d\u00e9calage douloureux entre aspirations \u00e9lev\u00e9es et r\u00e9alit\u00e9 \u00e9conomique contrainte.<\/p>\n\n\n\n<p>Les entreprises exploitent parfois cette situation pour maintenir des conditions de travail traditionnelles, esp\u00e9rant que la pression \u00e9conomique temp\u00e9rera les exigences des jeunes candidats. C&rsquo;est une erreur strat\u00e9gique majeure : ces bacheliers pr\u00e9f\u00e8rent souvent prolonger leurs \u00e9tudes ou accepter des missions temporaires plut\u00f4t que de transiger sur leurs valeurs fondamentales.<\/p>\n\n\n\n<h3 class=\"wp-block-heading\"><strong>Bref, comment s\u2019adapter ?<\/strong><\/h3>\n\n\n\n<p>Face \u00e0 ces d\u00e9fis, les entreprises les plus agiles d\u00e9veloppent des approches innovantes. La refonte des processus de recrutement devient prioritaire : focus sur le potentiel plut\u00f4t que sur l&rsquo;exp\u00e9rience, \u00e9valuation des <a href=\"https:\/\/www.gereso.com\/actualites\/2022\/06\/03\/soft-skills-tout-savoir-sur-les-competences-douces\/\">soft skills <\/a>au m\u00eame niveau que les comp\u00e9tences techniques, int\u00e9gration de la dimension culturelle d\u00e8s les premiers entretiens.<\/p>\n\n\n\n<p><strong>La mise en place de parcours de carri\u00e8re non-lin\u00e9aires repr\u00e9sente un autre levier<\/strong> essentiel. Les organisations cr\u00e9ent des passerelles entre m\u00e9tiers, proposent des missions transversales et autorisent les \u00e9volutions de poste rapides pour maintenir l&rsquo;engagement de ces profils en qu\u00eate permanente de nouveaux d\u00e9fis.<\/p>\n\n\n\n<p>L&rsquo;investissement dans les outils collaboratifs et la formation continue devient \u00e9galement strat\u00e9gique. Ces entreprises transforment leur budget formation en v\u00e9ritable levier de r\u00e9tention, proposant des parcours de d\u00e9veloppement personnalis\u00e9s qui r\u00e9pondent aux attentes d&rsquo;\u00e9volution permanente de cette g\u00e9n\u00e9ration.<\/p>\n\n\n\n<article class=\"obj_encart-formation\">\n<div class=\"ctn_encart\">\n<h3>Votre formation sur ce th\u00e8me<\/h3>\n<h2>&nbsp;RECRUTER, INT\u00c9GRER, FID\u00c9LISER LA G\u00c9N\u00c9RATION Z&nbsp;<\/h2>\n<h4>1 jour &#8211; En pr\u00e9sentiel ou \u00e0 distance<\/h4>\n<ul>\n<li><strong>Identifier les attentes sp\u00e9cifiques de la g\u00e9n\u00e9ration Z<\/strong> en mati\u00e8re de travail et d&rsquo;environnement professionnel.<\/li>\n<li><strong>Attirer efficacement les talents<\/strong> de la g\u00e9n\u00e9ration Z en adaptant ses pratiques de recrutement.<\/li>\n<li><strong>Optimiser l&rsquo;int\u00e9gration des jeunes talents au sein des \u00e9quipes,<\/strong> en tenant compte de leurs besoins sp\u00e9cifiques.<\/li>\n<li><strong>D\u00e9velopper des strat\u00e9gies de fid\u00e9lisation<\/strong> align\u00e9es avec les valeurs et les motivations de la g\u00e9n\u00e9ration Z.<\/li>\n<li><strong>Retenir durablement la g\u00e9n\u00e9ration Z<\/strong> en renfor\u00e7ant sa marque employeur.<\/li>\n\n<\/ul>\n<div class=\"ctn_btn\">\n<a class=\"obj_btn\" target=\"_blank\" href=\"https:\/\/www.gereso.com\/RGEN\" rel=\"noopener\"><span>En savoir plus<\/span><\/a>\n<a class=\"obj_btn\" target=\"_blank\" href=\"https:\/\/www.gereso.com\/client\/programme-pdf\/RGEN.pdf\" rel=\"noopener\"><span>T\u00e9l\u00e9charger le programme PDF<\/span><\/a>\n<\/div>\n<\/article>\n\n\n\n<h2 style=\"color:#D10016\"><strong>Une fen\u00eatre de 5 ans pour anticiper l\u2019arriv\u00e9e des jeunes bacheliers en entreprise<\/strong><\/h2>\n\n\n\n<p>Le 4 juillet 2025 marque bien plus qu&rsquo;une simple publication de r\u00e9sultats scolaires. Cette date symbolise l&rsquo;entr\u00e9e en sc\u00e8ne d&rsquo;une g\u00e9n\u00e9ration qui ne subira pas le changement mais le cr\u00e9era de toutes pi\u00e8ces. <strong>Les bacheliers 2025 arrivent au moment pr\u00e9cis o\u00f9 l&rsquo;\u00e9conomie fran\u00e7aise a besoin d&rsquo;eux,<\/strong> mais avec des exigences qui chambardent tous les codes \u00e9tablis.<\/p>\n\n\n\n<p>Les entreprises disposent d&rsquo;une <strong>fen\u00eatre de cinq ans<\/strong> pour anticiper et accompagner cette transformation. Celles qui sauront d\u00e8s maintenant adapter leur culture manag\u00e9riale, repenser leur proposition de valeur employeur et investir dans la flexibilit\u00e9 organisationnelle b\u00e9n\u00e9ficieront d&rsquo;un avantage concurrentiel d\u00e9cisif. Le potentiel d&rsquo;innovation et de croissance est \u00e9norme pour les organisations qui accepteront de remettre en question leurs pratiques traditionnelles.<\/p>\n\n\n\n<p>Car la r\u00e9volution est en marche : d&rsquo;ici 2030, nous assisterons \u00e0 l&rsquo;\u00e9mergence d&rsquo;un monde du travail plus humain, plus flexible et paradoxalement plus performant. Les bacheliers 2025 ne r\u00e9clament pas l&rsquo;impossible, ils dessinent simplement l&rsquo;entreprise de demain.<\/p>\n\n\n\n<p>&nbsp;<\/p>\n\n\n","protected":false},"excerpt":{"rendered":"<p>Cette g\u00e9n\u00e9ration Z, n\u00e9e entre 2006 et 2007, d\u00e9barquera au moment pr\u00e9cis o\u00f9 l&rsquo;\u00e9conomie fran\u00e7aise aura cruellement besoin d&rsquo;elle. Mais attention : ces jeunes ne viendront pas la t\u00eate basse, les mains vides. Les chiffres parlent et bousculent d\u00e9j\u00e0 les certitudes RH. Selon une enqu\u00eate IFOP, 91% de ces jeunes consid\u00e8rent qu&rsquo;aimer son travail constitue [&hellip;]<\/p>\n","protected":false},"author":32,"featured_media":44574,"comment_status":"open","ping_status":"open","sticky":false,"template":"","format":"standard","meta":{"_acf_changed":false,"_mi_skip_tracking":false,"footnotes":""},"categories":[12,2],"tags":[],"class_list":["post-44557","post","type-post","status-publish","format-standard","has-post-thumbnail","hentry","category-actualites","category-ressources-humaines"],"acf":[],"yoast_head":"<!-- This site is optimized with the Yoast SEO plugin v23.4 - https:\/\/yoast.com\/wordpress\/plugins\/seo\/ -->\n<title>Comment les bacheliers 2025 vont redessiner le travail en 2030 ? - Le Blog GERESO<\/title>\n<meta name=\"robots\" content=\"index, follow, max-snippet:-1, max-image-preview:large, max-video-preview:-1\" \/>\n<link rel=\"canonical\" href=\"https:\/\/www.gereso.com\/actualites\/2025\/06\/16\/comment-bacheliers-2025-redessiner-travail-2030\/\" \/>\n<meta property=\"og:locale\" content=\"fr_FR\" \/>\n<meta property=\"og:type\" content=\"article\" \/>\n<meta property=\"og:title\" content=\"Comment les bacheliers 2025 vont redessiner le travail en 2030 ? - Le Blog GERESO\" \/>\n<meta property=\"og:description\" content=\"Cette g\u00e9n\u00e9ration Z, n\u00e9e entre 2006 et 2007, d\u00e9barquera au moment pr\u00e9cis o\u00f9 l&rsquo;\u00e9conomie fran\u00e7aise aura cruellement besoin d&rsquo;elle. Mais attention : ces jeunes ne viendront pas la t\u00eate basse, les mains vides. Les chiffres parlent et bousculent d\u00e9j\u00e0 les certitudes RH. Selon une enqu\u00eate IFOP, 91% de ces jeunes consid\u00e8rent qu&rsquo;aimer son travail constitue [&hellip;]\" \/>\n<meta property=\"og:url\" content=\"https:\/\/www.gereso.com\/actualites\/2025\/06\/16\/comment-bacheliers-2025-redessiner-travail-2030\/\" \/>\n<meta property=\"og:site_name\" content=\"Le Blog GERESO\" \/>\n<meta property=\"article:published_time\" content=\"2025-06-16T14:43:57+00:00\" \/>\n<meta property=\"article:modified_time\" content=\"2025-07-07T13:35:17+00:00\" \/>\n<meta property=\"og:image\" content=\"https:\/\/www.gereso.com\/actualites\/wp-content\/uploads\/2025\/06\/bacheliers-2025-redessiner-travail-2030.jpg\" \/>\n\t<meta property=\"og:image:width\" content=\"600\" \/>\n\t<meta property=\"og:image:height\" content=\"400\" \/>\n\t<meta property=\"og:image:type\" content=\"image\/jpeg\" \/>\n<meta name=\"author\" content=\"\u00c9quipe GERESO\" \/>\n<meta name=\"twitter:card\" content=\"summary_large_image\" \/>\n<script type=\"application\/ld+json\" class=\"yoast-schema-graph\">{\"@context\":\"https:\/\/schema.org\",\"@graph\":[{\"@type\":\"WebPage\",\"@id\":\"https:\/\/www.gereso.com\/actualites\/2025\/06\/16\/comment-bacheliers-2025-redessiner-travail-2030\/\",\"url\":\"https:\/\/www.gereso.com\/actualites\/2025\/06\/16\/comment-bacheliers-2025-redessiner-travail-2030\/\",\"name\":\"Comment les bacheliers 2025 vont redessiner le travail en 2030 ? - Le Blog GERESO\",\"isPartOf\":{\"@id\":\"https:\/\/www.gereso.com\/actualites\/#website\"},\"primaryImageOfPage\":{\"@id\":\"https:\/\/www.gereso.com\/actualites\/2025\/06\/16\/comment-bacheliers-2025-redessiner-travail-2030\/#primaryimage\"},\"image\":{\"@id\":\"https:\/\/www.gereso.com\/actualites\/2025\/06\/16\/comment-bacheliers-2025-redessiner-travail-2030\/#primaryimage\"},\"thumbnailUrl\":\"https:\/\/www.gereso.com\/actualites\/wp-content\/uploads\/2025\/06\/bacheliers-2025-redessiner-travail-2030.jpg\",\"datePublished\":\"2025-06-16T14:43:57+00:00\",\"dateModified\":\"2025-07-07T13:35:17+00:00\",\"author\":{\"@id\":\"https:\/\/www.gereso.com\/actualites\/#\/schema\/person\/197d8aef40cb4ae3f6a0aa9e1d3df2a6\"},\"breadcrumb\":{\"@id\":\"https:\/\/www.gereso.com\/actualites\/2025\/06\/16\/comment-bacheliers-2025-redessiner-travail-2030\/#breadcrumb\"},\"inLanguage\":\"fr-FR\",\"potentialAction\":[{\"@type\":\"ReadAction\",\"target\":[\"https:\/\/www.gereso.com\/actualites\/2025\/06\/16\/comment-bacheliers-2025-redessiner-travail-2030\/\"]}]},{\"@type\":\"ImageObject\",\"inLanguage\":\"fr-FR\",\"@id\":\"https:\/\/www.gereso.com\/actualites\/2025\/06\/16\/comment-bacheliers-2025-redessiner-travail-2030\/#primaryimage\",\"url\":\"https:\/\/www.gereso.com\/actualites\/wp-content\/uploads\/2025\/06\/bacheliers-2025-redessiner-travail-2030.jpg\",\"contentUrl\":\"https:\/\/www.gereso.com\/actualites\/wp-content\/uploads\/2025\/06\/bacheliers-2025-redessiner-travail-2030.jpg\",\"width\":600,\"height\":400,\"caption\":\"Les bacheliers 2025, pionniers d\u2019un monde du travail r\u00e9invent\u00e9, entrent en sc\u00e8ne.\"},{\"@type\":\"BreadcrumbList\",\"@id\":\"https:\/\/www.gereso.com\/actualites\/2025\/06\/16\/comment-bacheliers-2025-redessiner-travail-2030\/#breadcrumb\",\"itemListElement\":[{\"@type\":\"ListItem\",\"position\":1,\"name\":\"Home\",\"item\":\"https:\/\/www.gereso.com\/actualites\/\"},{\"@type\":\"ListItem\",\"position\":2,\"name\":\"Comment les bacheliers 2025 vont redessiner le travail en 2030 ?\"}]},{\"@type\":\"WebSite\",\"@id\":\"https:\/\/www.gereso.com\/actualites\/#website\",\"url\":\"https:\/\/www.gereso.com\/actualites\/\",\"name\":\"Le Blog GERESO\",\"description\":\"Toute l&#039;actu RH, Finance, Fonction Publique, Management...\",\"potentialAction\":[{\"@type\":\"SearchAction\",\"target\":{\"@type\":\"EntryPoint\",\"urlTemplate\":\"https:\/\/www.gereso.com\/actualites\/?s={search_term_string}\"},\"query-input\":{\"@type\":\"PropertyValueSpecification\",\"valueRequired\":true,\"valueName\":\"search_term_string\"}}],\"inLanguage\":\"fr-FR\"},{\"@type\":\"Person\",\"@id\":\"https:\/\/www.gereso.com\/actualites\/#\/schema\/person\/197d8aef40cb4ae3f6a0aa9e1d3df2a6\",\"name\":\"\u00c9quipe GERESO\",\"image\":{\"@type\":\"ImageObject\",\"inLanguage\":\"fr-FR\",\"@id\":\"https:\/\/www.gereso.com\/actualites\/#\/schema\/person\/image\/\",\"url\":\"https:\/\/www.gereso.com\/actualites\/wp-content\/uploads\/2013\/12\/avatar-gereso-1.png\",\"contentUrl\":\"https:\/\/www.gereso.com\/actualites\/wp-content\/uploads\/2013\/12\/avatar-gereso-1.png\",\"caption\":\"\u00c9quipe GERESO\"},\"url\":\"https:\/\/www.gereso.com\/actualites\/author\/gereso\/\"}]}<\/script>\n<!-- \/ Yoast SEO plugin. -->","yoast_head_json":{"title":"Comment les bacheliers 2025 vont redessiner le travail en 2030 ? - Le Blog GERESO","robots":{"index":"index","follow":"follow","max-snippet":"max-snippet:-1","max-image-preview":"max-image-preview:large","max-video-preview":"max-video-preview:-1"},"canonical":"https:\/\/www.gereso.com\/actualites\/2025\/06\/16\/comment-bacheliers-2025-redessiner-travail-2030\/","og_locale":"fr_FR","og_type":"article","og_title":"Comment les bacheliers 2025 vont redessiner le travail en 2030 ? - Le Blog GERESO","og_description":"Cette g\u00e9n\u00e9ration Z, n\u00e9e entre 2006 et 2007, d\u00e9barquera au moment pr\u00e9cis o\u00f9 l&rsquo;\u00e9conomie fran\u00e7aise aura cruellement besoin d&rsquo;elle. Mais attention : ces jeunes ne viendront pas la t\u00eate basse, les mains vides. Les chiffres parlent et bousculent d\u00e9j\u00e0 les certitudes RH. Selon une enqu\u00eate IFOP, 91% de ces jeunes consid\u00e8rent qu&rsquo;aimer son travail constitue [&hellip;]","og_url":"https:\/\/www.gereso.com\/actualites\/2025\/06\/16\/comment-bacheliers-2025-redessiner-travail-2030\/","og_site_name":"Le Blog GERESO","article_published_time":"2025-06-16T14:43:57+00:00","article_modified_time":"2025-07-07T13:35:17+00:00","og_image":[{"width":600,"height":400,"url":"https:\/\/www.gereso.com\/actualites\/wp-content\/uploads\/2025\/06\/bacheliers-2025-redessiner-travail-2030.jpg","type":"image\/jpeg"}],"author":"\u00c9quipe GERESO","twitter_card":"summary_large_image","schema":{"@context":"https:\/\/schema.org","@graph":[{"@type":"WebPage","@id":"https:\/\/www.gereso.com\/actualites\/2025\/06\/16\/comment-bacheliers-2025-redessiner-travail-2030\/","url":"https:\/\/www.gereso.com\/actualites\/2025\/06\/16\/comment-bacheliers-2025-redessiner-travail-2030\/","name":"Comment les bacheliers 2025 vont redessiner le travail en 2030 ? - Le Blog GERESO","isPartOf":{"@id":"https:\/\/www.gereso.com\/actualites\/#website"},"primaryImageOfPage":{"@id":"https:\/\/www.gereso.com\/actualites\/2025\/06\/16\/comment-bacheliers-2025-redessiner-travail-2030\/#primaryimage"},"image":{"@id":"https:\/\/www.gereso.com\/actualites\/2025\/06\/16\/comment-bacheliers-2025-redessiner-travail-2030\/#primaryimage"},"thumbnailUrl":"https:\/\/www.gereso.com\/actualites\/wp-content\/uploads\/2025\/06\/bacheliers-2025-redessiner-travail-2030.jpg","datePublished":"2025-06-16T14:43:57+00:00","dateModified":"2025-07-07T13:35:17+00:00","author":{"@id":"https:\/\/www.gereso.com\/actualites\/#\/schema\/person\/197d8aef40cb4ae3f6a0aa9e1d3df2a6"},"breadcrumb":{"@id":"https:\/\/www.gereso.com\/actualites\/2025\/06\/16\/comment-bacheliers-2025-redessiner-travail-2030\/#breadcrumb"},"inLanguage":"fr-FR","potentialAction":[{"@type":"ReadAction","target":["https:\/\/www.gereso.com\/actualites\/2025\/06\/16\/comment-bacheliers-2025-redessiner-travail-2030\/"]}]},{"@type":"ImageObject","inLanguage":"fr-FR","@id":"https:\/\/www.gereso.com\/actualites\/2025\/06\/16\/comment-bacheliers-2025-redessiner-travail-2030\/#primaryimage","url":"https:\/\/www.gereso.com\/actualites\/wp-content\/uploads\/2025\/06\/bacheliers-2025-redessiner-travail-2030.jpg","contentUrl":"https:\/\/www.gereso.com\/actualites\/wp-content\/uploads\/2025\/06\/bacheliers-2025-redessiner-travail-2030.jpg","width":600,"height":400,"caption":"Les bacheliers 2025, pionniers d\u2019un monde du travail r\u00e9invent\u00e9, entrent en sc\u00e8ne."},{"@type":"BreadcrumbList","@id":"https:\/\/www.gereso.com\/actualites\/2025\/06\/16\/comment-bacheliers-2025-redessiner-travail-2030\/#breadcrumb","itemListElement":[{"@type":"ListItem","position":1,"name":"Home","item":"https:\/\/www.gereso.com\/actualites\/"},{"@type":"ListItem","position":2,"name":"Comment les bacheliers 2025 vont redessiner le travail en 2030 ?"}]},{"@type":"WebSite","@id":"https:\/\/www.gereso.com\/actualites\/#website","url":"https:\/\/www.gereso.com\/actualites\/","name":"Le Blog GERESO","description":"Toute l&#039;actu RH, Finance, Fonction Publique, Management...","potentialAction":[{"@type":"SearchAction","target":{"@type":"EntryPoint","urlTemplate":"https:\/\/www.gereso.com\/actualites\/?s={search_term_string}"},"query-input":{"@type":"PropertyValueSpecification","valueRequired":true,"valueName":"search_term_string"}}],"inLanguage":"fr-FR"},{"@type":"Person","@id":"https:\/\/www.gereso.com\/actualites\/#\/schema\/person\/197d8aef40cb4ae3f6a0aa9e1d3df2a6","name":"\u00c9quipe GERESO","image":{"@type":"ImageObject","inLanguage":"fr-FR","@id":"https:\/\/www.gereso.com\/actualites\/#\/schema\/person\/image\/","url":"https:\/\/www.gereso.com\/actualites\/wp-content\/uploads\/2013\/12\/avatar-gereso-1.png","contentUrl":"https:\/\/www.gereso.com\/actualites\/wp-content\/uploads\/2013\/12\/avatar-gereso-1.png","caption":"\u00c9quipe GERESO"},"url":"https:\/\/www.gereso.com\/actualites\/author\/gereso\/"}]}},"_links":{"self":[{"href":"https:\/\/www.gereso.com\/actualites\/wp-json\/wp\/v2\/posts\/44557","targetHints":{"allow":["GET"]}}],"collection":[{"href":"https:\/\/www.gereso.com\/actualites\/wp-json\/wp\/v2\/posts"}],"about":[{"href":"https:\/\/www.gereso.com\/actualites\/wp-json\/wp\/v2\/types\/post"}],"author":[{"embeddable":true,"href":"https:\/\/www.gereso.com\/actualites\/wp-json\/wp\/v2\/users\/32"}],"replies":[{"embeddable":true,"href":"https:\/\/www.gereso.com\/actualites\/wp-json\/wp\/v2\/comments?post=44557"}],"version-history":[{"count":16,"href":"https:\/\/www.gereso.com\/actualites\/wp-json\/wp\/v2\/posts\/44557\/revisions"}],"predecessor-version":[{"id":44750,"href":"https:\/\/www.gereso.com\/actualites\/wp-json\/wp\/v2\/posts\/44557\/revisions\/44750"}],"wp:featuredmedia":[{"embeddable":true,"href":"https:\/\/www.gereso.com\/actualites\/wp-json\/wp\/v2\/media\/44574"}],"wp:attachment":[{"href":"https:\/\/www.gereso.com\/actualites\/wp-json\/wp\/v2\/media?parent=44557"}],"wp:term":[{"taxonomy":"category","embeddable":true,"href":"https:\/\/www.gereso.com\/actualites\/wp-json\/wp\/v2\/categories?post=44557"},{"taxonomy":"post_tag","embeddable":true,"href":"https:\/\/www.gereso.com\/actualites\/wp-json\/wp\/v2\/tags?post=44557"}],"curies":[{"name":"wp","href":"https:\/\/api.w.org\/{rel}","templated":true}]}}