{"id":44756,"date":"2025-07-09T14:10:58","date_gmt":"2025-07-09T12:10:58","guid":{"rendered":"https:\/\/www.gereso.com\/actualites\/?p=44756"},"modified":"2025-09-16T10:24:03","modified_gmt":"2025-09-16T08:24:03","slug":"webinaire-3-casquettes-manager-le-role-de-leader-mobiliser-animer","status":"publish","type":"post","link":"https:\/\/www.gereso.com\/actualites\/2025\/07\/09\/webinaire-3-casquettes-manager-le-role-de-leader-mobiliser-animer\/","title":{"rendered":"Webinaire \u00ab Les 3 casquettes du manager : le r\u00f4le de Leader pour mobiliser et animer \u00bb"},"content":{"rendered":"\n<h2>D\u00e9tails de la conf\u00e9rence&nbsp;:<\/h2>\n<h3 class=\"section-title\"><span class=\"title-inner\" data-animation=\"fadeInRight\" data-animation-delay=\"500\">DATE&nbsp;:<\/span><\/h3>\n<p>Mercredi 9 juillet 2025 de 10h00 \u00e0 11h00<\/p>\n<h3 class=\"section-title\"><span class=\"title-inner\" data-animation=\"fadeInRight\" data-animation-delay=\"500\">R\u00c9SUM\u00c9&nbsp;:<\/span><\/h3>\n\n\n<p>Apr\u00e8s un premier \u00e9pisode de notre mini-s\u00e9rie \u00ab&nbsp;Les 3 casquettes du manager&nbsp;\u00bb consacr\u00e9 \u00e0 la casquette \u00ab\u00a0Boss\u00a0\u00bb, ce second webinaire s\u2019int\u00e9resse au r\u00f4le cl\u00e9 de <strong>manager \u00ab\u00a0Leader\u00a0\u00bb<\/strong>.<\/p>\n\n<p>Souvent associ\u00e9 \u00e0 des figures dites <strong>\u201ccharismatiques\u201d ou \u201cinspirantes\u201d<\/strong>, le leadership est un terreau fertile pour des repr\u00e9sentations floues, parfois fantasm\u00e9es et trop \u00e9loign\u00e9es des r\u00e9alit\u00e9s du m\u00e9tier de manager. Nourris par les success stories entrepreneuriales et le storytelling m\u00e9diatique, du chef d\u2019entreprise embl\u00e9matiques aux figures politiques ou artistiques influentes, ces st\u00e9r\u00e9otypes fa\u00e7onnent les imaginaires collectifs et finissent par peser sur les \u00e9paules des managers, en projetant une image aussi valorisante qu\u2019inaccessible.<\/p>\n\n\n<p>Le <strong>leadership manag\u00e9rial<\/strong>, tel qu\u2019on l\u2019aborde ici, ne repose ni sur un style personnel hors norme, ni sur une aura naturelle. Il correspond \u00e0 une <strong>fonction structurante du management&nbsp;:<\/strong> mobiliser son \u00e9quipe, cr\u00e9er une dynamique d\u2019action collective, donner du sens, animer et faire vivre le collectif.<\/p>\n\n<p>La casquette Leader suppose de <strong>clarifier le sens du travail<\/strong>, de cr\u00e9er les <strong>conditions d\u2019un engagement durable<\/strong> et de <strong>favoriser l\u2019unit\u00e9 du collectif<\/strong> \u2014 non par la conformit\u00e9, mais en donnant \u00e0 chacun une place dans une trajectoire commune. Cela permet \u00e0 chaque collaborateur de se projeter, de comprendre la port\u00e9e de sa contribution, et de coop\u00e9rer avec les autres de mani\u00e8re active et responsabilis\u00e9e.<\/p>\n\n\n\n<h3 class=\"section-title\"><span class=\"title-inner\" data-animation=\"fadeInRight\" data-animation-delay=\"500\">AU PROGRAMME&nbsp;:<\/span><\/h3>\n\n<ul>\n<li>Pourquoi il est essentiel de clarifier ce que recouvre r\u00e9ellement la notion de manager \u00ab\u00a0Leader\u00a0\u00bb.<\/li>\n<li>Clarifier ses responsabilit\u00e9s autour du sens (vision, coh\u00e9rence, projection) et de la dynamique collective (animation, coop\u00e9ration, rituels).<\/li>\n<li>Distinguer leadership manag\u00e9rial et figures id\u00e9alis\u00e9es&nbsp;: incarner sans surjouer.<\/li>\n<li>Les comp\u00e9tences \u00e0 d\u00e9velopper pour assumer son r\u00f4le de \u2018Leader\u2019 avec pragmatisme, authenticit\u00e9 et efficacit\u00e9 au service du collectif. <\/li>\n<li>Des situations concr\u00e8tes, des retours d\u2019exp\u00e9rience terrain et des outils accessibles pour renforcer la dynamique d\u2019\u00e9quipe au quotidien.<\/li>\n<\/ul>\n\n<h3 class=\"section-title\"><span class=\"title-inner\" data-animation=\"fadeInRight\" data-animation-delay=\"500\">OBJECTIFS P\u00c9GAGOGIQUES&nbsp;:<\/span><\/h3>\n<ul>\n<li>Explorer et clarifier les repr\u00e9sentations du \u2018Leader\u2019 dans le management d\u2019aujourd\u2019hui.<\/li>\n<li>Identifier les composantes et les comp\u00e9tences cl\u00e9s de la casquette \u201cLeader\u201d du manager.<\/li>\n<li>Savoir activer la casquette \u2018Leader\u2019 \u00e0 chaque phase du cycle de management.<\/li>\n<li>Articuler les activit\u00e9s du manager \u2018Leader\u2019 avec les autres casquettes, selon les besoins du collectif et les contextes rencontr\u00e9s.<\/li>\n\n<h3 class=\"section-title\"><span class=\"title-inner\" data-animation=\"fadeInRight\" data-animation-delay=\"500\">PUBLIC CONCERN\u00c9&nbsp;:<\/span><\/h3>\n<p>Managers d\u00e9butants ou confirm\u00e9s, responsables d\u2019\u00e9quipe, chefs de projet, encadrants hi\u00e9rarchiques ou transverses, et toute personne souhaitant renforcer sa posture manag\u00e9riale, notamment sur les dimensions de sens, de coop\u00e9ration et de dynamique collective.<\/p>\n\n<h3 class=\"section-title\"><span class=\"title-inner\" data-animation=\"fadeInRight\" data-animation-delay=\"500\">INTERVENANT&nbsp;:<\/span><\/h3>\n<p><strong>Benjamin SACHS<\/strong> est consultant en management et entrepreneur, sp\u00e9cialiste du d\u00e9veloppement des comp\u00e9tences manag\u00e9riales et des dynamiques d\u2019\u00e9quipe. Il accompagne les managers et les organisations dans leurs projets de transformation, la mont\u00e9e en comp\u00e9tence des encadrants (hi\u00e9rarchiques ou transverses), ainsi que les \u00e9quipes pour r\u00e9ussir les changements.<\/p>\n\n<p>Ce webinaire est le nouvel opus d\u2019une s\u00e9rie d\u00e9di\u00e9e aux 3 casquettes du manager&nbsp;: Boss, Leader, Coach\u2026 et aux comp\u00e9tences transversales qui les relient. Ne manquez pas les prochains \u00e9pisodes&nbsp;!<\/p>\n\n\n<h3 class=\"section-title\"><span class=\"title-inner\" data-animation=\"fadeInRight\" data-animation-delay=\"500\">WEBINAIRE&nbsp;:<\/span><\/h3>\n<h4>Replay du webinaire&nbsp;: \u00ab\u00a0Les 3 casquettes du manager&nbsp;: le r\u00f4le de Leader pour mobiliser et animer\u00a0\u00bb&nbsp;:<\/h4>\n\n\n\n\n\n<figure class=\"wp-block-embed is-type-video is-provider-youtube wp-block-embed-youtube wp-embed-aspect-16-9 wp-has-aspect-ratio\"><div class=\"wp-block-embed__wrapper\">\n<iframe title=\"WEBINAIRE - Les 3 casquettes du manager : le r\u00f4le de Leader pour mobiliser et animer -Benjamin Sachs\" width=\"644\" height=\"362\" src=\"https:\/\/www.youtube.com\/embed\/ZsCFGPurGqU?feature=oembed\" frameborder=\"0\" allow=\"accelerometer; autoplay; clipboard-write; encrypted-media; gyroscope; picture-in-picture; web-share\" referrerpolicy=\"strict-origin-when-cross-origin\" allowfullscreen><\/iframe>\n<\/div><\/figure>\n\n\n\n<p><h3 class=\"section-title\"><span class=\"title-inner\" data-animation=\"fadeInRight\" data-animation-delay=\"500\">DOCUMENT&nbsp;:<\/span><\/h3><\/p>\n\n\n\n\n\n<div data-wp-interactive=\"core\/file\" class=\"wp-block-file\"><object data-wp-bind--hidden=\"!state.hasPdfPreview\" hidden class=\"wp-block-file__embed\" data=\"https:\/\/www.gereso.com\/actualites\/wp-content\/uploads\/2025\/07\/Webinaire-GERESO-Manager-Leader.pdf\" type=\"application\/pdf\" style=\"width:100%;height:600px\" aria-label=\"Contenu embarqu\u00e9 Webinaire GERESO-Manager Leader.\"><\/object><a id=\"wp-block-file--media-5ebff04c-c78f-4c35-ad46-1e0f2175898b\" href=\"https:\/\/www.gereso.com\/actualites\/wp-content\/uploads\/2025\/07\/Webinaire-GERESO-Manager-Leader.pdf\">Webinaire GERESO-Manager Leader<\/a><a href=\"https:\/\/www.gereso.com\/actualites\/wp-content\/uploads\/2025\/07\/Webinaire-GERESO-Manager-Leader.pdf\" class=\"wp-block-file__button wp-element-button\" download aria-describedby=\"wp-block-file--media-5ebff04c-c78f-4c35-ad46-1e0f2175898b\">T\u00e9l\u00e9charger<\/a><\/div>\n","protected":false},"excerpt":{"rendered":"<p>D\u00e9tails de la conf\u00e9rence&nbsp;: DATE&nbsp;: Mercredi 9 juillet 2025 de 10h00 \u00e0 11h00 R\u00c9SUM\u00c9&nbsp;: Apr\u00e8s un premier \u00e9pisode de notre mini-s\u00e9rie \u00ab&nbsp;Les 3 casquettes du manager&nbsp;\u00bb consacr\u00e9 \u00e0 la casquette \u00ab\u00a0Boss\u00a0\u00bb, ce second webinaire s\u2019int\u00e9resse au r\u00f4le cl\u00e9 de manager \u00ab\u00a0Leader\u00a0\u00bb. Souvent associ\u00e9 \u00e0 des figures dites \u201ccharismatiques\u201d ou \u201cinspirantes\u201d, le leadership est un terreau [&hellip;]<\/p>\n","protected":false},"author":32,"featured_media":0,"comment_status":"open","ping_status":"open","sticky":false,"template":"","format":"standard","meta":{"_acf_changed":false,"_mi_skip_tracking":false,"footnotes":""},"categories":[12,11],"tags":[],"class_list":["post-44756","post","type-post","status-publish","format-standard","hentry","category-actualites","category-management-de-projet-strategie-et-organisation"],"acf":[],"yoast_head":"<!-- This site is optimized with the Yoast SEO plugin v23.4 - https:\/\/yoast.com\/wordpress\/plugins\/seo\/ -->\n<title>Webinaire \u00ab Les 3 casquettes du manager : le r\u00f4le de Leader pour mobiliser et animer \u00bb - Le Blog GERESO<\/title>\n<meta name=\"robots\" content=\"index, follow, max-snippet:-1, max-image-preview:large, max-video-preview:-1\" \/>\n<link rel=\"canonical\" href=\"https:\/\/www.gereso.com\/actualites\/2025\/07\/09\/webinaire-3-casquettes-manager-le-role-de-leader-mobiliser-animer\/\" \/>\n<meta property=\"og:locale\" content=\"fr_FR\" \/>\n<meta property=\"og:type\" content=\"article\" \/>\n<meta property=\"og:title\" content=\"Webinaire \u00ab Les 3 casquettes du manager : le r\u00f4le de Leader pour mobiliser et animer \u00bb - Le Blog GERESO\" \/>\n<meta property=\"og:description\" content=\"D\u00e9tails de la conf\u00e9rence&nbsp;: DATE&nbsp;: Mercredi 9 juillet 2025 de 10h00 \u00e0 11h00 R\u00c9SUM\u00c9&nbsp;: Apr\u00e8s un premier \u00e9pisode de notre mini-s\u00e9rie \u00ab&nbsp;Les 3 casquettes du manager&nbsp;\u00bb consacr\u00e9 \u00e0 la casquette \u00ab\u00a0Boss\u00a0\u00bb, ce second webinaire s\u2019int\u00e9resse au r\u00f4le cl\u00e9 de manager \u00ab\u00a0Leader\u00a0\u00bb. Souvent associ\u00e9 \u00e0 des figures dites \u201ccharismatiques\u201d ou \u201cinspirantes\u201d, le leadership est un terreau [&hellip;]\" \/>\n<meta property=\"og:url\" content=\"https:\/\/www.gereso.com\/actualites\/2025\/07\/09\/webinaire-3-casquettes-manager-le-role-de-leader-mobiliser-animer\/\" \/>\n<meta property=\"og:site_name\" content=\"Le Blog GERESO\" \/>\n<meta property=\"article:published_time\" content=\"2025-07-09T12:10:58+00:00\" \/>\n<meta property=\"article:modified_time\" content=\"2025-09-16T08:24:03+00:00\" \/>\n<meta name=\"author\" content=\"\u00c9quipe GERESO\" \/>\n<meta name=\"twitter:card\" content=\"summary_large_image\" \/>\n<script type=\"application\/ld+json\" class=\"yoast-schema-graph\">{\"@context\":\"https:\/\/schema.org\",\"@graph\":[{\"@type\":\"WebPage\",\"@id\":\"https:\/\/www.gereso.com\/actualites\/2025\/07\/09\/webinaire-3-casquettes-manager-le-role-de-leader-mobiliser-animer\/\",\"url\":\"https:\/\/www.gereso.com\/actualites\/2025\/07\/09\/webinaire-3-casquettes-manager-le-role-de-leader-mobiliser-animer\/\",\"name\":\"Webinaire \u00ab Les 3 casquettes du manager : le r\u00f4le de Leader pour mobiliser et animer \u00bb - Le Blog GERESO\",\"isPartOf\":{\"@id\":\"https:\/\/www.gereso.com\/actualites\/#website\"},\"datePublished\":\"2025-07-09T12:10:58+00:00\",\"dateModified\":\"2025-09-16T08:24:03+00:00\",\"author\":{\"@id\":\"https:\/\/www.gereso.com\/actualites\/#\/schema\/person\/197d8aef40cb4ae3f6a0aa9e1d3df2a6\"},\"breadcrumb\":{\"@id\":\"https:\/\/www.gereso.com\/actualites\/2025\/07\/09\/webinaire-3-casquettes-manager-le-role-de-leader-mobiliser-animer\/#breadcrumb\"},\"inLanguage\":\"fr-FR\",\"potentialAction\":[{\"@type\":\"ReadAction\",\"target\":[\"https:\/\/www.gereso.com\/actualites\/2025\/07\/09\/webinaire-3-casquettes-manager-le-role-de-leader-mobiliser-animer\/\"]}]},{\"@type\":\"BreadcrumbList\",\"@id\":\"https:\/\/www.gereso.com\/actualites\/2025\/07\/09\/webinaire-3-casquettes-manager-le-role-de-leader-mobiliser-animer\/#breadcrumb\",\"itemListElement\":[{\"@type\":\"ListItem\",\"position\":1,\"name\":\"Home\",\"item\":\"https:\/\/www.gereso.com\/actualites\/\"},{\"@type\":\"ListItem\",\"position\":2,\"name\":\"Webinaire \u00ab Les 3 casquettes du manager : le r\u00f4le de Leader pour mobiliser et animer \u00bb\"}]},{\"@type\":\"WebSite\",\"@id\":\"https:\/\/www.gereso.com\/actualites\/#website\",\"url\":\"https:\/\/www.gereso.com\/actualites\/\",\"name\":\"Le Blog GERESO\",\"description\":\"Toute l&#039;actu RH, Finance, Fonction Publique, Management...\",\"potentialAction\":[{\"@type\":\"SearchAction\",\"target\":{\"@type\":\"EntryPoint\",\"urlTemplate\":\"https:\/\/www.gereso.com\/actualites\/?s={search_term_string}\"},\"query-input\":{\"@type\":\"PropertyValueSpecification\",\"valueRequired\":true,\"valueName\":\"search_term_string\"}}],\"inLanguage\":\"fr-FR\"},{\"@type\":\"Person\",\"@id\":\"https:\/\/www.gereso.com\/actualites\/#\/schema\/person\/197d8aef40cb4ae3f6a0aa9e1d3df2a6\",\"name\":\"\u00c9quipe GERESO\",\"image\":{\"@type\":\"ImageObject\",\"inLanguage\":\"fr-FR\",\"@id\":\"https:\/\/www.gereso.com\/actualites\/#\/schema\/person\/image\/\",\"url\":\"https:\/\/www.gereso.com\/actualites\/wp-content\/uploads\/2013\/12\/avatar-gereso-1.png\",\"contentUrl\":\"https:\/\/www.gereso.com\/actualites\/wp-content\/uploads\/2013\/12\/avatar-gereso-1.png\",\"caption\":\"\u00c9quipe GERESO\"},\"url\":\"https:\/\/www.gereso.com\/actualites\/author\/gereso\/\"}]}<\/script>\n<!-- \/ Yoast SEO plugin. -->","yoast_head_json":{"title":"Webinaire \u00ab Les 3 casquettes du manager : le r\u00f4le de Leader pour mobiliser et animer \u00bb - Le Blog GERESO","robots":{"index":"index","follow":"follow","max-snippet":"max-snippet:-1","max-image-preview":"max-image-preview:large","max-video-preview":"max-video-preview:-1"},"canonical":"https:\/\/www.gereso.com\/actualites\/2025\/07\/09\/webinaire-3-casquettes-manager-le-role-de-leader-mobiliser-animer\/","og_locale":"fr_FR","og_type":"article","og_title":"Webinaire \u00ab Les 3 casquettes du manager : le r\u00f4le de Leader pour mobiliser et animer \u00bb - Le Blog GERESO","og_description":"D\u00e9tails de la conf\u00e9rence&nbsp;: DATE&nbsp;: Mercredi 9 juillet 2025 de 10h00 \u00e0 11h00 R\u00c9SUM\u00c9&nbsp;: Apr\u00e8s un premier \u00e9pisode de notre mini-s\u00e9rie \u00ab&nbsp;Les 3 casquettes du manager&nbsp;\u00bb consacr\u00e9 \u00e0 la casquette \u00ab\u00a0Boss\u00a0\u00bb, ce second webinaire s\u2019int\u00e9resse au r\u00f4le cl\u00e9 de manager \u00ab\u00a0Leader\u00a0\u00bb. Souvent associ\u00e9 \u00e0 des figures dites \u201ccharismatiques\u201d ou \u201cinspirantes\u201d, le leadership est un terreau [&hellip;]","og_url":"https:\/\/www.gereso.com\/actualites\/2025\/07\/09\/webinaire-3-casquettes-manager-le-role-de-leader-mobiliser-animer\/","og_site_name":"Le Blog GERESO","article_published_time":"2025-07-09T12:10:58+00:00","article_modified_time":"2025-09-16T08:24:03+00:00","author":"\u00c9quipe GERESO","twitter_card":"summary_large_image","schema":{"@context":"https:\/\/schema.org","@graph":[{"@type":"WebPage","@id":"https:\/\/www.gereso.com\/actualites\/2025\/07\/09\/webinaire-3-casquettes-manager-le-role-de-leader-mobiliser-animer\/","url":"https:\/\/www.gereso.com\/actualites\/2025\/07\/09\/webinaire-3-casquettes-manager-le-role-de-leader-mobiliser-animer\/","name":"Webinaire \u00ab Les 3 casquettes du manager : le r\u00f4le de Leader pour mobiliser et animer \u00bb - Le Blog GERESO","isPartOf":{"@id":"https:\/\/www.gereso.com\/actualites\/#website"},"datePublished":"2025-07-09T12:10:58+00:00","dateModified":"2025-09-16T08:24:03+00:00","author":{"@id":"https:\/\/www.gereso.com\/actualites\/#\/schema\/person\/197d8aef40cb4ae3f6a0aa9e1d3df2a6"},"breadcrumb":{"@id":"https:\/\/www.gereso.com\/actualites\/2025\/07\/09\/webinaire-3-casquettes-manager-le-role-de-leader-mobiliser-animer\/#breadcrumb"},"inLanguage":"fr-FR","potentialAction":[{"@type":"ReadAction","target":["https:\/\/www.gereso.com\/actualites\/2025\/07\/09\/webinaire-3-casquettes-manager-le-role-de-leader-mobiliser-animer\/"]}]},{"@type":"BreadcrumbList","@id":"https:\/\/www.gereso.com\/actualites\/2025\/07\/09\/webinaire-3-casquettes-manager-le-role-de-leader-mobiliser-animer\/#breadcrumb","itemListElement":[{"@type":"ListItem","position":1,"name":"Home","item":"https:\/\/www.gereso.com\/actualites\/"},{"@type":"ListItem","position":2,"name":"Webinaire \u00ab Les 3 casquettes du manager : le r\u00f4le de Leader pour mobiliser et animer \u00bb"}]},{"@type":"WebSite","@id":"https:\/\/www.gereso.com\/actualites\/#website","url":"https:\/\/www.gereso.com\/actualites\/","name":"Le Blog GERESO","description":"Toute l&#039;actu RH, Finance, Fonction Publique, Management...","potentialAction":[{"@type":"SearchAction","target":{"@type":"EntryPoint","urlTemplate":"https:\/\/www.gereso.com\/actualites\/?s={search_term_string}"},"query-input":{"@type":"PropertyValueSpecification","valueRequired":true,"valueName":"search_term_string"}}],"inLanguage":"fr-FR"},{"@type":"Person","@id":"https:\/\/www.gereso.com\/actualites\/#\/schema\/person\/197d8aef40cb4ae3f6a0aa9e1d3df2a6","name":"\u00c9quipe GERESO","image":{"@type":"ImageObject","inLanguage":"fr-FR","@id":"https:\/\/www.gereso.com\/actualites\/#\/schema\/person\/image\/","url":"https:\/\/www.gereso.com\/actualites\/wp-content\/uploads\/2013\/12\/avatar-gereso-1.png","contentUrl":"https:\/\/www.gereso.com\/actualites\/wp-content\/uploads\/2013\/12\/avatar-gereso-1.png","caption":"\u00c9quipe GERESO"},"url":"https:\/\/www.gereso.com\/actualites\/author\/gereso\/"}]}},"_links":{"self":[{"href":"https:\/\/www.gereso.com\/actualites\/wp-json\/wp\/v2\/posts\/44756","targetHints":{"allow":["GET"]}}],"collection":[{"href":"https:\/\/www.gereso.com\/actualites\/wp-json\/wp\/v2\/posts"}],"about":[{"href":"https:\/\/www.gereso.com\/actualites\/wp-json\/wp\/v2\/types\/post"}],"author":[{"embeddable":true,"href":"https:\/\/www.gereso.com\/actualites\/wp-json\/wp\/v2\/users\/32"}],"replies":[{"embeddable":true,"href":"https:\/\/www.gereso.com\/actualites\/wp-json\/wp\/v2\/comments?post=44756"}],"version-history":[{"count":7,"href":"https:\/\/www.gereso.com\/actualites\/wp-json\/wp\/v2\/posts\/44756\/revisions"}],"predecessor-version":[{"id":45198,"href":"https:\/\/www.gereso.com\/actualites\/wp-json\/wp\/v2\/posts\/44756\/revisions\/45198"}],"wp:attachment":[{"href":"https:\/\/www.gereso.com\/actualites\/wp-json\/wp\/v2\/media?parent=44756"}],"wp:term":[{"taxonomy":"category","embeddable":true,"href":"https:\/\/www.gereso.com\/actualites\/wp-json\/wp\/v2\/categories?post=44756"},{"taxonomy":"post_tag","embeddable":true,"href":"https:\/\/www.gereso.com\/actualites\/wp-json\/wp\/v2\/tags?post=44756"}],"curies":[{"name":"wp","href":"https:\/\/api.w.org\/{rel}","templated":true}]}}