{"id":44841,"date":"2025-07-29T15:17:08","date_gmt":"2025-07-29T13:17:08","guid":{"rendered":"https:\/\/www.gereso.com\/actualites\/?p=44841"},"modified":"2025-07-29T16:03:27","modified_gmt":"2025-07-29T14:03:27","slug":"fusion-acquisition-rh-etaient-vrais-architectes-reussite","status":"publish","type":"post","link":"https:\/\/www.gereso.com\/actualites\/2025\/07\/29\/fusion-acquisition-rh-etaient-vrais-architectes-reussite\/","title":{"rendered":"Fusion-acquisition : et si les RH \u00e9taient les vrais architectes de la r\u00e9ussite ?"},"content":{"rendered":"\n<p>Une <a href=\"https:\/\/hbr.org\/2011\/03\/the-big-idea-the-new-ma-playbook\" target=\"_blank\" rel=\"noreferrer noopener nofollow\">\u00e9tude <\/a>r\u00e9v\u00e8le un constat sid\u00e9rant : <strong>70% des fusions-acquisitions \u00e9chouent<\/strong>, principalement \u00e0 cause de la mauvaise gestion des aspects humains. Dans le m\u00eame temps, seulement <strong>7% des acqu\u00e9reurs<\/strong> font du capital humain une priorit\u00e9, et \u00e0 peine <strong>3% du budget d&rsquo;int\u00e9gration<\/strong> est consacr\u00e9 aux ressources humaines selon <a href=\"https:\/\/www.mercer.com\/insights\/people-strategy\/mergers-and-acquisitions\/delivering-the-deal-the-unrealized-potential-of-people-in-deal-creation\/\" target=\"_blank\" rel=\"noreferrer noopener nofollow\">Mercer<\/a>.<\/p>\n\n\n\n<p>Paradoxe troublant : jamais les entreprises n&rsquo;ont autant investi dans les op\u00e9rations de croissance externe \u2013 et jamais elles n&rsquo;ont autant n\u00e9glig\u00e9 l&rsquo;\u00e9l\u00e9ment qui d\u00e9termine leur r\u00e9ussite. Car pendant que les directions g\u00e9n\u00e9rales orchestrent la m\u00e9canique financi\u00e8re, ce sont les RH qui tiennent entre leurs mains le v\u00e9ritable succ\u00e8s de l&rsquo;op\u00e9ration.<\/p>\n\n\n\n<p>Cette contradiction r\u00e9v\u00e8le un angle mort majeur dans la conduite des fusions-acquisitions. Et si nous nous \u00e9tions tromp\u00e9s sur toute la ligne ? Et si, plut\u00f4t que de cantonner les RH au r\u00f4le de \u00ab gestionnaires des cons\u00e9quences \u00bb, nous en faisions les <a href=\"https:\/\/www.gereso.com\/actualites\/2025\/04\/28\/nouvelles-missions-rh-temps-crise\/\" target=\"_blank\" rel=\"noreferrer noopener\">vrais architectes de la transformation <\/a>?<\/p>\n\n\n\n<h2 style=\"color:#D10016\"><strong>Le grand malentendu&nbsp;: les RH, pompiers de service ou architectes strat\u00e9giques&nbsp;?<\/strong><\/h2>\n\n\n\n<h3 class=\"wp-block-heading\"><strong>Le mythe de la \u00ab\u00a0gestion administrative\u00a0\u00bb<\/strong><\/h3>\n\n\n\n<p>Nous voil\u00e0 face \u00e0 l&rsquo;un des plus tenaces malentendus du monde des affaires&nbsp;: l&rsquo;id\u00e9e que les RH \u00ab&nbsp;g\u00e8rent les cons\u00e9quences&nbsp;\u00bb pendant que les autres \u00ab&nbsp;font la strat\u00e9gie&nbsp;\u00bb. Cette vision r\u00e9ductrice transforme chaque DRH en pompier de service, appel\u00e9 apr\u00e8s l&rsquo;incendie pour \u00ab&nbsp;rassurer les troupes&nbsp;\u00bb et \u00ab&nbsp;g\u00e9rer les r\u00e9sistances&nbsp;\u00bb.<\/p>\n\n\n\n<p>Mais attention au pi\u00e8ge ! Les chiffres d\u00e9molissent cette repr\u00e9sentation fausse. Selon Mercer, <strong>60% des \u00e9checs de fusion-acquisition<\/strong> sont directement attribuables aux enjeux li\u00e9s \u00e0 la main-d&rsquo;\u0153uvre : mauvaise communication, cultures n\u00e9glig\u00e9es, talents qui partent. Dans le m\u00eame temps, <strong>55% des employ\u00e9s<\/strong> se d\u00e9clarent anxieux durant une fusion, et <a href=\"https:\/\/www.hbrfrance.fr\/strategie\/les-champions-des-fusions-acquisitions-6285\" target=\"_blank\" rel=\"noreferrer noopener nofollow\"><strong>40% se sentent d\u00e9stabilis\u00e9s<\/strong> apr\u00e8s l&rsquo;op\u00e9ration.<\/a><\/p>\n\n\n\n<p>Cette \u00e9quation r\u00e9v\u00e8le une v\u00e9rit\u00e9 d\u00e9rangeante : les RH ne subissent pas la fusion, ils la font r\u00e9ussir ou \u00e9chouer. Leur intervention n&rsquo;est pas corrective mais d\u00e9terminante.<\/p>\n\n\n\n<h3 class=\"wp-block-heading\"><strong>L&rsquo;erreur strat\u00e9gique des directions g\u00e9n\u00e9rales<\/strong><\/h3>\n\n\n\n<p>L&rsquo;exemple le plus frappant ? La fusion entre sennder et Everoad, deux entreprises du transport routier. Selon un article des Echos, lorsque ces 270 et 80 collaborateurs respectifs ont d\u00fb fusionner, la direction a d&rsquo;abord mis\u00e9 sur les synergies techniques. R\u00e9sultat : incompr\u00e9hensions culturelles, tensions franco-allemandes sur des d\u00e9tails apparemment anodins (r\u00e9unions entre 12h et 14h acceptables outre-Rhin, pas en France), et un climat social qui se d\u00e9gradait.<\/p>\n\n\n\n<p>Le d\u00e9clic ? La mise en place d&rsquo;une PMI (Post Merger Integration) de huit mois, pilot\u00e9e par les RH. Cette approche m\u00e9thodique a transform\u00e9 l&rsquo;\u00e9chec annonc\u00e9 en succ\u00e8s reconnu, prouvant que l&rsquo;investissement humain initial d\u00e9termine la rentabilit\u00e9 finale de l&rsquo;op\u00e9ration.<\/p>\n\n\n\n<p>Car voici la r\u00e9alit\u00e9 que les directions g\u00e9n\u00e9rales peinent \u00e0 accepter : dans un monde o\u00f9 les entreprises \u00ab\u00a0people-centric\u00a0\u00bb affichent un <strong>retour sur actifs sup\u00e9rieur de 17 points<\/strong> \u00e0 la moyenne, n\u00e9gliger l&rsquo;humain revient \u00e0 saborder sa propre croissance.<\/p>\n\n\n\n<h2 style=\"color:#D10016\"><strong>Les trois missions secr\u00e8tes que les RH m\u00e8nent d\u00e9j\u00e0&nbsp;<\/strong><\/h2>\n\n\n\n<p>Pendant que les comit\u00e9s de direction th\u00e9orisent encore sur \u00ab l&rsquo;importance du facteur humain \u00bb, les RH les plus aguerris ont d\u00e9j\u00e0 r\u00e9volutionn\u00e9 leur approche. Ils ne g\u00e8rent plus : ils anticipent, exp\u00e9rimentent et transforment. Trois missions \u00e9mergent des r\u00e9ussites les plus spectaculaires.<\/p>\n\n\n\n<h3 class=\"wp-block-heading\"><strong>Mission #1 : D\u00e9tectives culturels<\/strong><\/h3>\n\n\n\n<p>La premi\u00e8re r\u00e9volution se joue en amont, bien avant la signature des accords. Les RH deviennent des \u00ab d\u00e9tectives culturels \u00bb qui traquent les incompatibilit\u00e9s invisibles. Car derri\u00e8re chaque \u00e9chec de fusion se cache une m\u00e9connaissance des codes non-\u00e9crits qui r\u00e9gissent r\u00e9ellement le fonctionnement des organisations.<\/p>\n\n\n\n<p>L&rsquo;exemple le plus frappant ? <a href=\"https:\/\/newsroom.accenture.fr\/fr\/news\/2017\/company-news-release-accenture-acquisition-octo-technology\" target=\"_blank\" rel=\"noreferrer noopener nofollow\">Le rachat d&rsquo;OCTO Technology par Accenture en 2017.<\/a> Face \u00e0 un g\u00e9ant de 400 000 salari\u00e9s, cette PME de 300 collaborateurs aurait pu \u00eatre broy\u00e9e. Mais la DRH Nathalie Avramesco a men\u00e9 une enqu\u00eate minutieuse : \u00ab Comment les d\u00e9cisions sont-elles prises ? En associant les salari\u00e9s ? Comment l&rsquo;info circule-t-elle ? Par la voie hi\u00e9rarchique ? Tous ces d\u00e9tails ont leur importance car ils d\u00e9crivent comment fonctionne l&rsquo;entreprise. \u00bb<\/p>\n\n\n\n<p>R\u00e9sultat de cette investigation ? Deux ans de travail pour construire un \u00ab mod\u00e8le sp\u00e9cifique d&rsquo;acquisition \u00bb, une premi\u00e8re dans la politique de rachat d&rsquo;Accenture. OCTO a conserv\u00e9 sa marque, son nom, sa culture, et continue de cro\u00eetre (750 salari\u00e9s aujourd&rsquo;hui).<\/p>\n\n\n\n<p>Cette mission r\u00e9v\u00e8le une v\u00e9rit\u00e9 d\u00e9rangeante : l&rsquo;<a href=\"https:\/\/www.gereso.com\/formations\/controle-gestion-sociale\/formation-conduire-une-mission-d-audit-rh\" target=\"_blank\" rel=\"noreferrer noopener\">audit RH<\/a> d\u00e9couvre ce que les due diligences financi\u00e8res ne voient jamais. Les vraies synergies ou les incompatibilit\u00e9s r\u00e9dhibitoires se nichent dans les habitudes quotidiennes, pas dans les organigrammes.<\/p>\n\n\n\n<h3 class=\"wp-block-heading\"><strong>Mission #2 : Architectes de l&rsquo;int\u00e9gration<\/strong><\/h3>\n\n\n\n<p>Exit le mythe de la \u00ab transmission descendante \u00bb o\u00f9 l&rsquo;entreprise absorbante impose ses m\u00e9thodes. Les RH innovants cr\u00e9ent de v\u00e9ritables laboratoires d&rsquo;exp\u00e9rimentation pour faire \u00e9merger \u00ab le meilleur des deux mondes \u00bb.<\/p>\n\n\n\n<p>Chez <a href=\"https:\/\/www.sennder.com\/blog\/doing-the-post-merger-integration-right-with-laura-corcos-hr-manager-at-sennder-france\" target=\"_blank\" rel=\"noreferrer noopener nofollow\">sennder<\/a>, cette approche a pris la forme d&rsquo;une PMI r\u00e9volutionnaire. \u00ab L&rsquo;id\u00e9e \u00e9tait de prendre le meilleur de chaque c\u00f4t\u00e9 et d&rsquo;\u00e9tablir des lignes conductrices communes \u00bb, explique Laura Corcos, DRH France. Concr\u00e8tement ? Un audit complet des mani\u00e8res de travailler, processus et outils, \u00ab \u00e9tape par \u00e9tape \u00bb, pour identifier la nouvelle organisation de demain.<\/p>\n\n\n\n<p>Cette m\u00e9thode chamboule les codes traditionnels. Plut\u00f4t que de plaquer la culture dominante, elle transforme la fusion en co-cr\u00e9ation. Les \u00e9quipes passent du temps ensemble via des activit\u00e9s de coh\u00e9sion (cours de cuisine, yoga), d\u00e9couvrent les bureaux berlinois lors d&rsquo;un onboarding immersif, et participent \u00e0 une \u00ab sennder academy \u00bb o\u00f9 les fondateurs partagent l&rsquo;ADN de l&rsquo;entreprise.<\/p>\n\n\n\n<p>Le r\u00e9sultat ? Une int\u00e9gration r\u00e9ussie o\u00f9 les collaborateurs d&rsquo;Everoad se sont appropri\u00e9 la culture sennder sans renier leur identit\u00e9 fran\u00e7aise. L&rsquo;innovation organisationnelle na\u00eet de cette hybridation assum\u00e9e.<\/p>\n\n\n\n<h3 class=\"wp-block-heading\"><strong>Mission #3 : Communicants de crise nouvelle g\u00e9n\u00e9ration<\/strong><\/h3>\n\n\n\n<p>La troisi\u00e8me mission d\u00e9passe largement la <a href=\"https:\/\/www.gereso.com\/actualites\/2023\/07\/11\/pourquoi-comment-batir-plan-communication-rh\/\" target=\"_blank\" rel=\"noreferrer noopener\">communication RH <\/a>classique. Les RH deviennent des \u00ab gestionnaires d&rsquo;anxi\u00e9t\u00e9 collective \u00bb qui transforment l&rsquo;incertitude en \u00e9nergie positive.<\/p>\n\n\n\n<p>L&rsquo;arme secr\u00e8te de sennder ? L&rsquo;outil Peakon qui mesure l&rsquo;engagement via un Net Promoter Score adapt\u00e9 \u00e0 l&rsquo;int\u00e9gration post-fusion. \u00ab Nous avons con\u00e7u des questions sp\u00e9cifiques li\u00e9es \u00e0 l&rsquo;int\u00e9gration pour suivre les ressentis des employ\u00e9s dans ce contexte bien particulier \u00bb, d\u00e9taille Laura Corcos.<\/p>\n\n\n\n<p>Mais voici le g\u00e9nie de cette approche : quand les r\u00e9ponses ont r\u00e9v\u00e9l\u00e9 un besoin accru de communication, l&rsquo;\u00e9quipe RH a imm\u00e9diatement r\u00e9agi. Newsletters internes, r\u00e9unions collectives, sessions de questions-r\u00e9ponses, entretiens trimestriels suppl\u00e9mentaires&#8230;&nbsp;<\/p>\n\n\n\n<p>Cette sur-communication assum\u00e9e r\u00e9volutionne la gestion de crise. Plut\u00f4t que de \u00ab rassurer \u00bb par des messages convenus, elle cr\u00e9e un dialogue permanent qui transforme les r\u00e9sistances en adh\u00e9sion active.<\/p>\n\n\n\n<h2 style=\"color:#D10016\"><strong>Mode d&#8217;emploi&nbsp;: les trois leviers qui changent tout<\/strong><\/h2>\n\n\n\n<p>Mais comment concr\u00e8tement transformer ces missions secr\u00e8tes en avantage concurrentiel ? Trois leviers \u00e9mergent des entreprises les plus innovantes, test\u00e9s et approuv\u00e9s par ceux qui ont r\u00e9ussi l\u00e0 o\u00f9 d&rsquo;autres ont \u00e9chou\u00e9.<\/p>\n\n\n\n<h3 class=\"wp-block-heading\"><strong>R\u00e9volutionner le timing d&rsquo;intervention : fini l&rsquo;after<\/strong><\/h3>\n\n\n\n<p>Premi\u00e8re r\u00e9volution organisationnelle : impliquer les RH d\u00e8s la due diligence, pas apr\u00e8s la signature. Cette approche chamboule les habitudes o\u00f9 les RH d\u00e9couvrent l&rsquo;op\u00e9ration en m\u00eame temps que les salari\u00e9s dans le communiqu\u00e9 de presse officiel.<\/p>\n\n\n\n<p>Les entreprises pionni\u00e8res ont compris l&rsquo;\u00e9quation : chaque jour d&rsquo;avance pris par les RH \u00e9vite des semaines de rattrapage post-fusion. Concr\u00e8tement ? Participer aux comit\u00e9s de pilotage, auditer les cultures en parall\u00e8le des finances, identifier les talents cl\u00e9s \u00e0 retenir avant qu&rsquo;ils ne re\u00e7oivent des offres de la concurrence.<\/p>\n\n\n\n<p>Le ROI de cette anticipation ? Spectaculaire. Les entreprises \u00ab\u00a0people-centric\u00a0\u00bb qui investissent massivement dans l&rsquo;humain d\u00e8s le d\u00e9marrage affichent un <strong>retour sur actifs sup\u00e9rieur de 17 points<\/strong> \u00e0 la moyenne. L&rsquo;investissement initial se transforme en performance durable.<\/p>\n\n\n\n<h3 class=\"wp-block-heading\"><strong>Cr\u00e9er des outils de mesure r\u00e9volutionnaires<\/strong><\/h3>\n\n\n\n<p>Exit l&rsquo;intuition et les \u00ab\u00a0ressentis\u00a0\u00bb pour piloter l&rsquo;int\u00e9gration. Les RH les plus aguerris d\u00e9veloppent des barom\u00e8tres sur-mesure qui transforment l&rsquo;anxi\u00e9t\u00e9 collective en donn\u00e9es actionnables.<\/p>\n\n\n\n<p>L&rsquo;exemple le plus frappant reste l&rsquo;<a href=\"https:\/\/www.workday.com\/fr-fr\/products\/employee-voice\/why-peakon-employee-voice-software.html\" target=\"_blank\" rel=\"noreferrer noopener nofollow\">outil Peakon<\/a> chez sennder, d\u00e9tourn\u00e9 de son usage classique pour cr\u00e9er un v\u00e9ritable \u00ab\u00a0NPS d&rsquo;int\u00e9gration\u00a0\u00bb. Des questions sp\u00e9cifiques mesurent la perception de la fusion toutes les deux semaines : soutien manag\u00e9rial, clart\u00e9 de la communication, confiance dans l&rsquo;avenir&#8230;<\/p>\n\n\n\n<p>Mais voici le g\u00e9nie de cette approche : ces outils ne se contentent pas de mesurer, ils orientent l&rsquo;action. Quand les scores r\u00e9v\u00e8lent un besoin accru de communication, les initiatives se d\u00e9ploient imm\u00e9diatement. Newsletters d\u00e9di\u00e9es, sessions Q&amp;A, entretiens trimestriels suppl\u00e9mentaires&#8230; Le feedback devient pr\u00e9dictif plut\u00f4t que r\u00e9actif.<\/p>\n\n\n\n<p>Cette transformation du pilotage g\u00e9n\u00e8re un avantage concurrentiel redoutable : pendant que les autres d\u00e9couvrent leurs probl\u00e8mes RH dans les sondages de fin d&rsquo;ann\u00e9e, ces entreprises ajustent en temps r\u00e9el.<\/p>\n\n\n\n<h3 class=\"wp-block-heading\"><strong>Transformer les contraintes l\u00e9gales en atouts strat\u00e9giques<\/strong><\/h3>\n\n\n\n<p>Troisi\u00e8me levier m\u00e9connu : <strong>faire de l&rsquo;obligation l\u00e9gale un levier d&rsquo;adh\u00e9sion<\/strong>. Car derri\u00e8re chaque contrainte r\u00e9glementaire se cache une opportunit\u00e9 de cr\u00e9er de la valeur.<\/p>\n\n\n\n<p>L<a href=\"https:\/\/www.legifrance.gouv.fr\/codes\/article_lc\/LEGIARTI000006900875\" target=\"_blank\" rel=\"noreferrer noopener\">&lsquo;article L1224-1 du Code du travail,<\/a> qui impose le maintien automatique des contrats ? Il devient un message rassurant pour s\u00e9curiser les \u00e9quipes inqui\u00e8tes. La consultation obligatoire du CSE ? Elle se transforme en moment d&rsquo;\u00e9coute privil\u00e9gi\u00e9 pour identifier les vraies pr\u00e9occupations et ajuster la strat\u00e9gie d&rsquo;int\u00e9gration.<\/p>\n\n\n\n<article class=\"obj_encart-formation\">\n<div class=\"ctn_encart\">\n<h3>Votre formation sur ce th\u00e8me<\/h3>\n<h2>&nbsp;CONDUIRE UNE MISSION D&rsquo;AUDIT RH&nbsp;<\/h2>\n<h4>2 jours &#8211; En pr\u00e9sentiel ou \u00e0 distance<\/h4>\n<ul>\n<li><strong>Conduire une mission d&rsquo;audit RH<\/strong> en utilisant une m\u00e9thodologie rigoureuse.<\/li>\n<li><strong>Pr\u00e9ciser les attentes des commanditaires<\/strong> pour \u00e9laborer et finaliser le cahier des charges de l\u2019audit.<\/li>\n<li><strong>Prioriser les principaux risques RH<\/strong> dans l&rsquo;entreprise.<\/li>\n<li><strong>Formuler des objectifs d&rsquo;audits RH<\/strong> (Recrutement, GEPP, formation, contrat de travail, paie).<\/li>\n<li><strong>D\u00e9finir le dispositif de recueil et d&rsquo;analyse<\/strong> des informations n\u00e9cessaires (entretiens, tests, analyse causale).<\/li>\n\n<\/ul>\n<div class=\"ctn_btn\">\n<a class=\"obj_btn\" target=\"_blank\" href=\"https:\/\/www.gereso.com\/AUDS\" rel=\"noopener\"><span>En savoir plus<\/span><\/a>\n<a class=\"obj_btn\" target=\"_blank\" href=\"https:\/\/www.gereso.com\/client\/programme-pdf\/AUDS.pdf\" rel=\"noopener\"><span>T\u00e9l\u00e9charger le programme PDF<\/span><\/a>\n<\/div>\n<\/article>\n\n\n\n<h2 style=\"color:#D10016\"><strong>Une v\u00e9rit\u00e9 qui d\u00e9range<\/strong><\/h2>\n\n\n\n<h3 class=\"wp-block-heading\"><strong>L&rsquo;\u00e9quation implacable des co\u00fbts cach\u00e9s<\/strong><\/h3>\n\n\n\n<p>Voici la r\u00e9alit\u00e9 que personne n&rsquo;ose formuler dans les comit\u00e9s de direction :<strong> une fusion mal accompagn\u00e9e co\u00fbte plus cher qu&rsquo;un accompagnement RH renforc\u00e9<\/strong>. Combien d&rsquo;entreprises d\u00e9couvrent six mois apr\u00e8s la fusion que leurs meilleurs \u00e9l\u00e9ments sont partis chez la concurrence ? Combien mesurent trop tard l&rsquo;impact de la d\u00e9motivation sur la productivit\u00e9 ? L&rsquo;innovation frugale des RH \u2013 faire mieux avec moins \u2013 g\u00e9n\u00e8re un retour sur investissement que les cabinets de conseil facturent dix fois plus cher.<\/p>\n\n\n\n<h3 class=\"wp-block-heading\"><strong>L&rsquo;urgence g\u00e9n\u00e9rationnelle que tout le monde ignore<\/strong><\/h3>\n\n\n\n<p>Mais voici la v\u00e9rit\u00e9 qui d\u00e9range vraiment : la g\u00e9n\u00e9ration qui arrive sur le march\u00e9 du travail ne tol\u00e9rera plus l&rsquo;amateurisme manag\u00e9rial. Ces jeunes talents, qui consid\u00e8rent qu&rsquo;\u00ab aimer son travail constitue un pr\u00e9requis absolu au bonheur \u00bb, scrutent la gestion des fusions comme un r\u00e9v\u00e9lateur de la maturit\u00e9 RH de leur futur employeur.<\/p>\n\n\n\n<p>Dans un contexte o\u00f9 800 000 postes seront \u00e0 pourvoir chaque ann\u00e9e d&rsquo;ici 2030, les entreprises qui b\u00e2clent leurs int\u00e9grations humaines se privent des talents de demain. Car cette g\u00e9n\u00e9ration partage une exigence commune : travailler dans des organisations qui savent conduire le changement avec bienveillance et professionnalisme.<\/p>\n\n\n\n<p>L&rsquo;ironie de la situation ? Pendant que les directions g\u00e9n\u00e9rales se battent pour attirer les meilleurs profils avec des packages salariaux toujours plus attractifs, elles sabordent leur <a href=\"https:\/\/www.gereso.com\/actualites\/2022\/04\/04\/comment-valoriser-marque-employeur-strategie-marketing-rh\/\" target=\"_blank\" rel=\"noreferrer noopener\">marque employeur <\/a>en n\u00e9gligeant la dimension humaine de leurs transformations. Les RH ne sont plus les pompiers de service : ils deviennent les garants de l&rsquo;attractivit\u00e9 future de l&rsquo;entreprise<\/p>\n\n\n\n<p>&nbsp;<\/p>\n\n\n","protected":false},"excerpt":{"rendered":"<p>Une \u00e9tude r\u00e9v\u00e8le un constat sid\u00e9rant : 70% des fusions-acquisitions \u00e9chouent, principalement \u00e0 cause de la mauvaise gestion des aspects humains. Dans le m\u00eame temps, seulement 7% des acqu\u00e9reurs font du capital humain une priorit\u00e9, et \u00e0 peine 3% du budget d&rsquo;int\u00e9gration est consacr\u00e9 aux ressources humaines selon Mercer. Paradoxe troublant : jamais les entreprises [&hellip;]<\/p>\n","protected":false},"author":32,"featured_media":44845,"comment_status":"open","ping_status":"open","sticky":false,"template":"","format":"standard","meta":{"_acf_changed":false,"_mi_skip_tracking":false,"footnotes":""},"categories":[12,2],"tags":[],"class_list":["post-44841","post","type-post","status-publish","format-standard","has-post-thumbnail","hentry","category-actualites","category-ressources-humaines"],"acf":[],"yoast_head":"<!-- This site is optimized with the Yoast SEO plugin v23.4 - https:\/\/yoast.com\/wordpress\/plugins\/seo\/ -->\n<title>Fusion-acquisition : et si les RH \u00e9taient les vrais architectes de la r\u00e9ussite ? - Le Blog GERESO<\/title>\n<meta name=\"robots\" content=\"index, follow, max-snippet:-1, max-image-preview:large, max-video-preview:-1\" \/>\n<link rel=\"canonical\" href=\"https:\/\/www.gereso.com\/actualites\/2025\/07\/29\/fusion-acquisition-rh-etaient-vrais-architectes-reussite\/\" \/>\n<meta property=\"og:locale\" content=\"fr_FR\" \/>\n<meta property=\"og:type\" content=\"article\" \/>\n<meta property=\"og:title\" content=\"Fusion-acquisition : et si les RH \u00e9taient les vrais architectes de la r\u00e9ussite ? - Le Blog GERESO\" \/>\n<meta property=\"og:description\" content=\"Une \u00e9tude r\u00e9v\u00e8le un constat sid\u00e9rant : 70% des fusions-acquisitions \u00e9chouent, principalement \u00e0 cause de la mauvaise gestion des aspects humains. Dans le m\u00eame temps, seulement 7% des acqu\u00e9reurs font du capital humain une priorit\u00e9, et \u00e0 peine 3% du budget d&rsquo;int\u00e9gration est consacr\u00e9 aux ressources humaines selon Mercer. Paradoxe troublant : jamais les entreprises [&hellip;]\" \/>\n<meta property=\"og:url\" content=\"https:\/\/www.gereso.com\/actualites\/2025\/07\/29\/fusion-acquisition-rh-etaient-vrais-architectes-reussite\/\" \/>\n<meta property=\"og:site_name\" content=\"Le Blog GERESO\" \/>\n<meta property=\"article:published_time\" content=\"2025-07-29T13:17:08+00:00\" \/>\n<meta property=\"article:modified_time\" content=\"2025-07-29T14:03:27+00:00\" \/>\n<meta property=\"og:image\" content=\"https:\/\/www.gereso.com\/actualites\/wp-content\/uploads\/2025\/07\/fusion-acquisition-rh-architectes-reussite.jpg\" \/>\n\t<meta property=\"og:image:width\" content=\"600\" \/>\n\t<meta property=\"og:image:height\" content=\"400\" \/>\n\t<meta property=\"og:image:type\" content=\"image\/jpeg\" \/>\n<meta name=\"author\" content=\"\u00c9quipe GERESO\" \/>\n<meta name=\"twitter:card\" content=\"summary_large_image\" \/>\n<script type=\"application\/ld+json\" class=\"yoast-schema-graph\">{\"@context\":\"https:\/\/schema.org\",\"@graph\":[{\"@type\":\"WebPage\",\"@id\":\"https:\/\/www.gereso.com\/actualites\/2025\/07\/29\/fusion-acquisition-rh-etaient-vrais-architectes-reussite\/\",\"url\":\"https:\/\/www.gereso.com\/actualites\/2025\/07\/29\/fusion-acquisition-rh-etaient-vrais-architectes-reussite\/\",\"name\":\"Fusion-acquisition : et si les RH \u00e9taient les vrais architectes de la r\u00e9ussite ? - Le Blog GERESO\",\"isPartOf\":{\"@id\":\"https:\/\/www.gereso.com\/actualites\/#website\"},\"primaryImageOfPage\":{\"@id\":\"https:\/\/www.gereso.com\/actualites\/2025\/07\/29\/fusion-acquisition-rh-etaient-vrais-architectes-reussite\/#primaryimage\"},\"image\":{\"@id\":\"https:\/\/www.gereso.com\/actualites\/2025\/07\/29\/fusion-acquisition-rh-etaient-vrais-architectes-reussite\/#primaryimage\"},\"thumbnailUrl\":\"https:\/\/www.gereso.com\/actualites\/wp-content\/uploads\/2025\/07\/fusion-acquisition-rh-architectes-reussite.jpg\",\"datePublished\":\"2025-07-29T13:17:08+00:00\",\"dateModified\":\"2025-07-29T14:03:27+00:00\",\"author\":{\"@id\":\"https:\/\/www.gereso.com\/actualites\/#\/schema\/person\/197d8aef40cb4ae3f6a0aa9e1d3df2a6\"},\"breadcrumb\":{\"@id\":\"https:\/\/www.gereso.com\/actualites\/2025\/07\/29\/fusion-acquisition-rh-etaient-vrais-architectes-reussite\/#breadcrumb\"},\"inLanguage\":\"fr-FR\",\"potentialAction\":[{\"@type\":\"ReadAction\",\"target\":[\"https:\/\/www.gereso.com\/actualites\/2025\/07\/29\/fusion-acquisition-rh-etaient-vrais-architectes-reussite\/\"]}]},{\"@type\":\"ImageObject\",\"inLanguage\":\"fr-FR\",\"@id\":\"https:\/\/www.gereso.com\/actualites\/2025\/07\/29\/fusion-acquisition-rh-etaient-vrais-architectes-reussite\/#primaryimage\",\"url\":\"https:\/\/www.gereso.com\/actualites\/wp-content\/uploads\/2025\/07\/fusion-acquisition-rh-architectes-reussite.jpg\",\"contentUrl\":\"https:\/\/www.gereso.com\/actualites\/wp-content\/uploads\/2025\/07\/fusion-acquisition-rh-architectes-reussite.jpg\",\"width\":600,\"height\":400,\"caption\":\"Au c\u0153ur des fusions, ce sont les RH qui dessinent l\u2019avenir.\"},{\"@type\":\"BreadcrumbList\",\"@id\":\"https:\/\/www.gereso.com\/actualites\/2025\/07\/29\/fusion-acquisition-rh-etaient-vrais-architectes-reussite\/#breadcrumb\",\"itemListElement\":[{\"@type\":\"ListItem\",\"position\":1,\"name\":\"Home\",\"item\":\"https:\/\/www.gereso.com\/actualites\/\"},{\"@type\":\"ListItem\",\"position\":2,\"name\":\"Fusion-acquisition : et si les RH \u00e9taient les vrais architectes de la r\u00e9ussite ?\"}]},{\"@type\":\"WebSite\",\"@id\":\"https:\/\/www.gereso.com\/actualites\/#website\",\"url\":\"https:\/\/www.gereso.com\/actualites\/\",\"name\":\"Le Blog GERESO\",\"description\":\"Toute l&#039;actu RH, Finance, Fonction Publique, Management...\",\"potentialAction\":[{\"@type\":\"SearchAction\",\"target\":{\"@type\":\"EntryPoint\",\"urlTemplate\":\"https:\/\/www.gereso.com\/actualites\/?s={search_term_string}\"},\"query-input\":{\"@type\":\"PropertyValueSpecification\",\"valueRequired\":true,\"valueName\":\"search_term_string\"}}],\"inLanguage\":\"fr-FR\"},{\"@type\":\"Person\",\"@id\":\"https:\/\/www.gereso.com\/actualites\/#\/schema\/person\/197d8aef40cb4ae3f6a0aa9e1d3df2a6\",\"name\":\"\u00c9quipe GERESO\",\"image\":{\"@type\":\"ImageObject\",\"inLanguage\":\"fr-FR\",\"@id\":\"https:\/\/www.gereso.com\/actualites\/#\/schema\/person\/image\/\",\"url\":\"https:\/\/www.gereso.com\/actualites\/wp-content\/uploads\/2013\/12\/avatar-gereso-1.png\",\"contentUrl\":\"https:\/\/www.gereso.com\/actualites\/wp-content\/uploads\/2013\/12\/avatar-gereso-1.png\",\"caption\":\"\u00c9quipe GERESO\"},\"url\":\"https:\/\/www.gereso.com\/actualites\/author\/gereso\/\"}]}<\/script>\n<!-- \/ Yoast SEO plugin. -->","yoast_head_json":{"title":"Fusion-acquisition : et si les RH \u00e9taient les vrais architectes de la r\u00e9ussite ? - Le Blog GERESO","robots":{"index":"index","follow":"follow","max-snippet":"max-snippet:-1","max-image-preview":"max-image-preview:large","max-video-preview":"max-video-preview:-1"},"canonical":"https:\/\/www.gereso.com\/actualites\/2025\/07\/29\/fusion-acquisition-rh-etaient-vrais-architectes-reussite\/","og_locale":"fr_FR","og_type":"article","og_title":"Fusion-acquisition : et si les RH \u00e9taient les vrais architectes de la r\u00e9ussite ? - Le Blog GERESO","og_description":"Une \u00e9tude r\u00e9v\u00e8le un constat sid\u00e9rant : 70% des fusions-acquisitions \u00e9chouent, principalement \u00e0 cause de la mauvaise gestion des aspects humains. Dans le m\u00eame temps, seulement 7% des acqu\u00e9reurs font du capital humain une priorit\u00e9, et \u00e0 peine 3% du budget d&rsquo;int\u00e9gration est consacr\u00e9 aux ressources humaines selon Mercer. Paradoxe troublant : jamais les entreprises [&hellip;]","og_url":"https:\/\/www.gereso.com\/actualites\/2025\/07\/29\/fusion-acquisition-rh-etaient-vrais-architectes-reussite\/","og_site_name":"Le Blog GERESO","article_published_time":"2025-07-29T13:17:08+00:00","article_modified_time":"2025-07-29T14:03:27+00:00","og_image":[{"width":600,"height":400,"url":"https:\/\/www.gereso.com\/actualites\/wp-content\/uploads\/2025\/07\/fusion-acquisition-rh-architectes-reussite.jpg","type":"image\/jpeg"}],"author":"\u00c9quipe GERESO","twitter_card":"summary_large_image","schema":{"@context":"https:\/\/schema.org","@graph":[{"@type":"WebPage","@id":"https:\/\/www.gereso.com\/actualites\/2025\/07\/29\/fusion-acquisition-rh-etaient-vrais-architectes-reussite\/","url":"https:\/\/www.gereso.com\/actualites\/2025\/07\/29\/fusion-acquisition-rh-etaient-vrais-architectes-reussite\/","name":"Fusion-acquisition : et si les RH \u00e9taient les vrais architectes de la r\u00e9ussite ? - Le Blog GERESO","isPartOf":{"@id":"https:\/\/www.gereso.com\/actualites\/#website"},"primaryImageOfPage":{"@id":"https:\/\/www.gereso.com\/actualites\/2025\/07\/29\/fusion-acquisition-rh-etaient-vrais-architectes-reussite\/#primaryimage"},"image":{"@id":"https:\/\/www.gereso.com\/actualites\/2025\/07\/29\/fusion-acquisition-rh-etaient-vrais-architectes-reussite\/#primaryimage"},"thumbnailUrl":"https:\/\/www.gereso.com\/actualites\/wp-content\/uploads\/2025\/07\/fusion-acquisition-rh-architectes-reussite.jpg","datePublished":"2025-07-29T13:17:08+00:00","dateModified":"2025-07-29T14:03:27+00:00","author":{"@id":"https:\/\/www.gereso.com\/actualites\/#\/schema\/person\/197d8aef40cb4ae3f6a0aa9e1d3df2a6"},"breadcrumb":{"@id":"https:\/\/www.gereso.com\/actualites\/2025\/07\/29\/fusion-acquisition-rh-etaient-vrais-architectes-reussite\/#breadcrumb"},"inLanguage":"fr-FR","potentialAction":[{"@type":"ReadAction","target":["https:\/\/www.gereso.com\/actualites\/2025\/07\/29\/fusion-acquisition-rh-etaient-vrais-architectes-reussite\/"]}]},{"@type":"ImageObject","inLanguage":"fr-FR","@id":"https:\/\/www.gereso.com\/actualites\/2025\/07\/29\/fusion-acquisition-rh-etaient-vrais-architectes-reussite\/#primaryimage","url":"https:\/\/www.gereso.com\/actualites\/wp-content\/uploads\/2025\/07\/fusion-acquisition-rh-architectes-reussite.jpg","contentUrl":"https:\/\/www.gereso.com\/actualites\/wp-content\/uploads\/2025\/07\/fusion-acquisition-rh-architectes-reussite.jpg","width":600,"height":400,"caption":"Au c\u0153ur des fusions, ce sont les RH qui dessinent l\u2019avenir."},{"@type":"BreadcrumbList","@id":"https:\/\/www.gereso.com\/actualites\/2025\/07\/29\/fusion-acquisition-rh-etaient-vrais-architectes-reussite\/#breadcrumb","itemListElement":[{"@type":"ListItem","position":1,"name":"Home","item":"https:\/\/www.gereso.com\/actualites\/"},{"@type":"ListItem","position":2,"name":"Fusion-acquisition : et si les RH \u00e9taient les vrais architectes de la r\u00e9ussite ?"}]},{"@type":"WebSite","@id":"https:\/\/www.gereso.com\/actualites\/#website","url":"https:\/\/www.gereso.com\/actualites\/","name":"Le Blog GERESO","description":"Toute l&#039;actu RH, Finance, Fonction Publique, Management...","potentialAction":[{"@type":"SearchAction","target":{"@type":"EntryPoint","urlTemplate":"https:\/\/www.gereso.com\/actualites\/?s={search_term_string}"},"query-input":{"@type":"PropertyValueSpecification","valueRequired":true,"valueName":"search_term_string"}}],"inLanguage":"fr-FR"},{"@type":"Person","@id":"https:\/\/www.gereso.com\/actualites\/#\/schema\/person\/197d8aef40cb4ae3f6a0aa9e1d3df2a6","name":"\u00c9quipe GERESO","image":{"@type":"ImageObject","inLanguage":"fr-FR","@id":"https:\/\/www.gereso.com\/actualites\/#\/schema\/person\/image\/","url":"https:\/\/www.gereso.com\/actualites\/wp-content\/uploads\/2013\/12\/avatar-gereso-1.png","contentUrl":"https:\/\/www.gereso.com\/actualites\/wp-content\/uploads\/2013\/12\/avatar-gereso-1.png","caption":"\u00c9quipe GERESO"},"url":"https:\/\/www.gereso.com\/actualites\/author\/gereso\/"}]}},"_links":{"self":[{"href":"https:\/\/www.gereso.com\/actualites\/wp-json\/wp\/v2\/posts\/44841","targetHints":{"allow":["GET"]}}],"collection":[{"href":"https:\/\/www.gereso.com\/actualites\/wp-json\/wp\/v2\/posts"}],"about":[{"href":"https:\/\/www.gereso.com\/actualites\/wp-json\/wp\/v2\/types\/post"}],"author":[{"embeddable":true,"href":"https:\/\/www.gereso.com\/actualites\/wp-json\/wp\/v2\/users\/32"}],"replies":[{"embeddable":true,"href":"https:\/\/www.gereso.com\/actualites\/wp-json\/wp\/v2\/comments?post=44841"}],"version-history":[{"count":9,"href":"https:\/\/www.gereso.com\/actualites\/wp-json\/wp\/v2\/posts\/44841\/revisions"}],"predecessor-version":[{"id":44854,"href":"https:\/\/www.gereso.com\/actualites\/wp-json\/wp\/v2\/posts\/44841\/revisions\/44854"}],"wp:featuredmedia":[{"embeddable":true,"href":"https:\/\/www.gereso.com\/actualites\/wp-json\/wp\/v2\/media\/44845"}],"wp:attachment":[{"href":"https:\/\/www.gereso.com\/actualites\/wp-json\/wp\/v2\/media?parent=44841"}],"wp:term":[{"taxonomy":"category","embeddable":true,"href":"https:\/\/www.gereso.com\/actualites\/wp-json\/wp\/v2\/categories?post=44841"},{"taxonomy":"post_tag","embeddable":true,"href":"https:\/\/www.gereso.com\/actualites\/wp-json\/wp\/v2\/tags?post=44841"}],"curies":[{"name":"wp","href":"https:\/\/api.w.org\/{rel}","templated":true}]}}