{"id":45163,"date":"2025-09-15T12:13:29","date_gmt":"2025-09-15T10:13:29","guid":{"rendered":"https:\/\/www.gereso.com\/actualites\/?p=45163"},"modified":"2025-09-15T12:23:52","modified_gmt":"2025-09-15T10:23:52","slug":"livre-blanc-salaire-nouvelles-realites-nouveaux-enjeux-rh","status":"publish","type":"post","link":"https:\/\/www.gereso.com\/actualites\/2025\/09\/15\/livre-blanc-salaire-nouvelles-realites-nouveaux-enjeux-rh\/","title":{"rendered":"Livre Blanc \u00ab\u00a0Salaire\u00a0: nouvelle r\u00e9alit\u00e9s &amp; nouveaux enjeux RH\u00a0\u00bb"},"content":{"rendered":"\n<p>Derri\u00e8re le montant affich\u00e9 se dessine d\u00e9sormais une&nbsp;<strong>r\u00e9mun\u00e9ration globale<\/strong>&nbsp;: avantages sociaux, flexibilit\u00e9, conditions de travail, perspectives de carri\u00e8re.&nbsp;<strong>C\u2019est tout un \u00e9quilibre \u00e0 repenser<\/strong>&nbsp;\u2014 et les entreprises commencent d\u00e9j\u00e0 \u00e0 inventer de&nbsp;<strong>nouvelles r\u00e9ponses<\/strong>&nbsp;: transparence des grilles, primes collectives, r\u00e9mun\u00e9ration flexible, avantages \u00e9largis\u2026<\/p>\n\n\n\n<p>Ce livre blanc, \u00e9crit par des experts et nourri de t\u00e9moignages de praticiens, explore&nbsp;<strong>ces transformations de la notion de salaire<\/strong>&nbsp;et propose&nbsp;<strong>des rep\u00e8res concrets pour b\u00e2tir des politiques salariales justes et durables<\/strong>.<\/p>\n\n\n\n<H2 style=\"color:#D10016\"><strong>Au sommaire&nbsp;:<\/strong><\/H2>\n\n\n\n<ul class=\"wp-block-list\">\n<li>Peut-on encore parler de salaire&nbsp;?<\/li>\n\n\n\n<li>Le salaire est-il encore un levier de motivation&nbsp;?<\/li>\n\n\n\n<li>Transparence salariale&nbsp;: vers une nouvelle \u00e8re&nbsp;?<\/li>\n\n\n\n<li>In\u00e9galit\u00e9s salariales&nbsp;: o\u00f9 en est-on vraiment&nbsp;?<\/li>\n\n\n\n<li>Dialogue social &amp; \u00e9volution des salaires<\/li>\n\n\n\n<li>Une relation au salaire en pleine transformation<\/li>\n\n\n\n<li>Salaire et gestion de la paie&nbsp;: entre simplification et innovation<\/li>\n<\/ul>\n\n\n\n<p><strong>T\u00e9l\u00e9chargez gratuitement notre livre blanc<\/strong>&nbsp;et d\u00e9couvrez comment ajuster vos pratiques de r\u00e9mun\u00e9ration pour&nbsp;<strong>concilier attractivit\u00e9, \u00e9quit\u00e9 et engagement<\/strong>.<\/p>\n\n\n\n<p><\/p>\n\n\n\n\n\n<div data-wp-interactive=\"core\/file\" class=\"wp-block-file aligncenter\"><object data-wp-bind--hidden=\"!state.hasPdfPreview\" hidden class=\"wp-block-file__embed\" data=\"https:\/\/www.gereso.com\/actualites\/wp-content\/uploads\/2025\/09\/livre-blanc-GERESO-transparence-salariale-1.pdf\" type=\"application\/pdf\" style=\"width:100%;height:600px\" aria-label=\"Contenu embarqu\u00e9 livre-blanc-GERESO-salaire-nouvelles-r\u00e9alit\u00e9s-nouveaux-enjeux .\"><\/object><a id=\"wp-block-file--media-adcaad15-7c6c-4bef-8a1e-7ffa8b65d218\" href=\"https:\/\/www.gereso.com\/actualites\/wp-content\/uploads\/2025\/09\/livre-blanc-GERESO-transparence-salariale-1.pdf\" target=\"_blank\" rel=\"noreferrer noopener\">livre-blanc-GERESO-salaire-nouvelles-r\u00e9alit\u00e9s-nouveaux-enjeux <\/a><a href=\"https:\/\/www.gereso.com\/actualites\/wp-content\/uploads\/2025\/09\/livre-blanc-GERESO-transparence-salariale-1.pdf\" class=\"wp-block-file__button wp-element-button\" download aria-describedby=\"wp-block-file--media-adcaad15-7c6c-4bef-8a1e-7ffa8b65d218\">T\u00e9l\u00e9charger<\/a><\/div>\n\n\n\n<p>&nbsp;<\/p>\n\n\n\n<p><\/p>\n","protected":false},"excerpt":{"rendered":"<p>Derri\u00e8re le montant affich\u00e9 se dessine d\u00e9sormais une&nbsp;r\u00e9mun\u00e9ration globale&nbsp;: avantages sociaux, flexibilit\u00e9, conditions de travail, perspectives de carri\u00e8re.&nbsp;C\u2019est tout un \u00e9quilibre \u00e0 repenser&nbsp;\u2014 et les entreprises commencent d\u00e9j\u00e0 \u00e0 inventer de&nbsp;nouvelles r\u00e9ponses&nbsp;: transparence des grilles, primes collectives, r\u00e9mun\u00e9ration flexible, avantages \u00e9largis\u2026 Ce livre blanc, \u00e9crit par des experts et nourri de t\u00e9moignages de praticiens, explore&nbsp;ces [&hellip;]<\/p>\n","protected":false},"author":32,"featured_media":45180,"comment_status":"open","ping_status":"open","sticky":false,"template":"","format":"standard","meta":{"_acf_changed":false,"_mi_skip_tracking":false,"footnotes":""},"categories":[12,2],"tags":[],"class_list":["post-45163","post","type-post","status-publish","format-standard","has-post-thumbnail","hentry","category-actualites","category-ressources-humaines"],"acf":[],"yoast_head":"<!-- This site is optimized with the Yoast SEO plugin v23.4 - https:\/\/yoast.com\/wordpress\/plugins\/seo\/ -->\n<title>Livre Blanc \u00ab\u00a0Salaire\u00a0: nouvelle r\u00e9alit\u00e9s &amp; nouveaux enjeux RH\u00a0\u00bb - Le Blog GERESO<\/title>\n<meta name=\"robots\" content=\"index, follow, max-snippet:-1, max-image-preview:large, max-video-preview:-1\" \/>\n<link rel=\"canonical\" href=\"https:\/\/www.gereso.com\/actualites\/2025\/09\/15\/livre-blanc-salaire-nouvelles-realites-nouveaux-enjeux-rh\/\" \/>\n<meta property=\"og:locale\" content=\"fr_FR\" \/>\n<meta property=\"og:type\" content=\"article\" \/>\n<meta property=\"og:title\" content=\"Livre Blanc \u00ab\u00a0Salaire\u00a0: nouvelle r\u00e9alit\u00e9s &amp; nouveaux enjeux RH\u00a0\u00bb - Le Blog GERESO\" \/>\n<meta property=\"og:description\" content=\"Derri\u00e8re le montant affich\u00e9 se dessine d\u00e9sormais une&nbsp;r\u00e9mun\u00e9ration globale&nbsp;: avantages sociaux, flexibilit\u00e9, conditions de travail, perspectives de carri\u00e8re.&nbsp;C\u2019est tout un \u00e9quilibre \u00e0 repenser&nbsp;\u2014 et les entreprises commencent d\u00e9j\u00e0 \u00e0 inventer de&nbsp;nouvelles r\u00e9ponses&nbsp;: transparence des grilles, primes collectives, r\u00e9mun\u00e9ration flexible, avantages \u00e9largis\u2026 Ce livre blanc, \u00e9crit par des experts et nourri de t\u00e9moignages de praticiens, explore&nbsp;ces [&hellip;]\" \/>\n<meta property=\"og:url\" content=\"https:\/\/www.gereso.com\/actualites\/2025\/09\/15\/livre-blanc-salaire-nouvelles-realites-nouveaux-enjeux-rh\/\" \/>\n<meta property=\"og:site_name\" content=\"Le Blog GERESO\" \/>\n<meta property=\"article:published_time\" content=\"2025-09-15T10:13:29+00:00\" \/>\n<meta property=\"article:modified_time\" content=\"2025-09-15T10:23:52+00:00\" \/>\n<meta property=\"og:image\" content=\"https:\/\/www.gereso.com\/actualites\/wp-content\/uploads\/2025\/09\/livre-blanc-GERESO-salaire.jpg\" \/>\n\t<meta property=\"og:image:width\" content=\"600\" \/>\n\t<meta property=\"og:image:height\" content=\"400\" \/>\n\t<meta property=\"og:image:type\" content=\"image\/jpeg\" \/>\n<meta name=\"author\" content=\"\u00c9quipe GERESO\" \/>\n<meta name=\"twitter:card\" content=\"summary_large_image\" \/>\n<script type=\"application\/ld+json\" class=\"yoast-schema-graph\">{\"@context\":\"https:\/\/schema.org\",\"@graph\":[{\"@type\":\"WebPage\",\"@id\":\"https:\/\/www.gereso.com\/actualites\/2025\/09\/15\/livre-blanc-salaire-nouvelles-realites-nouveaux-enjeux-rh\/\",\"url\":\"https:\/\/www.gereso.com\/actualites\/2025\/09\/15\/livre-blanc-salaire-nouvelles-realites-nouveaux-enjeux-rh\/\",\"name\":\"Livre Blanc \u00ab\u00a0Salaire\u00a0: nouvelle r\u00e9alit\u00e9s &amp; nouveaux enjeux RH\u00a0\u00bb - Le Blog GERESO\",\"isPartOf\":{\"@id\":\"https:\/\/www.gereso.com\/actualites\/#website\"},\"primaryImageOfPage\":{\"@id\":\"https:\/\/www.gereso.com\/actualites\/2025\/09\/15\/livre-blanc-salaire-nouvelles-realites-nouveaux-enjeux-rh\/#primaryimage\"},\"image\":{\"@id\":\"https:\/\/www.gereso.com\/actualites\/2025\/09\/15\/livre-blanc-salaire-nouvelles-realites-nouveaux-enjeux-rh\/#primaryimage\"},\"thumbnailUrl\":\"https:\/\/www.gereso.com\/actualites\/wp-content\/uploads\/2025\/09\/livre-blanc-GERESO-salaire.jpg\",\"datePublished\":\"2025-09-15T10:13:29+00:00\",\"dateModified\":\"2025-09-15T10:23:52+00:00\",\"author\":{\"@id\":\"https:\/\/www.gereso.com\/actualites\/#\/schema\/person\/197d8aef40cb4ae3f6a0aa9e1d3df2a6\"},\"breadcrumb\":{\"@id\":\"https:\/\/www.gereso.com\/actualites\/2025\/09\/15\/livre-blanc-salaire-nouvelles-realites-nouveaux-enjeux-rh\/#breadcrumb\"},\"inLanguage\":\"fr-FR\",\"potentialAction\":[{\"@type\":\"ReadAction\",\"target\":[\"https:\/\/www.gereso.com\/actualites\/2025\/09\/15\/livre-blanc-salaire-nouvelles-realites-nouveaux-enjeux-rh\/\"]}]},{\"@type\":\"ImageObject\",\"inLanguage\":\"fr-FR\",\"@id\":\"https:\/\/www.gereso.com\/actualites\/2025\/09\/15\/livre-blanc-salaire-nouvelles-realites-nouveaux-enjeux-rh\/#primaryimage\",\"url\":\"https:\/\/www.gereso.com\/actualites\/wp-content\/uploads\/2025\/09\/livre-blanc-GERESO-salaire.jpg\",\"contentUrl\":\"https:\/\/www.gereso.com\/actualites\/wp-content\/uploads\/2025\/09\/livre-blanc-GERESO-salaire.jpg\",\"width\":600,\"height\":400,\"caption\":\"Livre Blanc \u00ab\u00a0Salaire\u00a0: nouvelle r\u00e9alit\u00e9s & nouveaux enjeux RH\u00a0\u00bb\"},{\"@type\":\"BreadcrumbList\",\"@id\":\"https:\/\/www.gereso.com\/actualites\/2025\/09\/15\/livre-blanc-salaire-nouvelles-realites-nouveaux-enjeux-rh\/#breadcrumb\",\"itemListElement\":[{\"@type\":\"ListItem\",\"position\":1,\"name\":\"Home\",\"item\":\"https:\/\/www.gereso.com\/actualites\/\"},{\"@type\":\"ListItem\",\"position\":2,\"name\":\"Livre Blanc \u00ab\u00a0Salaire\u00a0: nouvelle r\u00e9alit\u00e9s &amp; nouveaux enjeux RH\u00a0\u00bb\"}]},{\"@type\":\"WebSite\",\"@id\":\"https:\/\/www.gereso.com\/actualites\/#website\",\"url\":\"https:\/\/www.gereso.com\/actualites\/\",\"name\":\"Le Blog GERESO\",\"description\":\"Toute l&#039;actu RH, Finance, Fonction Publique, Management...\",\"potentialAction\":[{\"@type\":\"SearchAction\",\"target\":{\"@type\":\"EntryPoint\",\"urlTemplate\":\"https:\/\/www.gereso.com\/actualites\/?s={search_term_string}\"},\"query-input\":{\"@type\":\"PropertyValueSpecification\",\"valueRequired\":true,\"valueName\":\"search_term_string\"}}],\"inLanguage\":\"fr-FR\"},{\"@type\":\"Person\",\"@id\":\"https:\/\/www.gereso.com\/actualites\/#\/schema\/person\/197d8aef40cb4ae3f6a0aa9e1d3df2a6\",\"name\":\"\u00c9quipe GERESO\",\"image\":{\"@type\":\"ImageObject\",\"inLanguage\":\"fr-FR\",\"@id\":\"https:\/\/www.gereso.com\/actualites\/#\/schema\/person\/image\/\",\"url\":\"https:\/\/www.gereso.com\/actualites\/wp-content\/uploads\/2013\/12\/avatar-gereso-1.png\",\"contentUrl\":\"https:\/\/www.gereso.com\/actualites\/wp-content\/uploads\/2013\/12\/avatar-gereso-1.png\",\"caption\":\"\u00c9quipe GERESO\"},\"url\":\"https:\/\/www.gereso.com\/actualites\/author\/gereso\/\"}]}<\/script>\n<!-- \/ Yoast SEO plugin. -->","yoast_head_json":{"title":"Livre Blanc \u00ab\u00a0Salaire\u00a0: nouvelle r\u00e9alit\u00e9s &amp; nouveaux enjeux RH\u00a0\u00bb - Le Blog GERESO","robots":{"index":"index","follow":"follow","max-snippet":"max-snippet:-1","max-image-preview":"max-image-preview:large","max-video-preview":"max-video-preview:-1"},"canonical":"https:\/\/www.gereso.com\/actualites\/2025\/09\/15\/livre-blanc-salaire-nouvelles-realites-nouveaux-enjeux-rh\/","og_locale":"fr_FR","og_type":"article","og_title":"Livre Blanc \u00ab\u00a0Salaire\u00a0: nouvelle r\u00e9alit\u00e9s &amp; nouveaux enjeux RH\u00a0\u00bb - Le Blog GERESO","og_description":"Derri\u00e8re le montant affich\u00e9 se dessine d\u00e9sormais une&nbsp;r\u00e9mun\u00e9ration globale&nbsp;: avantages sociaux, flexibilit\u00e9, conditions de travail, perspectives de carri\u00e8re.&nbsp;C\u2019est tout un \u00e9quilibre \u00e0 repenser&nbsp;\u2014 et les entreprises commencent d\u00e9j\u00e0 \u00e0 inventer de&nbsp;nouvelles r\u00e9ponses&nbsp;: transparence des grilles, primes collectives, r\u00e9mun\u00e9ration flexible, avantages \u00e9largis\u2026 Ce livre blanc, \u00e9crit par des experts et nourri de t\u00e9moignages de praticiens, explore&nbsp;ces [&hellip;]","og_url":"https:\/\/www.gereso.com\/actualites\/2025\/09\/15\/livre-blanc-salaire-nouvelles-realites-nouveaux-enjeux-rh\/","og_site_name":"Le Blog GERESO","article_published_time":"2025-09-15T10:13:29+00:00","article_modified_time":"2025-09-15T10:23:52+00:00","og_image":[{"width":600,"height":400,"url":"https:\/\/www.gereso.com\/actualites\/wp-content\/uploads\/2025\/09\/livre-blanc-GERESO-salaire.jpg","type":"image\/jpeg"}],"author":"\u00c9quipe GERESO","twitter_card":"summary_large_image","schema":{"@context":"https:\/\/schema.org","@graph":[{"@type":"WebPage","@id":"https:\/\/www.gereso.com\/actualites\/2025\/09\/15\/livre-blanc-salaire-nouvelles-realites-nouveaux-enjeux-rh\/","url":"https:\/\/www.gereso.com\/actualites\/2025\/09\/15\/livre-blanc-salaire-nouvelles-realites-nouveaux-enjeux-rh\/","name":"Livre Blanc \u00ab\u00a0Salaire\u00a0: nouvelle r\u00e9alit\u00e9s &amp; nouveaux enjeux RH\u00a0\u00bb - Le Blog GERESO","isPartOf":{"@id":"https:\/\/www.gereso.com\/actualites\/#website"},"primaryImageOfPage":{"@id":"https:\/\/www.gereso.com\/actualites\/2025\/09\/15\/livre-blanc-salaire-nouvelles-realites-nouveaux-enjeux-rh\/#primaryimage"},"image":{"@id":"https:\/\/www.gereso.com\/actualites\/2025\/09\/15\/livre-blanc-salaire-nouvelles-realites-nouveaux-enjeux-rh\/#primaryimage"},"thumbnailUrl":"https:\/\/www.gereso.com\/actualites\/wp-content\/uploads\/2025\/09\/livre-blanc-GERESO-salaire.jpg","datePublished":"2025-09-15T10:13:29+00:00","dateModified":"2025-09-15T10:23:52+00:00","author":{"@id":"https:\/\/www.gereso.com\/actualites\/#\/schema\/person\/197d8aef40cb4ae3f6a0aa9e1d3df2a6"},"breadcrumb":{"@id":"https:\/\/www.gereso.com\/actualites\/2025\/09\/15\/livre-blanc-salaire-nouvelles-realites-nouveaux-enjeux-rh\/#breadcrumb"},"inLanguage":"fr-FR","potentialAction":[{"@type":"ReadAction","target":["https:\/\/www.gereso.com\/actualites\/2025\/09\/15\/livre-blanc-salaire-nouvelles-realites-nouveaux-enjeux-rh\/"]}]},{"@type":"ImageObject","inLanguage":"fr-FR","@id":"https:\/\/www.gereso.com\/actualites\/2025\/09\/15\/livre-blanc-salaire-nouvelles-realites-nouveaux-enjeux-rh\/#primaryimage","url":"https:\/\/www.gereso.com\/actualites\/wp-content\/uploads\/2025\/09\/livre-blanc-GERESO-salaire.jpg","contentUrl":"https:\/\/www.gereso.com\/actualites\/wp-content\/uploads\/2025\/09\/livre-blanc-GERESO-salaire.jpg","width":600,"height":400,"caption":"Livre Blanc \u00ab\u00a0Salaire\u00a0: nouvelle r\u00e9alit\u00e9s & nouveaux enjeux RH\u00a0\u00bb"},{"@type":"BreadcrumbList","@id":"https:\/\/www.gereso.com\/actualites\/2025\/09\/15\/livre-blanc-salaire-nouvelles-realites-nouveaux-enjeux-rh\/#breadcrumb","itemListElement":[{"@type":"ListItem","position":1,"name":"Home","item":"https:\/\/www.gereso.com\/actualites\/"},{"@type":"ListItem","position":2,"name":"Livre Blanc \u00ab\u00a0Salaire\u00a0: nouvelle r\u00e9alit\u00e9s &amp; nouveaux enjeux RH\u00a0\u00bb"}]},{"@type":"WebSite","@id":"https:\/\/www.gereso.com\/actualites\/#website","url":"https:\/\/www.gereso.com\/actualites\/","name":"Le Blog GERESO","description":"Toute l&#039;actu RH, Finance, Fonction Publique, Management...","potentialAction":[{"@type":"SearchAction","target":{"@type":"EntryPoint","urlTemplate":"https:\/\/www.gereso.com\/actualites\/?s={search_term_string}"},"query-input":{"@type":"PropertyValueSpecification","valueRequired":true,"valueName":"search_term_string"}}],"inLanguage":"fr-FR"},{"@type":"Person","@id":"https:\/\/www.gereso.com\/actualites\/#\/schema\/person\/197d8aef40cb4ae3f6a0aa9e1d3df2a6","name":"\u00c9quipe GERESO","image":{"@type":"ImageObject","inLanguage":"fr-FR","@id":"https:\/\/www.gereso.com\/actualites\/#\/schema\/person\/image\/","url":"https:\/\/www.gereso.com\/actualites\/wp-content\/uploads\/2013\/12\/avatar-gereso-1.png","contentUrl":"https:\/\/www.gereso.com\/actualites\/wp-content\/uploads\/2013\/12\/avatar-gereso-1.png","caption":"\u00c9quipe GERESO"},"url":"https:\/\/www.gereso.com\/actualites\/author\/gereso\/"}]}},"_links":{"self":[{"href":"https:\/\/www.gereso.com\/actualites\/wp-json\/wp\/v2\/posts\/45163","targetHints":{"allow":["GET"]}}],"collection":[{"href":"https:\/\/www.gereso.com\/actualites\/wp-json\/wp\/v2\/posts"}],"about":[{"href":"https:\/\/www.gereso.com\/actualites\/wp-json\/wp\/v2\/types\/post"}],"author":[{"embeddable":true,"href":"https:\/\/www.gereso.com\/actualites\/wp-json\/wp\/v2\/users\/32"}],"replies":[{"embeddable":true,"href":"https:\/\/www.gereso.com\/actualites\/wp-json\/wp\/v2\/comments?post=45163"}],"version-history":[{"count":11,"href":"https:\/\/www.gereso.com\/actualites\/wp-json\/wp\/v2\/posts\/45163\/revisions"}],"predecessor-version":[{"id":45179,"href":"https:\/\/www.gereso.com\/actualites\/wp-json\/wp\/v2\/posts\/45163\/revisions\/45179"}],"wp:featuredmedia":[{"embeddable":true,"href":"https:\/\/www.gereso.com\/actualites\/wp-json\/wp\/v2\/media\/45180"}],"wp:attachment":[{"href":"https:\/\/www.gereso.com\/actualites\/wp-json\/wp\/v2\/media?parent=45163"}],"wp:term":[{"taxonomy":"category","embeddable":true,"href":"https:\/\/www.gereso.com\/actualites\/wp-json\/wp\/v2\/categories?post=45163"},{"taxonomy":"post_tag","embeddable":true,"href":"https:\/\/www.gereso.com\/actualites\/wp-json\/wp\/v2\/tags?post=45163"}],"curies":[{"name":"wp","href":"https:\/\/api.w.org\/{rel}","templated":true}]}}