{"id":4541,"date":"2015-11-16T14:20:21","date_gmt":"2015-11-16T12:20:21","guid":{"rendered":"https:\/\/www.gereso.com\/actualites\/?p=4541"},"modified":"2023-04-03T13:54:22","modified_gmt":"2023-04-03T11:54:22","slug":"fiche-pratique-5-conseils-pour-ecrire-vite-court-et-bien","status":"publish","type":"post","link":"https:\/\/www.gereso.com\/actualites\/2015\/11\/16\/fiche-pratique-5-conseils-pour-ecrire-vite-court-et-bien\/","title":{"rendered":"Fiche Pratique : 5 conseils pour \u00e9crire vite, court et bien !"},"content":{"rendered":"<p style=\"text-align: justify;\">Il y a quelques mois, nous vous parlions de la sortie d\u2019un ouvrage sur l\u2019\u00e9criture efficace aux Editions GERESO\u00a0: \u00ab\u00a0<em>\u00c9crire vite, \u00e9crire court, \u00e9crire bien\u00a0: pour \u00eatre lu et compris<\/em>\u00a0\u00bb par \u00c9tienne Magnin. Aujourd\u2019hui, nous vous proposons <strong>5 conseils qui vont vous permettre d\u2019\u00eatre plus efficace dans la r\u00e9daction de vos \u00e9crits professionnels.<\/strong><\/p>\n<p style=\"text-align: justify;\">Retour sur <strong>la m\u00e9thode C.O.D.E. R<\/strong>\u00a0: 5 \u00e9tapes \u00e0 respecter pour r\u00e9ussir la r\u00e9daction d\u2019un texte construit, intelligible et efficace\u00a0!<\/p>\n<figure id=\"attachment_3888\" aria-describedby=\"caption-attachment-3888\" style=\"width: 542px\" class=\"wp-caption aligncenter\"><img fetchpriority=\"high\" decoding=\"async\" class=\"size-full wp-image-3888\" src=\"https:\/\/www.gereso.com\/actualites\/wp-content\/uploads\/2015\/03\/eveb-1.jpg\" alt=\"\u00c9crire vite, \u00e9crire court, \u00e9crire bien\" width=\"542\" height=\"417\" srcset=\"https:\/\/www.gereso.com\/actualites\/wp-content\/uploads\/2015\/03\/eveb-1.jpg 542w, https:\/\/www.gereso.com\/actualites\/wp-content\/uploads\/2015\/03\/eveb-1-300x231.jpg 300w\" sizes=\"(max-width: 542px) 100vw, 542px\" \/><figcaption id=\"caption-attachment-3888\" class=\"wp-caption-text\">\u00c9crire vite, \u00e9crire court, \u00e9crire bien<\/figcaption><\/figure>\n<p style=\"text-align: justify;\"><!--more--><\/p>\n<h2 style=\"text-align: justify;\"><strong>C comme Cibler<br \/>\n\u00ab\u00a0Ciblez votre message et Collectez les informations\u00a0\u00bb<\/strong><\/h2>\n<p style=\"text-align: justify;\">Avant de vous mettre \u00e0 r\u00e9diger votre rapport ou votre compte rendu de r\u00e9union, prenez le temps de bien <strong>cibler votre message.<\/strong> Une fois que celui-ci est bien d\u00e9fini, d\u00e9finissez son but\u00a0: quelle r\u00e9action voulez-vous obtenir de la part du lecteur\u00a0?<\/p>\n<p style=\"text-align: justify;\">Ensuite, <strong>collectez les informations<\/strong> qui doivent obligatoirement \u00eatre pr\u00e9sentes dans votre production. Ce n\u2019est pas la peine de construire des phrases \u00e0 cette \u00e9tape\u00a0: pensez mots-cl\u00e9s\u00a0! Par exemple, utilisez quelques expressions pour d\u00e9finir le contexte dans lequel votre message prend place, le r\u00e9sultat que vous voulez obtenir ainsi que les arguments que vous avez \u00e0 disposition.<\/p>\n<h2 style=\"text-align: justify;\"><strong>O comme Organiser<br \/>\n\u00ab\u00a0Organisez vos id\u00e9es\u00a0\u00bb<\/strong><\/h2>\n<p style=\"text-align: justify;\">L\u2019organisation des id\u00e9es est une \u00e9tape incontournable, car elle va vous permettre de ne pas perdre de vue le message que vous voulez transmettre. Pour y parvenir, vous pouvez utiliser la m\u00e9thode suivante\u00a0:<\/p>\n<ul style=\"text-align: justify;\">\n<li>Situez le contexte<\/li>\n<li>Exposez votre message ainsi que vos arguments<\/li>\n<li>Concluez votre texte avec un rappel de votre demande initiale<\/li>\n<li>Et n\u2019oubliez pas la formule de politesse\u00a0!<\/li>\n<\/ul>\n<h2><strong>D comme D\u00e9velopper<br \/>\n\u00ab\u00a0D\u00e9veloppez vos id\u00e9es dans le 1<sup>er<\/sup> jet\u00a0\u00bb<\/strong><\/h2>\n<p style=\"text-align: justify;\">Par essence, un premier jet est brut et spontan\u00e9. Une fois que votre plan est bien d\u00e9fini, il ne vous reste donc plus qu\u2019\u00e0 r\u00e9diger votre texte en le respectant. Vous vous occuperez d\u2019embellir vos phrases apr\u00e8s\u00a0: ici, le but est de transformer les id\u00e9es en phrases.<\/p>\n<p style=\"text-align: justify;\">N\u2019h\u00e9sitez pas \u00e0 argumenter vos diff\u00e9rentes id\u00e9es en vous basant sur <strong>la logique, les sentiments ou encore l\u2019autorit\u00e9 morale.<\/strong><\/p>\n<h2 style=\"text-align: justify;\"><strong>E comme Embellir<br \/>\n\u00ab\u00a0Embellissez votre texte\u00a0\u00bb<\/strong><\/h2>\n<p style=\"text-align: justify;\">Une fois le 1<sup>er<\/sup> jet r\u00e9dig\u00e9, vous pouvez passer \u00e0 la phase d\u2019embellissement. Attention, le but n\u2019est pas ici d\u2019\u00e9crire un texte complexe avec des m\u00e9taphores et des figures de style.<\/p>\n<p style=\"text-align: justify;\"><strong>Restez simple et lisible<\/strong>\u00a0: autrement dit efficace\u00a0!<\/p>\n<p style=\"text-align: justify;\">Pour cela, nous vous conseillons d\u2019appliquer ces quelques r\u00e8gles\u00a0:<\/p>\n<ul style=\"text-align: justify;\">\n<li>Privil\u00e9giez les phrases courtes<\/li>\n<li>Utilisez des mots de liaison<\/li>\n<li>Allez \u00e0 l\u2019essentiel<\/li>\n<li>Faites attention \u00e0 l\u2019orthographe et \u00e0 la ponctuation<\/li>\n<\/ul>\n<h2><strong>R comme Relire<br \/>\n\u00ab\u00a0Relisez avec soin votre production\u00a0\u00bb<\/strong><\/h2>\n<p style=\"text-align: justify;\">Parlons plus en d\u00e9tail du dernier point \u00e9voqu\u00e9\u00a0: l\u2019orthographe et la ponctuation. Pour \u00e9viter les fautes, prenez le temps de vous relire. N\u2019h\u00e9sitez pas \u00e0 vous aider d\u2019un correcteur pour \u00e9liminer les fautes d\u2019inattention. Vous pouvez aussi faire relire votre production \u00e0 une personne de votre entourage. Dans tous les cas, attention aux \u00e9l\u00e9ments suivants :<\/p>\n<ul style=\"text-align: justify;\">\n<li>Les terminaisons en [\u00e9]<\/li>\n<li>Les accords sujets\/verbes et noms\/adjectifs<\/li>\n<li>Les accords du participe pass\u00e9<\/li>\n<li>Les terminaisons du pr\u00e9sent de l\u2019indicatif<\/li>\n<\/ul>\n<p style=\"text-align: justify;\">Pour r\u00e9diger un rapport construit, intelligible et efficace, il suffit donc de respecter une m\u00e9thodologie qui a fait ses preuves dans le monde professionnel. <strong>Retrouvez le d\u00e9tail de la m\u00e9thode <strong>C.O.D.E. R<\/strong> dans l\u2019ouvrage d\u2019\u00c9tienne Magnin sur l\u2019\u00e9criture efficace !<\/strong><\/p>\n","protected":false},"excerpt":{"rendered":"<p>Il y a quelques mois, nous vous parlions de la sortie d\u2019un ouvrage sur l\u2019\u00e9criture efficace aux Editions GERESO\u00a0: \u00ab\u00a0\u00c9crire vite, \u00e9crire court, \u00e9crire bien\u00a0: pour \u00eatre lu et compris\u00a0\u00bb par \u00c9tienne Magnin. Aujourd\u2019hui, nous vous proposons 5 conseils qui vont vous permettre d\u2019\u00eatre plus efficace dans la r\u00e9daction de vos \u00e9crits professionnels. Retour sur [&hellip;]<\/p>\n","protected":false},"author":32,"featured_media":3888,"comment_status":"open","ping_status":"open","sticky":false,"template":"","format":"standard","meta":{"_acf_changed":false,"_mi_skip_tracking":false,"footnotes":""},"categories":[20],"tags":[812,813],"class_list":["post-4541","post","type-post","status-publish","format-standard","has-post-thumbnail","hentry","category-la-librairie-rh","tag-ecriture-efficace","tag-ecriture-professionnelle"],"acf":[],"yoast_head":"<!-- This site is optimized with the Yoast SEO plugin v23.4 - https:\/\/yoast.com\/wordpress\/plugins\/seo\/ -->\n<title>Fiche Pratique : 5 conseils pour \u00e9crire vite, court et bien ! - Le Blog GERESO<\/title>\n<meta name=\"robots\" content=\"index, follow, max-snippet:-1, max-image-preview:large, max-video-preview:-1\" \/>\n<link rel=\"canonical\" href=\"https:\/\/www.gereso.com\/actualites\/2015\/11\/16\/fiche-pratique-5-conseils-pour-ecrire-vite-court-et-bien\/\" \/>\n<meta property=\"og:locale\" content=\"fr_FR\" \/>\n<meta property=\"og:type\" content=\"article\" \/>\n<meta property=\"og:title\" content=\"Fiche Pratique : 5 conseils pour \u00e9crire vite, court et bien ! - Le Blog GERESO\" \/>\n<meta property=\"og:description\" content=\"Il y a quelques mois, nous vous parlions de la sortie d\u2019un ouvrage sur l\u2019\u00e9criture efficace aux Editions GERESO\u00a0: \u00ab\u00a0\u00c9crire vite, \u00e9crire court, \u00e9crire bien\u00a0: pour \u00eatre lu et compris\u00a0\u00bb par \u00c9tienne Magnin. Aujourd\u2019hui, nous vous proposons 5 conseils qui vont vous permettre d\u2019\u00eatre plus efficace dans la r\u00e9daction de vos \u00e9crits professionnels. Retour sur [&hellip;]\" \/>\n<meta property=\"og:url\" content=\"https:\/\/www.gereso.com\/actualites\/2015\/11\/16\/fiche-pratique-5-conseils-pour-ecrire-vite-court-et-bien\/\" \/>\n<meta property=\"og:site_name\" content=\"Le Blog GERESO\" \/>\n<meta property=\"article:published_time\" content=\"2015-11-16T12:20:21+00:00\" \/>\n<meta property=\"article:modified_time\" content=\"2023-04-03T11:54:22+00:00\" \/>\n<meta property=\"og:image\" content=\"https:\/\/www.gereso.com\/actualites\/wp-content\/uploads\/2015\/03\/eveb-1.jpg\" \/>\n\t<meta property=\"og:image:width\" content=\"542\" \/>\n\t<meta property=\"og:image:height\" content=\"417\" \/>\n\t<meta property=\"og:image:type\" content=\"image\/jpeg\" \/>\n<meta name=\"author\" content=\"\u00c9quipe GERESO\" \/>\n<meta name=\"twitter:card\" content=\"summary_large_image\" \/>\n<script type=\"application\/ld+json\" class=\"yoast-schema-graph\">{\"@context\":\"https:\/\/schema.org\",\"@graph\":[{\"@type\":\"WebPage\",\"@id\":\"https:\/\/www.gereso.com\/actualites\/2015\/11\/16\/fiche-pratique-5-conseils-pour-ecrire-vite-court-et-bien\/\",\"url\":\"https:\/\/www.gereso.com\/actualites\/2015\/11\/16\/fiche-pratique-5-conseils-pour-ecrire-vite-court-et-bien\/\",\"name\":\"Fiche Pratique : 5 conseils pour \u00e9crire vite, court et bien ! - Le Blog GERESO\",\"isPartOf\":{\"@id\":\"https:\/\/www.gereso.com\/actualites\/#website\"},\"primaryImageOfPage\":{\"@id\":\"https:\/\/www.gereso.com\/actualites\/2015\/11\/16\/fiche-pratique-5-conseils-pour-ecrire-vite-court-et-bien\/#primaryimage\"},\"image\":{\"@id\":\"https:\/\/www.gereso.com\/actualites\/2015\/11\/16\/fiche-pratique-5-conseils-pour-ecrire-vite-court-et-bien\/#primaryimage\"},\"thumbnailUrl\":\"https:\/\/www.gereso.com\/actualites\/wp-content\/uploads\/2015\/03\/eveb-1.jpg\",\"datePublished\":\"2015-11-16T12:20:21+00:00\",\"dateModified\":\"2023-04-03T11:54:22+00:00\",\"author\":{\"@id\":\"https:\/\/www.gereso.com\/actualites\/#\/schema\/person\/197d8aef40cb4ae3f6a0aa9e1d3df2a6\"},\"breadcrumb\":{\"@id\":\"https:\/\/www.gereso.com\/actualites\/2015\/11\/16\/fiche-pratique-5-conseils-pour-ecrire-vite-court-et-bien\/#breadcrumb\"},\"inLanguage\":\"fr-FR\",\"potentialAction\":[{\"@type\":\"ReadAction\",\"target\":[\"https:\/\/www.gereso.com\/actualites\/2015\/11\/16\/fiche-pratique-5-conseils-pour-ecrire-vite-court-et-bien\/\"]}]},{\"@type\":\"ImageObject\",\"inLanguage\":\"fr-FR\",\"@id\":\"https:\/\/www.gereso.com\/actualites\/2015\/11\/16\/fiche-pratique-5-conseils-pour-ecrire-vite-court-et-bien\/#primaryimage\",\"url\":\"https:\/\/www.gereso.com\/actualites\/wp-content\/uploads\/2015\/03\/eveb-1.jpg\",\"contentUrl\":\"https:\/\/www.gereso.com\/actualites\/wp-content\/uploads\/2015\/03\/eveb-1.jpg\",\"width\":542,\"height\":417},{\"@type\":\"BreadcrumbList\",\"@id\":\"https:\/\/www.gereso.com\/actualites\/2015\/11\/16\/fiche-pratique-5-conseils-pour-ecrire-vite-court-et-bien\/#breadcrumb\",\"itemListElement\":[{\"@type\":\"ListItem\",\"position\":1,\"name\":\"Home\",\"item\":\"https:\/\/www.gereso.com\/actualites\/\"},{\"@type\":\"ListItem\",\"position\":2,\"name\":\"Fiche Pratique : 5 conseils pour \u00e9crire vite, court et bien !\"}]},{\"@type\":\"WebSite\",\"@id\":\"https:\/\/www.gereso.com\/actualites\/#website\",\"url\":\"https:\/\/www.gereso.com\/actualites\/\",\"name\":\"Le Blog GERESO\",\"description\":\"Toute l&#039;actu RH, Finance, Fonction Publique, Management...\",\"potentialAction\":[{\"@type\":\"SearchAction\",\"target\":{\"@type\":\"EntryPoint\",\"urlTemplate\":\"https:\/\/www.gereso.com\/actualites\/?s={search_term_string}\"},\"query-input\":{\"@type\":\"PropertyValueSpecification\",\"valueRequired\":true,\"valueName\":\"search_term_string\"}}],\"inLanguage\":\"fr-FR\"},{\"@type\":\"Person\",\"@id\":\"https:\/\/www.gereso.com\/actualites\/#\/schema\/person\/197d8aef40cb4ae3f6a0aa9e1d3df2a6\",\"name\":\"\u00c9quipe GERESO\",\"image\":{\"@type\":\"ImageObject\",\"inLanguage\":\"fr-FR\",\"@id\":\"https:\/\/www.gereso.com\/actualites\/#\/schema\/person\/image\/\",\"url\":\"https:\/\/www.gereso.com\/actualites\/wp-content\/uploads\/2013\/12\/avatar-gereso-1.png\",\"contentUrl\":\"https:\/\/www.gereso.com\/actualites\/wp-content\/uploads\/2013\/12\/avatar-gereso-1.png\",\"caption\":\"\u00c9quipe GERESO\"},\"url\":\"https:\/\/www.gereso.com\/actualites\/author\/gereso\/\"}]}<\/script>\n<!-- \/ Yoast SEO plugin. -->","yoast_head_json":{"title":"Fiche Pratique : 5 conseils pour \u00e9crire vite, court et bien ! - Le Blog GERESO","robots":{"index":"index","follow":"follow","max-snippet":"max-snippet:-1","max-image-preview":"max-image-preview:large","max-video-preview":"max-video-preview:-1"},"canonical":"https:\/\/www.gereso.com\/actualites\/2015\/11\/16\/fiche-pratique-5-conseils-pour-ecrire-vite-court-et-bien\/","og_locale":"fr_FR","og_type":"article","og_title":"Fiche Pratique : 5 conseils pour \u00e9crire vite, court et bien ! - Le Blog GERESO","og_description":"Il y a quelques mois, nous vous parlions de la sortie d\u2019un ouvrage sur l\u2019\u00e9criture efficace aux Editions GERESO\u00a0: \u00ab\u00a0\u00c9crire vite, \u00e9crire court, \u00e9crire bien\u00a0: pour \u00eatre lu et compris\u00a0\u00bb par \u00c9tienne Magnin. Aujourd\u2019hui, nous vous proposons 5 conseils qui vont vous permettre d\u2019\u00eatre plus efficace dans la r\u00e9daction de vos \u00e9crits professionnels. Retour sur [&hellip;]","og_url":"https:\/\/www.gereso.com\/actualites\/2015\/11\/16\/fiche-pratique-5-conseils-pour-ecrire-vite-court-et-bien\/","og_site_name":"Le Blog GERESO","article_published_time":"2015-11-16T12:20:21+00:00","article_modified_time":"2023-04-03T11:54:22+00:00","og_image":[{"width":542,"height":417,"url":"https:\/\/www.gereso.com\/actualites\/wp-content\/uploads\/2015\/03\/eveb-1.jpg","type":"image\/jpeg"}],"author":"\u00c9quipe GERESO","twitter_card":"summary_large_image","schema":{"@context":"https:\/\/schema.org","@graph":[{"@type":"WebPage","@id":"https:\/\/www.gereso.com\/actualites\/2015\/11\/16\/fiche-pratique-5-conseils-pour-ecrire-vite-court-et-bien\/","url":"https:\/\/www.gereso.com\/actualites\/2015\/11\/16\/fiche-pratique-5-conseils-pour-ecrire-vite-court-et-bien\/","name":"Fiche Pratique : 5 conseils pour \u00e9crire vite, court et bien ! - Le Blog GERESO","isPartOf":{"@id":"https:\/\/www.gereso.com\/actualites\/#website"},"primaryImageOfPage":{"@id":"https:\/\/www.gereso.com\/actualites\/2015\/11\/16\/fiche-pratique-5-conseils-pour-ecrire-vite-court-et-bien\/#primaryimage"},"image":{"@id":"https:\/\/www.gereso.com\/actualites\/2015\/11\/16\/fiche-pratique-5-conseils-pour-ecrire-vite-court-et-bien\/#primaryimage"},"thumbnailUrl":"https:\/\/www.gereso.com\/actualites\/wp-content\/uploads\/2015\/03\/eveb-1.jpg","datePublished":"2015-11-16T12:20:21+00:00","dateModified":"2023-04-03T11:54:22+00:00","author":{"@id":"https:\/\/www.gereso.com\/actualites\/#\/schema\/person\/197d8aef40cb4ae3f6a0aa9e1d3df2a6"},"breadcrumb":{"@id":"https:\/\/www.gereso.com\/actualites\/2015\/11\/16\/fiche-pratique-5-conseils-pour-ecrire-vite-court-et-bien\/#breadcrumb"},"inLanguage":"fr-FR","potentialAction":[{"@type":"ReadAction","target":["https:\/\/www.gereso.com\/actualites\/2015\/11\/16\/fiche-pratique-5-conseils-pour-ecrire-vite-court-et-bien\/"]}]},{"@type":"ImageObject","inLanguage":"fr-FR","@id":"https:\/\/www.gereso.com\/actualites\/2015\/11\/16\/fiche-pratique-5-conseils-pour-ecrire-vite-court-et-bien\/#primaryimage","url":"https:\/\/www.gereso.com\/actualites\/wp-content\/uploads\/2015\/03\/eveb-1.jpg","contentUrl":"https:\/\/www.gereso.com\/actualites\/wp-content\/uploads\/2015\/03\/eveb-1.jpg","width":542,"height":417},{"@type":"BreadcrumbList","@id":"https:\/\/www.gereso.com\/actualites\/2015\/11\/16\/fiche-pratique-5-conseils-pour-ecrire-vite-court-et-bien\/#breadcrumb","itemListElement":[{"@type":"ListItem","position":1,"name":"Home","item":"https:\/\/www.gereso.com\/actualites\/"},{"@type":"ListItem","position":2,"name":"Fiche Pratique : 5 conseils pour \u00e9crire vite, court et bien !"}]},{"@type":"WebSite","@id":"https:\/\/www.gereso.com\/actualites\/#website","url":"https:\/\/www.gereso.com\/actualites\/","name":"Le Blog GERESO","description":"Toute l&#039;actu RH, Finance, Fonction Publique, Management...","potentialAction":[{"@type":"SearchAction","target":{"@type":"EntryPoint","urlTemplate":"https:\/\/www.gereso.com\/actualites\/?s={search_term_string}"},"query-input":{"@type":"PropertyValueSpecification","valueRequired":true,"valueName":"search_term_string"}}],"inLanguage":"fr-FR"},{"@type":"Person","@id":"https:\/\/www.gereso.com\/actualites\/#\/schema\/person\/197d8aef40cb4ae3f6a0aa9e1d3df2a6","name":"\u00c9quipe GERESO","image":{"@type":"ImageObject","inLanguage":"fr-FR","@id":"https:\/\/www.gereso.com\/actualites\/#\/schema\/person\/image\/","url":"https:\/\/www.gereso.com\/actualites\/wp-content\/uploads\/2013\/12\/avatar-gereso-1.png","contentUrl":"https:\/\/www.gereso.com\/actualites\/wp-content\/uploads\/2013\/12\/avatar-gereso-1.png","caption":"\u00c9quipe GERESO"},"url":"https:\/\/www.gereso.com\/actualites\/author\/gereso\/"}]}},"_links":{"self":[{"href":"https:\/\/www.gereso.com\/actualites\/wp-json\/wp\/v2\/posts\/4541","targetHints":{"allow":["GET"]}}],"collection":[{"href":"https:\/\/www.gereso.com\/actualites\/wp-json\/wp\/v2\/posts"}],"about":[{"href":"https:\/\/www.gereso.com\/actualites\/wp-json\/wp\/v2\/types\/post"}],"author":[{"embeddable":true,"href":"https:\/\/www.gereso.com\/actualites\/wp-json\/wp\/v2\/users\/32"}],"replies":[{"embeddable":true,"href":"https:\/\/www.gereso.com\/actualites\/wp-json\/wp\/v2\/comments?post=4541"}],"version-history":[{"count":2,"href":"https:\/\/www.gereso.com\/actualites\/wp-json\/wp\/v2\/posts\/4541\/revisions"}],"predecessor-version":[{"id":34250,"href":"https:\/\/www.gereso.com\/actualites\/wp-json\/wp\/v2\/posts\/4541\/revisions\/34250"}],"wp:featuredmedia":[{"embeddable":true,"href":"https:\/\/www.gereso.com\/actualites\/wp-json\/wp\/v2\/media\/3888"}],"wp:attachment":[{"href":"https:\/\/www.gereso.com\/actualites\/wp-json\/wp\/v2\/media?parent=4541"}],"wp:term":[{"taxonomy":"category","embeddable":true,"href":"https:\/\/www.gereso.com\/actualites\/wp-json\/wp\/v2\/categories?post=4541"},{"taxonomy":"post_tag","embeddable":true,"href":"https:\/\/www.gereso.com\/actualites\/wp-json\/wp\/v2\/tags?post=4541"}],"curies":[{"name":"wp","href":"https:\/\/api.w.org\/{rel}","templated":true}]}}