{"id":45453,"date":"2025-10-21T11:37:50","date_gmt":"2025-10-21T09:37:50","guid":{"rendered":"https:\/\/www.gereso.com\/actualites\/?p=45453"},"modified":"2025-10-21T11:37:52","modified_gmt":"2025-10-21T09:37:52","slug":"collaborateurs-aidants-defi-invisible-rh","status":"publish","type":"post","link":"https:\/\/www.gereso.com\/actualites\/2025\/10\/21\/collaborateurs-aidants-defi-invisible-rh\/","title":{"rendered":"Collaborateurs aidants : le d\u00e9fi invisible que les RH ne peuvent plus ignorer\u00a0"},"content":{"rendered":"\n<p>Pourtant, ce ph\u00e9nom\u00e8ne n&rsquo;a rien d&rsquo;anecdotique. D&rsquo;ici 2030 \u2013 soit dans moins de cinq ans \u2013 <a href=\"https:\/\/www.hays.fr\/tendances-marche\/article\/salaries-aidants-un-defi-rh-prioritaire\" target=\"_blank\" rel=\"noreferrer noopener nofollow\">un salari\u00e9 sur quatre occupera ce r\u00f4le d&rsquo;aidant<\/a>. Pas en 2050, pas dans une g\u00e9n\u00e9ration&nbsp;: demain. <strong>Le vieillissement d\u00e9mographique transforme progressivement nos organisations<\/strong>, et les responsables RH se retrouvent face \u00e0 un d\u00e9fi qu&rsquo;ils n&rsquo;ont pas forc\u00e9ment vu venir. Comment accompagner ces collaborateurs qui portent une double charge&nbsp;? Comment \u00e9viter que leur \u00e9puisement ne se transforme en d\u00e9part, en arr\u00eat longue dur\u00e9e, ou simplement en d\u00e9sengagement silencieux&nbsp;?<\/p>\n\n\n\n<p>Car l&rsquo;aidance reste largement invisible en entreprise. <a href=\"https:\/\/www.ocirp.fr\/app\/uploads\/2025\/10\/etude-ocirp-salaries-aidants-2025_def-light.pdf\" target=\"_blank\" rel=\"noreferrer noopener nofollow\">Seulement un tiers des salari\u00e9s aidants informent leur employeur<\/a> de leur situation, par peur d&rsquo;\u00eatre stigmatis\u00e9s ou frein\u00e9s dans leur \u00e9volution professionnelle.&nbsp;<\/p>\n\n\n\n<p>R\u00e9sultat : les organisations peinent \u00e0 mesurer l&rsquo;ampleur du ph\u00e9nom\u00e8ne, et encore plus \u00e0 y r\u00e9pondre. Pendant ce temps,<strong> le co\u00fbt humain et \u00e9conomique s&rsquo;alourdit<\/strong>. L&rsquo;urgence n&rsquo;est plus \u00e0 la r\u00e9flexion, mais \u00e0 l&rsquo;action. Pour les RH, anticiper ce tsunami d\u00e9mographique n&rsquo;est plus une option : c&rsquo;est une n\u00e9cessit\u00e9 strat\u00e9gique.<\/p>\n\n\n\n<h2 style=\"color:#D10016\"><strong>2030, c&rsquo;est demain&nbsp;: comprendre l&rsquo;ampleur du ph\u00e9nom\u00e8ne<\/strong><\/h2>\n\n\n\n<h3 class=\"wp-block-heading\">Un basculement d\u00e9mographique sans pr\u00e9c\u00e9dent<strong><\/strong><\/h3>\n\n\n\n<p>Les chiffres parlent d&rsquo;eux-m\u00eames, et ils dessinent un paysage RH en pleine mutation. Aujourd&rsquo;hui, <strong>20 % des salari\u00e9s sont d\u00e9j\u00e0 aidants.<\/strong> Dans cinq ans \u00e0 peine, cette proportion grimpera \u00e0 25 %. Ce n&rsquo;est pas une projection hasardeuse, c&rsquo;est une certitude d\u00e9mographique.&nbsp;<\/p>\n\n\n\n<p>La France vieillit, et ce vieillissement s&rsquo;acc\u00e9l\u00e8re. Selon l&rsquo;Insee, la population des plus de 60 ans, estim\u00e9e aujourd&rsquo;hui \u00e0 15 millions de personnes, atteindra 20 millions en 2030, puis 24 millions en 2060. Quant aux plus de 85 ans, ils passeront de 1,4 million en 2021 \u00e0 5 millions en 2060.<\/p>\n\n\n\n<p>Cette \u00e9volution m\u00e9canique produit <strong>un effet direct sur le monde du travail.<\/strong> Chaque collaborateur devient potentiellement un aidant, parfois sans m\u00eame le savoir au d\u00e9part. L&rsquo;accompagnement d&rsquo;un proche ne se d\u00e9cr\u00e8te pas : il s&rsquo;installe progressivement, au fil des hospitalisations, des pertes d&rsquo;autonomie, des diagnostics qui tombent. Et contrairement \u00e0 ce que l&rsquo;on pourrait imaginer, ce n&rsquo;est pas un sujet de fin de carri\u00e8re.<\/p>\n\n\n\n<h3 class=\"wp-block-heading\">Un profil qui \u00e9chappe aux st\u00e9r\u00e9otypes<\/h3>\n\n\n\n<p>L&rsquo;aidance touche d\u00e9sormais des collaborateurs en pleine vie professionnelle. <strong>L&rsquo;\u00e2ge moyen d&rsquo;entr\u00e9e dans l&rsquo;aidance est pass\u00e9 de 39 ans en 2021 \u00e0 33 ans en 2024.<\/strong> \u00c0 33 ans, on construit sa carri\u00e8re, on cherche \u00e0 \u00e9voluer, \u00e0 prendre des responsabilit\u00e9s. On ne s&rsquo;attend pas forc\u00e9ment \u00e0 devoir accompagner un parent malade ou un enfant en situation de handicap.<\/p>\n\n\n\n<p>Les aidants ne correspondent pas non plus \u00e0 un profil unique. Si <a href=\"https:\/\/www.reseau-lepc.fr\/le-saviez-vous-quel-est-le-pourcentage-de-salaries-aidants-en-2025\/\" target=\"_blank\" rel=\"noreferrer noopener nofollow\">62 % d&rsquo;entre eux sont des femmes<\/a>, tous les genres, tous les \u00e2ges et toutes les cat\u00e9gories socioprofessionnelles sont concern\u00e9s. Certains apportent un soutien moral, d&rsquo;autres g\u00e8rent les d\u00e9marches administratives, d&rsquo;autres encore assurent les actes de la vie quotidienne. <strong>En moyenne, un salari\u00e9 aidant consacre 9,6 heures par semaine \u00e0 l&rsquo;aide d&rsquo;un proche<\/strong>, principalement leurs parents dans 34 % des cas. Mais pour ceux qui vivent sous le m\u00eame toit que la personne aid\u00e9e, ce temps grimpe \u00e0 15,6 heures. Pour ceux qui accompagnent leur conjoint, il atteint m\u00eame 15,6 heures hebdomadaires.<\/p>\n\n\n\n<p>\u00a0Ces heures-l\u00e0 ne s&rsquo;ajoutent pas simplement aux 35 heures de travail. Elles s&rsquo;y imbriquent, cr\u00e9ant une charge mentale permanente, une disponibilit\u00e9 fractionn\u00e9e, une fatigue qui s&rsquo;accumule. Et pendant ce temps, l&rsquo;entreprise continue de tourner, souvent sans rien savoir de cette double vie.<\/p>\n\n\n\n<h2 style=\"color:#D10016\"><strong>Le co\u00fbt de l&rsquo;inaction&nbsp;: quand l&rsquo;invisible p\u00e8se lourd<\/strong><\/h2>\n\n\n\n<h3 class=\"wp-block-heading\">Un tabou qui co\u00fbte cher<strong><\/strong><\/h3>\n\n\n\n<p>L&rsquo;aidance en entreprise souffre d&rsquo;un probl\u00e8me majeur : elle reste cach\u00e9e. <a href=\"https:\/\/www.ocirp.fr\/app\/uploads\/2025\/10\/etude-ocirp-salaries-aidants-2025_def-light.pdf\" target=\"_blank\" rel=\"noreferrer noopener nofollow\">Seuls 34 % des salari\u00e9s aidants ont inform\u00e9 leur employeur<\/a> de leur situation. <strong>Les trois quarts pr\u00e9f\u00e8rent se taire, par crainte d&rsquo;\u00eatre stigmatis\u00e9s<\/strong> ou de voir leur carri\u00e8re frein\u00e9e. Ce silence n&rsquo;est pas anodin. Il place les managers dans une position inconfortable : comment accompagner ce que l&rsquo;on ne voit pas ? Comment adapter l&rsquo;organisation du travail quand on ignore qu&rsquo;un collaborateur encha\u00eene une journ\u00e9e de bureau et une soir\u00e9e d&rsquo;accompagnement m\u00e9dical ?<\/p>\n\n\n\n<p>\u00a059 % des DRH consid\u00e8rent l&rsquo;aidance comme un sujet tabou, et 49 % des managers partagent ce constat. R\u00e9sultat : <strong>75 % des managers restent dans le flou total concernant la situation r\u00e9elle de leurs \u00e9quipes.<\/strong> Ce non-dit a un prix. Et ce prix n&rsquo;est pas seulement humain, il est aussi \u00e9conomique.<\/p>\n\n\n\n<p>Les chercheurs l&rsquo;estiment <a href=\"https:\/\/www.petit-bulletin.fr\/article-79960-les-salaries-proches-aidants-quels-impacts-dans-la-gestion-des-ressources-humaines.html\" target=\"_blank\" rel=\"noreferrer noopener nofollow\">entre 20 et 30 milliards d&rsquo;euros par an pour le secteur priv\u00e9<\/a>, incluant absences et baisse de productivit\u00e9. Un co\u00fbt invisible qui se r\u00e9percute sur l&rsquo;ensemble des organisations. L&rsquo;<a href=\"https:\/\/www.gereso.com\/actualites\/2018\/06\/05\/absenteisme-comment-calculer-son-cout-reel\/\" target=\"_blank\" rel=\"noreferrer noopener\">absent\u00e9isme<\/a> progresse d&rsquo;ailleurs de mani\u00e8re significative : <strong>parmi les 42 % de salari\u00e9s ayant re\u00e7u un arr\u00eat maladie en 2024, 51 % \u00e9taient aidants, contre 42 % l&rsquo;ann\u00e9e pr\u00e9c\u00e9dente<\/strong>. Cette hausse r\u00e9v\u00e8le une r\u00e9alit\u00e9 que les entreprises ne peuvent plus ignorer.<\/p>\n\n\n\n<h3 class=\"wp-block-heading\">Des impacts en cascade sur l&rsquo;organisation<strong><\/strong><\/h3>\n\n\n\n<p>Au-del\u00e0 des absences comptabilis\u00e9es, c&rsquo;est la <a href=\"https:\/\/www.gereso.com\/actualites\/2025\/03\/05\/sante-mentale-travail-commencer\/\" target=\"_blank\" rel=\"noreferrer noopener\">sant\u00e9 mentale<\/a> des collaborateurs qui vacille. 44 % des salari\u00e9s aidants se d\u00e9clarent en difficult\u00e9 sur le plan psychologique. Ce chiffre grimpe encore plus pour certains profils : 60 % de ceux qui aident leur conjoint, 58 % de ceux qui vivent sous le m\u00eame toit que la personne aid\u00e9e. <strong>L&rsquo;\u00e9puisement n&rsquo;est pas qu&rsquo;une question de fatigue physique. Il touche au moral, \u00e0 la capacit\u00e9 de concentration, \u00e0 l&rsquo;engagement au travail.<\/strong> 51 % des aidants sont confront\u00e9s \u00e0 un \u00e9puisement physique et psychique pouvant aller jusqu&rsquo;au burn-out, 38 % \u00e0 un isolement social, et 36 % \u00e0 un \u00e9tat d\u00e9pressif.<\/p>\n\n\n\n<p>Les cons\u00e9quences sur les parcours professionnels sont tout aussi pr\u00e9occupantes. <a href=\"https:\/\/www.ocirp.fr\/app\/uploads\/2025\/10\/etude-ocirp-salaries-aidants-2025_def-light.pdf\" target=\"_blank\" rel=\"noreferrer noopener nofollow\">36 % des salari\u00e9s aidants ont \u00e9t\u00e9 confront\u00e9s \u00e0 au moins une forme de discrimination professionnelle<\/a> en raison de leur situation. Promotions refus\u00e9es, formations inaccessibles, passages forc\u00e9s \u00e0 temps partiel, changements de poste subis. Certains vont m\u00eame jusqu&rsquo;\u00e0 quitter leur emploi. <strong>20 % des salari\u00e9s aidants craignent d&rsquo;\u00eatre contraints de d\u00e9missionner, et ce risque concerne particuli\u00e8rement ceux qui aident leur enfant (40 %) ou vivent avec la personne aid\u00e9e (42 %).<\/strong><\/p>\n\n\n\n<p>Le <a href=\"https:\/\/www.gereso.com\/actualites\/2010\/06\/03\/le-burn-in-la-face-cachee-du-burn-out\/\" target=\"_blank\" rel=\"noreferrer noopener\">pr\u00e9sent\u00e9isme<\/a> constitue l&rsquo;autre face de ce probl\u00e8me. Ces collaborateurs qui viennent travailler malgr\u00e9 la fatigue, qui restent physiquement pr\u00e9sents mais mentalement absents. Un tiers d&rsquo;entre eux d\u00e9clarent m\u00eame travailler davantage pour compenser une baisse de productivit\u00e9. Cette surcharge volontaire masque une r\u00e9alit\u00e9 : ils s&rsquo;\u00e9puisent en silence.<\/p>\n\n\n\n<h3 class=\"wp-block-heading\">Une urgence RH masqu\u00e9e<strong><\/strong><\/h3>\n\n\n\n<p>Le cercle vicieux est simple \u00e0 comprendre : tant que les aidants se taisent, les entreprises ne mesurent pas l&rsquo;ampleur du ph\u00e9nom\u00e8ne. Sans visibilit\u00e9, pas d&rsquo;accompagnement. <strong>Sans accompagnement, la situation s&rsquo;aggrave jusqu&rsquo;\u00e0 la rupture. <\/strong>Et pendant ce temps, managers et DRH surestiment leur capacit\u00e9 \u00e0 g\u00e9rer le sujet. 82 % des managers et 78 % des DRH se disent \u00e0 l&rsquo;aise pour \u00e9changer avec un salari\u00e9 sur sa situation d&rsquo;aidant. Pourtant, <strong>seulement 43 % des salari\u00e9s aidants pensent que leurs managers et DRH sont r\u00e9ellement \u00e0 l&rsquo;aise avec ce sujet.<\/strong><\/p>\n\n\n\n<p>Cet \u00e9cart de perception r\u00e9v\u00e8le un angle mort dans la gestion RH. Les entreprises croient ma\u00eetriser le sujet alors qu&rsquo;elles ne font qu&rsquo;effleurer la surface. L&rsquo;urgence est bien l\u00e0, mais elle reste masqu\u00e9e par le silence et l&rsquo;invisibilit\u00e9.<\/p>\n\n\n\n<h2 style=\"color:#D10016\"><strong>Agir maintenant&nbsp;: de l&rsquo;anticipation \u00e0 l&rsquo;action<\/strong><\/h2>\n\n\n\n<h3 class=\"wp-block-heading\">Briser le silence : sensibiliser pour r\u00e9v\u00e9ler<strong><\/strong><\/h3>\n\n\n\n<p>La premi\u00e8re bataille \u00e0 mener est celle de la visibilit\u00e9. Tant que l&rsquo;aidance reste un sujet personnel, voire honteux, aucune politique RH ne pourra v\u00e9ritablement porter ses fruits. I<strong>l faut cr\u00e9er les conditions du dialogue, et cela passe d&rsquo;abord par la sensibilisation.<\/strong> Former les managers devient indispensable. Ils sont en premi\u00e8re ligne, au contact quotidien des \u00e9quipes, et pourtant beaucoup ne savent pas rep\u00e9rer les signaux faibles : un collaborateur qui multiplie les retards, qui refuse syst\u00e9matiquement les d\u00e9placements professionnels, qui semble constamment pr\u00e9occup\u00e9. Ces indices ne rel\u00e8vent pas forc\u00e9ment d&rsquo;un manque d&rsquo;engagement, mais peut-\u00eatre d&rsquo;une double vie \u00e9puisante.<\/p>\n\n\n\n<p>82 % des DRH et 80 % des managers voient l&rsquo;int\u00e9r\u00eat de suivre des sessions de sensibilisation sur la question de l&rsquo;aidance. C&rsquo;est un signal positif, mais encore faut-il passer de l&rsquo;intention \u00e0 l&rsquo;action. Ces formations doivent permettre d&rsquo;aborder le sujet sans maladresse, de comprendre les dispositifs l\u00e9gaux existants, et surtout d&rsquo;adopter une posture d&rsquo;\u00e9coute bienveillante.<\/p>\n\n\n\n<p>Informer les collaborateurs constitue l&rsquo;autre pan de cette sensibilisation. Beaucoup de salari\u00e9s aidants ignorent leurs droits. <a href=\"https:\/\/www.ocirp.fr\/app\/uploads\/2025\/10\/etude-ocirp-salaries-aidants-2025_def-light.pdf\" target=\"_blank\" rel=\"noreferrer noopener nofollow\">70 % d&rsquo;entre eux se d\u00e9clarent int\u00e9ress\u00e9s par des formations pour mieux appr\u00e9hender leur situation<\/a>. Communiquer sur les cong\u00e9s l\u00e9gaux, sur l&rsquo;AJPA qui offre d\u00e9sormais 264 jours d&rsquo;indemnisation sur l&rsquo;ensemble d&rsquo;une carri\u00e8re, ou encore sur les possibilit\u00e9s d&rsquo;am\u00e9nagement du temps de travail permet de lever une partie du voile.<\/p>\n\n\n\n<p><strong>La d\u00e9signation d&rsquo;un r\u00e9f\u00e9rent aidant au sein de l&rsquo;entreprise repr\u00e9sente une piste concr\u00e8te et pl\u00e9biscit\u00e9e.<\/strong> Ce r\u00e9f\u00e9rent, souvent lui-m\u00eame aidant ou ancien aidant, peut devenir un pont entre les collaborateurs concern\u00e9s et la hi\u00e9rarchie, facilitant les \u00e9changes et d\u00e9dramatisant le sujet.<\/p>\n\n\n\n<article class=\"obj_encart-formation\">\n<div class=\"ctn_encart\">\n<h3>Votre formation sur ce th\u00e8me<\/h3>\n<h2>&nbsp;\u00caTRE R\u00c9F\u00c9RENT QUALIT\u00c9 DE VIE ET CONDITIONS DE TRAVAIL (QVCT)&nbsp;<\/h2>\n<h4>2 jours &#8211; En pr\u00e9sentiel ou \u00e0 distance<\/h4>\n<ul>\n<li><strong>Int\u00e9grer les fondamentaux<\/strong> en mati\u00e8re de qualit\u00e9 de vie au travail et de RPS.<\/li>\n<li><strong>Rep\u00e9rer une situation \u00e0 risque<\/strong> et l&rsquo;analyser.<\/li>\n<li><strong>Adopter la bonne posture&nbsp;:<\/strong> \u00e9coute face \u00e0 un coll\u00e8gue en mal-\u00eatre, intervention dans un conflit,&#8230;<\/li>\n<li><strong>Cerner les limites et enjeux<\/strong> de son r\u00f4le.<\/li>\n<li><strong>Travailler efficacement<\/strong> avec les autres acteurs de la QVCT.<\/li>\n\n\n\n\n<\/ul>\n<div class=\"ctn_btn\">\n<a class=\"obj_btn\" target=\"_blank\" href=\"https:\/\/www.gereso.com\/ETRE\" rel=\"noopener\"><span>En savoir plus<\/span><\/a>\n<a class=\"obj_btn\" target=\"_blank\" href=\"https:\/\/www.gereso.com\/client\/programme-pdf\/ETRE.pdf\" rel=\"noopener\"><span>T\u00e9l\u00e9charger le programme PDF<\/span><\/a>\n<\/div>\n<\/article>\n\n\n\n<h3 class=\"wp-block-heading\">Structurer une politique d&rsquo;accompagnement<strong><\/strong><\/h3>\n\n\n\n<p>Une fois le sujet mis sur la table, encore faut-il proposer des r\u00e9ponses concr\u00e8tes. La flexibilit\u00e9 appara\u00eet comme le levier le plus efficace. Les salari\u00e9s aidants ont besoin de temps et de souplesse. <strong>63 % d&rsquo;entre eux ont besoin d&rsquo;une baisse temporaire de leur charge de travail pendant les moments critiques<\/strong> : d\u00e9but de l&rsquo;aidance, aggravation de l&rsquo;\u00e9tat de sant\u00e9 du proche, ou leur propre fragilisation. Cette baisse pourrait osciller entre 20 et 33 %, sur une dur\u00e9e d&rsquo;au moins six mois.<a href=\"https:\/\/www.ocirp.fr\/app\/uploads\/2025\/10\/etude-ocirp-salaries-aidants-2025_def-light.pdf\">&nbsp;<\/a><\/p>\n\n\n\n<p>Le t\u00e9l\u00e9travail constitue une autre piste, m\u00eame s&rsquo;il ne peut \u00eatre la r\u00e9ponse unique. <strong>Le t\u00e9l\u00e9travail permet de gagner du temps sur les trajets, d&rsquo;\u00eatre disponible pour un rendez-vous m\u00e9dical en milieu de journ\u00e9e, mais il ne r\u00e8gle pas tout. <\/strong>Il peut m\u00eame, dans certains cas, brouiller encore davantage les fronti\u00e8res entre vie professionnelle et vie personnelle.<\/p>\n\n\n\n<p><strong>Le don de jours de cong\u00e9s entre coll\u00e8gues<\/strong> offre une solidarit\u00e9 concr\u00e8te. Pr\u00e9vu par le Code du travail depuis plusieurs ann\u00e9es, ce dispositif reste sous-utilis\u00e9. Pourtant, il permet \u00e0 un salari\u00e9 aidant confront\u00e9 \u00e0 une situation d&rsquo;urgence de b\u00e9n\u00e9ficier de jours suppl\u00e9mentaires offerts par ses coll\u00e8gues. Au-del\u00e0 de l&rsquo;aspect pratique, cette d\u00e9marche renforce la coh\u00e9sion d&rsquo;\u00e9quipe et cr\u00e9e un lien d&rsquo;entraide.<\/p>\n\n\n\n<p>L&rsquo;acc\u00e8s \u00e0 des services d&rsquo;accompagnement peut aussi soulager ces salari\u00e9s. Mettre en relation les aidants avec des care managers, des assistantes sociales, ou des associations sp\u00e9cialis\u00e9es dans le r\u00e9pit leur offre un soutien ext\u00e9rieur.<\/p>\n\n\n\n<p>Inscrire ces mesures dans des accords collectifs leur donne une l\u00e9gitimit\u00e9 et une p\u00e9rennit\u00e9.<a href=\"https:\/\/www.ocirp.fr\/app\/uploads\/2025\/10\/etude-ocirp-salaries-aidants-2025_def-light.pdf\"> <\/a>Certaines branches montrent d\u00e9j\u00e0 la voie. L&rsquo;<a href=\"https:\/\/www.legifrance.gouv.fr\/conv_coll\/article\/KALIARTI000051537546\" target=\"_blank\" rel=\"noreferrer noopener\">accord du 9 janvier 2025 de l&rsquo;industrie pharmaceutique<\/a> en est un exemple \u00e9clairant. Les partenaires sociaux y reconnaissent que \u00ab la question des salari\u00e9s aidants est un d\u00e9fi actuel et futur, au c\u0153ur des enjeux strat\u00e9giques des entreprises, tant en mati\u00e8re d&rsquo;inclusion, de performance \u00e9conomique que de sant\u00e9 et de <a href=\"https:\/\/www.gereso.com\/actualites\/2023\/06\/09\/qvt-secteurs-activite-sent-mieux-travail\/\" target=\"_blank\" rel=\"noreferrer noopener\">qualit\u00e9 de vie au travail<\/a> \u00bb. Ce secteur, engag\u00e9 dans la sant\u00e9, assume sa responsabilit\u00e9 soci\u00e9tale et impulse une politique concr\u00e8te pour accompagner les aidants. Cette d\u00e9marche prouve qu&rsquo;int\u00e9grer l&rsquo;aidance dans le dialogue social ne rel\u00e8ve pas de l&rsquo;utopie, mais bien d&rsquo;une volont\u00e9 collective de transformer un enjeu de soci\u00e9t\u00e9 en levier d&rsquo;action.<\/p>\n\n\n\n<h3 class=\"wp-block-heading\">Transformer la contrainte en opportunit\u00e9<strong><\/strong><\/h3>\n\n\n\n<p><strong>Accompagner les salari\u00e9s aidants n&rsquo;est pas qu&rsquo;une obligation morale <\/strong>ou une charge suppl\u00e9mentaire pour l&rsquo;entreprise. C&rsquo;est aussi une opportunit\u00e9 strat\u00e9gique. <a href=\"https:\/\/www.hays.fr\/tendances-marche\/article\/salaries-aidants-un-defi-rh-prioritaire\" target=\"_blank\" rel=\"noreferrer noopener nofollow\">81 % des DRH interrog\u00e9s pensent que les comp\u00e9tences des salari\u00e9s aidants peuvent \u00eatre un levier de performance<\/a>.&nbsp;<\/p>\n\n\n\n<p>Ces collaborateurs d\u00e9veloppent en effet des aptitudes pr\u00e9cieuses : gestion des priorit\u00e9s, organisation rigoureuse du temps, capacit\u00e9 d&rsquo;adaptation, r\u00e9silience, empathie. Autant de qualit\u00e9s transf\u00e9rables dans le cadre professionnel et b\u00e9n\u00e9fiques \u00e0 l&rsquo;ensemble de l&rsquo;organisation.<\/p>\n\n\n\n<h2 style=\"color:#D10016\"><strong>Ce qu\u2019il faut retenir<\/strong><\/h2>\n\n\n\n<p>2030 n&rsquo;est pas un horizon lointain. C&rsquo;est dans moins de cinq ans, le temps d&rsquo;un plan strat\u00e9gique, d&rsquo;un renouvellement de mandat. Et pourtant, c&rsquo;est \u00e0 cette \u00e9ch\u00e9ance que les entreprises devront compter avec un quart de leurs effectifs en situation d&rsquo;aidance.&nbsp;<\/p>\n\n\n\n<p><strong>Cette projection n&rsquo;est pas une hypoth\u00e8se : c&rsquo;est une certitude d\u00e9mographique.<\/strong> Le vieillissement de la population fran\u00e7aise transforme en profondeur le visage du salariat, et les responsables RH ne peuvent plus se permettre d&rsquo;attendre que le probl\u00e8me se pose pour y r\u00e9pondre.<\/p>\n\n\n\n<p>L&rsquo;urgence est \u00e0 l&rsquo;anticipation. Passer du r\u00e9actif au proactif, c&rsquo;est se donner les moyens de structurer une politique coh\u00e9rente avant que la situation ne devienne ing\u00e9rable. C&rsquo;est aussi reconna\u00eetre que <strong>l&rsquo;aidance n&rsquo;est pas un sujet marginal,<\/strong> r\u00e9serv\u00e9 \u00e0 quelques cas individuels, mais bien un enjeu collectif qui concerne l&rsquo;ensemble de l&rsquo;organisation. Former les managers, sensibiliser les \u00e9quipes, cr\u00e9er des espaces de dialogue, structurer des dispositifs d&rsquo;accompagnement : autant d&rsquo;actions concr\u00e8tes qui permettent de briser le silence et d&rsquo;offrir des r\u00e9ponses adapt\u00e9es.<\/p>\n\n\n\n<p>&nbsp;<\/p>\n\n\n","protected":false},"excerpt":{"rendered":"<p>Pourtant, ce ph\u00e9nom\u00e8ne n&rsquo;a rien d&rsquo;anecdotique. D&rsquo;ici 2030 \u2013 soit dans moins de cinq ans \u2013 un salari\u00e9 sur quatre occupera ce r\u00f4le d&rsquo;aidant. Pas en 2050, pas dans une g\u00e9n\u00e9ration&nbsp;: demain. Le vieillissement d\u00e9mographique transforme progressivement nos organisations, et les responsables RH se retrouvent face \u00e0 un d\u00e9fi qu&rsquo;ils n&rsquo;ont pas forc\u00e9ment vu venir. [&hellip;]<\/p>\n","protected":false},"author":32,"featured_media":45475,"comment_status":"open","ping_status":"open","sticky":false,"template":"","format":"standard","meta":{"_acf_changed":false,"_mi_skip_tracking":false,"footnotes":""},"categories":[12,2,13],"tags":[],"class_list":["post-45453","post","type-post","status-publish","format-standard","has-post-thumbnail","hentry","category-actualites","category-ressources-humaines","category-sante-et-securite-au-travail"],"acf":[],"yoast_head":"<!-- This site is optimized with the Yoast SEO plugin v23.4 - https:\/\/yoast.com\/wordpress\/plugins\/seo\/ -->\n<title>Collaborateurs aidants : le d\u00e9fi invisible que les RH ne peuvent plus ignorer\u00a0 - Le Blog GERESO<\/title>\n<meta name=\"robots\" content=\"index, follow, max-snippet:-1, max-image-preview:large, max-video-preview:-1\" \/>\n<link rel=\"canonical\" href=\"https:\/\/www.gereso.com\/actualites\/2025\/10\/21\/collaborateurs-aidants-defi-invisible-rh\/\" \/>\n<meta property=\"og:locale\" content=\"fr_FR\" \/>\n<meta property=\"og:type\" content=\"article\" \/>\n<meta property=\"og:title\" content=\"Collaborateurs aidants : le d\u00e9fi invisible que les RH ne peuvent plus ignorer\u00a0 - Le Blog GERESO\" \/>\n<meta property=\"og:description\" content=\"Pourtant, ce ph\u00e9nom\u00e8ne n&rsquo;a rien d&rsquo;anecdotique. D&rsquo;ici 2030 \u2013 soit dans moins de cinq ans \u2013 un salari\u00e9 sur quatre occupera ce r\u00f4le d&rsquo;aidant. Pas en 2050, pas dans une g\u00e9n\u00e9ration&nbsp;: demain. Le vieillissement d\u00e9mographique transforme progressivement nos organisations, et les responsables RH se retrouvent face \u00e0 un d\u00e9fi qu&rsquo;ils n&rsquo;ont pas forc\u00e9ment vu venir. [&hellip;]\" \/>\n<meta property=\"og:url\" content=\"https:\/\/www.gereso.com\/actualites\/2025\/10\/21\/collaborateurs-aidants-defi-invisible-rh\/\" \/>\n<meta property=\"og:site_name\" content=\"Le Blog GERESO\" \/>\n<meta property=\"article:published_time\" content=\"2025-10-21T09:37:50+00:00\" \/>\n<meta property=\"article:modified_time\" content=\"2025-10-21T09:37:52+00:00\" \/>\n<meta property=\"og:image\" content=\"https:\/\/www.gereso.com\/actualites\/wp-content\/uploads\/2025\/10\/collaborateurs-aidants-defi-invisible-rh.jpg\" \/>\n\t<meta property=\"og:image:width\" content=\"600\" \/>\n\t<meta property=\"og:image:height\" content=\"400\" \/>\n\t<meta property=\"og:image:type\" content=\"image\/jpeg\" \/>\n<meta name=\"author\" content=\"\u00c9quipe GERESO\" \/>\n<meta name=\"twitter:card\" content=\"summary_large_image\" \/>\n<script type=\"application\/ld+json\" class=\"yoast-schema-graph\">{\"@context\":\"https:\/\/schema.org\",\"@graph\":[{\"@type\":\"WebPage\",\"@id\":\"https:\/\/www.gereso.com\/actualites\/2025\/10\/21\/collaborateurs-aidants-defi-invisible-rh\/\",\"url\":\"https:\/\/www.gereso.com\/actualites\/2025\/10\/21\/collaborateurs-aidants-defi-invisible-rh\/\",\"name\":\"Collaborateurs aidants : le d\u00e9fi invisible que les RH ne peuvent plus ignorer\u00a0 - Le Blog GERESO\",\"isPartOf\":{\"@id\":\"https:\/\/www.gereso.com\/actualites\/#website\"},\"primaryImageOfPage\":{\"@id\":\"https:\/\/www.gereso.com\/actualites\/2025\/10\/21\/collaborateurs-aidants-defi-invisible-rh\/#primaryimage\"},\"image\":{\"@id\":\"https:\/\/www.gereso.com\/actualites\/2025\/10\/21\/collaborateurs-aidants-defi-invisible-rh\/#primaryimage\"},\"thumbnailUrl\":\"https:\/\/www.gereso.com\/actualites\/wp-content\/uploads\/2025\/10\/collaborateurs-aidants-defi-invisible-rh.jpg\",\"datePublished\":\"2025-10-21T09:37:50+00:00\",\"dateModified\":\"2025-10-21T09:37:52+00:00\",\"author\":{\"@id\":\"https:\/\/www.gereso.com\/actualites\/#\/schema\/person\/197d8aef40cb4ae3f6a0aa9e1d3df2a6\"},\"breadcrumb\":{\"@id\":\"https:\/\/www.gereso.com\/actualites\/2025\/10\/21\/collaborateurs-aidants-defi-invisible-rh\/#breadcrumb\"},\"inLanguage\":\"fr-FR\",\"potentialAction\":[{\"@type\":\"ReadAction\",\"target\":[\"https:\/\/www.gereso.com\/actualites\/2025\/10\/21\/collaborateurs-aidants-defi-invisible-rh\/\"]}]},{\"@type\":\"ImageObject\",\"inLanguage\":\"fr-FR\",\"@id\":\"https:\/\/www.gereso.com\/actualites\/2025\/10\/21\/collaborateurs-aidants-defi-invisible-rh\/#primaryimage\",\"url\":\"https:\/\/www.gereso.com\/actualites\/wp-content\/uploads\/2025\/10\/collaborateurs-aidants-defi-invisible-rh.jpg\",\"contentUrl\":\"https:\/\/www.gereso.com\/actualites\/wp-content\/uploads\/2025\/10\/collaborateurs-aidants-defi-invisible-rh.jpg\",\"width\":600,\"height\":400,\"caption\":\"Derri\u00e8re chaque collaborateur, il y a parfois aussi\u2026 un aidant.\"},{\"@type\":\"BreadcrumbList\",\"@id\":\"https:\/\/www.gereso.com\/actualites\/2025\/10\/21\/collaborateurs-aidants-defi-invisible-rh\/#breadcrumb\",\"itemListElement\":[{\"@type\":\"ListItem\",\"position\":1,\"name\":\"Home\",\"item\":\"https:\/\/www.gereso.com\/actualites\/\"},{\"@type\":\"ListItem\",\"position\":2,\"name\":\"Collaborateurs aidants : le d\u00e9fi invisible que les RH ne peuvent plus ignorer\u00a0\"}]},{\"@type\":\"WebSite\",\"@id\":\"https:\/\/www.gereso.com\/actualites\/#website\",\"url\":\"https:\/\/www.gereso.com\/actualites\/\",\"name\":\"Le Blog GERESO\",\"description\":\"Toute l&#039;actu RH, Finance, Fonction Publique, Management...\",\"potentialAction\":[{\"@type\":\"SearchAction\",\"target\":{\"@type\":\"EntryPoint\",\"urlTemplate\":\"https:\/\/www.gereso.com\/actualites\/?s={search_term_string}\"},\"query-input\":{\"@type\":\"PropertyValueSpecification\",\"valueRequired\":true,\"valueName\":\"search_term_string\"}}],\"inLanguage\":\"fr-FR\"},{\"@type\":\"Person\",\"@id\":\"https:\/\/www.gereso.com\/actualites\/#\/schema\/person\/197d8aef40cb4ae3f6a0aa9e1d3df2a6\",\"name\":\"\u00c9quipe GERESO\",\"image\":{\"@type\":\"ImageObject\",\"inLanguage\":\"fr-FR\",\"@id\":\"https:\/\/www.gereso.com\/actualites\/#\/schema\/person\/image\/\",\"url\":\"https:\/\/www.gereso.com\/actualites\/wp-content\/uploads\/2013\/12\/avatar-gereso-1.png\",\"contentUrl\":\"https:\/\/www.gereso.com\/actualites\/wp-content\/uploads\/2013\/12\/avatar-gereso-1.png\",\"caption\":\"\u00c9quipe GERESO\"},\"url\":\"https:\/\/www.gereso.com\/actualites\/author\/gereso\/\"}]}<\/script>\n<!-- \/ Yoast SEO plugin. -->","yoast_head_json":{"title":"Collaborateurs aidants : le d\u00e9fi invisible que les RH ne peuvent plus ignorer\u00a0 - Le Blog GERESO","robots":{"index":"index","follow":"follow","max-snippet":"max-snippet:-1","max-image-preview":"max-image-preview:large","max-video-preview":"max-video-preview:-1"},"canonical":"https:\/\/www.gereso.com\/actualites\/2025\/10\/21\/collaborateurs-aidants-defi-invisible-rh\/","og_locale":"fr_FR","og_type":"article","og_title":"Collaborateurs aidants : le d\u00e9fi invisible que les RH ne peuvent plus ignorer\u00a0 - Le Blog GERESO","og_description":"Pourtant, ce ph\u00e9nom\u00e8ne n&rsquo;a rien d&rsquo;anecdotique. D&rsquo;ici 2030 \u2013 soit dans moins de cinq ans \u2013 un salari\u00e9 sur quatre occupera ce r\u00f4le d&rsquo;aidant. Pas en 2050, pas dans une g\u00e9n\u00e9ration&nbsp;: demain. Le vieillissement d\u00e9mographique transforme progressivement nos organisations, et les responsables RH se retrouvent face \u00e0 un d\u00e9fi qu&rsquo;ils n&rsquo;ont pas forc\u00e9ment vu venir. [&hellip;]","og_url":"https:\/\/www.gereso.com\/actualites\/2025\/10\/21\/collaborateurs-aidants-defi-invisible-rh\/","og_site_name":"Le Blog GERESO","article_published_time":"2025-10-21T09:37:50+00:00","article_modified_time":"2025-10-21T09:37:52+00:00","og_image":[{"width":600,"height":400,"url":"https:\/\/www.gereso.com\/actualites\/wp-content\/uploads\/2025\/10\/collaborateurs-aidants-defi-invisible-rh.jpg","type":"image\/jpeg"}],"author":"\u00c9quipe GERESO","twitter_card":"summary_large_image","schema":{"@context":"https:\/\/schema.org","@graph":[{"@type":"WebPage","@id":"https:\/\/www.gereso.com\/actualites\/2025\/10\/21\/collaborateurs-aidants-defi-invisible-rh\/","url":"https:\/\/www.gereso.com\/actualites\/2025\/10\/21\/collaborateurs-aidants-defi-invisible-rh\/","name":"Collaborateurs aidants : le d\u00e9fi invisible que les RH ne peuvent plus ignorer\u00a0 - Le Blog GERESO","isPartOf":{"@id":"https:\/\/www.gereso.com\/actualites\/#website"},"primaryImageOfPage":{"@id":"https:\/\/www.gereso.com\/actualites\/2025\/10\/21\/collaborateurs-aidants-defi-invisible-rh\/#primaryimage"},"image":{"@id":"https:\/\/www.gereso.com\/actualites\/2025\/10\/21\/collaborateurs-aidants-defi-invisible-rh\/#primaryimage"},"thumbnailUrl":"https:\/\/www.gereso.com\/actualites\/wp-content\/uploads\/2025\/10\/collaborateurs-aidants-defi-invisible-rh.jpg","datePublished":"2025-10-21T09:37:50+00:00","dateModified":"2025-10-21T09:37:52+00:00","author":{"@id":"https:\/\/www.gereso.com\/actualites\/#\/schema\/person\/197d8aef40cb4ae3f6a0aa9e1d3df2a6"},"breadcrumb":{"@id":"https:\/\/www.gereso.com\/actualites\/2025\/10\/21\/collaborateurs-aidants-defi-invisible-rh\/#breadcrumb"},"inLanguage":"fr-FR","potentialAction":[{"@type":"ReadAction","target":["https:\/\/www.gereso.com\/actualites\/2025\/10\/21\/collaborateurs-aidants-defi-invisible-rh\/"]}]},{"@type":"ImageObject","inLanguage":"fr-FR","@id":"https:\/\/www.gereso.com\/actualites\/2025\/10\/21\/collaborateurs-aidants-defi-invisible-rh\/#primaryimage","url":"https:\/\/www.gereso.com\/actualites\/wp-content\/uploads\/2025\/10\/collaborateurs-aidants-defi-invisible-rh.jpg","contentUrl":"https:\/\/www.gereso.com\/actualites\/wp-content\/uploads\/2025\/10\/collaborateurs-aidants-defi-invisible-rh.jpg","width":600,"height":400,"caption":"Derri\u00e8re chaque collaborateur, il y a parfois aussi\u2026 un aidant."},{"@type":"BreadcrumbList","@id":"https:\/\/www.gereso.com\/actualites\/2025\/10\/21\/collaborateurs-aidants-defi-invisible-rh\/#breadcrumb","itemListElement":[{"@type":"ListItem","position":1,"name":"Home","item":"https:\/\/www.gereso.com\/actualites\/"},{"@type":"ListItem","position":2,"name":"Collaborateurs aidants : le d\u00e9fi invisible que les RH ne peuvent plus ignorer\u00a0"}]},{"@type":"WebSite","@id":"https:\/\/www.gereso.com\/actualites\/#website","url":"https:\/\/www.gereso.com\/actualites\/","name":"Le Blog GERESO","description":"Toute l&#039;actu RH, Finance, Fonction Publique, Management...","potentialAction":[{"@type":"SearchAction","target":{"@type":"EntryPoint","urlTemplate":"https:\/\/www.gereso.com\/actualites\/?s={search_term_string}"},"query-input":{"@type":"PropertyValueSpecification","valueRequired":true,"valueName":"search_term_string"}}],"inLanguage":"fr-FR"},{"@type":"Person","@id":"https:\/\/www.gereso.com\/actualites\/#\/schema\/person\/197d8aef40cb4ae3f6a0aa9e1d3df2a6","name":"\u00c9quipe GERESO","image":{"@type":"ImageObject","inLanguage":"fr-FR","@id":"https:\/\/www.gereso.com\/actualites\/#\/schema\/person\/image\/","url":"https:\/\/www.gereso.com\/actualites\/wp-content\/uploads\/2013\/12\/avatar-gereso-1.png","contentUrl":"https:\/\/www.gereso.com\/actualites\/wp-content\/uploads\/2013\/12\/avatar-gereso-1.png","caption":"\u00c9quipe GERESO"},"url":"https:\/\/www.gereso.com\/actualites\/author\/gereso\/"}]}},"_links":{"self":[{"href":"https:\/\/www.gereso.com\/actualites\/wp-json\/wp\/v2\/posts\/45453","targetHints":{"allow":["GET"]}}],"collection":[{"href":"https:\/\/www.gereso.com\/actualites\/wp-json\/wp\/v2\/posts"}],"about":[{"href":"https:\/\/www.gereso.com\/actualites\/wp-json\/wp\/v2\/types\/post"}],"author":[{"embeddable":true,"href":"https:\/\/www.gereso.com\/actualites\/wp-json\/wp\/v2\/users\/32"}],"replies":[{"embeddable":true,"href":"https:\/\/www.gereso.com\/actualites\/wp-json\/wp\/v2\/comments?post=45453"}],"version-history":[{"count":21,"href":"https:\/\/www.gereso.com\/actualites\/wp-json\/wp\/v2\/posts\/45453\/revisions"}],"predecessor-version":[{"id":45476,"href":"https:\/\/www.gereso.com\/actualites\/wp-json\/wp\/v2\/posts\/45453\/revisions\/45476"}],"wp:featuredmedia":[{"embeddable":true,"href":"https:\/\/www.gereso.com\/actualites\/wp-json\/wp\/v2\/media\/45475"}],"wp:attachment":[{"href":"https:\/\/www.gereso.com\/actualites\/wp-json\/wp\/v2\/media?parent=45453"}],"wp:term":[{"taxonomy":"category","embeddable":true,"href":"https:\/\/www.gereso.com\/actualites\/wp-json\/wp\/v2\/categories?post=45453"},{"taxonomy":"post_tag","embeddable":true,"href":"https:\/\/www.gereso.com\/actualites\/wp-json\/wp\/v2\/tags?post=45453"}],"curies":[{"name":"wp","href":"https:\/\/api.w.org\/{rel}","templated":true}]}}