{"id":45487,"date":"2025-10-24T09:07:38","date_gmt":"2025-10-24T07:07:38","guid":{"rendered":"https:\/\/www.gereso.com\/actualites\/?p=45487"},"modified":"2025-10-24T09:07:41","modified_gmt":"2025-10-24T07:07:41","slug":"ia-formation-comment-responsables-rh-repensent-plan-developpement-competences","status":"publish","type":"post","link":"https:\/\/www.gereso.com\/actualites\/2025\/10\/24\/ia-formation-comment-responsables-rh-repensent-plan-developpement-competences\/","title":{"rendered":"IA et formation : comment les responsables RH repensent leur plan de d\u00e9veloppement des comp\u00e9tences"},"content":{"rendered":"\n<h2 style=\"color:#D10016\"><strong>Le constat&nbsp;: un \u00e9cart qui se creuse entre usage individuel et strat\u00e9gie formation&nbsp;<\/strong><\/h2>\n\n\n\n<p>Les chiffres dessinent un paradoxe embarrassant. D&rsquo;un c\u00f4t\u00e9, <a href=\"https:\/\/insights.gostudent.org\/fr\/statistiques-sur-ia-dans-education-france\" target=\"_blank\" rel=\"noreferrer noopener nofollow\">90% des lyc\u00e9ens utilisent l&rsquo;IA g\u00e9n\u00e9rative pour leurs devoirs<\/a>, 55% des \u00e9tudiants du sup\u00e9rieur y ont recours au moins occasionnellement. De l&rsquo;autre, 80% des enseignants fran\u00e7ais affirment n&rsquo;avoir re\u00e7u aucune formation sp\u00e9cifique \u00e0 l&rsquo;IA.<\/p>\n\n\n\n<p>En entreprise, le foss\u00e9 se creuse diff\u00e9remment. <strong>L&rsquo;usage de l&rsquo;IA d\u00e9croche brutalement apr\u00e8s 35 ans<\/strong> : elle est d\u00e9laiss\u00e9e par les deux tiers ou plus dans toutes les classes d&rsquo;\u00e2ge en milieu professionnel. Pendant que les juniors testent, bidouillent, exp\u00e9rimentent dans leur coin, les plans de formation restent englu\u00e9s dans des logiques de sensibilisation g\u00e9n\u00e9raliste.<\/p>\n\n\n\n<p>Le risque ? <strong>Des pratiques sauvages qui se multiplient sans cadre \u00e9thique ni gouvernance.<\/strong> Des collaborateurs qui prennent de l&rsquo;avance pendant que les RH courent derri\u00e8re. Une fracture g\u00e9n\u00e9rationnelle qui s&rsquo;installe durablement dans les comp\u00e9tences num\u00e9riques.<\/p>\n\n\n\n<p>L&rsquo;opportunit\u00e9 manqu\u00e9e aussi : ce march\u00e9 de l&rsquo;IA en formation professionnelle pourrait transformer radicalement la mani\u00e8re dont on d\u00e9veloppe les comp\u00e9tences. \u00c0 condition d&rsquo;arr\u00eater de regarder le train passer.<\/p>\n\n\n\n<p>&nbsp;Welcome to the Jungle : la m\u00e9thode des \u00ab\u00a0AI Champions\u00a0\u00bb pour d\u00e9mocratiser l&rsquo;IA&nbsp;<strong><\/strong><\/p>\n\n\n\n<p>Chez Welcome to the Jungle, ils ont compris qu&rsquo;on ne transforme pas une entreprise en bombardant les \u00e9quipes de formations magistrales.&nbsp;<\/p>\n\n\n\n<p>Depuis mi-2025, <a href=\"https:\/\/www.welcometothejungle.com\/fr\/articles\/ia-entreprise-adoption-transformation-guide\" target=\"_blank\" rel=\"noreferrer noopener nofollow\">leur approche repose sur cinq piliers<\/a> : une \u00e9quipe AI Transformation int\u00e9gr\u00e9e \u00e0 l&rsquo;IT, un programme de champions IA avec engagement manag\u00e9rial fort, un plan de formation structur\u00e9, un suivi rigoureux de l&rsquo;adoption, et le d\u00e9veloppement de solutions sur-mesure.<\/p>\n\n\n\n<p>Le g\u00e9nie du dispositif ? <strong>Les \u00ab\u00a0AI Champions\u00a0\u00bb<\/strong>. Ils ne sont pas des geeks illumin\u00e9s ni des \u00e9vang\u00e9listes du tout-IA. Ce sont avant tout des <strong>p\u00e9dagogues<\/strong>. Leur mission : tester les outils, cr\u00e9er des cas d&rsquo;usage concrets pour leur m\u00e9tier, et surtout accompagner leurs coll\u00e8gues dans la mont\u00e9e en comp\u00e9tences. Pas de discours incantatoire sur la r\u00e9volution qui arrive. Juste du pragmatisme : \u00ab\u00a0Regarde, pour ce rapport mensuel qui te prend trois heures, voil\u00e0 comment gagner du temps.\u00a0\u00bb<\/p>\n\n\n\n<p>Tous les mois, des sessions internes d&rsquo;une heure permettent de partager les usages, les tests, les cr\u00e9ations d&rsquo;agents d&rsquo;IA. L&rsquo;objectif n&rsquo;est pas de former des experts mais de faire de l&rsquo;IA un <strong>r\u00e9flexe quotidien<\/strong> plut\u00f4t qu&rsquo;un outil ponctuel sorti uniquement pour \u00e9pater en r\u00e9union.<\/p>\n\n\n\n<p>Les r\u00e9sultats parlent d&rsquo;eux-m\u00eames : 82% d&rsquo;utilisation mensuelle des outils IA, 56% d&rsquo;utilisateurs hebdomadaires actifs. Mais le chiffre le plus r\u00e9v\u00e9lateur reste celui-ci : <strong>pr\u00e8s de 50 collaborateurs ont cr\u00e9\u00e9 au moins un agent d&rsquo;IA personnalis\u00e9<\/strong>. Preuve que la transformation ne se d\u00e9cr\u00e8te pas d&rsquo;en haut mais s&rsquo;enracine quand on donne aux \u00e9quipes les moyens de se l&rsquo;approprier.<\/p>\n\n\n\n<p>Cette d\u00e9marche illustre une rupture : on passe d&rsquo;une logique de formation descendante \u00e0 une <strong>dynamique d&rsquo;apprentissage pair-\u00e0-pair<\/strong>, o\u00f9 ceux qui testent transmettent \u00e0 ceux qui h\u00e9sitent encore.<\/p>\n\n\n\n<p>&nbsp;Les grands groupes passent de l&rsquo;exp\u00e9rimentation au d\u00e9ploiement strat\u00e9gique<strong><\/strong><\/p>\n\n\n\n<p>Doctolib, L&rsquo;Or\u00e9al, Renault, Orange : ces g\u00e9ants fran\u00e7ais ont franchi le cap de l&rsquo;exp\u00e9rimentation. Fini les pilotes timides dans un coin du si\u00e8ge. <strong>Ils d\u00e9ploient d\u00e9sormais de v\u00e9ritables plans strat\u00e9giques de formation \u00e0 l&rsquo;IA, tous m\u00e9tiers confondus<\/strong>. Marketing, RH, op\u00e9rations, finance : personne n&rsquo;\u00e9chappe \u00e0 la bascule. La priorit\u00e9 porte sur la mont\u00e9e en comp\u00e9tences r\u00e9elles, avec des modules d&rsquo;application quotidiens adapt\u00e9s \u00e0 chaque fili\u00e8re et une mise en pratique imm\u00e9diate.<\/p>\n\n\n\n<p>La personnalisation par secteur devient la norme. Webedia, Accor, Les \u00c9chos \u2013 Le Parisien ont construit des parcours m\u00e9tiers ultra-cibl\u00e9s. <strong>Dans les m\u00e9dias, l&rsquo;accent porte sur la r\u00e9daction automatis\u00e9e, la g\u00e9n\u00e9ration de visuels, l&rsquo;optimisation SEO avec des IA comme ChatGPT ou Perplexity AI.<\/strong>&nbsp;<\/p>\n\n\n\n<p>Dans l&rsquo;h\u00f4tellerie, c&rsquo;est la personnalisation de l&rsquo;exp\u00e9rience client et l&rsquo;optimisation des op\u00e9rations qui priment. Chaque secteur traduit l&rsquo;IA dans son langage op\u00e9rationnel.<\/p>\n\n\n\n<p>Le mod\u00e8le des \u00ab\u00a0\u00c9coles IA\u00a0\u00bb change aussi la donne. <a href=\"https:\/\/www.francetravail.org\/accueil\/actualites\/2025\/former-ses-collaborateurs-a-l'ia-un-choix-strategique-pour-l'avenir.html?type=article\" target=\"_blank\" rel=\"noreferrer noopener nofollow\">Microsoft s&rsquo;associe \u00e0 Simplon<\/a> pour proposer des parcours permettant d&rsquo;int\u00e9grer des publics vari\u00e9s, salari\u00e9s compris, \u00e0 la construction de comp\u00e9tences IA sur-mesure. Le dispositif, soutenu par plus de 300 partenaires employeurs, mise sur le 100% op\u00e9rationnel. Exit les concepts th\u00e9oriques, place aux ateliers, formations-actions et certifications qui collent aux r\u00e9alit\u00e9s m\u00e9tiers.<\/p>\n\n\n\n<p>Le tournant strat\u00e9gique ? Ces entreprises visent d\u00e9sormais \u00e0 former plus de la moiti\u00e9 de leurs collaborateurs aux outils IA cl\u00e9s d&rsquo;ici 2026. La formation devient un investissement massif dans le <a href=\"https:\/\/www.gereso.com\/actualites\/2025\/10\/07\/budget-formation-5-strategies-convaincre-direction\/\" target=\"_blank\" rel=\"noreferrer noopener\">budget formation,<\/a> pas une ligne budg\u00e9taire qu&rsquo;on ajuste \u00e0 la baisse quand \u00e7a coince.<\/p>\n\n\n\n<h2 style=\"color:#D10016\"><strong>L&rsquo;AI Act comme cadre structurant pour professionnaliser les pratiques\u00a0<\/strong><\/h2>\n\n\n\n<p>L&rsquo;AI Act, entr\u00e9 en vigueur en ao\u00fbt 2024, aurait pu \u00eatre v\u00e9cu comme une contrainte de plus. Il devient au contraire un levier de structuration pour les entreprises qui savent en jouer. Le r\u00e8glement europ\u00e9en impose des obligations pr\u00e9cises : transparence sur les algorithmes utilis\u00e9s, gestion des risques, protection des donn\u00e9es personnelles, contr\u00f4le humain sur certaines d\u00e9cisions automatis\u00e9es.<\/p>\n\n\n\n<p>R\u00e9sultat ? <strong>Les RH ne peuvent plus se contenter de d\u00e9ployer n&rsquo;importe quel outil IA dans leurs parcours de formation<\/strong>. Ils doivent formaliser les usages, choisir des solutions conformes, documenter les processus. Cette exigence cr\u00e9e paradoxalement un cadre rassurant pour les collaborateurs : l&rsquo;IA n&rsquo;est plus ce truc flou qui \u00e9chappe \u00e0 tout contr\u00f4le, mais un dispositif encadr\u00e9, \u00e9thique, respectueux des droits.<\/p>\n\n\n\n<p>L&rsquo;AI Act pousse aussi \u00e0 renforcer la gouvernance interne. <a href=\"https:\/\/www.centre-inffo.fr\/site-centre-inffo\/actualites-centre-inffo\/le-quotidien-de-la-formation-actualite-formation-professionnelle-apprentissage\/articles-2025\/competences-appelle-les-politiques-publiques-a-integrer-limpact-de-lia-sur-la-formation-professionnelle\" target=\"_blank\" rel=\"noreferrer noopener nofollow\">Des commissions IA d\u00e9di\u00e9es \u00e9mergent<\/a>, comme celle de France comp\u00e9tences, pour structurer une offre de formation transversale, certifi\u00e9e et financ\u00e9e. Les entreprises performantes anticipent ces contraintes r\u00e9glementaires en acculturant leurs \u00e9quipes \u00e0 l&rsquo;IA sous ce nouveau prisme : innovation oui, mais responsable. Personnalisation oui, mais avec contr\u00f4le humain. Automatisation oui, mais sans biais algorithmiques incontr\u00f4l\u00e9s.<\/p>\n\n\n\n<p>Le cadre l\u00e9gal cesse d&rsquo;\u00eatre un frein pour devenir un acc\u00e9l\u00e9rateur de confiance.<\/p>\n\n\n\n<article class=\"obj_encart-formation\">\n<div class=\"ctn_encart\">\n<h3>Votre formation sur ce th\u00e8me<\/h3>\n<h2>&nbsp;IA G\u00c9N\u00c9RATIVE &#038; FORMATION&nbsp;<\/h2>\n<h4>1 jour &#8211; En pr\u00e9sentiel ou \u00e0 distance<\/h4>\n<ul>\n<li><strong>Utiliser les apports et les possibilit\u00e9s d&rsquo;application<\/strong> de l&rsquo;Intelligence Artificielle (IA) dans la conception, l&rsquo;animation et l&rsquo;\u00e9valuation de la formation.<\/li>\n<li><strong>R\u00e9diger des prompts (simples et complexes) efficaces<\/strong> en mobilisant les bonnes pratiques d&rsquo;usage.<\/li>\n<li><strong>Int\u00e9grer l&rsquo;IA dans les processus<\/strong> de conception, d&rsquo;animation et d&rsquo;\u00e9valuation de formation.<\/li>\n\n\n\n\n\n\n<\/ul>\n<div class=\"ctn_btn\">\n<a class=\"obj_btn\" target=\"_blank\" href=\"https:\/\/www.gereso.com\/IAFO\" rel=\"noopener\"><span>En savoir plus<\/span><\/a>\n<a class=\"obj_btn\" target=\"_blank\" href=\"https:\/\/www.gereso.com\/client\/programme-pdf\/IAFO.pdf\" rel=\"noopener\"><span>T\u00e9l\u00e9charger le programme PDF<\/span><\/a>\n<\/div>\n<\/article>\n\n\n\n<h2 style=\"color:#D10016\"><strong>Conclusion&nbsp;<\/strong><\/h2>\n\n\n\n<p>L&rsquo;IA transforme le <a href=\"https:\/\/www.gereso.com\/actualites\/2024\/07\/02\/tendances-future-work-responsable-formation-2030\/\" target=\"_blank\" rel=\"noreferrer noopener\">r\u00f4le du responsable formation<\/a>. Plus question de se contenter d&rsquo;acheter quelques places sur des MOOC g\u00e9n\u00e9ralistes. Les entreprises qui r\u00e9ussissent leur bascule partagent trois conditions de r\u00e9ussite : une <strong>structuration m\u00e9thodique<\/strong> du d\u00e9ploiement (comme les AI Champions de Welcome to the Jungle), un <strong>accompagnement terrain<\/strong> qui fait de l&rsquo;IA un r\u00e9flexe quotidien plut\u00f4t qu&rsquo;un gadget, et une <strong>gouvernance renforc\u00e9e<\/strong> qui rassure autant qu&rsquo;elle encadre.<\/p>\n\n\n\n<p>Le march\u00e9 parle de lui-m\u00eame : <a href=\"https:\/\/www.didask.com\/post\/marche-e-learning\" target=\"_blank\" rel=\"noreferrer noopener nofollow\">estim\u00e9 \u00e0 8,30 milliards de dollars en 2025, il devrait atteindre 32,27 milliards en 2030<\/a>. 2026 sera-t-elle l&rsquo;ann\u00e9e de la g\u00e9n\u00e9ralisation ? Tout d\u00e9pendra de la capacit\u00e9 des RH \u00e0 passer de la sensibilisation ponctuelle \u00e0 l&rsquo;acculturation durable. Les pionniers ont trac\u00e9 la voie. Reste \u00e0 suivre le mouvement.<\/p>\n\n\n\n<p>&nbsp;<\/p>\n","protected":false},"excerpt":{"rendered":"<p>Le constat&nbsp;: un \u00e9cart qui se creuse entre usage individuel et strat\u00e9gie formation&nbsp; Les chiffres dessinent un paradoxe embarrassant. D&rsquo;un c\u00f4t\u00e9, 90% des lyc\u00e9ens utilisent l&rsquo;IA g\u00e9n\u00e9rative pour leurs devoirs, 55% des \u00e9tudiants du sup\u00e9rieur y ont recours au moins occasionnellement. De l&rsquo;autre, 80% des enseignants fran\u00e7ais affirment n&rsquo;avoir re\u00e7u aucune formation sp\u00e9cifique \u00e0 l&rsquo;IA. [&hellip;]<\/p>\n","protected":false},"author":32,"featured_media":45496,"comment_status":"open","ping_status":"open","sticky":false,"template":"","format":"standard","meta":{"_acf_changed":false,"_mi_skip_tracking":false,"footnotes":""},"categories":[12,828],"tags":[],"class_list":["post-45487","post","type-post","status-publish","format-standard","has-post-thumbnail","hentry","category-actualites","category-formation-professionnelle"],"acf":[],"yoast_head":"<!-- This site is optimized with the Yoast SEO plugin v23.4 - https:\/\/yoast.com\/wordpress\/plugins\/seo\/ -->\n<title>IA et formation : comment les responsables RH repensent leur plan de d\u00e9veloppement des comp\u00e9tences - Le Blog GERESO<\/title>\n<meta name=\"robots\" content=\"index, follow, max-snippet:-1, max-image-preview:large, max-video-preview:-1\" \/>\n<link rel=\"canonical\" href=\"https:\/\/www.gereso.com\/actualites\/2025\/10\/24\/ia-formation-comment-responsables-rh-repensent-plan-developpement-competences\/\" \/>\n<meta property=\"og:locale\" content=\"fr_FR\" \/>\n<meta property=\"og:type\" content=\"article\" \/>\n<meta property=\"og:title\" content=\"IA et formation : comment les responsables RH repensent leur plan de d\u00e9veloppement des comp\u00e9tences - Le Blog GERESO\" \/>\n<meta property=\"og:description\" content=\"Le constat&nbsp;: un \u00e9cart qui se creuse entre usage individuel et strat\u00e9gie formation&nbsp; Les chiffres dessinent un paradoxe embarrassant. D&rsquo;un c\u00f4t\u00e9, 90% des lyc\u00e9ens utilisent l&rsquo;IA g\u00e9n\u00e9rative pour leurs devoirs, 55% des \u00e9tudiants du sup\u00e9rieur y ont recours au moins occasionnellement. De l&rsquo;autre, 80% des enseignants fran\u00e7ais affirment n&rsquo;avoir re\u00e7u aucune formation sp\u00e9cifique \u00e0 l&rsquo;IA. [&hellip;]\" \/>\n<meta property=\"og:url\" content=\"https:\/\/www.gereso.com\/actualites\/2025\/10\/24\/ia-formation-comment-responsables-rh-repensent-plan-developpement-competences\/\" \/>\n<meta property=\"og:site_name\" content=\"Le Blog GERESO\" \/>\n<meta property=\"article:published_time\" content=\"2025-10-24T07:07:38+00:00\" \/>\n<meta property=\"article:modified_time\" content=\"2025-10-24T07:07:41+00:00\" \/>\n<meta property=\"og:image\" content=\"https:\/\/www.gereso.com\/actualites\/wp-content\/uploads\/2025\/10\/ia-formation.jpg\" \/>\n\t<meta property=\"og:image:width\" content=\"600\" \/>\n\t<meta property=\"og:image:height\" content=\"400\" \/>\n\t<meta property=\"og:image:type\" content=\"image\/jpeg\" \/>\n<meta name=\"author\" content=\"\u00c9quipe GERESO\" \/>\n<meta name=\"twitter:card\" content=\"summary_large_image\" \/>\n<script type=\"application\/ld+json\" class=\"yoast-schema-graph\">{\"@context\":\"https:\/\/schema.org\",\"@graph\":[{\"@type\":\"WebPage\",\"@id\":\"https:\/\/www.gereso.com\/actualites\/2025\/10\/24\/ia-formation-comment-responsables-rh-repensent-plan-developpement-competences\/\",\"url\":\"https:\/\/www.gereso.com\/actualites\/2025\/10\/24\/ia-formation-comment-responsables-rh-repensent-plan-developpement-competences\/\",\"name\":\"IA et formation : comment les responsables RH repensent leur plan de d\u00e9veloppement des comp\u00e9tences - Le Blog GERESO\",\"isPartOf\":{\"@id\":\"https:\/\/www.gereso.com\/actualites\/#website\"},\"primaryImageOfPage\":{\"@id\":\"https:\/\/www.gereso.com\/actualites\/2025\/10\/24\/ia-formation-comment-responsables-rh-repensent-plan-developpement-competences\/#primaryimage\"},\"image\":{\"@id\":\"https:\/\/www.gereso.com\/actualites\/2025\/10\/24\/ia-formation-comment-responsables-rh-repensent-plan-developpement-competences\/#primaryimage\"},\"thumbnailUrl\":\"https:\/\/www.gereso.com\/actualites\/wp-content\/uploads\/2025\/10\/ia-formation.jpg\",\"datePublished\":\"2025-10-24T07:07:38+00:00\",\"dateModified\":\"2025-10-24T07:07:41+00:00\",\"author\":{\"@id\":\"https:\/\/www.gereso.com\/actualites\/#\/schema\/person\/197d8aef40cb4ae3f6a0aa9e1d3df2a6\"},\"breadcrumb\":{\"@id\":\"https:\/\/www.gereso.com\/actualites\/2025\/10\/24\/ia-formation-comment-responsables-rh-repensent-plan-developpement-competences\/#breadcrumb\"},\"inLanguage\":\"fr-FR\",\"potentialAction\":[{\"@type\":\"ReadAction\",\"target\":[\"https:\/\/www.gereso.com\/actualites\/2025\/10\/24\/ia-formation-comment-responsables-rh-repensent-plan-developpement-competences\/\"]}]},{\"@type\":\"ImageObject\",\"inLanguage\":\"fr-FR\",\"@id\":\"https:\/\/www.gereso.com\/actualites\/2025\/10\/24\/ia-formation-comment-responsables-rh-repensent-plan-developpement-competences\/#primaryimage\",\"url\":\"https:\/\/www.gereso.com\/actualites\/wp-content\/uploads\/2025\/10\/ia-formation.jpg\",\"contentUrl\":\"https:\/\/www.gereso.com\/actualites\/wp-content\/uploads\/2025\/10\/ia-formation.jpg\",\"width\":600,\"height\":400,\"caption\":\"Quand l\u2019IA devient un r\u00e9flexe quotidien, la formation se transforme en v\u00e9ritable acc\u00e9l\u00e9rateur de comp\u00e9tences.\"},{\"@type\":\"BreadcrumbList\",\"@id\":\"https:\/\/www.gereso.com\/actualites\/2025\/10\/24\/ia-formation-comment-responsables-rh-repensent-plan-developpement-competences\/#breadcrumb\",\"itemListElement\":[{\"@type\":\"ListItem\",\"position\":1,\"name\":\"Home\",\"item\":\"https:\/\/www.gereso.com\/actualites\/\"},{\"@type\":\"ListItem\",\"position\":2,\"name\":\"IA et formation : comment les responsables RH repensent leur plan de d\u00e9veloppement des comp\u00e9tences\"}]},{\"@type\":\"WebSite\",\"@id\":\"https:\/\/www.gereso.com\/actualites\/#website\",\"url\":\"https:\/\/www.gereso.com\/actualites\/\",\"name\":\"Le Blog GERESO\",\"description\":\"Toute l&#039;actu RH, Finance, Fonction Publique, Management...\",\"potentialAction\":[{\"@type\":\"SearchAction\",\"target\":{\"@type\":\"EntryPoint\",\"urlTemplate\":\"https:\/\/www.gereso.com\/actualites\/?s={search_term_string}\"},\"query-input\":{\"@type\":\"PropertyValueSpecification\",\"valueRequired\":true,\"valueName\":\"search_term_string\"}}],\"inLanguage\":\"fr-FR\"},{\"@type\":\"Person\",\"@id\":\"https:\/\/www.gereso.com\/actualites\/#\/schema\/person\/197d8aef40cb4ae3f6a0aa9e1d3df2a6\",\"name\":\"\u00c9quipe GERESO\",\"image\":{\"@type\":\"ImageObject\",\"inLanguage\":\"fr-FR\",\"@id\":\"https:\/\/www.gereso.com\/actualites\/#\/schema\/person\/image\/\",\"url\":\"https:\/\/www.gereso.com\/actualites\/wp-content\/uploads\/2013\/12\/avatar-gereso-1.png\",\"contentUrl\":\"https:\/\/www.gereso.com\/actualites\/wp-content\/uploads\/2013\/12\/avatar-gereso-1.png\",\"caption\":\"\u00c9quipe GERESO\"},\"url\":\"https:\/\/www.gereso.com\/actualites\/author\/gereso\/\"}]}<\/script>\n<!-- \/ Yoast SEO plugin. -->","yoast_head_json":{"title":"IA et formation : comment les responsables RH repensent leur plan de d\u00e9veloppement des comp\u00e9tences - Le Blog GERESO","robots":{"index":"index","follow":"follow","max-snippet":"max-snippet:-1","max-image-preview":"max-image-preview:large","max-video-preview":"max-video-preview:-1"},"canonical":"https:\/\/www.gereso.com\/actualites\/2025\/10\/24\/ia-formation-comment-responsables-rh-repensent-plan-developpement-competences\/","og_locale":"fr_FR","og_type":"article","og_title":"IA et formation : comment les responsables RH repensent leur plan de d\u00e9veloppement des comp\u00e9tences - Le Blog GERESO","og_description":"Le constat&nbsp;: un \u00e9cart qui se creuse entre usage individuel et strat\u00e9gie formation&nbsp; Les chiffres dessinent un paradoxe embarrassant. D&rsquo;un c\u00f4t\u00e9, 90% des lyc\u00e9ens utilisent l&rsquo;IA g\u00e9n\u00e9rative pour leurs devoirs, 55% des \u00e9tudiants du sup\u00e9rieur y ont recours au moins occasionnellement. De l&rsquo;autre, 80% des enseignants fran\u00e7ais affirment n&rsquo;avoir re\u00e7u aucune formation sp\u00e9cifique \u00e0 l&rsquo;IA. [&hellip;]","og_url":"https:\/\/www.gereso.com\/actualites\/2025\/10\/24\/ia-formation-comment-responsables-rh-repensent-plan-developpement-competences\/","og_site_name":"Le Blog GERESO","article_published_time":"2025-10-24T07:07:38+00:00","article_modified_time":"2025-10-24T07:07:41+00:00","og_image":[{"width":600,"height":400,"url":"https:\/\/www.gereso.com\/actualites\/wp-content\/uploads\/2025\/10\/ia-formation.jpg","type":"image\/jpeg"}],"author":"\u00c9quipe GERESO","twitter_card":"summary_large_image","schema":{"@context":"https:\/\/schema.org","@graph":[{"@type":"WebPage","@id":"https:\/\/www.gereso.com\/actualites\/2025\/10\/24\/ia-formation-comment-responsables-rh-repensent-plan-developpement-competences\/","url":"https:\/\/www.gereso.com\/actualites\/2025\/10\/24\/ia-formation-comment-responsables-rh-repensent-plan-developpement-competences\/","name":"IA et formation : comment les responsables RH repensent leur plan de d\u00e9veloppement des comp\u00e9tences - Le Blog GERESO","isPartOf":{"@id":"https:\/\/www.gereso.com\/actualites\/#website"},"primaryImageOfPage":{"@id":"https:\/\/www.gereso.com\/actualites\/2025\/10\/24\/ia-formation-comment-responsables-rh-repensent-plan-developpement-competences\/#primaryimage"},"image":{"@id":"https:\/\/www.gereso.com\/actualites\/2025\/10\/24\/ia-formation-comment-responsables-rh-repensent-plan-developpement-competences\/#primaryimage"},"thumbnailUrl":"https:\/\/www.gereso.com\/actualites\/wp-content\/uploads\/2025\/10\/ia-formation.jpg","datePublished":"2025-10-24T07:07:38+00:00","dateModified":"2025-10-24T07:07:41+00:00","author":{"@id":"https:\/\/www.gereso.com\/actualites\/#\/schema\/person\/197d8aef40cb4ae3f6a0aa9e1d3df2a6"},"breadcrumb":{"@id":"https:\/\/www.gereso.com\/actualites\/2025\/10\/24\/ia-formation-comment-responsables-rh-repensent-plan-developpement-competences\/#breadcrumb"},"inLanguage":"fr-FR","potentialAction":[{"@type":"ReadAction","target":["https:\/\/www.gereso.com\/actualites\/2025\/10\/24\/ia-formation-comment-responsables-rh-repensent-plan-developpement-competences\/"]}]},{"@type":"ImageObject","inLanguage":"fr-FR","@id":"https:\/\/www.gereso.com\/actualites\/2025\/10\/24\/ia-formation-comment-responsables-rh-repensent-plan-developpement-competences\/#primaryimage","url":"https:\/\/www.gereso.com\/actualites\/wp-content\/uploads\/2025\/10\/ia-formation.jpg","contentUrl":"https:\/\/www.gereso.com\/actualites\/wp-content\/uploads\/2025\/10\/ia-formation.jpg","width":600,"height":400,"caption":"Quand l\u2019IA devient un r\u00e9flexe quotidien, la formation se transforme en v\u00e9ritable acc\u00e9l\u00e9rateur de comp\u00e9tences."},{"@type":"BreadcrumbList","@id":"https:\/\/www.gereso.com\/actualites\/2025\/10\/24\/ia-formation-comment-responsables-rh-repensent-plan-developpement-competences\/#breadcrumb","itemListElement":[{"@type":"ListItem","position":1,"name":"Home","item":"https:\/\/www.gereso.com\/actualites\/"},{"@type":"ListItem","position":2,"name":"IA et formation : comment les responsables RH repensent leur plan de d\u00e9veloppement des comp\u00e9tences"}]},{"@type":"WebSite","@id":"https:\/\/www.gereso.com\/actualites\/#website","url":"https:\/\/www.gereso.com\/actualites\/","name":"Le Blog GERESO","description":"Toute l&#039;actu RH, Finance, Fonction Publique, Management...","potentialAction":[{"@type":"SearchAction","target":{"@type":"EntryPoint","urlTemplate":"https:\/\/www.gereso.com\/actualites\/?s={search_term_string}"},"query-input":{"@type":"PropertyValueSpecification","valueRequired":true,"valueName":"search_term_string"}}],"inLanguage":"fr-FR"},{"@type":"Person","@id":"https:\/\/www.gereso.com\/actualites\/#\/schema\/person\/197d8aef40cb4ae3f6a0aa9e1d3df2a6","name":"\u00c9quipe GERESO","image":{"@type":"ImageObject","inLanguage":"fr-FR","@id":"https:\/\/www.gereso.com\/actualites\/#\/schema\/person\/image\/","url":"https:\/\/www.gereso.com\/actualites\/wp-content\/uploads\/2013\/12\/avatar-gereso-1.png","contentUrl":"https:\/\/www.gereso.com\/actualites\/wp-content\/uploads\/2013\/12\/avatar-gereso-1.png","caption":"\u00c9quipe GERESO"},"url":"https:\/\/www.gereso.com\/actualites\/author\/gereso\/"}]}},"_links":{"self":[{"href":"https:\/\/www.gereso.com\/actualites\/wp-json\/wp\/v2\/posts\/45487","targetHints":{"allow":["GET"]}}],"collection":[{"href":"https:\/\/www.gereso.com\/actualites\/wp-json\/wp\/v2\/posts"}],"about":[{"href":"https:\/\/www.gereso.com\/actualites\/wp-json\/wp\/v2\/types\/post"}],"author":[{"embeddable":true,"href":"https:\/\/www.gereso.com\/actualites\/wp-json\/wp\/v2\/users\/32"}],"replies":[{"embeddable":true,"href":"https:\/\/www.gereso.com\/actualites\/wp-json\/wp\/v2\/comments?post=45487"}],"version-history":[{"count":11,"href":"https:\/\/www.gereso.com\/actualites\/wp-json\/wp\/v2\/posts\/45487\/revisions"}],"predecessor-version":[{"id":45499,"href":"https:\/\/www.gereso.com\/actualites\/wp-json\/wp\/v2\/posts\/45487\/revisions\/45499"}],"wp:featuredmedia":[{"embeddable":true,"href":"https:\/\/www.gereso.com\/actualites\/wp-json\/wp\/v2\/media\/45496"}],"wp:attachment":[{"href":"https:\/\/www.gereso.com\/actualites\/wp-json\/wp\/v2\/media?parent=45487"}],"wp:term":[{"taxonomy":"category","embeddable":true,"href":"https:\/\/www.gereso.com\/actualites\/wp-json\/wp\/v2\/categories?post=45487"},{"taxonomy":"post_tag","embeddable":true,"href":"https:\/\/www.gereso.com\/actualites\/wp-json\/wp\/v2\/tags?post=45487"}],"curies":[{"name":"wp","href":"https:\/\/api.w.org\/{rel}","templated":true}]}}