{"id":45901,"date":"2026-01-15T09:49:31","date_gmt":"2026-01-15T07:49:31","guid":{"rendered":"https:\/\/www.gereso.com\/actualites\/?p=45901"},"modified":"2026-01-15T09:50:00","modified_gmt":"2026-01-15T07:50:00","slug":"egalite-dacces-formation-pdc-creuse-inegalites","status":"publish","type":"post","link":"https:\/\/www.gereso.com\/actualites\/2026\/01\/15\/egalite-dacces-formation-pdc-creuse-inegalites\/","title":{"rendered":"\u00c9galit\u00e9 d&rsquo;acc\u00e8s \u00e0 la formation : votre PDC creuse-t-il les in\u00e9galit\u00e9s sans que vous le sachiez ?\u00a0"},"content":{"rendered":"\n<H2 style=\"color:#D10016\">1. Formation continue : un ascenseur social en panne<\/H2>\n\n\n\n<p>Les chiffres sont t\u00eatus. Et ceux du <a href=\"https:\/\/www.medef.com\/uploads\/media\/default\/0020\/06\/16910-medef-barometre-entreprises-formation-vweb.pdf\" target=\"_blank\" rel=\"noreferrer noopener nofollow\">Barom\u00e8tre MEDEF 2025<\/a> donnent le vertige : <strong>61% des salari\u00e9s des grandes entreprises ont acc\u00e9d\u00e9 \u00e0 au moins une formation en 2024, contre \u00e0 peine 15% dans les TPE<\/strong>. Un \u00e9cart de 1 \u00e0 4 qui illustre une fracture structurelle que les r\u00e9formes successives n&rsquo;ont pas r\u00e9ussi \u00e0 combler.<\/p>\n\n\n\n<p>La taille de l&rsquo;entreprise n&rsquo;est pourtant que la partie \u00e9merg\u00e9e de l&rsquo;iceberg. Le v\u00e9ritable scandale se joue dans la r\u00e9partition par cat\u00e9gorie socioprofessionnelle. Selon le <a href=\"https:\/\/www.centre-inffo.fr\/content\/uploads\/2025\/04\/barometre-formation-emploi-2025.pdf\" target=\"_blank\" rel=\"noreferrer noopener\">barom\u00e8tre Centre Inffo de f\u00e9vrier 2025<\/a>, <strong>les cadres captent \u00e0 eux seuls 35,6% des actions de formation<\/strong>. Les employ\u00e9s suivent, loin derri\u00e8re, avec 24,7%. Quant aux ouvriers et aux moins qualifi\u00e9s ? Ils r\u00e9cup\u00e8rent les miettes d&rsquo;un syst\u00e8me qui pr\u00e9tend pourtant \u0153uvrer \u00e0 l&rsquo;\u00e9galit\u00e9 des chances.<\/p>\n\n\n\n<p>Plus troublant encore : ce d\u00e9s\u00e9quilibre se creuse avec le niveau de dipl\u00f4me initial. L&rsquo;<a href=\"https:\/\/www.insee.fr\/fr\/statistiques\/8305552?sommaire=8306008\" target=\"_blank\" rel=\"noreferrer noopener\">INSEE<\/a> r\u00e9v\u00e8le que <strong>75% des titulaires d&rsquo;un bac+5 acc\u00e8dent \u00e0 la formation professionnelle, contre 22% pour les personnes peu ou pas dipl\u00f4m\u00e9es<\/strong>. Autrement dit, les moins dipl\u00f4m\u00e9s font trois fois moins de formations que les plus qualifi\u00e9s.<\/p>\n\n\n\n<p>Le cercle vicieux est enclench\u00e9. Ceux qui ma\u00eetrisent d\u00e9j\u00e0 les codes, qui savent formuler une demande, qui connaissent les dispositifs, continuent de se former. Les autres \u2014 pr\u00e9caires, <a href=\"https:\/\/www.gereso.com\/actualites\/2023\/11\/06\/comment-accompagner-transitions-fin-carriere-seniors\/\" target=\"_blank\" rel=\"noreferrer noopener\">seniors<\/a>, salari\u00e9s des petites structures \u2014 accumulent les retards. <strong>La formation continue, pens\u00e9e comme un outil d&rsquo;\u00e9mancipation, s&rsquo;est mu\u00e9e en m\u00e9canisme de reproduction des in\u00e9galit\u00e9s.<\/strong> L&rsquo;ascenseur social est en panne. Et le PDC, trop souvent, appuie sur le mauvais bouton.<\/p>\n\n\n\n<H2 style=\"color:#D10016\">2. Votre PDC \u00e0 la loupe : les biais que vous ne voyez pas<\/H2>\n\n\n\n<p>Aucun responsable formation ne se l\u00e8ve le matin en d\u00e9cidant de discriminer. Et pourtant, les biais s&rsquo;infiltrent partout ; souvent l\u00e0 o\u00f9 on ne les attend pas.<\/p>\n\n\n\n<p><strong>Premier coupable : le biais du \u00ab\u00a0salari\u00e9 rentable\u00a0\u00bb.<\/strong> <a href=\"https:\/\/www.gereso.com\/actualites\/2025\/10\/07\/budget-formation-5-strategies-convaincre-direction\/\" target=\"_blank\" rel=\"noreferrer noopener\">Dans un contexte budg\u00e9taire tendu<\/a>, les directions arbitrent. Et l&rsquo;arbitrage penche naturellement vers les profils jug\u00e9s strat\u00e9giques : cadres \u00e0 potentiel, experts techniques, managers en poste.&nbsp;<\/p>\n\n\n\n<p>Une logique court-termiste qui concentre les investissements formation sur ceux qui rapportent d\u00e9j\u00e0, au d\u00e9triment de ceux qui pourraient rapporter demain. Le Barom\u00e8tre MEDEF 2025 confirme cette tendance : les TPE invoquent syst\u00e9matiquement le manque de temps et de ressources pour justifier leur faible recours \u00e0 la formation.<\/p>\n\n\n\n<p><strong>Deuxi\u00e8me pi\u00e8ge : le biais de visibilit\u00e9.<\/strong> Qui demande \u00e0 se former ? Ceux qui connaissent les dispositifs, qui osent solliciter leur manager, qui ma\u00eetrisent les circuits internes.<\/p>\n\n\n\n<p>Or, selon le barom\u00e8tre Centre Inffo 2025, <strong>seulement 53% des actifs se sentent bien inform\u00e9s sur la formation professionnelle<\/strong>. Et les \u00e9carts sont criants : 74% des 18-24 ans se d\u00e9clarent bien inform\u00e9s, contre 45% des 50-64 ans. Quant aux dispositifs sp\u00e9cifiques comme Cl\u00e9A ou Pro-A ? \u00c0 peine un tiers des salari\u00e9s les connaissent.<\/p>\n\n\n\n<p><strong>Troisi\u00e8me angle mort : les freins organisationnels.<\/strong> Horaires de formation incompatibles avec les contraintes familiales, formats pr\u00e9sentiels inaccessibles pour les salari\u00e9s \u00e9loign\u00e9s, dur\u00e9es trop longues pour les temps partiels&#8230; L&rsquo;INSEE pointe que <strong>8% des actifs auraient souhait\u00e9 se former sans y parvenir<\/strong>, frein\u00e9s par des obstacles pratiques que le PDC ignore superbement.<\/p>\n\n\n\n<p>Ces biais ne sont pas des fatalit\u00e9s. Encore faut-il accepter de les regarder en face.<\/p>\n\n\n\n<H2 style=\"color:#D10016\">3. Ces entreprises qui ont fait bouger les lignes<\/H2>\n\n\n\n<p>Face \u00e0 ce constat, certaines organisations ont d\u00e9cid\u00e9 de ne plus subir. Grandes entreprises comme PME, elles prouvent qu&rsquo;un PDC \u00e9galitaire n&rsquo;est pas une utopie \u2014 \u00e0 condition d&rsquo;en faire une priorit\u00e9 strat\u00e9gique.<\/p>\n\n\n\n<H3>Decathlon : former pour faire \u00e9merger<\/H3>\n\n\n\n<p>L&rsquo;enseigne nordiste ne s&rsquo;est pas content\u00e9e de proclamations. Son <a href=\"http:\/\/www.altairconseil.fr\/PdF\/accord-egalite-hommes-femmes-Decathlon.pdf\" target=\"_blank\" rel=\"noreferrer noopener nofollow\">accord d&rsquo;\u00e9galit\u00e9 professionnelle<\/a> int\u00e8gre des programmes de formation cibl\u00e9s pour corriger les d\u00e9s\u00e9quilibres.\u00a0<\/p>\n\n\n\n<p>Le dispositif \u00ab Boost&rsquo;Elles \u00bb, formation d&rsquo;une journ\u00e9e destin\u00e9e aux collaboratrices, travaille sur l&rsquo;estime de soi et la prise de responsabilit\u00e9s. Le programme \u00ab Leadership au f\u00e9minin \u00bb accompagne les femmes vers des postes \u00e0 visibilit\u00e9. R\u00e9sultat : en novembre 2024, Decathlon a obtenu la certification mondiale EDGE, r\u00e9f\u00e9rence internationale en mati\u00e8re d&rsquo;\u00e9galit\u00e9 professionnelle. La preuve qu&rsquo;une approche syst\u00e9mique \u2014 et pas seulement cosm\u00e9tique \u2014 produit des effets mesurables.<\/p>\n\n\n\n<H3>Neolia : la preuve par les chiffres<\/H3>\n\n\n\n<p>Cet acteur de l&rsquo;immobilier social (535 salari\u00e9s) dispose d&rsquo;un <a href=\"https:\/\/www.anact.fr\/sites\/default\/files\/2024-07\/aractbfc-ideme-egalitepro-2024.pdf\" target=\"_blank\" rel=\"noreferrer noopener nofollow\">accord \u00e9galit\u00e9 depuis 2012<\/a>.\u00a0<\/p>\n\n\n\n<p>Sa strat\u00e9gie ? <strong>Miser sur la formation qualifiante interne pour ouvrir les m\u00e9tiers techniques aux femmes.<\/strong> L&rsquo;entreprise a fait passer la proportion de femmes cadres de 42% \u00e0 47% en quelques ann\u00e9es, gr\u00e2ce \u00e0 un outil d&rsquo;\u00e9valuation centr\u00e9 sur les comp\u00e9tences m\u00e9tiers plut\u00f4t que sur les parcours acad\u00e9miques. Les mobilit\u00e9s internes sont syst\u00e9matiquement accompagn\u00e9es par de la formation et un suivi personnalis\u00e9.<\/p>\n\n\n\n<H3>Sarstedt : une PME qui montre l&rsquo;exemple<\/H3>\n\n\n\n<p>Avec 34 salari\u00e9s, ce fabricant de pipettes m\u00e9dicales d\u00e9montre que la taille n&rsquo;est pas une excuse. L&rsquo;entreprise a mis en place une <a href=\"https:\/\/www.anact.fr\/sites\/default\/files\/2024-07\/aractbfc-ideme-egalitepro-2024.pdf\" target=\"_blank\" rel=\"noreferrer noopener nofollow\">formation qualifiante pour ses op\u00e9ratrices en production<\/a>, leur ouvrant des perspectives d&rsquo;\u00e9volution concr\u00e8tes. En parall\u00e8le, l&rsquo;automatisation des t\u00e2ches p\u00e9nibles a rendu les postes accessibles \u00e0 davantage de profils.<\/p>\n\n\n\n<H3>Mutualit\u00e9 Fran\u00e7aise Jura : lever les freins invisibles<\/H3>\n\n\n\n<p>Cette structure de 250 salari\u00e9s a attaqu\u00e9 le probl\u00e8me par un angle souvent n\u00e9glig\u00e9 : l&rsquo;articulation des temps de vie. T\u00e9l\u00e9travail facilit\u00e9, formations courtes et modulaires pour les temps partiels, prise en charge des frais de garde pour les formations en horaires atypiques&#8230; Autant de leviers concrets qui transforment l&rsquo;intention \u00e9galitaire en acc\u00e8s r\u00e9el.<\/p>\n\n\n\n<H2 style=\"color:#D10016\">4. 5 leviers pour un PDC r\u00e9ellement \u00e9galitaire<\/H2>\n\n\n\n<p>Les exemples pr\u00e9c\u00e9dents dessinent une m\u00e9thode. Pas de recette miracle, mais des leviers concrets que chaque responsable formation peut activer d\u00e8s maintenant.<\/p>\n\n\n\n<p><strong>Diagnostiquer sans complaisance.<\/strong> Avant de corriger, il faut mesurer. Qui acc\u00e8de \u00e0 la formation dans votre entreprise ? Ventilez les donn\u00e9es par CSP, genre, anciennet\u00e9, type de contrat. Les \u00e9carts sautent rarement aux yeux spontan\u00e9ment : ils se nichent dans les tableaux qu&rsquo;on ne regarde jamais.<\/p>\n\n\n\n<p><strong>Former les managers \u00e0 l&rsquo;<\/strong><a href=\"https:\/\/www.gereso.com\/actualites\/2020\/12\/22\/entretien-professionnel-bonnes-pratiques-calendrier-2021\/\" target=\"_blank\" rel=\"noreferrer noopener\"><strong>entretien professionnel<\/strong><\/a><strong> \u00e9quitable.<\/strong> C&rsquo;est souvent l\u00e0 que tout se joue. Un manager sensibilis\u00e9 aux biais inconscients identifie les besoins de formation de <em>tous<\/em> ses collaborateurs, pas seulement des plus visibles ou des plus demandeurs.<\/p>\n\n\n\n<p><strong>Diversifier les formats.<\/strong> Micro-learning, formations en proximit\u00e9, cr\u00e9neaux adapt\u00e9s aux contraintes familiales, e-learning accessible&#8230; L&rsquo;\u00e9galit\u00e9 d&rsquo;acc\u00e8s passe par la flexibilit\u00e9 des modalit\u00e9s.<\/p>\n\n\n\n<p><strong>Communiquer activement.<\/strong> Les dispositifs m\u00e9connus restent inutilis\u00e9s. Ciblez particuli\u00e8rement les populations les moins inform\u00e9es : seniors, salari\u00e9s peu qualifi\u00e9s, temps partiels.<\/p>\n\n\n\n<p><strong>Suivre et piloter avec des indicateurs.<\/strong> Ce qui ne se mesure pas ne s&rsquo;am\u00e9liore pas. Int\u00e9grez des KPIs d&rsquo;\u00e9galit\u00e9 d&rsquo;acc\u00e8s \u00e0 vos bilans formation annuels<\/p>\n\n\n\n<article class=\"obj_encart-formation\">\n<div class=\"ctn_encart\">\n<h3>Votre formation sur ce th\u00e8me<\/h3>\n<h2>&nbsp;CONSTRUIRE ET PR\u00c9SENTER LE PLAN DE D\u00c9VELOPPEMENT DE COMP\u00c9TENCES&nbsp;<\/h2>\n<h4>2 jours &#8211; \u00c0 distance<\/h4>\n<ul>\n<li><strong>Concevoir un plan adapt\u00e9<\/strong> aux besoins et \u00e0 la strat\u00e9gie de l&rsquo;entreprise.<\/li>\n<li><strong>Clarifier les besoins en formation<\/strong> pour d\u00e9finir un arbitrage efficient.<\/li>\n<li><strong>Construire le plan de d\u00e9veloppement des comp\u00e9tences<\/strong> combinant les \u00e9volutions juridiques, la politique de formation de l&rsquo;entreprise et les dispositifs existants.<\/li>\n<li><strong>Structurer le plan<\/strong> et le pr\u00e9senter aux Institutions Repr\u00e9sentatives du Personnel.<\/li>\n\n\n\n<\/ul>\n<div class=\"ctn_btn\">\n<a class=\"obj_btn\" target=\"_blank\" href=\"https:\/\/www.gereso.com\/PLFO\" rel=\"noopener\"><span>En savoir plus<\/span><\/a>\n<a class=\"obj_btn\" target=\"_blank\" href=\"https:\/\/www.gereso.com\/client\/programme-pdf\/PLFO.pdf\" rel=\"noopener\"><span>T\u00e9l\u00e9charger le programme PDF<\/span><\/a>\n<\/div>\n<\/article>\n\n\n\n<H2 style=\"color:#D10016\">5. En f\u00e9vrier, passez votre PDC au crible<\/H2>\n\n\n\n<p>La Journ\u00e9e de la justice sociale qui aura lieu le 20 f\u00e9vrier prochain n&rsquo;est pas qu&rsquo;une date dans le calendrier RH. C&rsquo;est une invitation \u00e0 regarder vos pratiques avec lucidit\u00e9. Votre Plan de D\u00e9veloppement des Comp\u00e9tences forme-t-il vraiment tout le monde&nbsp;ou seulement ceux qui savaient d\u00e9j\u00e0 se faire entendre ?<\/p>\n\n\n\n<p>Les in\u00e9galit\u00e9s d&rsquo;acc\u00e8s \u00e0 la formation ne sont pas une fatalit\u00e9. Elles sont le reflet de choix organisationnels, de biais non questionn\u00e9s, de process jamais revisit\u00e9s. La bonne nouvelle ? <strong>Chaque levier identifi\u00e9 dans cet article est actionnable. A vous de jouer !<\/strong><\/p>\n","protected":false},"excerpt":{"rendered":"<p>1. Formation continue : un ascenseur social en panne Les chiffres sont t\u00eatus. Et ceux du Barom\u00e8tre MEDEF 2025 donnent le vertige : 61% des salari\u00e9s des grandes entreprises ont acc\u00e9d\u00e9 \u00e0 au moins une formation en 2024, contre \u00e0 peine 15% dans les TPE. Un \u00e9cart de 1 \u00e0 4 qui illustre une fracture [&hellip;]<\/p>\n","protected":false},"author":32,"featured_media":45945,"comment_status":"open","ping_status":"open","sticky":false,"template":"","format":"standard","meta":{"_acf_changed":false,"_mi_skip_tracking":false,"footnotes":""},"categories":[12,828,2],"tags":[],"class_list":["post-45901","post","type-post","status-publish","format-standard","has-post-thumbnail","hentry","category-actualites","category-formation-professionnelle","category-ressources-humaines"],"acf":[],"yoast_head":"<!-- This site is optimized with the Yoast SEO plugin v23.4 - https:\/\/yoast.com\/wordpress\/plugins\/seo\/ -->\n<title>\u00c9galit\u00e9 d&rsquo;acc\u00e8s \u00e0 la formation : votre PDC creuse-t-il les in\u00e9galit\u00e9s sans que vous le sachiez ?\u00a0 - Le Blog GERESO<\/title>\n<meta name=\"robots\" content=\"index, follow, max-snippet:-1, max-image-preview:large, max-video-preview:-1\" \/>\n<link rel=\"canonical\" href=\"https:\/\/www.gereso.com\/actualites\/2026\/01\/15\/egalite-dacces-formation-pdc-creuse-inegalites\/\" \/>\n<meta property=\"og:locale\" content=\"fr_FR\" \/>\n<meta property=\"og:type\" content=\"article\" \/>\n<meta property=\"og:title\" content=\"\u00c9galit\u00e9 d&rsquo;acc\u00e8s \u00e0 la formation : votre PDC creuse-t-il les in\u00e9galit\u00e9s sans que vous le sachiez ?\u00a0 - Le Blog GERESO\" \/>\n<meta property=\"og:description\" content=\"1. Formation continue : un ascenseur social en panne Les chiffres sont t\u00eatus. Et ceux du Barom\u00e8tre MEDEF 2025 donnent le vertige : 61% des salari\u00e9s des grandes entreprises ont acc\u00e9d\u00e9 \u00e0 au moins une formation en 2024, contre \u00e0 peine 15% dans les TPE. Un \u00e9cart de 1 \u00e0 4 qui illustre une fracture [&hellip;]\" \/>\n<meta property=\"og:url\" content=\"https:\/\/www.gereso.com\/actualites\/2026\/01\/15\/egalite-dacces-formation-pdc-creuse-inegalites\/\" \/>\n<meta property=\"og:site_name\" content=\"Le Blog GERESO\" \/>\n<meta property=\"article:published_time\" content=\"2026-01-15T07:49:31+00:00\" \/>\n<meta property=\"article:modified_time\" content=\"2026-01-15T07:50:00+00:00\" \/>\n<meta property=\"og:image\" content=\"https:\/\/www.gereso.com\/actualites\/wp-content\/uploads\/2026\/01\/egalite-acces-formation.jpg\" \/>\n\t<meta property=\"og:image:width\" content=\"600\" \/>\n\t<meta property=\"og:image:height\" content=\"400\" \/>\n\t<meta property=\"og:image:type\" content=\"image\/jpeg\" \/>\n<meta name=\"author\" content=\"\u00c9quipe GERESO\" \/>\n<meta name=\"twitter:card\" content=\"summary_large_image\" \/>\n<script type=\"application\/ld+json\" class=\"yoast-schema-graph\">{\"@context\":\"https:\/\/schema.org\",\"@graph\":[{\"@type\":\"WebPage\",\"@id\":\"https:\/\/www.gereso.com\/actualites\/2026\/01\/15\/egalite-dacces-formation-pdc-creuse-inegalites\/\",\"url\":\"https:\/\/www.gereso.com\/actualites\/2026\/01\/15\/egalite-dacces-formation-pdc-creuse-inegalites\/\",\"name\":\"\u00c9galit\u00e9 d&rsquo;acc\u00e8s \u00e0 la formation : votre PDC creuse-t-il les in\u00e9galit\u00e9s sans que vous le sachiez ?\u00a0 - Le Blog GERESO\",\"isPartOf\":{\"@id\":\"https:\/\/www.gereso.com\/actualites\/#website\"},\"primaryImageOfPage\":{\"@id\":\"https:\/\/www.gereso.com\/actualites\/2026\/01\/15\/egalite-dacces-formation-pdc-creuse-inegalites\/#primaryimage\"},\"image\":{\"@id\":\"https:\/\/www.gereso.com\/actualites\/2026\/01\/15\/egalite-dacces-formation-pdc-creuse-inegalites\/#primaryimage\"},\"thumbnailUrl\":\"https:\/\/www.gereso.com\/actualites\/wp-content\/uploads\/2026\/01\/egalite-acces-formation.jpg\",\"datePublished\":\"2026-01-15T07:49:31+00:00\",\"dateModified\":\"2026-01-15T07:50:00+00:00\",\"author\":{\"@id\":\"https:\/\/www.gereso.com\/actualites\/#\/schema\/person\/197d8aef40cb4ae3f6a0aa9e1d3df2a6\"},\"breadcrumb\":{\"@id\":\"https:\/\/www.gereso.com\/actualites\/2026\/01\/15\/egalite-dacces-formation-pdc-creuse-inegalites\/#breadcrumb\"},\"inLanguage\":\"fr-FR\",\"potentialAction\":[{\"@type\":\"ReadAction\",\"target\":[\"https:\/\/www.gereso.com\/actualites\/2026\/01\/15\/egalite-dacces-formation-pdc-creuse-inegalites\/\"]}]},{\"@type\":\"ImageObject\",\"inLanguage\":\"fr-FR\",\"@id\":\"https:\/\/www.gereso.com\/actualites\/2026\/01\/15\/egalite-dacces-formation-pdc-creuse-inegalites\/#primaryimage\",\"url\":\"https:\/\/www.gereso.com\/actualites\/wp-content\/uploads\/2026\/01\/egalite-acces-formation.jpg\",\"contentUrl\":\"https:\/\/www.gereso.com\/actualites\/wp-content\/uploads\/2026\/01\/egalite-acces-formation.jpg\",\"width\":600,\"height\":400,\"caption\":\"Votre Plan de D\u00e9veloppement des Comp\u00e9tences est-il vraiment un levier d\u2019\u00e9galit\u00e9\u2026 ou un acc\u00e9l\u00e9rateur invisible d\u2019in\u00e9galit\u00e9s ? Chiffres cl\u00e9s, biais cach\u00e9s et leviers concrets : cet article vous invite \u00e0 passer votre politique formation au crible.\"},{\"@type\":\"BreadcrumbList\",\"@id\":\"https:\/\/www.gereso.com\/actualites\/2026\/01\/15\/egalite-dacces-formation-pdc-creuse-inegalites\/#breadcrumb\",\"itemListElement\":[{\"@type\":\"ListItem\",\"position\":1,\"name\":\"Home\",\"item\":\"https:\/\/www.gereso.com\/actualites\/\"},{\"@type\":\"ListItem\",\"position\":2,\"name\":\"\u00c9galit\u00e9 d&rsquo;acc\u00e8s \u00e0 la formation : votre PDC creuse-t-il les in\u00e9galit\u00e9s sans que vous le sachiez ?\u00a0\"}]},{\"@type\":\"WebSite\",\"@id\":\"https:\/\/www.gereso.com\/actualites\/#website\",\"url\":\"https:\/\/www.gereso.com\/actualites\/\",\"name\":\"Le Blog GERESO\",\"description\":\"Toute l&#039;actu RH, Finance, Fonction Publique, Management...\",\"potentialAction\":[{\"@type\":\"SearchAction\",\"target\":{\"@type\":\"EntryPoint\",\"urlTemplate\":\"https:\/\/www.gereso.com\/actualites\/?s={search_term_string}\"},\"query-input\":{\"@type\":\"PropertyValueSpecification\",\"valueRequired\":true,\"valueName\":\"search_term_string\"}}],\"inLanguage\":\"fr-FR\"},{\"@type\":\"Person\",\"@id\":\"https:\/\/www.gereso.com\/actualites\/#\/schema\/person\/197d8aef40cb4ae3f6a0aa9e1d3df2a6\",\"name\":\"\u00c9quipe GERESO\",\"image\":{\"@type\":\"ImageObject\",\"inLanguage\":\"fr-FR\",\"@id\":\"https:\/\/www.gereso.com\/actualites\/#\/schema\/person\/image\/\",\"url\":\"https:\/\/www.gereso.com\/actualites\/wp-content\/uploads\/2013\/12\/avatar-gereso-1.png\",\"contentUrl\":\"https:\/\/www.gereso.com\/actualites\/wp-content\/uploads\/2013\/12\/avatar-gereso-1.png\",\"caption\":\"\u00c9quipe GERESO\"},\"url\":\"https:\/\/www.gereso.com\/actualites\/author\/gereso\/\"}]}<\/script>\n<!-- \/ Yoast SEO plugin. -->","yoast_head_json":{"title":"\u00c9galit\u00e9 d&rsquo;acc\u00e8s \u00e0 la formation : votre PDC creuse-t-il les in\u00e9galit\u00e9s sans que vous le sachiez ?\u00a0 - Le Blog GERESO","robots":{"index":"index","follow":"follow","max-snippet":"max-snippet:-1","max-image-preview":"max-image-preview:large","max-video-preview":"max-video-preview:-1"},"canonical":"https:\/\/www.gereso.com\/actualites\/2026\/01\/15\/egalite-dacces-formation-pdc-creuse-inegalites\/","og_locale":"fr_FR","og_type":"article","og_title":"\u00c9galit\u00e9 d&rsquo;acc\u00e8s \u00e0 la formation : votre PDC creuse-t-il les in\u00e9galit\u00e9s sans que vous le sachiez ?\u00a0 - Le Blog GERESO","og_description":"1. Formation continue : un ascenseur social en panne Les chiffres sont t\u00eatus. Et ceux du Barom\u00e8tre MEDEF 2025 donnent le vertige : 61% des salari\u00e9s des grandes entreprises ont acc\u00e9d\u00e9 \u00e0 au moins une formation en 2024, contre \u00e0 peine 15% dans les TPE. Un \u00e9cart de 1 \u00e0 4 qui illustre une fracture [&hellip;]","og_url":"https:\/\/www.gereso.com\/actualites\/2026\/01\/15\/egalite-dacces-formation-pdc-creuse-inegalites\/","og_site_name":"Le Blog GERESO","article_published_time":"2026-01-15T07:49:31+00:00","article_modified_time":"2026-01-15T07:50:00+00:00","og_image":[{"width":600,"height":400,"url":"https:\/\/www.gereso.com\/actualites\/wp-content\/uploads\/2026\/01\/egalite-acces-formation.jpg","type":"image\/jpeg"}],"author":"\u00c9quipe GERESO","twitter_card":"summary_large_image","schema":{"@context":"https:\/\/schema.org","@graph":[{"@type":"WebPage","@id":"https:\/\/www.gereso.com\/actualites\/2026\/01\/15\/egalite-dacces-formation-pdc-creuse-inegalites\/","url":"https:\/\/www.gereso.com\/actualites\/2026\/01\/15\/egalite-dacces-formation-pdc-creuse-inegalites\/","name":"\u00c9galit\u00e9 d&rsquo;acc\u00e8s \u00e0 la formation : votre PDC creuse-t-il les in\u00e9galit\u00e9s sans que vous le sachiez ?\u00a0 - Le Blog GERESO","isPartOf":{"@id":"https:\/\/www.gereso.com\/actualites\/#website"},"primaryImageOfPage":{"@id":"https:\/\/www.gereso.com\/actualites\/2026\/01\/15\/egalite-dacces-formation-pdc-creuse-inegalites\/#primaryimage"},"image":{"@id":"https:\/\/www.gereso.com\/actualites\/2026\/01\/15\/egalite-dacces-formation-pdc-creuse-inegalites\/#primaryimage"},"thumbnailUrl":"https:\/\/www.gereso.com\/actualites\/wp-content\/uploads\/2026\/01\/egalite-acces-formation.jpg","datePublished":"2026-01-15T07:49:31+00:00","dateModified":"2026-01-15T07:50:00+00:00","author":{"@id":"https:\/\/www.gereso.com\/actualites\/#\/schema\/person\/197d8aef40cb4ae3f6a0aa9e1d3df2a6"},"breadcrumb":{"@id":"https:\/\/www.gereso.com\/actualites\/2026\/01\/15\/egalite-dacces-formation-pdc-creuse-inegalites\/#breadcrumb"},"inLanguage":"fr-FR","potentialAction":[{"@type":"ReadAction","target":["https:\/\/www.gereso.com\/actualites\/2026\/01\/15\/egalite-dacces-formation-pdc-creuse-inegalites\/"]}]},{"@type":"ImageObject","inLanguage":"fr-FR","@id":"https:\/\/www.gereso.com\/actualites\/2026\/01\/15\/egalite-dacces-formation-pdc-creuse-inegalites\/#primaryimage","url":"https:\/\/www.gereso.com\/actualites\/wp-content\/uploads\/2026\/01\/egalite-acces-formation.jpg","contentUrl":"https:\/\/www.gereso.com\/actualites\/wp-content\/uploads\/2026\/01\/egalite-acces-formation.jpg","width":600,"height":400,"caption":"Votre Plan de D\u00e9veloppement des Comp\u00e9tences est-il vraiment un levier d\u2019\u00e9galit\u00e9\u2026 ou un acc\u00e9l\u00e9rateur invisible d\u2019in\u00e9galit\u00e9s ? Chiffres cl\u00e9s, biais cach\u00e9s et leviers concrets : cet article vous invite \u00e0 passer votre politique formation au crible."},{"@type":"BreadcrumbList","@id":"https:\/\/www.gereso.com\/actualites\/2026\/01\/15\/egalite-dacces-formation-pdc-creuse-inegalites\/#breadcrumb","itemListElement":[{"@type":"ListItem","position":1,"name":"Home","item":"https:\/\/www.gereso.com\/actualites\/"},{"@type":"ListItem","position":2,"name":"\u00c9galit\u00e9 d&rsquo;acc\u00e8s \u00e0 la formation : votre PDC creuse-t-il les in\u00e9galit\u00e9s sans que vous le sachiez ?\u00a0"}]},{"@type":"WebSite","@id":"https:\/\/www.gereso.com\/actualites\/#website","url":"https:\/\/www.gereso.com\/actualites\/","name":"Le Blog GERESO","description":"Toute l&#039;actu RH, Finance, Fonction Publique, Management...","potentialAction":[{"@type":"SearchAction","target":{"@type":"EntryPoint","urlTemplate":"https:\/\/www.gereso.com\/actualites\/?s={search_term_string}"},"query-input":{"@type":"PropertyValueSpecification","valueRequired":true,"valueName":"search_term_string"}}],"inLanguage":"fr-FR"},{"@type":"Person","@id":"https:\/\/www.gereso.com\/actualites\/#\/schema\/person\/197d8aef40cb4ae3f6a0aa9e1d3df2a6","name":"\u00c9quipe GERESO","image":{"@type":"ImageObject","inLanguage":"fr-FR","@id":"https:\/\/www.gereso.com\/actualites\/#\/schema\/person\/image\/","url":"https:\/\/www.gereso.com\/actualites\/wp-content\/uploads\/2013\/12\/avatar-gereso-1.png","contentUrl":"https:\/\/www.gereso.com\/actualites\/wp-content\/uploads\/2013\/12\/avatar-gereso-1.png","caption":"\u00c9quipe GERESO"},"url":"https:\/\/www.gereso.com\/actualites\/author\/gereso\/"}]}},"_links":{"self":[{"href":"https:\/\/www.gereso.com\/actualites\/wp-json\/wp\/v2\/posts\/45901","targetHints":{"allow":["GET"]}}],"collection":[{"href":"https:\/\/www.gereso.com\/actualites\/wp-json\/wp\/v2\/posts"}],"about":[{"href":"https:\/\/www.gereso.com\/actualites\/wp-json\/wp\/v2\/types\/post"}],"author":[{"embeddable":true,"href":"https:\/\/www.gereso.com\/actualites\/wp-json\/wp\/v2\/users\/32"}],"replies":[{"embeddable":true,"href":"https:\/\/www.gereso.com\/actualites\/wp-json\/wp\/v2\/comments?post=45901"}],"version-history":[{"count":13,"href":"https:\/\/www.gereso.com\/actualites\/wp-json\/wp\/v2\/posts\/45901\/revisions"}],"predecessor-version":[{"id":45948,"href":"https:\/\/www.gereso.com\/actualites\/wp-json\/wp\/v2\/posts\/45901\/revisions\/45948"}],"wp:featuredmedia":[{"embeddable":true,"href":"https:\/\/www.gereso.com\/actualites\/wp-json\/wp\/v2\/media\/45945"}],"wp:attachment":[{"href":"https:\/\/www.gereso.com\/actualites\/wp-json\/wp\/v2\/media?parent=45901"}],"wp:term":[{"taxonomy":"category","embeddable":true,"href":"https:\/\/www.gereso.com\/actualites\/wp-json\/wp\/v2\/categories?post=45901"},{"taxonomy":"post_tag","embeddable":true,"href":"https:\/\/www.gereso.com\/actualites\/wp-json\/wp\/v2\/tags?post=45901"}],"curies":[{"name":"wp","href":"https:\/\/api.w.org\/{rel}","templated":true}]}}