{"id":46004,"date":"2026-01-27T16:11:27","date_gmt":"2026-01-27T14:11:27","guid":{"rendered":"https:\/\/www.gereso.com\/actualites\/?p=46004"},"modified":"2026-01-27T16:11:30","modified_gmt":"2026-01-27T14:11:30","slug":"priorite-formation-2026-rh","status":"publish","type":"post","link":"https:\/\/www.gereso.com\/actualites\/2026\/01\/27\/priorite-formation-2026-rh\/","title":{"rendered":"Et si la priorit\u00e9 formation 2026\u2026 c\u2019\u00e9tait le RH lui-m\u00eame ?\u00a0"},"content":{"rendered":"\n<h2 style=\"color:#D10016\"><strong>Une profession sous tension qui n&rsquo;a plus le temps de se former<\/strong><\/h2>\n\n\n\n<p>93% des professionnels RH ont ressenti du stress au travail en 2025. Parmi eux, plus de la moiti\u00e9 qualifient ce stress de \u00ab tr\u00e8s \u00e9lev\u00e9 \u00bb.<\/p>\n\n\n\n<p>Le mot qui revient le plus pour d\u00e9crire l&rsquo;ann\u00e9e \u00e9coul\u00e9e ? \u00ab Exigeante \u00bb, cit\u00e9 par 67% des r\u00e9pondants. Et pour la premi\u00e8re fois dans notre barom\u00e8tre, un terme fait son apparition massive : \u00ab d\u00e9motivante \u00bb, mentionn\u00e9 par 44% des professionnels.<\/p>\n\n\n\n<p>La charge de travail \u00e9crase tout. 60% des RH d\u00e9clarent avoir travaill\u00e9 plus qu&rsquo;en 2024. Les directions RH sont en premi\u00e8re ligne : 71% d&rsquo;entre elles constatent une intensification de leur activit\u00e9. C\u00f4t\u00e9 facteurs de stress, <strong>la charge de travail bondit de 16 points en un an <\/strong>pour devenir la pr\u00e9occupation num\u00e9ro un.<\/p>\n\n\n\n<p>R\u00e9sultat pr\u00e9visible : la formation passe \u00e0 la trappe.&nbsp;<\/p>\n\n\n\n<p>Seuls 53% des professionnels RH ont suivi au moins une formation cette ann\u00e9e, contre 55% l&rsquo;an dernier. Dans les grandes entreprises de plus de 200 salari\u00e9s, le recul atteint 10 points. Quand l&rsquo;urgence dicte le quotidien, on sacrifie ce qui semble pouvoir attendre.<\/p>\n\n\n\n<p>Le probl\u00e8me, c&rsquo;est que la profession accueille des profils plut\u00f4t atypiques.<\/p>\n\n\n\n<p>Selon <a href=\"https:\/\/culture-rh.com\/ressources\/infographie_profil_rh_2024.pdf\" target=\"_blank\" rel=\"noreferrer noopener nofollow\">l&rsquo;\u00e9tude Culture RH sur le profil des RH<\/a>, <strong>31% des professionnels RH ne l&rsquo;ont pas \u00e9t\u00e9 toute leur vie<\/strong>. Des reconvertis qui ont d&rsquo;autant plus besoin de monter en comp\u00e9tences sur des sujets qui mutent \u00e0 grande vitesse.&nbsp;<\/p>\n\n\n\n<p>Le calendrier r\u00e9glementaire 2026 ne laisse aucun r\u00e9pit. Et chaque \u00e9ch\u00e9ance impose une m\u00eame logique : les RH doivent monter en comp\u00e9tences EN PREMIER pour pouvoir accompagner le reste de l&rsquo;organisation.<\/p>\n\n\n\n<h2 style=\"color:#D10016\"><strong>2026, l&rsquo;ann\u00e9e o\u00f9 les RH doivent ma\u00eetriser ce qu&rsquo;ils vont devoir d\u00e9ployer<\/strong><\/h2>\n\n\n\n<h3 class=\"wp-block-heading\">7 juin 2026 : la transparence salariale entre en vigueur.<\/h3>\n\n\n\n<p>La directive europ\u00e9enne impose d&rsquo;afficher les salaires dans les offres d&#8217;emploi, d&rsquo;interdire les questions sur l&rsquo;historique de r\u00e9mun\u00e9ration des candidats, et de renforcer le droit \u00e0 l&rsquo;information des collaborateurs sur les \u00e9carts de salaires.<\/p>\n\n\n\n<p>Pour les \u00e9quipes RH, le changement de posture est radical. Fini l&rsquo;opacit\u00e9 confortable. Il faut d\u00e9sormais ma\u00eetriser le reporting BDESE nouvelle version, s&rsquo;approprier les crit\u00e8res objectifs de r\u00e9mun\u00e9ration, savoir animer le dialogue social autour des \u00e9carts salariaux.<\/p>\n\n\n\n<h3 class=\"wp-block-heading\">2 ao\u00fbt 2026 : l&rsquo;IA Act s&rsquo;applique pleinement aux syst\u00e8mes RH \u00e0 haut risque<strong><\/strong><\/h3>\n\n\n\n<p>ATS de recrutement, outils d&rsquo;\u00e9valuation automatis\u00e9e, solutions de matching CV\u2026 Tout ce qui touche \u00e0 l&#8217;emploi ou \u00e0 l&rsquo;\u00e9valuation des collaborateurs devra \u00eatre conforme. Mais avant m\u00eame cette date, <strong>l&rsquo;article 4 du r\u00e8glement impose d\u00e9j\u00e0 une obligation de \u00ab ma\u00eetrise suffisante de l&rsquo;IA \u00bb pour tous les utilisateurs<\/strong>. Les RH sont concern\u00e9s au premier chef.<\/p>\n\n\n\n<h3 class=\"wp-block-heading\">1er octobre 2026 : l&rsquo;entretien professionnel devient entretien de parcours professionnel<strong><\/strong><\/h3>\n\n\n\n<p>Bien plus qu&rsquo;un changement de nom. Cinq th\u00e9matiques deviennent obligatoires, les entretiens de mi-carri\u00e8re et seniors s&rsquo;imposent, la tra\u00e7abilit\u00e9 reste sous haute surveillance. Sanction en cas de manquement : 3 000 euros d&rsquo;abondement CPF par salari\u00e9 l\u00e9s\u00e9.<\/p>\n\n\n\n<p>Quotas dans les instances dirigeantes, emploi des seniors, QVCT\u2026 La liste s&rsquo;allonge. Et le constat s&rsquo;impose : <strong>la mont\u00e9e en comp\u00e9tences des responsables formation eux-m\u00eames devient prioritaire.<\/strong> D&rsquo;ailleurs, les RH en sont conscients. Selon notre enqu\u00eate, 45% citent la ma\u00eetrise des outils technologiques comme comp\u00e9tence \u00e0 d\u00e9velopper, et 48% l&rsquo;agilit\u00e9 organisationnelle. Ils savent ce dont ils ont besoin. Reste \u00e0 leur donner les moyens de l&rsquo;acqu\u00e9rir.<\/p>\n\n\n\n<h2 style=\"color:#D10016\"><strong>Le co\u00fbt cach\u00e9 du \u00ab cordonnier mal chauss\u00e9 \u00bb<\/strong><\/h2>\n\n\n\n<p>Un RH qui ne se forme pas, ce n&rsquo;est pas qu&rsquo;un probl\u00e8me individuel. C&rsquo;est un risque pour toute l&rsquo;organisation.<\/p>\n\n\n\n<p>Risque juridique d&rsquo;abord. Les sanctions ne sont pas th\u00e9oriques. Un entretien de parcours non conforme ? 3 000 euros d&rsquo;abondement CPF par salari\u00e9 concern\u00e9 pour les entreprises de 50 salari\u00e9s et plus. Face \u00e0 ces montants, le co\u00fbt d&rsquo;une formation para\u00eet d\u00e9risoire.<\/p>\n\n\n\n<p>Risque d&rsquo;\u00e9puisement ensuite<strong>.<\/strong> Quand on ne ma\u00eetrise plus son environnement, le stress explose. C&rsquo;est m\u00e9canique. L<strong>es RH qui doivent d\u00e9ployer des dispositifs qu&rsquo;ils ne comprennent pas eux-m\u00eames s&rsquo;\u00e9puisent doublement<\/strong> : par la charge de travail ET par le sentiment d&rsquo;incomp\u00e9tence. Or 93% des professionnels RH d\u00e9clarent d\u00e9j\u00e0 du stress. Combien tiendront si on leur demande d&rsquo;accompagner des transformations qu&rsquo;ils n&rsquo;ont pas eu le temps d&rsquo;apprivoiser ?<\/p>\n\n\n\n<p>Risque de d\u00e9crochage enfin<strong>.<\/strong> Notre barom\u00e8tre r\u00e9v\u00e8le que 21% des RH \u00e9valuent leur motivation entre 0 et 4 sur 10. Plus d&rsquo;un sur cinq fonctionne en mode d\u00e9grad\u00e9. Et 30% s&rsquo;inqui\u00e8tent d\u00e9sormais pour le maintien de leur poste : huit points de plus qu&rsquo;en 2024.<\/p>\n\n\n\n<p>Pourtant, <strong>la formation reste per\u00e7ue comme un levier<\/strong>. 41% des professionnels RH voient dans l&rsquo;acquisition de nouvelles comp\u00e9tences une source d&rsquo;optimisme pour 2026. C&rsquo;est le deuxi\u00e8me facteur cit\u00e9, juste apr\u00e8s la reconnaissance. Le message est limpide : donnez-nous les moyens de progresser, et nous tiendrons. La formation n&rsquo;est pas un luxe. C&rsquo;est un outil de r\u00e9silience.&nbsp;<\/p>\n\n\n\n<p>Et dans une profession o\u00f9 88% placent la reconnaissance comme premier facteur d&rsquo;engagement, investir sur la mont\u00e9e en comp\u00e9tences des \u00e9quipes RH, c&rsquo;est aussi leur envoyer un signal fort.<\/p>\n\n\n\n<article class=\"obj_encart-formation\">\n<div class=\"ctn_encart\">\n<h3>Votre formation sur ce th\u00e8me<\/h3>\n<h2>&nbsp;RESPONSABLE FORMATION&nbsp;: S&rsquo;AFFIRMER DANS SON R\u00d4LE ET RENFORCER SES EXPERTISES&nbsp;<\/h2>\n<h4>2 jours &#8211; \u00c0 distance<\/h4>\n<ul>\n<li><strong>Identifier les enjeux<\/strong> de la fonction de responsable formation.<\/li>\n<li><strong>Construire une politique formation<\/strong> adapt\u00e9e \u00e0 son entreprise.<\/li>\n<li><strong>Progresser dans le pilotage et la gestion financi\u00e8re<\/strong> de la formation, en tenant compte des \u00e9volutions r\u00e9glementaires.<\/li>\n<li><strong>Se positionner<\/strong> en tant que \u00ab\u00a0Responsable Investissement Formation\u00a0\u00bb.<\/li>\n<li><strong>Renforcer sa position aupr\u00e8s des diff\u00e9rents acteurs<\/strong> dans sa relation, le conseil et l&rsquo;accompagnement.<\/li>\n<\/ul>\n<div class=\"ctn_btn\">\n<a class=\"obj_btn\" target=\"_blank\" href=\"https:\/\/www.gereso.com\/MODFOM\" rel=\"noopener\"><span>En savoir plus<\/span><\/a>\n<a class=\"obj_btn\" target=\"_blank\" href=\"https:\/\/www.gereso.com\/client\/programme-pdf\/MODFOM.pdf\" rel=\"noopener\"><span>T\u00e9l\u00e9charger le programme PDF<\/span><\/a>\n<\/div>\n<\/article>\n\n\n\n<h2 style=\"color:#D10016\"><strong>Faire du RH la priorit\u00e9 n\u00b01 du plan de formation<\/strong><\/h2>\n\n\n\n<p>Inverser la logique : voil\u00e0 le d\u00e9fi. Au lieu de construire le plan de d\u00e9veloppement des comp\u00e9tences en pensant d&rsquo;abord aux autres, commencer par soi-m\u00eame. Non par \u00e9go\u00efsme, mais par efficacit\u00e9 : comment accompagner une transformation qu&rsquo;on n&rsquo;a pas soi-m\u00eame int\u00e9gr\u00e9e ?<\/p>\n\n\n\n<p>Concr\u00e8tement, cela suppose d&rsquo;<strong>identifier les comp\u00e9tences critiques pour l&rsquo;\u00e9quipe RH en 2026.<\/strong> Trois axes s&rsquo;imposent : l&rsquo;IA appliqu\u00e9e aux ressources humaines (fonctionnement des syst\u00e8mes, d\u00e9tection des biais, cadre \u00e9thique et juridique), les nouvelles obligations l\u00e9gales (transparence salariale, entretiens de parcours r\u00e9form\u00e9s, conformit\u00e9 QVCT), et la conduite du changement dans un contexte de tensions permanentes.<\/p>\n\n\n\n<p>Cela suppose aussi de sanctuariser du temps. Pas simple quand 60% des RH travaillent d\u00e9j\u00e0 plus qu&rsquo;avant. Mais des formats existent : modules courts, e-learning, co-d\u00e9veloppement entre pairs, webinaires cibl\u00e9s. L&rsquo;essentiel est de bloquer ces cr\u00e9neaux dans l&rsquo;agenda avant que l&rsquo;urgence ne les d\u00e9vore.<\/p>\n\n\n\n<p>Enfin, cela suppose d&rsquo;argumenter aupr\u00e8s de la direction. Le retour sur investissement est documentable : conformit\u00e9 assur\u00e9e, risques juridiques \u00e9vit\u00e9s, engagement des \u00e9quipes RH pr\u00e9serv\u00e9. Quand le co\u00fbt du non-respect d&rsquo;une obligation se chiffre en milliers ( voire en millions) d&rsquo;euros, former ses RH rel\u00e8ve du bon sens \u00e9conomique.<\/p>\n\n\n\n<p>\u00ab On ne peut pas demander aux RH de porter le bien-\u00eatre des autres si personne ne porte le leur. \u00bb Cette phrase issue de <a href=\"https:\/\/www.gereso.com\/enquete-rh\" target=\"_blank\" rel=\"noreferrer noopener\">notre enqu\u00eate annuelle<\/a> vaut aussi pour les comp\u00e9tences.<\/p>\n\n\n\n<p>En 2026, la vraie priorit\u00e9 formation, c&rsquo;est peut-\u00eatre celle qu&rsquo;on oublie syst\u00e9matiquement : vous-m\u00eame !<\/p>\n<p>\u00a0<\/p>\n","protected":false},"excerpt":{"rendered":"<p>Une profession sous tension qui n&rsquo;a plus le temps de se former 93% des professionnels RH ont ressenti du stress au travail en 2025. Parmi eux, plus de la moiti\u00e9 qualifient ce stress de \u00ab tr\u00e8s \u00e9lev\u00e9 \u00bb. Le mot qui revient le plus pour d\u00e9crire l&rsquo;ann\u00e9e \u00e9coul\u00e9e ? \u00ab Exigeante \u00bb, cit\u00e9 par 67% [&hellip;]<\/p>\n","protected":false},"author":32,"featured_media":46012,"comment_status":"open","ping_status":"open","sticky":false,"template":"","format":"standard","meta":{"_acf_changed":false,"_mi_skip_tracking":false,"footnotes":""},"categories":[12,828],"tags":[],"class_list":["post-46004","post","type-post","status-publish","format-standard","has-post-thumbnail","hentry","category-actualites","category-formation-professionnelle"],"acf":[],"yoast_head":"<!-- This site is optimized with the Yoast SEO plugin v23.4 - https:\/\/yoast.com\/wordpress\/plugins\/seo\/ -->\n<title>Et si la priorit\u00e9 formation 2026\u2026 c\u2019\u00e9tait le RH lui-m\u00eame ?\u00a0 - Le Blog GERESO<\/title>\n<meta name=\"robots\" content=\"index, follow, max-snippet:-1, max-image-preview:large, max-video-preview:-1\" \/>\n<link rel=\"canonical\" href=\"https:\/\/www.gereso.com\/actualites\/2026\/01\/27\/priorite-formation-2026-rh\/\" \/>\n<meta property=\"og:locale\" content=\"fr_FR\" \/>\n<meta property=\"og:type\" content=\"article\" \/>\n<meta property=\"og:title\" content=\"Et si la priorit\u00e9 formation 2026\u2026 c\u2019\u00e9tait le RH lui-m\u00eame ?\u00a0 - Le Blog GERESO\" \/>\n<meta property=\"og:description\" content=\"Une profession sous tension qui n&rsquo;a plus le temps de se former 93% des professionnels RH ont ressenti du stress au travail en 2025. Parmi eux, plus de la moiti\u00e9 qualifient ce stress de \u00ab tr\u00e8s \u00e9lev\u00e9 \u00bb. Le mot qui revient le plus pour d\u00e9crire l&rsquo;ann\u00e9e \u00e9coul\u00e9e ? \u00ab Exigeante \u00bb, cit\u00e9 par 67% [&hellip;]\" \/>\n<meta property=\"og:url\" content=\"https:\/\/www.gereso.com\/actualites\/2026\/01\/27\/priorite-formation-2026-rh\/\" \/>\n<meta property=\"og:site_name\" content=\"Le Blog GERESO\" \/>\n<meta property=\"article:published_time\" content=\"2026-01-27T14:11:27+00:00\" \/>\n<meta property=\"article:modified_time\" content=\"2026-01-27T14:11:30+00:00\" \/>\n<meta property=\"og:image\" content=\"https:\/\/www.gereso.com\/actualites\/wp-content\/uploads\/2026\/01\/priorite-formation-2026-rh.jpg\" \/>\n\t<meta property=\"og:image:width\" content=\"600\" \/>\n\t<meta property=\"og:image:height\" content=\"400\" \/>\n\t<meta property=\"og:image:type\" content=\"image\/jpeg\" \/>\n<meta name=\"author\" content=\"\u00c9quipe GERESO\" \/>\n<meta name=\"twitter:card\" content=\"summary_large_image\" \/>\n<script type=\"application\/ld+json\" class=\"yoast-schema-graph\">{\"@context\":\"https:\/\/schema.org\",\"@graph\":[{\"@type\":\"WebPage\",\"@id\":\"https:\/\/www.gereso.com\/actualites\/2026\/01\/27\/priorite-formation-2026-rh\/\",\"url\":\"https:\/\/www.gereso.com\/actualites\/2026\/01\/27\/priorite-formation-2026-rh\/\",\"name\":\"Et si la priorit\u00e9 formation 2026\u2026 c\u2019\u00e9tait le RH lui-m\u00eame ?\u00a0 - Le Blog GERESO\",\"isPartOf\":{\"@id\":\"https:\/\/www.gereso.com\/actualites\/#website\"},\"primaryImageOfPage\":{\"@id\":\"https:\/\/www.gereso.com\/actualites\/2026\/01\/27\/priorite-formation-2026-rh\/#primaryimage\"},\"image\":{\"@id\":\"https:\/\/www.gereso.com\/actualites\/2026\/01\/27\/priorite-formation-2026-rh\/#primaryimage\"},\"thumbnailUrl\":\"https:\/\/www.gereso.com\/actualites\/wp-content\/uploads\/2026\/01\/priorite-formation-2026-rh.jpg\",\"datePublished\":\"2026-01-27T14:11:27+00:00\",\"dateModified\":\"2026-01-27T14:11:30+00:00\",\"author\":{\"@id\":\"https:\/\/www.gereso.com\/actualites\/#\/schema\/person\/197d8aef40cb4ae3f6a0aa9e1d3df2a6\"},\"breadcrumb\":{\"@id\":\"https:\/\/www.gereso.com\/actualites\/2026\/01\/27\/priorite-formation-2026-rh\/#breadcrumb\"},\"inLanguage\":\"fr-FR\",\"potentialAction\":[{\"@type\":\"ReadAction\",\"target\":[\"https:\/\/www.gereso.com\/actualites\/2026\/01\/27\/priorite-formation-2026-rh\/\"]}]},{\"@type\":\"ImageObject\",\"inLanguage\":\"fr-FR\",\"@id\":\"https:\/\/www.gereso.com\/actualites\/2026\/01\/27\/priorite-formation-2026-rh\/#primaryimage\",\"url\":\"https:\/\/www.gereso.com\/actualites\/wp-content\/uploads\/2026\/01\/priorite-formation-2026-rh.jpg\",\"contentUrl\":\"https:\/\/www.gereso.com\/actualites\/wp-content\/uploads\/2026\/01\/priorite-formation-2026-rh.jpg\",\"width\":600,\"height\":400,\"caption\":\"En 2026, les RH ne peuvent plus former les autres sans se former eux-m\u00eames.\"},{\"@type\":\"BreadcrumbList\",\"@id\":\"https:\/\/www.gereso.com\/actualites\/2026\/01\/27\/priorite-formation-2026-rh\/#breadcrumb\",\"itemListElement\":[{\"@type\":\"ListItem\",\"position\":1,\"name\":\"Home\",\"item\":\"https:\/\/www.gereso.com\/actualites\/\"},{\"@type\":\"ListItem\",\"position\":2,\"name\":\"Et si la priorit\u00e9 formation 2026\u2026 c\u2019\u00e9tait le RH lui-m\u00eame ?\u00a0\"}]},{\"@type\":\"WebSite\",\"@id\":\"https:\/\/www.gereso.com\/actualites\/#website\",\"url\":\"https:\/\/www.gereso.com\/actualites\/\",\"name\":\"Le Blog GERESO\",\"description\":\"Toute l&#039;actu RH, Finance, Fonction Publique, Management...\",\"potentialAction\":[{\"@type\":\"SearchAction\",\"target\":{\"@type\":\"EntryPoint\",\"urlTemplate\":\"https:\/\/www.gereso.com\/actualites\/?s={search_term_string}\"},\"query-input\":{\"@type\":\"PropertyValueSpecification\",\"valueRequired\":true,\"valueName\":\"search_term_string\"}}],\"inLanguage\":\"fr-FR\"},{\"@type\":\"Person\",\"@id\":\"https:\/\/www.gereso.com\/actualites\/#\/schema\/person\/197d8aef40cb4ae3f6a0aa9e1d3df2a6\",\"name\":\"\u00c9quipe GERESO\",\"image\":{\"@type\":\"ImageObject\",\"inLanguage\":\"fr-FR\",\"@id\":\"https:\/\/www.gereso.com\/actualites\/#\/schema\/person\/image\/\",\"url\":\"https:\/\/www.gereso.com\/actualites\/wp-content\/uploads\/2013\/12\/avatar-gereso-1.png\",\"contentUrl\":\"https:\/\/www.gereso.com\/actualites\/wp-content\/uploads\/2013\/12\/avatar-gereso-1.png\",\"caption\":\"\u00c9quipe GERESO\"},\"url\":\"https:\/\/www.gereso.com\/actualites\/author\/gereso\/\"}]}<\/script>\n<!-- \/ Yoast SEO plugin. -->","yoast_head_json":{"title":"Et si la priorit\u00e9 formation 2026\u2026 c\u2019\u00e9tait le RH lui-m\u00eame ?\u00a0 - Le Blog GERESO","robots":{"index":"index","follow":"follow","max-snippet":"max-snippet:-1","max-image-preview":"max-image-preview:large","max-video-preview":"max-video-preview:-1"},"canonical":"https:\/\/www.gereso.com\/actualites\/2026\/01\/27\/priorite-formation-2026-rh\/","og_locale":"fr_FR","og_type":"article","og_title":"Et si la priorit\u00e9 formation 2026\u2026 c\u2019\u00e9tait le RH lui-m\u00eame ?\u00a0 - Le Blog GERESO","og_description":"Une profession sous tension qui n&rsquo;a plus le temps de se former 93% des professionnels RH ont ressenti du stress au travail en 2025. Parmi eux, plus de la moiti\u00e9 qualifient ce stress de \u00ab tr\u00e8s \u00e9lev\u00e9 \u00bb. Le mot qui revient le plus pour d\u00e9crire l&rsquo;ann\u00e9e \u00e9coul\u00e9e ? \u00ab Exigeante \u00bb, cit\u00e9 par 67% [&hellip;]","og_url":"https:\/\/www.gereso.com\/actualites\/2026\/01\/27\/priorite-formation-2026-rh\/","og_site_name":"Le Blog GERESO","article_published_time":"2026-01-27T14:11:27+00:00","article_modified_time":"2026-01-27T14:11:30+00:00","og_image":[{"width":600,"height":400,"url":"https:\/\/www.gereso.com\/actualites\/wp-content\/uploads\/2026\/01\/priorite-formation-2026-rh.jpg","type":"image\/jpeg"}],"author":"\u00c9quipe GERESO","twitter_card":"summary_large_image","schema":{"@context":"https:\/\/schema.org","@graph":[{"@type":"WebPage","@id":"https:\/\/www.gereso.com\/actualites\/2026\/01\/27\/priorite-formation-2026-rh\/","url":"https:\/\/www.gereso.com\/actualites\/2026\/01\/27\/priorite-formation-2026-rh\/","name":"Et si la priorit\u00e9 formation 2026\u2026 c\u2019\u00e9tait le RH lui-m\u00eame ?\u00a0 - Le Blog GERESO","isPartOf":{"@id":"https:\/\/www.gereso.com\/actualites\/#website"},"primaryImageOfPage":{"@id":"https:\/\/www.gereso.com\/actualites\/2026\/01\/27\/priorite-formation-2026-rh\/#primaryimage"},"image":{"@id":"https:\/\/www.gereso.com\/actualites\/2026\/01\/27\/priorite-formation-2026-rh\/#primaryimage"},"thumbnailUrl":"https:\/\/www.gereso.com\/actualites\/wp-content\/uploads\/2026\/01\/priorite-formation-2026-rh.jpg","datePublished":"2026-01-27T14:11:27+00:00","dateModified":"2026-01-27T14:11:30+00:00","author":{"@id":"https:\/\/www.gereso.com\/actualites\/#\/schema\/person\/197d8aef40cb4ae3f6a0aa9e1d3df2a6"},"breadcrumb":{"@id":"https:\/\/www.gereso.com\/actualites\/2026\/01\/27\/priorite-formation-2026-rh\/#breadcrumb"},"inLanguage":"fr-FR","potentialAction":[{"@type":"ReadAction","target":["https:\/\/www.gereso.com\/actualites\/2026\/01\/27\/priorite-formation-2026-rh\/"]}]},{"@type":"ImageObject","inLanguage":"fr-FR","@id":"https:\/\/www.gereso.com\/actualites\/2026\/01\/27\/priorite-formation-2026-rh\/#primaryimage","url":"https:\/\/www.gereso.com\/actualites\/wp-content\/uploads\/2026\/01\/priorite-formation-2026-rh.jpg","contentUrl":"https:\/\/www.gereso.com\/actualites\/wp-content\/uploads\/2026\/01\/priorite-formation-2026-rh.jpg","width":600,"height":400,"caption":"En 2026, les RH ne peuvent plus former les autres sans se former eux-m\u00eames."},{"@type":"BreadcrumbList","@id":"https:\/\/www.gereso.com\/actualites\/2026\/01\/27\/priorite-formation-2026-rh\/#breadcrumb","itemListElement":[{"@type":"ListItem","position":1,"name":"Home","item":"https:\/\/www.gereso.com\/actualites\/"},{"@type":"ListItem","position":2,"name":"Et si la priorit\u00e9 formation 2026\u2026 c\u2019\u00e9tait le RH lui-m\u00eame ?\u00a0"}]},{"@type":"WebSite","@id":"https:\/\/www.gereso.com\/actualites\/#website","url":"https:\/\/www.gereso.com\/actualites\/","name":"Le Blog GERESO","description":"Toute l&#039;actu RH, Finance, Fonction Publique, Management...","potentialAction":[{"@type":"SearchAction","target":{"@type":"EntryPoint","urlTemplate":"https:\/\/www.gereso.com\/actualites\/?s={search_term_string}"},"query-input":{"@type":"PropertyValueSpecification","valueRequired":true,"valueName":"search_term_string"}}],"inLanguage":"fr-FR"},{"@type":"Person","@id":"https:\/\/www.gereso.com\/actualites\/#\/schema\/person\/197d8aef40cb4ae3f6a0aa9e1d3df2a6","name":"\u00c9quipe GERESO","image":{"@type":"ImageObject","inLanguage":"fr-FR","@id":"https:\/\/www.gereso.com\/actualites\/#\/schema\/person\/image\/","url":"https:\/\/www.gereso.com\/actualites\/wp-content\/uploads\/2013\/12\/avatar-gereso-1.png","contentUrl":"https:\/\/www.gereso.com\/actualites\/wp-content\/uploads\/2013\/12\/avatar-gereso-1.png","caption":"\u00c9quipe GERESO"},"url":"https:\/\/www.gereso.com\/actualites\/author\/gereso\/"}]}},"_links":{"self":[{"href":"https:\/\/www.gereso.com\/actualites\/wp-json\/wp\/v2\/posts\/46004","targetHints":{"allow":["GET"]}}],"collection":[{"href":"https:\/\/www.gereso.com\/actualites\/wp-json\/wp\/v2\/posts"}],"about":[{"href":"https:\/\/www.gereso.com\/actualites\/wp-json\/wp\/v2\/types\/post"}],"author":[{"embeddable":true,"href":"https:\/\/www.gereso.com\/actualites\/wp-json\/wp\/v2\/users\/32"}],"replies":[{"embeddable":true,"href":"https:\/\/www.gereso.com\/actualites\/wp-json\/wp\/v2\/comments?post=46004"}],"version-history":[{"count":7,"href":"https:\/\/www.gereso.com\/actualites\/wp-json\/wp\/v2\/posts\/46004\/revisions"}],"predecessor-version":[{"id":46013,"href":"https:\/\/www.gereso.com\/actualites\/wp-json\/wp\/v2\/posts\/46004\/revisions\/46013"}],"wp:featuredmedia":[{"embeddable":true,"href":"https:\/\/www.gereso.com\/actualites\/wp-json\/wp\/v2\/media\/46012"}],"wp:attachment":[{"href":"https:\/\/www.gereso.com\/actualites\/wp-json\/wp\/v2\/media?parent=46004"}],"wp:term":[{"taxonomy":"category","embeddable":true,"href":"https:\/\/www.gereso.com\/actualites\/wp-json\/wp\/v2\/categories?post=46004"},{"taxonomy":"post_tag","embeddable":true,"href":"https:\/\/www.gereso.com\/actualites\/wp-json\/wp\/v2\/tags?post=46004"}],"curies":[{"name":"wp","href":"https:\/\/api.w.org\/{rel}","templated":true}]}}