{"id":46591,"date":"2026-04-27T09:03:16","date_gmt":"2026-04-27T07:03:16","guid":{"rendered":"https:\/\/www.gereso.com\/actualites\/?p=46591"},"modified":"2026-04-27T09:03:19","modified_gmt":"2026-04-27T07:03:19","slug":"webinaire-realiser-consolidation-simplement-excel","status":"publish","type":"post","link":"https:\/\/www.gereso.com\/actualites\/2026\/04\/27\/webinaire-realiser-consolidation-simplement-excel\/","title":{"rendered":"Webinaire \u00ab R\u00e9aliser sa consolidation simplement sous Excel : une approche pragmatique en normes fran\u00e7aises (ANC 2020-01) \u00bb"},"content":{"rendered":"\n<h2>D\u00e9tails de la conf\u00e9rence&nbsp;:<\/h2>\n<h3 class=\"section-title\"><span class=\"title-inner\" data-animation=\"fadeInRight\" data-animation-delay=\"500\">DATE&nbsp;:<\/span><\/h3>\n<p>Vendredi 24 avril 2026 de 10h30 \u00e0 11h30<\/p>\n<h3 class=\"section-title\"><span class=\"title-inner\" data-animation=\"fadeInRight\" data-animation-delay=\"500\">R\u00c9SUM\u00c9&nbsp;:<\/span><\/h3>\n\n\n<p>Votre groupe doit produire des <strong>comptes consolid\u00e9s<\/strong> en <strong>normes fran\u00e7aises<\/strong>, mais vous recherchez une approche plus simple, plus lisible et plus adapt\u00e9e \u00e0 votre organisation ?<\/p>\n\n<p>Dans ce webinaire, Fr\u00e9d\u00e9ric Petit pr\u00e9sentera une m\u00e9thode pragmatique pour r\u00e9aliser sa consolidation sous Excel, dans le respect du r\u00e8glement ANC 2020-01.<\/p>\n\n<p>L&rsquo;objectif : montrer comment structurer un processus de consolidation fiable, compr\u00e9hensible et ma\u00eetris\u00e9, sans mettre en place un dispositif plus complexe que n\u00e9cessaire.<\/p>\n\n<h3 class=\"section-title\"><span class=\"title-inner\" data-animation=\"fadeInRight\" data-animation-delay=\"500\">PROGRAMME&nbsp;:<\/span><\/h3>\n<ul>\n<li>les conditions pour consolider efficacement sous Excel<\/li>\n<li>les \u00e9tapes cl\u00e9s pour structurer son processus de consolidation<\/li>\n<li>les bonnes pratiques pour fiabiliser les retraitements, \u00e9liminations et contr\u00f4les<\/li>\n<li>les points de vigilance pour s\u00e9curiser sa d\u00e9marche<\/li>\n<li>dans quels cas Excel constitue une solution pertinente pour produire ses comptes consolid\u00e9s<\/li>\n\n<\/ul>\n\n<h3 class=\"section-title\"><span class=\"title-inner\" data-animation=\"fadeInRight\" data-animation-delay=\"500\">INTERVENANT&nbsp;:<\/span><\/h3>\n<p><strong>Fr\u00e9d\u00e9ric Petit<\/strong> est consultant chez FinHarmony x GERESO. Expert financier avec plus de\u00a030 ans d\u2019exp\u00e9rience, il accompagne depuis\u00a02008 les entreprises en tant que consultant et formateur, avec une expertise reconnue en consolidation, IFRS, pilotage de la performance et finance d\u2019entreprise.<\/p>\n\n\n\n<h3 class=\"section-title\"><span class=\"title-inner\" data-animation=\"fadeInRight\" data-animation-delay=\"500\">WEBINAIRE&nbsp;:<\/span><\/h3>\n<h4>Replay du webinaire&nbsp;: \u00ab\u00a0R\u00e9aliser sa consolidation simplement sous Excel : une approche pragmatique en normes fran\u00e7aises\u00a0\u00bb&nbsp;:<\/h4>\n\n\n\n<figure class=\"wp-block-embed is-type-video is-provider-youtube wp-block-embed-youtube wp-embed-aspect-16-9 wp-has-aspect-ratio\"><div class=\"wp-block-embed__wrapper\">\n<iframe title=\"WEBINAIRE - R\u00e9aliser sa consolidation simplement sous Excel - Fr\u00e9d\u00e9ric Petit\" width=\"644\" height=\"362\" src=\"https:\/\/www.youtube.com\/embed\/CUrGEsTqauc?feature=oembed\" frameborder=\"0\" allow=\"accelerometer; autoplay; clipboard-write; encrypted-media; gyroscope; picture-in-picture; web-share\" referrerpolicy=\"strict-origin-when-cross-origin\" allowfullscreen><\/iframe>\n<\/div><\/figure>\n\n\n\n<h3 class=\"section-title\"><span class=\"title-inner\" data-animation=\"fadeInRight\" data-animation-delay=\"500\">DOCUMENT&nbsp;:<\/span><\/h3>\n\n\n\n\n\n<div data-wp-interactive=\"core\/file\" class=\"wp-block-file\"><object data-wp-bind--hidden=\"!state.hasPdfPreview\" hidden class=\"wp-block-file__embed\" data=\"https:\/\/www.gereso.com\/actualites\/wp-content\/uploads\/2026\/04\/Webinaire-Consolidation-Excel.pdf\" type=\"application\/pdf\" style=\"width:100%;height:600px\" aria-label=\"Contenu embarqu\u00e9 Webinaire-Consolidation Excel.\"><\/object><a id=\"wp-block-file--media-ee8a3841-4489-442e-9dd9-b8fcf9922123\" href=\"https:\/\/www.gereso.com\/actualites\/wp-content\/uploads\/2026\/04\/Webinaire-Consolidation-Excel.pdf\">Webinaire-Consolidation Excel<\/a><a href=\"https:\/\/www.gereso.com\/actualites\/wp-content\/uploads\/2026\/04\/Webinaire-Consolidation-Excel.pdf\" class=\"wp-block-file__button wp-element-button\" download aria-describedby=\"wp-block-file--media-ee8a3841-4489-442e-9dd9-b8fcf9922123\">T\u00e9l\u00e9charger<\/a><\/div>\n\n\n","protected":false},"excerpt":{"rendered":"<p>D\u00e9tails de la conf\u00e9rence&nbsp;: DATE&nbsp;: Vendredi 24 avril 2026 de 10h30 \u00e0 11h30 R\u00c9SUM\u00c9&nbsp;: Votre groupe doit produire des comptes consolid\u00e9s en normes fran\u00e7aises, mais vous recherchez une approche plus simple, plus lisible et plus adapt\u00e9e \u00e0 votre organisation ? Dans ce webinaire, Fr\u00e9d\u00e9ric Petit pr\u00e9sentera une m\u00e9thode pragmatique pour r\u00e9aliser sa consolidation sous Excel, [&hellip;]<\/p>\n","protected":false},"author":32,"featured_media":0,"comment_status":"open","ping_status":"open","sticky":false,"template":"","format":"standard","meta":{"_acf_changed":false,"_mi_skip_tracking":false,"footnotes":""},"categories":[12,3],"tags":[],"class_list":["post-46591","post","type-post","status-publish","format-standard","hentry","category-actualites","category-comptabilite-fiscalite-et-gestion-financiere"],"acf":[],"yoast_head":"<!-- This site is optimized with the Yoast SEO plugin v23.4 - https:\/\/yoast.com\/wordpress\/plugins\/seo\/ -->\n<title>Webinaire \u00ab R\u00e9aliser sa consolidation simplement sous Excel : une approche pragmatique en normes fran\u00e7aises (ANC 2020-01) \u00bb - Le Blog GERESO<\/title>\n<meta name=\"robots\" content=\"index, follow, max-snippet:-1, max-image-preview:large, max-video-preview:-1\" \/>\n<link rel=\"canonical\" href=\"https:\/\/www.gereso.com\/actualites\/2026\/04\/27\/webinaire-realiser-consolidation-simplement-excel\/\" \/>\n<meta property=\"og:locale\" content=\"fr_FR\" \/>\n<meta property=\"og:type\" content=\"article\" \/>\n<meta property=\"og:title\" content=\"Webinaire \u00ab R\u00e9aliser sa consolidation simplement sous Excel : une approche pragmatique en normes fran\u00e7aises (ANC 2020-01) \u00bb - Le Blog GERESO\" \/>\n<meta property=\"og:description\" content=\"D\u00e9tails de la conf\u00e9rence&nbsp;: DATE&nbsp;: Vendredi 24 avril 2026 de 10h30 \u00e0 11h30 R\u00c9SUM\u00c9&nbsp;: Votre groupe doit produire des comptes consolid\u00e9s en normes fran\u00e7aises, mais vous recherchez une approche plus simple, plus lisible et plus adapt\u00e9e \u00e0 votre organisation ? Dans ce webinaire, Fr\u00e9d\u00e9ric Petit pr\u00e9sentera une m\u00e9thode pragmatique pour r\u00e9aliser sa consolidation sous Excel, [&hellip;]\" \/>\n<meta property=\"og:url\" content=\"https:\/\/www.gereso.com\/actualites\/2026\/04\/27\/webinaire-realiser-consolidation-simplement-excel\/\" \/>\n<meta property=\"og:site_name\" content=\"Le Blog GERESO\" \/>\n<meta property=\"article:published_time\" content=\"2026-04-27T07:03:16+00:00\" \/>\n<meta property=\"article:modified_time\" content=\"2026-04-27T07:03:19+00:00\" \/>\n<meta name=\"author\" content=\"\u00c9quipe GERESO\" \/>\n<meta name=\"twitter:card\" content=\"summary_large_image\" \/>\n<script type=\"application\/ld+json\" class=\"yoast-schema-graph\">{\"@context\":\"https:\/\/schema.org\",\"@graph\":[{\"@type\":\"WebPage\",\"@id\":\"https:\/\/www.gereso.com\/actualites\/2026\/04\/27\/webinaire-realiser-consolidation-simplement-excel\/\",\"url\":\"https:\/\/www.gereso.com\/actualites\/2026\/04\/27\/webinaire-realiser-consolidation-simplement-excel\/\",\"name\":\"Webinaire \u00ab R\u00e9aliser sa consolidation simplement sous Excel : une approche pragmatique en normes fran\u00e7aises (ANC 2020-01) \u00bb - Le Blog GERESO\",\"isPartOf\":{\"@id\":\"https:\/\/www.gereso.com\/actualites\/#website\"},\"datePublished\":\"2026-04-27T07:03:16+00:00\",\"dateModified\":\"2026-04-27T07:03:19+00:00\",\"author\":{\"@id\":\"https:\/\/www.gereso.com\/actualites\/#\/schema\/person\/197d8aef40cb4ae3f6a0aa9e1d3df2a6\"},\"breadcrumb\":{\"@id\":\"https:\/\/www.gereso.com\/actualites\/2026\/04\/27\/webinaire-realiser-consolidation-simplement-excel\/#breadcrumb\"},\"inLanguage\":\"fr-FR\",\"potentialAction\":[{\"@type\":\"ReadAction\",\"target\":[\"https:\/\/www.gereso.com\/actualites\/2026\/04\/27\/webinaire-realiser-consolidation-simplement-excel\/\"]}]},{\"@type\":\"BreadcrumbList\",\"@id\":\"https:\/\/www.gereso.com\/actualites\/2026\/04\/27\/webinaire-realiser-consolidation-simplement-excel\/#breadcrumb\",\"itemListElement\":[{\"@type\":\"ListItem\",\"position\":1,\"name\":\"Home\",\"item\":\"https:\/\/www.gereso.com\/actualites\/\"},{\"@type\":\"ListItem\",\"position\":2,\"name\":\"Webinaire \u00ab R\u00e9aliser sa consolidation simplement sous Excel : une approche pragmatique en normes fran\u00e7aises (ANC 2020-01) \u00bb\"}]},{\"@type\":\"WebSite\",\"@id\":\"https:\/\/www.gereso.com\/actualites\/#website\",\"url\":\"https:\/\/www.gereso.com\/actualites\/\",\"name\":\"Le Blog GERESO\",\"description\":\"Toute l&#039;actu RH, Finance, Fonction Publique, Management...\",\"potentialAction\":[{\"@type\":\"SearchAction\",\"target\":{\"@type\":\"EntryPoint\",\"urlTemplate\":\"https:\/\/www.gereso.com\/actualites\/?s={search_term_string}\"},\"query-input\":{\"@type\":\"PropertyValueSpecification\",\"valueRequired\":true,\"valueName\":\"search_term_string\"}}],\"inLanguage\":\"fr-FR\"},{\"@type\":\"Person\",\"@id\":\"https:\/\/www.gereso.com\/actualites\/#\/schema\/person\/197d8aef40cb4ae3f6a0aa9e1d3df2a6\",\"name\":\"\u00c9quipe GERESO\",\"image\":{\"@type\":\"ImageObject\",\"inLanguage\":\"fr-FR\",\"@id\":\"https:\/\/www.gereso.com\/actualites\/#\/schema\/person\/image\/\",\"url\":\"https:\/\/www.gereso.com\/actualites\/wp-content\/uploads\/2013\/12\/avatar-gereso-1.png\",\"contentUrl\":\"https:\/\/www.gereso.com\/actualites\/wp-content\/uploads\/2013\/12\/avatar-gereso-1.png\",\"caption\":\"\u00c9quipe GERESO\"},\"url\":\"https:\/\/www.gereso.com\/actualites\/author\/gereso\/\"}]}<\/script>\n<!-- \/ Yoast SEO plugin. -->","yoast_head_json":{"title":"Webinaire \u00ab R\u00e9aliser sa consolidation simplement sous Excel : une approche pragmatique en normes fran\u00e7aises (ANC 2020-01) \u00bb - Le Blog GERESO","robots":{"index":"index","follow":"follow","max-snippet":"max-snippet:-1","max-image-preview":"max-image-preview:large","max-video-preview":"max-video-preview:-1"},"canonical":"https:\/\/www.gereso.com\/actualites\/2026\/04\/27\/webinaire-realiser-consolidation-simplement-excel\/","og_locale":"fr_FR","og_type":"article","og_title":"Webinaire \u00ab R\u00e9aliser sa consolidation simplement sous Excel : une approche pragmatique en normes fran\u00e7aises (ANC 2020-01) \u00bb - Le Blog GERESO","og_description":"D\u00e9tails de la conf\u00e9rence&nbsp;: DATE&nbsp;: Vendredi 24 avril 2026 de 10h30 \u00e0 11h30 R\u00c9SUM\u00c9&nbsp;: Votre groupe doit produire des comptes consolid\u00e9s en normes fran\u00e7aises, mais vous recherchez une approche plus simple, plus lisible et plus adapt\u00e9e \u00e0 votre organisation ? Dans ce webinaire, Fr\u00e9d\u00e9ric Petit pr\u00e9sentera une m\u00e9thode pragmatique pour r\u00e9aliser sa consolidation sous Excel, [&hellip;]","og_url":"https:\/\/www.gereso.com\/actualites\/2026\/04\/27\/webinaire-realiser-consolidation-simplement-excel\/","og_site_name":"Le Blog GERESO","article_published_time":"2026-04-27T07:03:16+00:00","article_modified_time":"2026-04-27T07:03:19+00:00","author":"\u00c9quipe GERESO","twitter_card":"summary_large_image","schema":{"@context":"https:\/\/schema.org","@graph":[{"@type":"WebPage","@id":"https:\/\/www.gereso.com\/actualites\/2026\/04\/27\/webinaire-realiser-consolidation-simplement-excel\/","url":"https:\/\/www.gereso.com\/actualites\/2026\/04\/27\/webinaire-realiser-consolidation-simplement-excel\/","name":"Webinaire \u00ab R\u00e9aliser sa consolidation simplement sous Excel : une approche pragmatique en normes fran\u00e7aises (ANC 2020-01) \u00bb - Le Blog GERESO","isPartOf":{"@id":"https:\/\/www.gereso.com\/actualites\/#website"},"datePublished":"2026-04-27T07:03:16+00:00","dateModified":"2026-04-27T07:03:19+00:00","author":{"@id":"https:\/\/www.gereso.com\/actualites\/#\/schema\/person\/197d8aef40cb4ae3f6a0aa9e1d3df2a6"},"breadcrumb":{"@id":"https:\/\/www.gereso.com\/actualites\/2026\/04\/27\/webinaire-realiser-consolidation-simplement-excel\/#breadcrumb"},"inLanguage":"fr-FR","potentialAction":[{"@type":"ReadAction","target":["https:\/\/www.gereso.com\/actualites\/2026\/04\/27\/webinaire-realiser-consolidation-simplement-excel\/"]}]},{"@type":"BreadcrumbList","@id":"https:\/\/www.gereso.com\/actualites\/2026\/04\/27\/webinaire-realiser-consolidation-simplement-excel\/#breadcrumb","itemListElement":[{"@type":"ListItem","position":1,"name":"Home","item":"https:\/\/www.gereso.com\/actualites\/"},{"@type":"ListItem","position":2,"name":"Webinaire \u00ab R\u00e9aliser sa consolidation simplement sous Excel : une approche pragmatique en normes fran\u00e7aises (ANC 2020-01) \u00bb"}]},{"@type":"WebSite","@id":"https:\/\/www.gereso.com\/actualites\/#website","url":"https:\/\/www.gereso.com\/actualites\/","name":"Le Blog GERESO","description":"Toute l&#039;actu RH, Finance, Fonction Publique, Management...","potentialAction":[{"@type":"SearchAction","target":{"@type":"EntryPoint","urlTemplate":"https:\/\/www.gereso.com\/actualites\/?s={search_term_string}"},"query-input":{"@type":"PropertyValueSpecification","valueRequired":true,"valueName":"search_term_string"}}],"inLanguage":"fr-FR"},{"@type":"Person","@id":"https:\/\/www.gereso.com\/actualites\/#\/schema\/person\/197d8aef40cb4ae3f6a0aa9e1d3df2a6","name":"\u00c9quipe GERESO","image":{"@type":"ImageObject","inLanguage":"fr-FR","@id":"https:\/\/www.gereso.com\/actualites\/#\/schema\/person\/image\/","url":"https:\/\/www.gereso.com\/actualites\/wp-content\/uploads\/2013\/12\/avatar-gereso-1.png","contentUrl":"https:\/\/www.gereso.com\/actualites\/wp-content\/uploads\/2013\/12\/avatar-gereso-1.png","caption":"\u00c9quipe GERESO"},"url":"https:\/\/www.gereso.com\/actualites\/author\/gereso\/"}]}},"_links":{"self":[{"href":"https:\/\/www.gereso.com\/actualites\/wp-json\/wp\/v2\/posts\/46591","targetHints":{"allow":["GET"]}}],"collection":[{"href":"https:\/\/www.gereso.com\/actualites\/wp-json\/wp\/v2\/posts"}],"about":[{"href":"https:\/\/www.gereso.com\/actualites\/wp-json\/wp\/v2\/types\/post"}],"author":[{"embeddable":true,"href":"https:\/\/www.gereso.com\/actualites\/wp-json\/wp\/v2\/users\/32"}],"replies":[{"embeddable":true,"href":"https:\/\/www.gereso.com\/actualites\/wp-json\/wp\/v2\/comments?post=46591"}],"version-history":[{"count":7,"href":"https:\/\/www.gereso.com\/actualites\/wp-json\/wp\/v2\/posts\/46591\/revisions"}],"predecessor-version":[{"id":46602,"href":"https:\/\/www.gereso.com\/actualites\/wp-json\/wp\/v2\/posts\/46591\/revisions\/46602"}],"wp:attachment":[{"href":"https:\/\/www.gereso.com\/actualites\/wp-json\/wp\/v2\/media?parent=46591"}],"wp:term":[{"taxonomy":"category","embeddable":true,"href":"https:\/\/www.gereso.com\/actualites\/wp-json\/wp\/v2\/categories?post=46591"},{"taxonomy":"post_tag","embeddable":true,"href":"https:\/\/www.gereso.com\/actualites\/wp-json\/wp\/v2\/tags?post=46591"}],"curies":[{"name":"wp","href":"https:\/\/api.w.org\/{rel}","templated":true}]}}