{"id":46609,"date":"2026-04-29T09:42:24","date_gmt":"2026-04-29T07:42:24","guid":{"rendered":"https:\/\/www.gereso.com\/actualites\/?p=46609"},"modified":"2026-04-29T09:42:26","modified_gmt":"2026-04-29T07:42:26","slug":"transparence-salariale-offre-emploi","status":"publish","type":"post","link":"https:\/\/www.gereso.com\/actualites\/2026\/04\/29\/transparence-salariale-offre-emploi\/","title":{"rendered":"Transparence salariale : construire une fourchette d\u2019offre d\u2019emploi sans se pi\u00e9ger"},"content":{"rendered":"\n<p>Le calendrier de transposition de la directive europ\u00e9enne 2023\/970 prend du retard c\u00f4t\u00e9 fran\u00e7ais. Le projet de loi n&rsquo;a \u00e9t\u00e9 transmis aux partenaires sociaux qu&rsquo;en mars 2026, l&rsquo;examen parlementaire ne d\u00e9butera pas avant la rentr\u00e9e, et l<strong>&lsquo;entr\u00e9e en vigueur effective des principales obligations est d\u00e9sormais attendue autour de l&rsquo;\u00e9t\u00e9 2027<\/strong>.&nbsp;<\/p>\n\n\n\n<p>Sauf que vos candidats, eux, n&rsquo;attendent pas. <strong>Les offres qui affichent une r\u00e9mun\u00e9ration r\u00e9coltent 7,8 % de candidatures suppl\u00e9mentaires<\/strong> selon Figures, filtrent les profils hors budget en amont, et envoient un signal de structuration RH que vos concurrents int\u00e8grent d\u00e9j\u00e0.<\/p>\n\n\n\n<p>Reste une question :<\/p>\n\n\n\n<p>Comment construire une fourchette qui attire les bons profils sans devenir un pi\u00e8ge pour la suite ?&nbsp;<\/p>\n\n\n\n<p>Parce que mal calibr\u00e9e, mal align\u00e9e avec l&rsquo;interne, mal d\u00e9fendue par les managers, une fourchette publi\u00e9e peut se retourner contre l&rsquo;entreprise bien plus vite qu&rsquo;elle ne l&rsquo;aura fait gagner !<\/p>\n\n\n\n<H2 style=\"color:#D10016\">Attendre la loi fran\u00e7aise ? un pari de plus en plus co\u00fbteux\u00a0<\/H2>\n\n\n\n<p>Sur le papier, la tentation est compr\u00e9hensible : pourquoi se pr\u00e9cipiter tant que le texte fran\u00e7ais n&rsquo;est pas vot\u00e9 ? La r\u00e9alit\u00e9, elle, est plus inconfortable.<strong> Le projet de loi de transposition ne sera examin\u00e9 \u00e0 l&rsquo;Assembl\u00e9e nationale qu&rsquo;\u00e0 partir de septembre 2026<\/strong>, pour une adoption vis\u00e9e fin 2026 ou d\u00e9but 2027 et une entr\u00e9e en vigueur effective autour de l&rsquo;\u00e9t\u00e9 2027. Plus d&rsquo;un an de flottement annonc\u00e9.<\/p>\n\n\n\n<p>Sauf que la directive europ\u00e9enne, elle, devient juridiquement opposable le 7 juin 2026. Plusieurs juristes alertent sur le risque que le juge fran\u00e7ais applique directement le droit communautaire d\u00e8s cette date, ind\u00e9pendamment du calendrier national. L&rsquo;affichage de la r\u00e9mun\u00e9ration dans les offres d&#8217;emploi en fait partie.<\/p>\n\n\n\n<p>Mais le vrai sujet est concurrentiel.&nbsp;<\/p>\n\n\n\n<p>Pendant que vous h\u00e9sitez, vos concurrents structurent leurs grilles, refondent leurs annonces, et forment leurs recruteurs au <a href=\"https:\/\/www.gereso.com\/actualites\/2026\/02\/23\/transparence-salariale-2026-competences-former-priorite-rh-managers\/\" target=\"_blank\" rel=\"noreferrer noopener\">nouveau langage de la transparence salariale<\/a>.<\/p>\n\n\n\n<p>Sur un march\u00e9 o\u00f9 les meilleurs profils consultent plusieurs offres en parall\u00e8le, l&rsquo;absence de fourchette est lue comme un rapport de force d\u00e9s\u00e9quilibr\u00e9, voire comme un aveu d&rsquo;impr\u00e9cision sur le profil recherch\u00e9.<\/p>\n\n\n\n<p>L&rsquo;attentisme a un co\u00fbt, et il se paie en candidatures perdues, en cycles de recrutement qui s&rsquo;allongent, en marque employeur qui s&rsquo;\u00e9rode.<\/p>\n\n\n\n<H2 style=\"color:#D10016\">Une fourchette, c&rsquo;est d&rsquo;abord un signal de structuration RH !\u00a0<\/H2>\n\n\n\n<p>Afficher une r\u00e9mun\u00e9ration pr\u00e9cise dans une annonce, ce n&rsquo;est pas livrer une information confidentielle. C&rsquo;est dire publiquement \u00e0 vos candidats : <em>notre politique salariale est document\u00e9e, d\u00e9fendable, et nous l&rsquo;assumons<\/em>.&nbsp;<\/p>\n\n\n\n<p><strong>Le message envoy\u00e9 est imm\u00e9diat<\/strong>, et il vaut bien plus qu&rsquo;un slogan de marque employeur.<\/p>\n\n\n\n<p>\u00c0 l&rsquo;inverse, une fourchette b\u00e9ante du type 35 000 &#8211; 80 000 \u20ac pour un m\u00eame poste produit l&rsquo;effet exactement oppos\u00e9.&nbsp;<\/p>\n\n\n\n<p>Elle trahit m\u00e9caniquement une impr\u00e9cision sur le profil recherch\u00e9, et fait peser sur le candidat l&rsquo;incertitude que l&rsquo;entreprise n&rsquo;a pas su lever en interne.&nbsp;<\/p>\n\n\n\n<p>Le projet de loi fran\u00e7ais ne fixe pour l&rsquo;instant aucune amplitude maximale, et c&rsquo;est pr\u00e9cis\u00e9ment ce que d\u00e9nonce Force Ouvri\u00e8re : sans cadrage, une fourchette trop large laisse m\u00e9caniquement les femmes en bas de grille, puisqu&rsquo;elles n\u00e9gocient en moyenne moins agressivement \u00e0 l&#8217;embauche.<\/p>\n\n\n\n<p>Le consensus des cabinets RH et des plateformes de recrutement converge vers une r\u00e8gle simple : <strong>pas plus de 10 \u00e0 15 % d&rsquo;\u00e9cart entre le bas et le haut<\/strong>. Au-del\u00e0, le signal s&rsquo;inverse !<\/p>\n\n\n\n<p>La m\u00e9thode la plus d\u00e9fendable, popularis\u00e9e par les cabinets sp\u00e9cialis\u00e9s, repose sur un triptyque interne : minimum, m\u00e9diane, maximum :&nbsp;<\/p>\n\n\n\n<ol start=\"1\" class=\"wp-block-list\">\n<li>Le minimum correspond au seuil en dessous duquel personne n&rsquo;est r\u00e9mun\u00e9r\u00e9 pour ce niveau de poste.\u00a0<\/li>\n\n\n\n<li>La m\u00e9diane refl\u00e8te le niveau de march\u00e9 pour une fonction \u00e9quivalente.<\/li>\n\n\n\n<li>Le maximum marque le plafond au-del\u00e0 duquel le positionnement ne se justifie plus pour la responsabilit\u00e9 confi\u00e9e.\u00a0<\/li>\n<\/ol>\n\n\n\n<p>L&rsquo;annonce peut n&rsquo;afficher que les bornes extr\u00eames, mais le triptyque doit exister, document\u00e9, en interne. C&rsquo;est ce qui transforme la fourchette en outil de pilotage, et plus seulement en mention d&rsquo;annonce.<\/p>\n\n\n\n<H2 style=\"color:#D10016\">Trois pi\u00e8ges qui transforment l&rsquo;opportunit\u00e9 en risque<\/H2>\n\n\n\n<p>Une fourchette mal construite peut faire bien plus de d\u00e9g\u00e2ts qu&rsquo;une absence de fourchette. Trois pi\u00e8ges reviennent syst\u00e9matiquement dans les retours d&rsquo;exp\u00e9rience publi\u00e9s par Welcome to the Jungle, ou Hellowork. Aucun n&rsquo;est insurmontable, mais chacun m\u00e9rite d&rsquo;\u00eatre anticip\u00e9.<\/p>\n\n\n\n<H3>Premier pi\u00e8ge : survendre pour attirer<\/H3>\n\n\n\n<p>La tentation est facile. Afficher 50 K\u20ac pour grossir le flux de candidatures, et n\u00e9gocier ensuite \u00e0 42 K\u20ac.<\/p>\n\n\n\n<p>Sauf que le candidat qui s&rsquo;attendait au haut de fourchette se sent imm\u00e9diatement pi\u00e9g\u00e9, et <strong>la confiance se brise d\u00e8s la proposition<\/strong>. Vous avez gagn\u00e9 un entretien, vous avez perdu une signature et un ambassadeur !&nbsp;<\/p>\n\n\n\n<p>Mieux vaut une fourchette honn\u00eate, d\u00e9fendable, qu&rsquo;une fourchette gonfl\u00e9e pour l&rsquo;effet vitrine.<\/p>\n\n\n\n<H3>Deuxi\u00e8me pi\u00e8ge, le plus sous-estim\u00e9 : ignorer la coh\u00e9rence interne<\/H3>\n\n\n\n<p>C&rsquo;est le risque num\u00e9ro un d\u00e8s qu&rsquo;on commence \u00e0 publier des fourchettes.<\/p>\n\n\n\n<p><strong>La r\u00e9mun\u00e9ration affich\u00e9e dans l&rsquo;annonce doit \u00eatre coh\u00e9rente avec ce que gagnent les collaborateurs d\u00e9j\u00e0 en poste <\/strong>sur des fonctions \u00e9quivalentes.&nbsp;<\/p>\n\n\n\n<p>Sinon, vous cr\u00e9ez une bombe sociale : un nouvel embauch\u00e9 pay\u00e9 davantage qu&rsquo;un salari\u00e9 plus ancien \u00e0 poste identique, c&rsquo;est un \u00e9cart qui devra t\u00f4t ou tard \u00eatre justifi\u00e9.<\/p>\n\n\n\n<p>Et au-del\u00e0 de 5 % d&rsquo;\u00e9cart non justifi\u00e9, l&rsquo;\u00e9valuation conjointe avec les repr\u00e9sentants du personnel se d\u00e9clenche m\u00e9caniquement.<\/p>\n\n\n\n<p>&nbsp;D&rsquo;o\u00f9 la s\u00e9quence non n\u00e9gociable que tous les cabinets RH r\u00e9p\u00e8tent :&nbsp;<\/p>\n\n\n\n<ol start=\"1\" class=\"wp-block-list\">\n<li>auditer ses pratiques actuelles,\u00a0<\/li>\n\n\n\n<li>corriger les \u00e9carts injustifi\u00e9s,\u00a0<\/li>\n\n\n\n<li>puis publier les fourchettes.\u00a0<\/li>\n<\/ol>\n\n\n\n<p>Jamais l&rsquo;inverse ! Communiquer avant d&rsquo;avoir corrig\u00e9 revient \u00e0 exposer publiquement ses incoh\u00e9rences sans avoir les solutions \u00e0 proposer.<\/p>\n\n\n\n<H3>Troisi\u00e8me pi\u00e8ge : oublier le brief manager\u00a0<\/H3>\n\n\n\n<p>Si le manager op\u00e9rationnel ne sait pas justifier le positionnement choisi dans la fourchette, la transparence se retourne contre l&rsquo;entreprise d\u00e8s le premier entretien.&nbsp;<\/p>\n\n\n\n<p>Le candidat qui demande pourquoi on lui propose la m\u00e9diane et pas le maximum attend une r\u00e9ponse claire, sourc\u00e9e, align\u00e9e avec le discours du recruteur. <strong>Recruteur et manager doivent partager le m\u00eame langage <\/strong>: pourquoi cette fourchette, qu&rsquo;est-ce qui justifie d&rsquo;aller au-dessus de la m\u00e9diane, \u00e0 quel rythme on \u00e9volue ensuite. Sans ce brief, vous transformez un argument d&rsquo;attractivit\u00e9 en moment de g\u00eane.<\/p>\n\n\n\n<H2 style=\"color:#D10016\">Quatre conditions pour une fourchette qui tient la route\u00a0<\/H2>\n\n\n\n<p>Une fourchette d\u00e9fendable ne se d\u00e9cide pas la veille de la mise en ligne d&rsquo;une annonce. Elle s&rsquo;appuie sur une infrastructure RH minimale, dont chaque brique se construit en amont du recrutement.<\/p>\n\n\n\n<H3>Une grille interne formalis\u00e9e<\/H3>\n\n\n\n<p>C&rsquo;est le socle. Familles de m\u00e9tiers identifi\u00e9es, emplois-rep\u00e8res cartographi\u00e9s, fourchettes par niveau avec crit\u00e8res de positionnement explicites : expertise rare, certifications, anciennet\u00e9 sectorielle, performance document\u00e9e.&nbsp;<\/p>\n\n\n\n<p><strong>Sans cette grille, la fourchette publi\u00e9e n&rsquo;est qu&rsquo;un chiffre n\u00e9goci\u00e9 au cas par cas<\/strong>, impossible \u00e0 d\u00e9fendre face \u00e0 un candidat aguerri ou \u00e0 un salari\u00e9 qui demanderait pourquoi son coll\u00e8gue est mieux pay\u00e9.<\/p>\n\n\n\n<H3>Un p\u00e9rim\u00e8tre de r\u00e9mun\u00e9ration sans flou\u00a0<\/H3>\n\n\n\n<p>Pr\u00e9cisez si le montant est exprim\u00e9 en brut annuel ou mensuel, si la fourchette concerne le fixe seul ou le package complet (fixe + variable cible), et mentionnez s\u00e9par\u00e9ment les \u00e9l\u00e9ments majeurs :&nbsp;<\/p>\n\n\n\n<ul class=\"wp-block-list\">\n<li>variable,\u00a0<\/li>\n\n\n\n<li>primes r\u00e9currentes,\u00a0<\/li>\n\n\n\n<li>int\u00e9ressement,\u00a0<\/li>\n\n\n\n<li>avantages structurants comme la mutuelle, les tickets restaurant ou l&rsquo;\u00e9quipement.<\/li>\n<\/ul>\n\n\n\n<article class=\"obj_encart-formation\">\n<div class=\"ctn_encart\">\n<h3>Votre formation sur ce th\u00e8me<\/h3>\n<h2>&nbsp;TRANSPARENCE SALARIALE : TRANSFORMER L&rsquo;OBLIGATION EN AVANTAGE STRAT\u00c9GIQUE&nbsp;<\/h2>\n<h4>2 jours &#8211; En pr\u00e9sentiel ou \u00e0 distance<\/h4>\n<ul>\n<li><strong>Identifier les principales dispositions de la directive europ\u00e9enne sur la transparence des r\u00e9mun\u00e9rations,<\/strong> y compris en amont du recrutement et l&rsquo;obligation d&rsquo;information des salari\u00e9s.<\/li>\n<li><strong>Utiliser des outils de diagnostic<\/strong> pour identifier et corriger les \u00e9carts de r\u00e9mun\u00e9ration au sein de l&rsquo;entreprise.<\/li>\n<li><strong>\u00c9valuer les risques juridiques et financiers<\/strong> li\u00e9s au non-respect des obligations de transparence salariale.<\/li>\n<li><strong>Mettre en place une politique de r\u00e9mun\u00e9ration transparente et \u00e9quitable<\/strong> conforme aux exigences l\u00e9gales et aux bonnes pratiques.<\/li>\n\n<\/ul>\n<div class=\"ctn_btn\">\n<a class=\"obj_btn\" target=\"_blank\" href=\"https:\/\/www.gereso.com\/TSAL\" rel=\"noopener\"><span>En savoir plus<\/span><\/a>\n<a class=\"obj_btn\" target=\"_blank\" href=\"https:\/\/www.gereso.com\/client\/programme-pdf\/TSAL.pdf\" rel=\"noopener\"><span>T\u00e9l\u00e9charger le programme PDF<\/span><\/a>\n<\/div>\n<\/article>\n\n\n\n<p>Cette pr\u00e9cision, c&rsquo;est ce qui distingue une annonce professionnelle d&rsquo;une annonce qui pr\u00eate \u00e0 malentendu.<\/p>\n\n\n\n<H3>Le rattachement conventionnel explicite<\/H3>\n\n\n\n<p>La directive europ\u00e9enne le pr\u00e9voit explicitement : <strong>le candidat doit \u00eatre inform\u00e9 de la convention collective applicable<\/strong>, du niveau et de l&rsquo;\u00e9chelon associ\u00e9s au poste.<\/p>\n\n\n\n<p>C&rsquo;est aussi un gage de cr\u00e9dibilit\u00e9, qui rassure sur la rigueur de votre politique salariale et qui s&rsquo;inscrit dans une d\u00e9marche plus large de <a href=\"https:\/\/www.gereso.com\/actualites\/2022\/04\/04\/comment-valoriser-marque-employeur-strategie-marketing-rh\/\" target=\"_blank\" rel=\"noreferrer noopener\">valorisation de la marque employeur<\/a>.<\/p>\n\n\n\n<H3>Un placement visible dans l&rsquo;annonce\u00a0<\/H3>\n\n\n\n<p>Le salaire est l&rsquo;un des trois premiers crit\u00e8res de d\u00e9cision du candidat. Il doit <strong>appara\u00eetre dans le tiers sup\u00e9rieur de l&rsquo;offre,<\/strong> id\u00e9alement \u00e0 c\u00f4t\u00e9 du titre du poste et de la localisation.&nbsp;<\/p>\n\n\n\n<p>Noy\u00e9e en bas de page apr\u00e8s les missions, les profils recherch\u00e9s et les avantages divers, la fourchette perd l&rsquo;essentiel de son effet de filtrage. Et tant qu&rsquo;\u00e0 reprendre vos annonces, profitez-en pour interroger aussi <a href=\"https:\/\/www.gereso.com\/actualites\/2023\/11\/13\/recrutement-comment-choisir-bon-intitule-poste\/\" target=\"_blank\" rel=\"noreferrer noopener\">l&rsquo;intitul\u00e9 de poste lui-m\u00eame<\/a> : un titre flou ou jargonneux annule l&rsquo;effet de clart\u00e9 que la fourchette \u00e9tait cens\u00e9e produire.<\/p>\n\n\n\n<H2 style=\"color:#D10016\">Prendre de l&rsquo;avance au lieu d\u2019attendre la consigne\u00a0<\/H2>\n\n\n\n<p>Les entreprises qui structurent d\u00e8s maintenant leur communication salariale ne se contentent pas de se mettre en conformit\u00e9 avec une directive qu&rsquo;elles devront de toute fa\u00e7on appliquer. Elles installent un avantage comp\u00e9titif durable sur un march\u00e9 o\u00f9 <strong>la transparence est devenue un filtre d&rsquo;attractivit\u00e9 <\/strong>avant d&rsquo;\u00eatre une obligation l\u00e9gale.<\/p>\n\n\n\n<p>Trois actions \u00e0 lancer cette semaine, sans attendre le calendrier parlementaire :&nbsp;<\/p>\n\n\n\n<ol start=\"1\" class=\"wp-block-list\">\n<li><strong>Auditer vos annonces actives<\/strong> : combien affichent encore une mention vague type \u00ab selon profil \u00bb ou \u00ab r\u00e9mun\u00e9ration attractive \u00bb ?<\/li>\n\n\n\n<li><strong>Cartographier vos \u00e9carts internes<\/strong> par poste \u00e9quivalent, pour identifier ce qui sera d\u00e9fendable et ce qui devra \u00eatre corrig\u00e9 avant publication.<\/li>\n\n\n\n<li><strong>Briefer recruteurs et managers<\/strong> sur un argumentaire commun, pour que la fourchette publi\u00e9e tienne la route au premier entretien.<\/li>\n<\/ol>\n\n\n\n<p>Le march\u00e9 des candidats n&rsquo;attend ni le 7 juin 2026, ni la promulgation de la loi fran\u00e7aise !<\/p>\n\n\n\n<p>&nbsp;<\/p>\n\n\n\n\n","protected":false},"excerpt":{"rendered":"<p>Le calendrier de transposition de la directive europ\u00e9enne 2023\/970 prend du retard c\u00f4t\u00e9 fran\u00e7ais. Le projet de loi n&rsquo;a \u00e9t\u00e9 transmis aux partenaires sociaux qu&rsquo;en mars 2026, l&rsquo;examen parlementaire ne d\u00e9butera pas avant la rentr\u00e9e, et l&lsquo;entr\u00e9e en vigueur effective des principales obligations est d\u00e9sormais attendue autour de l&rsquo;\u00e9t\u00e9 2027.&nbsp; Sauf que vos candidats, eux, [&hellip;]<\/p>\n","protected":false},"author":32,"featured_media":46616,"comment_status":"open","ping_status":"open","sticky":false,"template":"","format":"standard","meta":{"_acf_changed":false,"_mi_skip_tracking":false,"footnotes":""},"categories":[12,5,8,2],"tags":[],"class_list":["post-46609","post","type-post","status-publish","format-standard","has-post-thumbnail","hentry","category-actualites","category-droit-du-travail","category-paie-et-administration-du-personnel","category-ressources-humaines"],"acf":[],"yoast_head":"<!-- This site is optimized with the Yoast SEO plugin v23.4 - https:\/\/yoast.com\/wordpress\/plugins\/seo\/ -->\n<title>Transparence salariale : construire une fourchette d\u2019offre d\u2019emploi sans se pi\u00e9ger - Le Blog GERESO<\/title>\n<meta name=\"robots\" content=\"index, follow, max-snippet:-1, max-image-preview:large, max-video-preview:-1\" \/>\n<link rel=\"canonical\" href=\"https:\/\/www.gereso.com\/actualites\/2026\/04\/29\/transparence-salariale-offre-emploi\/\" \/>\n<meta property=\"og:locale\" content=\"fr_FR\" \/>\n<meta property=\"og:type\" content=\"article\" \/>\n<meta property=\"og:title\" content=\"Transparence salariale : construire une fourchette d\u2019offre d\u2019emploi sans se pi\u00e9ger - Le Blog GERESO\" \/>\n<meta property=\"og:description\" content=\"Le calendrier de transposition de la directive europ\u00e9enne 2023\/970 prend du retard c\u00f4t\u00e9 fran\u00e7ais. Le projet de loi n&rsquo;a \u00e9t\u00e9 transmis aux partenaires sociaux qu&rsquo;en mars 2026, l&rsquo;examen parlementaire ne d\u00e9butera pas avant la rentr\u00e9e, et l&lsquo;entr\u00e9e en vigueur effective des principales obligations est d\u00e9sormais attendue autour de l&rsquo;\u00e9t\u00e9 2027.&nbsp; Sauf que vos candidats, eux, [&hellip;]\" \/>\n<meta property=\"og:url\" content=\"https:\/\/www.gereso.com\/actualites\/2026\/04\/29\/transparence-salariale-offre-emploi\/\" \/>\n<meta property=\"og:site_name\" content=\"Le Blog GERESO\" \/>\n<meta property=\"article:published_time\" content=\"2026-04-29T07:42:24+00:00\" \/>\n<meta property=\"article:modified_time\" content=\"2026-04-29T07:42:26+00:00\" \/>\n<meta property=\"og:image\" content=\"https:\/\/www.gereso.com\/actualites\/wp-content\/uploads\/2026\/04\/Transparence-salariale-construire-une-fourchette-doffre-demploi-sans-se-pieger.jpg\" \/>\n\t<meta property=\"og:image:width\" content=\"600\" \/>\n\t<meta property=\"og:image:height\" content=\"400\" \/>\n\t<meta property=\"og:image:type\" content=\"image\/jpeg\" \/>\n<meta name=\"author\" content=\"\u00c9quipe GERESO\" \/>\n<meta name=\"twitter:card\" content=\"summary_large_image\" \/>\n<script type=\"application\/ld+json\" class=\"yoast-schema-graph\">{\"@context\":\"https:\/\/schema.org\",\"@graph\":[{\"@type\":\"WebPage\",\"@id\":\"https:\/\/www.gereso.com\/actualites\/2026\/04\/29\/transparence-salariale-offre-emploi\/\",\"url\":\"https:\/\/www.gereso.com\/actualites\/2026\/04\/29\/transparence-salariale-offre-emploi\/\",\"name\":\"Transparence salariale : construire une fourchette d\u2019offre d\u2019emploi sans se pi\u00e9ger - Le Blog GERESO\",\"isPartOf\":{\"@id\":\"https:\/\/www.gereso.com\/actualites\/#website\"},\"primaryImageOfPage\":{\"@id\":\"https:\/\/www.gereso.com\/actualites\/2026\/04\/29\/transparence-salariale-offre-emploi\/#primaryimage\"},\"image\":{\"@id\":\"https:\/\/www.gereso.com\/actualites\/2026\/04\/29\/transparence-salariale-offre-emploi\/#primaryimage\"},\"thumbnailUrl\":\"https:\/\/www.gereso.com\/actualites\/wp-content\/uploads\/2026\/04\/Transparence-salariale-construire-une-fourchette-doffre-demploi-sans-se-pieger.jpg\",\"datePublished\":\"2026-04-29T07:42:24+00:00\",\"dateModified\":\"2026-04-29T07:42:26+00:00\",\"author\":{\"@id\":\"https:\/\/www.gereso.com\/actualites\/#\/schema\/person\/197d8aef40cb4ae3f6a0aa9e1d3df2a6\"},\"breadcrumb\":{\"@id\":\"https:\/\/www.gereso.com\/actualites\/2026\/04\/29\/transparence-salariale-offre-emploi\/#breadcrumb\"},\"inLanguage\":\"fr-FR\",\"potentialAction\":[{\"@type\":\"ReadAction\",\"target\":[\"https:\/\/www.gereso.com\/actualites\/2026\/04\/29\/transparence-salariale-offre-emploi\/\"]}]},{\"@type\":\"ImageObject\",\"inLanguage\":\"fr-FR\",\"@id\":\"https:\/\/www.gereso.com\/actualites\/2026\/04\/29\/transparence-salariale-offre-emploi\/#primaryimage\",\"url\":\"https:\/\/www.gereso.com\/actualites\/wp-content\/uploads\/2026\/04\/Transparence-salariale-construire-une-fourchette-doffre-demploi-sans-se-pieger.jpg\",\"contentUrl\":\"https:\/\/www.gereso.com\/actualites\/wp-content\/uploads\/2026\/04\/Transparence-salariale-construire-une-fourchette-doffre-demploi-sans-se-pieger.jpg\",\"width\":600,\"height\":400,\"caption\":\"Et si l\u2019absence de fourchette salariale dans vos offres vous faisait d\u00e9j\u00e0 perdre pr\u00e8s d\u2019un candidat sur deux\u2026 sans m\u00eame que vous le sachiez ? D\u00e9couvrez comment transformer la transparence salariale en v\u00e9ritable levier d\u2019attractivit\u00e9, sans cr\u00e9er de risques internes.\"},{\"@type\":\"BreadcrumbList\",\"@id\":\"https:\/\/www.gereso.com\/actualites\/2026\/04\/29\/transparence-salariale-offre-emploi\/#breadcrumb\",\"itemListElement\":[{\"@type\":\"ListItem\",\"position\":1,\"name\":\"Home\",\"item\":\"https:\/\/www.gereso.com\/actualites\/\"},{\"@type\":\"ListItem\",\"position\":2,\"name\":\"Transparence salariale : construire une fourchette d\u2019offre d\u2019emploi sans se pi\u00e9ger\"}]},{\"@type\":\"WebSite\",\"@id\":\"https:\/\/www.gereso.com\/actualites\/#website\",\"url\":\"https:\/\/www.gereso.com\/actualites\/\",\"name\":\"Le Blog GERESO\",\"description\":\"Toute l&#039;actu RH, Finance, Fonction Publique, Management...\",\"potentialAction\":[{\"@type\":\"SearchAction\",\"target\":{\"@type\":\"EntryPoint\",\"urlTemplate\":\"https:\/\/www.gereso.com\/actualites\/?s={search_term_string}\"},\"query-input\":{\"@type\":\"PropertyValueSpecification\",\"valueRequired\":true,\"valueName\":\"search_term_string\"}}],\"inLanguage\":\"fr-FR\"},{\"@type\":\"Person\",\"@id\":\"https:\/\/www.gereso.com\/actualites\/#\/schema\/person\/197d8aef40cb4ae3f6a0aa9e1d3df2a6\",\"name\":\"\u00c9quipe GERESO\",\"image\":{\"@type\":\"ImageObject\",\"inLanguage\":\"fr-FR\",\"@id\":\"https:\/\/www.gereso.com\/actualites\/#\/schema\/person\/image\/\",\"url\":\"https:\/\/www.gereso.com\/actualites\/wp-content\/uploads\/2013\/12\/avatar-gereso-1.png\",\"contentUrl\":\"https:\/\/www.gereso.com\/actualites\/wp-content\/uploads\/2013\/12\/avatar-gereso-1.png\",\"caption\":\"\u00c9quipe GERESO\"},\"url\":\"https:\/\/www.gereso.com\/actualites\/author\/gereso\/\"}]}<\/script>\n<!-- \/ Yoast SEO plugin. -->","yoast_head_json":{"title":"Transparence salariale : construire une fourchette d\u2019offre d\u2019emploi sans se pi\u00e9ger - Le Blog GERESO","robots":{"index":"index","follow":"follow","max-snippet":"max-snippet:-1","max-image-preview":"max-image-preview:large","max-video-preview":"max-video-preview:-1"},"canonical":"https:\/\/www.gereso.com\/actualites\/2026\/04\/29\/transparence-salariale-offre-emploi\/","og_locale":"fr_FR","og_type":"article","og_title":"Transparence salariale : construire une fourchette d\u2019offre d\u2019emploi sans se pi\u00e9ger - Le Blog GERESO","og_description":"Le calendrier de transposition de la directive europ\u00e9enne 2023\/970 prend du retard c\u00f4t\u00e9 fran\u00e7ais. Le projet de loi n&rsquo;a \u00e9t\u00e9 transmis aux partenaires sociaux qu&rsquo;en mars 2026, l&rsquo;examen parlementaire ne d\u00e9butera pas avant la rentr\u00e9e, et l&lsquo;entr\u00e9e en vigueur effective des principales obligations est d\u00e9sormais attendue autour de l&rsquo;\u00e9t\u00e9 2027.&nbsp; Sauf que vos candidats, eux, [&hellip;]","og_url":"https:\/\/www.gereso.com\/actualites\/2026\/04\/29\/transparence-salariale-offre-emploi\/","og_site_name":"Le Blog GERESO","article_published_time":"2026-04-29T07:42:24+00:00","article_modified_time":"2026-04-29T07:42:26+00:00","og_image":[{"width":600,"height":400,"url":"https:\/\/www.gereso.com\/actualites\/wp-content\/uploads\/2026\/04\/Transparence-salariale-construire-une-fourchette-doffre-demploi-sans-se-pieger.jpg","type":"image\/jpeg"}],"author":"\u00c9quipe GERESO","twitter_card":"summary_large_image","schema":{"@context":"https:\/\/schema.org","@graph":[{"@type":"WebPage","@id":"https:\/\/www.gereso.com\/actualites\/2026\/04\/29\/transparence-salariale-offre-emploi\/","url":"https:\/\/www.gereso.com\/actualites\/2026\/04\/29\/transparence-salariale-offre-emploi\/","name":"Transparence salariale : construire une fourchette d\u2019offre d\u2019emploi sans se pi\u00e9ger - Le Blog GERESO","isPartOf":{"@id":"https:\/\/www.gereso.com\/actualites\/#website"},"primaryImageOfPage":{"@id":"https:\/\/www.gereso.com\/actualites\/2026\/04\/29\/transparence-salariale-offre-emploi\/#primaryimage"},"image":{"@id":"https:\/\/www.gereso.com\/actualites\/2026\/04\/29\/transparence-salariale-offre-emploi\/#primaryimage"},"thumbnailUrl":"https:\/\/www.gereso.com\/actualites\/wp-content\/uploads\/2026\/04\/Transparence-salariale-construire-une-fourchette-doffre-demploi-sans-se-pieger.jpg","datePublished":"2026-04-29T07:42:24+00:00","dateModified":"2026-04-29T07:42:26+00:00","author":{"@id":"https:\/\/www.gereso.com\/actualites\/#\/schema\/person\/197d8aef40cb4ae3f6a0aa9e1d3df2a6"},"breadcrumb":{"@id":"https:\/\/www.gereso.com\/actualites\/2026\/04\/29\/transparence-salariale-offre-emploi\/#breadcrumb"},"inLanguage":"fr-FR","potentialAction":[{"@type":"ReadAction","target":["https:\/\/www.gereso.com\/actualites\/2026\/04\/29\/transparence-salariale-offre-emploi\/"]}]},{"@type":"ImageObject","inLanguage":"fr-FR","@id":"https:\/\/www.gereso.com\/actualites\/2026\/04\/29\/transparence-salariale-offre-emploi\/#primaryimage","url":"https:\/\/www.gereso.com\/actualites\/wp-content\/uploads\/2026\/04\/Transparence-salariale-construire-une-fourchette-doffre-demploi-sans-se-pieger.jpg","contentUrl":"https:\/\/www.gereso.com\/actualites\/wp-content\/uploads\/2026\/04\/Transparence-salariale-construire-une-fourchette-doffre-demploi-sans-se-pieger.jpg","width":600,"height":400,"caption":"Et si l\u2019absence de fourchette salariale dans vos offres vous faisait d\u00e9j\u00e0 perdre pr\u00e8s d\u2019un candidat sur deux\u2026 sans m\u00eame que vous le sachiez ? D\u00e9couvrez comment transformer la transparence salariale en v\u00e9ritable levier d\u2019attractivit\u00e9, sans cr\u00e9er de risques internes."},{"@type":"BreadcrumbList","@id":"https:\/\/www.gereso.com\/actualites\/2026\/04\/29\/transparence-salariale-offre-emploi\/#breadcrumb","itemListElement":[{"@type":"ListItem","position":1,"name":"Home","item":"https:\/\/www.gereso.com\/actualites\/"},{"@type":"ListItem","position":2,"name":"Transparence salariale : construire une fourchette d\u2019offre d\u2019emploi sans se pi\u00e9ger"}]},{"@type":"WebSite","@id":"https:\/\/www.gereso.com\/actualites\/#website","url":"https:\/\/www.gereso.com\/actualites\/","name":"Le Blog GERESO","description":"Toute l&#039;actu RH, Finance, Fonction Publique, Management...","potentialAction":[{"@type":"SearchAction","target":{"@type":"EntryPoint","urlTemplate":"https:\/\/www.gereso.com\/actualites\/?s={search_term_string}"},"query-input":{"@type":"PropertyValueSpecification","valueRequired":true,"valueName":"search_term_string"}}],"inLanguage":"fr-FR"},{"@type":"Person","@id":"https:\/\/www.gereso.com\/actualites\/#\/schema\/person\/197d8aef40cb4ae3f6a0aa9e1d3df2a6","name":"\u00c9quipe GERESO","image":{"@type":"ImageObject","inLanguage":"fr-FR","@id":"https:\/\/www.gereso.com\/actualites\/#\/schema\/person\/image\/","url":"https:\/\/www.gereso.com\/actualites\/wp-content\/uploads\/2013\/12\/avatar-gereso-1.png","contentUrl":"https:\/\/www.gereso.com\/actualites\/wp-content\/uploads\/2013\/12\/avatar-gereso-1.png","caption":"\u00c9quipe GERESO"},"url":"https:\/\/www.gereso.com\/actualites\/author\/gereso\/"}]}},"_links":{"self":[{"href":"https:\/\/www.gereso.com\/actualites\/wp-json\/wp\/v2\/posts\/46609","targetHints":{"allow":["GET"]}}],"collection":[{"href":"https:\/\/www.gereso.com\/actualites\/wp-json\/wp\/v2\/posts"}],"about":[{"href":"https:\/\/www.gereso.com\/actualites\/wp-json\/wp\/v2\/types\/post"}],"author":[{"embeddable":true,"href":"https:\/\/www.gereso.com\/actualites\/wp-json\/wp\/v2\/users\/32"}],"replies":[{"embeddable":true,"href":"https:\/\/www.gereso.com\/actualites\/wp-json\/wp\/v2\/comments?post=46609"}],"version-history":[{"count":5,"href":"https:\/\/www.gereso.com\/actualites\/wp-json\/wp\/v2\/posts\/46609\/revisions"}],"predecessor-version":[{"id":46620,"href":"https:\/\/www.gereso.com\/actualites\/wp-json\/wp\/v2\/posts\/46609\/revisions\/46620"}],"wp:featuredmedia":[{"embeddable":true,"href":"https:\/\/www.gereso.com\/actualites\/wp-json\/wp\/v2\/media\/46616"}],"wp:attachment":[{"href":"https:\/\/www.gereso.com\/actualites\/wp-json\/wp\/v2\/media?parent=46609"}],"wp:term":[{"taxonomy":"category","embeddable":true,"href":"https:\/\/www.gereso.com\/actualites\/wp-json\/wp\/v2\/categories?post=46609"},{"taxonomy":"post_tag","embeddable":true,"href":"https:\/\/www.gereso.com\/actualites\/wp-json\/wp\/v2\/tags?post=46609"}],"curies":[{"name":"wp","href":"https:\/\/api.w.org\/{rel}","templated":true}]}}