{"id":46621,"date":"2026-04-29T17:41:21","date_gmt":"2026-04-29T15:41:21","guid":{"rendered":"https:\/\/www.gereso.com\/actualites\/?p=46621"},"modified":"2026-04-29T17:41:24","modified_gmt":"2026-04-29T15:41:24","slug":"methodes-rh-gerer-conflits-intergenerationnels","status":"publish","type":"post","link":"https:\/\/www.gereso.com\/actualites\/2026\/04\/29\/methodes-rh-gerer-conflits-intergenerationnels\/","title":{"rendered":"Les m\u00e9thodes RH pour g\u00e9rer les conflits interg\u00e9n\u00e9rationnels"},"content":{"rendered":"\n<h2 style=\"color:#D10016\"><strong>I. Comprendre les conflits entre g\u00e9n\u00e9rations en d\u00e9passant les clich\u00e9s <\/strong><\/h2>\n\n\n\n<h3 class=\"wp-block-heading\">1. Des g\u00e9n\u00e9rations aux contours flous<\/h3>\n\n\n\n<p>Il est souvent plus facile de justifier le comportement d\u2019un collaborateur parce qu\u2019il appartient \u00e0 une g\u00e9n\u00e9ration donn\u00e9e. On connait tous ce st\u00e9r\u00e9otype d\u2019un salari\u00e9 de la \u00ab g\u00e9n\u00e9ration Z \u00bb qui r\u00e9clame tout, tout de suite (du feedback, des responsabilit\u00e9s, des missions \u00e0 fort impact\u2026), ou ce senior proche de la retraite qui a pass\u00e9 des d\u00e9cennies dans la m\u00eame entreprise. Mais est-ce vraiment une question d\u2019\u00e2ge ?<\/p>\n\n\n\n<p>Bobby Duffy, directeur de l&rsquo;Institut de politique publique du King&rsquo;s College de Londres, a soulign\u00e9 dans son ouvrage <a href=\"https:\/\/scholarworks.waldenu.edu\/cgi\/viewcontent.cgi?article=1582&amp;context=jsbhs\" target=\"_blank\" rel=\"noreferrer noopener nofollow\">The Generation Myth<\/a> (2021) que nous avons tendance \u00e0 <strong>surestimer l\u2019impact de l\u2019ann\u00e9e de naissance<\/strong> au d\u00e9triment de l\u2019\u00e9tape de vie. Pour simplifier : un \u00ab comportement de jeune \u00bb est souvent un comportement li\u00e9 au fait d&rsquo;\u00eatre en d\u00e9but de carri\u00e8re, quelle que soit l&rsquo;\u00e9poque.<\/p>\n\n\n\n<p>Comme le rappelle Bobby Duffy, les baby-boomers ou les membres de la g\u00e9n\u00e9ration X \u00e9taient <strong>per\u00e7us exactement de la m\u00eame mani\u00e8re par leurs a\u00een\u00e9s lorsqu&rsquo;ils avaient 20 ans.<\/strong> En r\u00e9alit\u00e9, le conflit surgit lorsque le manager senior oublie ses propres aspirations de jeunesse : il<br>peut interpr\u00e9ter l&rsquo;\u00e9nergie du junior comme une confrontation\u2026 alors qu\u2019il s\u2019agit d\u2019une <strong>simple diff\u00e9rence de maturit\u00e9 de carri\u00e8re. <\/strong><\/p>\n\n\n\n<h3 class=\"wp-block-heading\">2. Des \u00e9tiquettes sociales impos\u00e9es dans le management<\/h3>\n\n\n\n<p>Si l&rsquo;on parle autant de g\u00e9n\u00e9rations, c\u2019est d&rsquo;abord parce que c\u2019est pratique. Dans un quotidien professionnel qui va de plus en plus vite, ces cat\u00e9gories \u00ab pr\u00e9d\u00e9finies \u00bb offrent un point de rep\u00e8re facile : elles permettent de <strong>ne pas avoir \u00e0 se remettre en question.<\/strong><\/p>\n\n\n\n<p>L\u2019\u00e2ge devient alors un \u00ab joker \u00bb que l\u2019on peut brandir \u00e0 la moindre tension. On pr\u00e9f\u00e8re se dire que les gens sont incompatibles car ils sont n\u00e9s en telle ann\u00e9e, plut\u00f4t que d&rsquo;<strong>admettre que certains processus sont rigides ou que l\u2019accompagnement est d\u00e9faillant.<\/strong> Un exemple frappant : selon une <a href=\"https:\/\/www.ipsos.com\/fr-fr\/observatoire-societal-des-entreprises-le-rapport-au-travail-de-la-generation-z\" target=\"_blank\" rel=\"noreferrer noopener nofollow\">\u00e9tude IPSOS r\u00e9alis\u00e9e en 2024<\/a>, 77 % des dirigeants estiment que la g\u00e9n\u00e9ration Z est moins encline \u00e0 accepter des heures suppl\u00e9mentaires non pay\u00e9es. L&rsquo;entreprise traite les sympt\u00f4mes en surface au lieu de soigner sa propre culture interne. <\/p>\n\n\n\n<h3 class=\"wp-block-heading\">3. Le d\u00e9calage des codes : une question de culture plus que d&rsquo;\u00e2ge<\/h3>\n\n\n\n<p>Un autre \u00e9l\u00e9ment \u00e0 prendre en compte pour expliquer ces diff\u00e9rences entre g\u00e9n\u00e9rations : les <strong>habitudes prises au moment de d\u00e9marrer sa carri\u00e8re. <\/strong>On ne parle pas toujours le m\u00eame langage professionnel parce qu&rsquo;on n&rsquo;a pas commenc\u00e9 avec les m\u00eames promesses, ni les m\u00eames outils.<\/p>\n\n\n\n<p>Dans les ann\u00e9es 80 ou 90, la hi\u00e9rarchie et la patience \u00e9taient la norme. Une fois rentr\u00e9 dans l\u2019entreprise, on faisait ses preuves pour grimper les \u00e9chelons et arriver \u00e0 un poste \u00e0 haut niveau. Mais aujourd\u2019hui, les jeunes salari\u00e9s sont n\u00e9s avec le num\u00e9rique et l\u2019imm\u00e9diatet\u00e9 et ne voient pas toujours l\u2019int\u00e9r\u00eat d\u2019attendre des ann\u00e9es pour obtenir des responsabilit\u00e9s. Cette enqu\u00eate r\u00e9alis\u00e9e par <a href=\"https:\/\/www.deloitte.com\/content\/dam\/assets-shared\/docs\/campaigns\/2025\/2025-genz-millennial-survey.pdf\" target=\"_blank\" rel=\"noreferrer noopener nofollow\">Deloitte (2024)<\/a> est d&rsquo;ailleurs tr\u00e8s claire : <strong>44 % des membres de la g\u00e9n\u00e9ration Z ont d\u00e9j\u00e0 refus\u00e9 un poste parce qu&rsquo;il ne correspondait pas \u00e0 leurs valeurs.<\/strong> Pour eux, la loyaut\u00e9 envers l\u2019employeur n&rsquo;est plus automatique, elle se m\u00e9rite.<\/p>\n\n\n\n<p>Ce n\u2019est pas une guerre de g\u00e9n\u00e9ration : les salari\u00e9s d\u2019\u00e2ge diff\u00e9rent n\u2019ont juste pas travers\u00e9 les m\u00eames \u00e9poques et n\u2019ont donc pas les m\u00eames codes, pas les m\u00eames r\u00e9flexes. Un d\u00e9calage se cr\u00e9e forc\u00e9ment et cela se ressent en entreprise.<\/p>\n\n\n\n<h2 style=\"color:#D10016\"><strong>II. Identifier les points d\u2019incompr\u00e9hension g\u00e9n\u00e9rationnels <\/strong><\/h2>\n\n\n\n<h3 class=\"wp-block-heading\">1. La communication entre g\u00e9n\u00e9rations<\/h3>\n\n\n\n<p>Ici, <strong>le conflit ne porte pas sur le fond du message, mais sur sa forme.<\/strong> Deux g\u00e9n\u00e9rations principales s\u2019opposent : pour le collaborateur senior, l\u2019appel t\u00e9l\u00e9phonique ou le passage \u00e0 l\u2019improviste dans le bureau sont les r\u00e9flexes d\u2019une \u00e9poque o\u00f9 le direct \u00e9tait la solution la plus simple pour \u00e9changer. Mais pour les salari\u00e9s plus jeunes, ces m\u00e9thodes peuvent \u00eatre per\u00e7ues comme des intrusions, ce qui explique qu\u2019ils privil\u00e9gient aujourd\u2019hui les canaux indirects comme les e-mails ou les messageries instantan\u00e9es (Slack, Whatsapp, etc.).<\/p>\n\n\n\n<p>C\u2019est la premi\u00e8re incompr\u00e9hension professionnelle. L\u00e0 o\u00f9 le manager pense gagner du temps avec une question rapide, il <strong>brise sans le vouloir l\u2019attention de son coll\u00e8gue.<\/strong> Or, dans une journ\u00e9e d\u00e9j\u00e0 coup\u00e9e par les sollicitations, chaque interruption devient un co\u00fbt invisible. R\u00e9sultat ? Ce qui semble \u00eatre un d\u00e9tail pour l&rsquo;un devient une session de travail fragment\u00e9e pour l&rsquo;autre.<\/p>\n\n\n\n<p>Le malentendu est alors total. Le senior attend une r\u00e9activit\u00e9 synonyme d&rsquo;implication\u2026 Quand le junior cherche \u00e0 privil\u00e9gier l\u2019\u00e9crit pour pouvoir travailler \u00e0 son rythme (et donc \u00eatre plus productif). <\/p>\n\n\n\n<h3 class=\"wp-block-heading\">2. Le culte du pr\u00e9sentiel en entreprise<\/h3>\n\n\n\n<p>C\u2019est souvent sur ce sujet que les tensions deviennent les plus visibles. Pendant longtemps, <strong>la pr\u00e9sence au bureau et la disponibilit\u00e9 \u00e9taient de v\u00e9ritables preuves d\u2019implication<\/strong> (c\u2019est d\u2019ailleurs ce que nous \u00e9voquions plus longuement dans notre article sur la surcharge collaborative). Voir ses \u00e9quipes, pouvoir passer dans les bureaux, observer qui est l\u00e0 tard le soir\u2026 Ce sont des rep\u00e8res concrets, presque rassurants, pour beaucoup de managers.<\/p>\n\n\n\n<p>Cependant, l\u2019\u00e8re COVID et l\u2019av\u00e8nement du t\u00e9l\u00e9travail ont progressivement chang\u00e9 la fa\u00e7on de travailler, jusqu\u2019\u00e0 devenir un crit\u00e8re essentiel dans le choix d\u2019un poste. Selon l&rsquo;<a href=\"https:\/\/corporate.apec.fr\/files\/live\/sites\/corporate\/files\/Nos%20%C3%A9tudes\/pdf\/CP%20APEC%20-%20e%CC%81tude%20Te%CC%81le%CC%81travail%20.pdf\" target=\"_blank\" rel=\"noreferrer noopener nofollow\">APEC (2024)<\/a>, la <strong>suppression du t\u00e9l\u00e9travail provoquerait le m\u00e9contentement de 82 % des cadres<\/strong>, et 45 % d\u2019entre eux iraient m\u00eame jusqu\u2019\u00e0 envisager de quitter leur entreprise pour cette raison. Ce chiffre monte \u00e0 57 % chez les moins de 35 ans.<\/p>\n\n\n\n<p>Ce qui cr\u00e9e des tensions, ce n\u2019est pas tant le t\u00e9l\u00e9travail en lui-m\u00eame que la mani\u00e8re dont on \u00e9value l\u2019implication. Pour certains, elle reste li\u00e9e \u00e0 la pr\u00e9sence et \u00e0 la disponibilit\u00e9. Pour<br>d\u2019autres, elle se mesure davantage \u00e0 l\u2019efficacit\u00e9 et aux r\u00e9sultats. L\u2019<strong>objectif est le m\u00eame, mais les rep\u00e8res ne le sont plus.<\/strong><\/p>\n\n\n\n<h3 class=\"wp-block-heading\">3. L\u2019\u00e9volution et la recherche de reconnaissance<\/h3>\n\n\n\n<p>Dans le monde professionnel, il est courant de <strong>prendre la parole uniquement lorsque quelque chose ne va pas.<\/strong> Tant que le travail est bien r\u00e9alis\u00e9, rien n\u2019est dit, comme si le silence \u00e9tait automatiquement synonyme de validation. Beaucoup de managers exp\u00e9riment\u00e9s pensent d\u2019ailleurs que c\u2019est faire preuve de confiance envers leur \u00e9quipe : en s\u2019abstenant de commentaire, on laisse de l\u2019autonomie.<\/p>\n\n\n\n<p>Selon les g\u00e9n\u00e9rations, ce silence n\u2019est pas toujours re\u00e7u de la m\u00eame mani\u00e8re. Pour une partie des collaborateurs (g\u00e9n\u00e9ralement les millenials ou la g\u00e9n\u00e9ration Z), cette <strong>absence de commentaires est au mieux neutre, au pire n\u00e9gative.<\/strong> Ne rien dire n\u2019est pas forc\u00e9ment rassurant quand on attend des retours sur son travail : ils peuvent ressentir un manque de reconnaissance de la part de leur hi\u00e9rarchie, alors que la diff\u00e9rence tient surtout \u00e0 la mani\u00e8re dont le feedback est attendu.<\/p>\n\n\n\n<p>Pour r\u00e9duire les \u00e9carts d\u2019interpr\u00e9tation (et donc les incompr\u00e9hensions), les entreprises doivent anticiper ces points sensibles. Comment faire ? <\/p>\n\n\n\n<h2 style=\"color:#D10016\"><strong>III. Des leviers RH concrets pour r\u00e9duire les malentendus <\/strong><\/h2>\n\n\n\n<h3 class=\"wp-block-heading\">1. Favoriser le feedback continu<\/h3>\n\n\n\n<p>Le <strong>feedback doit \u00eatre d\u00e9sacralis\u00e9<\/strong> : il est primordial d\u2019en faire un rituel r\u00e9gulier afin de r\u00e9duire le foss\u00e9 entre le besoin de rep\u00e8re des uns et l\u2019autonomie des autres. Plut\u00f4t que d\u2019attendre plusieurs semaines (voire l\u2019entretien annuel dans certains cas !) pour faire un point, instaurer des \u00e9changes courts et fr\u00e9quents facilite la communication g\u00e9n\u00e9rationnelle. Dix minutes par semaine suffisent souvent \u00e0 lever les doutes.<\/p>\n\n\n\n<p>C\u2019est cette approche qu\u2019a valid\u00e9e <a href=\"https:\/\/www.adobe.com\/check-in.html#:~:text=Check%2Din%20is%20an%20ongoing,business%20impact%20and%20career%20growth.\" target=\"_blank\" rel=\"noreferrer noopener nofollow\">Adobe<\/a> en<strong> rempla\u00e7ant ses \u00e9valuations formelles par des \u00ab check-ins \u00bb <\/strong>centr\u00e9s sur les priorit\u00e9s du moment. En traitant les blocages d\u00e8s qu\u2019ils apparaissent, l\u2019entreprise a non seulement r\u00e9duit son turnover de 30 %, mais elle a surtout chang\u00e9 quelque chose de plus discret : la mani\u00e8re dont le feedback est v\u00e9cu. Moins solennel, plus continu, il perd son c\u00f4t\u00e9 anxiog\u00e8ne et devient plus facile \u00e0 recevoir c\u00f4t\u00e9 collaborateur. <\/p>\n\n\n\n<h3 class=\"wp-block-heading\">2. Former les managers et les \u00e9quipes<\/h3>\n\n\n\n<p>Le management a radicalement chang\u00e9 en dix ou vingt ans, car il doit d\u00e9sormais faire <strong>cohabiter des g\u00e9n\u00e9rations dont les rapports au travail sont parfois oppos\u00e9s.<\/strong> Aujourd\u2019hui, un chef d\u2019\u00e9quipe n\u2019encadre plus un profil type : il doit composer avec les attentes de seniors attach\u00e9s \u00e0 une hi\u00e9rarchie claire et celles de jeunes talents qui privil\u00e9gient la flexibilit\u00e9. Ce d\u00e9calage de rep\u00e8res cr\u00e9e souvent des tensions inutiles, simplement parce que les codes de l&rsquo;un ne sont pas ceux de l&rsquo;autre.<\/p>\n\n\n\n<p>Dans ce contexte, former les managers n\u2019est plus une option, mais une n\u00e9cessit\u00e9 pour les aider \u00e0 s&rsquo;adapter \u00e0 cette nouvelle donne.<\/p>\n\n\n\n<p>Pour aller plus loin, certaines entreprises comme <strong>AXA<\/strong> ou <strong>Orange<\/strong> ont franchi un pas suppl\u00e9mentaire avec le <strong>\u00ab Reverse Mentoring \u00bb<\/strong>. L&rsquo;id\u00e9e est de casser la pyramide classique : ici, ce sont les plus jeunes qui accompagnent les cadres dirigeants pour leur transmettre leurs codes et leurs usages. C\u2019est un signal fort pour l\u2019organisation, qui montre que chaque g\u00e9n\u00e9ration a quelque chose \u00e0 apporter. <\/p>\n\n\n\n<article class=\"obj_encart-formation\">\n<div class=\"ctn_encart\">\n<h3>Votre formation sur ce th\u00e8me<\/h3>\n<h2>&nbsp;MANAGEMENT INTERG\u00c9N\u00c9RATIONNEL&nbsp;<\/h2>\n<h4>2 jours &#8211; En pr\u00e9sentiel ou \u00e0 distance<\/h4>\n<ul>\n<li><strong>Int\u00e9grer les caract\u00e9ristiques clefs<\/strong> et les modes de fonctionnement des diff\u00e9rentes g\u00e9n\u00e9rations.<\/li>\n<li><strong>D\u00e9jouer les pi\u00e8ges li\u00e9s aux st\u00e9r\u00e9otypes<\/strong> et d\u00e9fier ses propres biais.<\/li>\n<li><strong>R\u00e9v\u00e9ler les compl\u00e9mentarit\u00e9s et opportunit\u00e9s<\/strong> de collaboration entre les g\u00e9n\u00e9rations.<\/li>\n<li><strong>G\u00e9rer efficacement les conflits<\/strong> interg\u00e9n\u00e9rationnels.<\/li>\n\n<\/ul>\n<div class=\"ctn_btn\">\n<a class=\"obj_btn\" target=\"_blank\" href=\"https:\/\/www.gereso.com\/GENE\" rel=\"noopener\"><span>En savoir plus<\/span><\/a>\n<a class=\"obj_btn\" target=\"_blank\" href=\"https:\/\/www.gereso.com\/client\/programme-pdf\/GENE.pdf\" rel=\"noopener\"><span>T\u00e9l\u00e9charger le programme PDF<\/span><\/a>\n<\/div>\n<\/article>\n\n\n\n<h3 class=\"wp-block-heading\">3. Rendre les rep\u00e8res RH plus transparents<\/h3>\n\n\n\n<p>Beaucoup de tensions naissent simplement d\u2019un <strong>manque de clart\u00e9 sur le fonctionnement de l\u2019entreprise. <\/strong>Si les r\u00e8gles ne sont pas explicites, chaque g\u00e9n\u00e9ration a le champ libre pour interpr\u00e9ter les situations avec ses propres rep\u00e8res (selon son v\u00e9cu et son exp\u00e9rience). C\u2019est le meilleur moyen pour cr\u00e9er de la frustration au sein des \u00e9quipes.<\/p>\n\n\n\n<p>Les RH et les managers se doivent donc d\u2019\u00eatre transparents. Dire ouvertement ce qui permet de progresser, ce qui est vraiment valoris\u00e9 par la direction ou comment sont prises les d\u00e9cisions, c\u2019est donner le m\u00eame niveau d\u2019information \u00e0 tous. Et cette <strong>lisibilit\u00e9 doit \u00eatre une priorit\u00e9 d\u00e8s l\u2019embauche <\/strong>: un onboarding r\u00e9ussi doit certes pr\u00e9senter les outils et les proc\u00e9dures, mais \u00e9galement transmettre la culture r\u00e9elle de l\u2019organisation. Une fois les bases clairement pos\u00e9es, la suite devient plus facile.<\/p>\n\n\n\n<h2 style=\"color:#D10016\"><strong>Conclusion<\/strong><\/h2>\n\n\n\n<p>Ce que l\u2019on appelle \u00ab conflit de g\u00e9n\u00e9rations \u00bb n\u2019est souvent qu\u2019une affaire de codes mal compris. Une fois que l\u2019on cesse de se focaliser sur l\u2019\u00e2ge pour regarder comment chacun communique, les malentendus sont plus simples \u00e0 lever. Pour les RH et les managers, tout l\u2019enjeu est de <strong>savoir adapter son discours aux sensibilit\u00e9s de chaque g\u00e9n\u00e9ration.<\/strong> C\u2019est sur ce terrain tr\u00e8s concret, celui du quotidien, qu\u2019ils peuvent r\u00e9ellement faire la diff\u00e9rence.<\/p>\n\n\n\n<p><\/p>\n\n\n\n\n\n<p><\/p>\n\n\n\n<p><\/p>\n\n\n\n<p><\/p>\n","protected":false},"excerpt":{"rendered":"<p>I. Comprendre les conflits entre g\u00e9n\u00e9rations en d\u00e9passant les clich\u00e9s 1. Des g\u00e9n\u00e9rations aux contours flous Il est souvent plus facile de justifier le comportement d\u2019un collaborateur parce qu\u2019il appartient \u00e0 une g\u00e9n\u00e9ration donn\u00e9e. On connait tous ce st\u00e9r\u00e9otype d\u2019un salari\u00e9 de la \u00ab g\u00e9n\u00e9ration Z \u00bb qui r\u00e9clame tout, tout de suite (du feedback, [&hellip;]<\/p>\n","protected":false},"author":99,"featured_media":46637,"comment_status":"open","ping_status":"open","sticky":false,"template":"","format":"standard","meta":{"_acf_changed":false,"_mi_skip_tracking":false,"footnotes":""},"categories":[12,10],"tags":[],"class_list":["post-46621","post","type-post","status-publish","format-standard","has-post-thumbnail","hentry","category-actualites","category-management-et-leadership"],"acf":[],"yoast_head":"<!-- This site is optimized with the Yoast SEO plugin v23.4 - https:\/\/yoast.com\/wordpress\/plugins\/seo\/ -->\n<title>Les m\u00e9thodes RH pour g\u00e9rer les conflits interg\u00e9n\u00e9rationnels - Le Blog GERESO<\/title>\n<meta name=\"robots\" content=\"index, follow, max-snippet:-1, max-image-preview:large, max-video-preview:-1\" \/>\n<link rel=\"canonical\" href=\"https:\/\/www.gereso.com\/actualites\/2026\/04\/29\/methodes-rh-gerer-conflits-intergenerationnels\/\" \/>\n<meta property=\"og:locale\" content=\"fr_FR\" \/>\n<meta property=\"og:type\" content=\"article\" \/>\n<meta property=\"og:title\" content=\"Les m\u00e9thodes RH pour g\u00e9rer les conflits interg\u00e9n\u00e9rationnels - Le Blog GERESO\" \/>\n<meta property=\"og:description\" content=\"I. Comprendre les conflits entre g\u00e9n\u00e9rations en d\u00e9passant les clich\u00e9s 1. Des g\u00e9n\u00e9rations aux contours flous Il est souvent plus facile de justifier le comportement d\u2019un collaborateur parce qu\u2019il appartient \u00e0 une g\u00e9n\u00e9ration donn\u00e9e. On connait tous ce st\u00e9r\u00e9otype d\u2019un salari\u00e9 de la \u00ab g\u00e9n\u00e9ration Z \u00bb qui r\u00e9clame tout, tout de suite (du feedback, [&hellip;]\" \/>\n<meta property=\"og:url\" content=\"https:\/\/www.gereso.com\/actualites\/2026\/04\/29\/methodes-rh-gerer-conflits-intergenerationnels\/\" \/>\n<meta property=\"og:site_name\" content=\"Le Blog GERESO\" \/>\n<meta property=\"article:published_time\" content=\"2026-04-29T15:41:21+00:00\" \/>\n<meta property=\"article:modified_time\" content=\"2026-04-29T15:41:24+00:00\" \/>\n<meta property=\"og:image\" content=\"https:\/\/www.gereso.com\/actualites\/wp-content\/uploads\/2026\/04\/methodes-RH-gerer-conflits-intergenerationnels.jpg\" \/>\n\t<meta property=\"og:image:width\" content=\"600\" \/>\n\t<meta property=\"og:image:height\" content=\"400\" \/>\n\t<meta property=\"og:image:type\" content=\"image\/jpeg\" \/>\n<meta name=\"author\" content=\"Ma\u00ebva Chegueressian\" \/>\n<meta name=\"twitter:card\" content=\"summary_large_image\" \/>\n<script type=\"application\/ld+json\" class=\"yoast-schema-graph\">{\"@context\":\"https:\/\/schema.org\",\"@graph\":[{\"@type\":\"WebPage\",\"@id\":\"https:\/\/www.gereso.com\/actualites\/2026\/04\/29\/methodes-rh-gerer-conflits-intergenerationnels\/\",\"url\":\"https:\/\/www.gereso.com\/actualites\/2026\/04\/29\/methodes-rh-gerer-conflits-intergenerationnels\/\",\"name\":\"Les m\u00e9thodes RH pour g\u00e9rer les conflits interg\u00e9n\u00e9rationnels - Le Blog GERESO\",\"isPartOf\":{\"@id\":\"https:\/\/www.gereso.com\/actualites\/#website\"},\"primaryImageOfPage\":{\"@id\":\"https:\/\/www.gereso.com\/actualites\/2026\/04\/29\/methodes-rh-gerer-conflits-intergenerationnels\/#primaryimage\"},\"image\":{\"@id\":\"https:\/\/www.gereso.com\/actualites\/2026\/04\/29\/methodes-rh-gerer-conflits-intergenerationnels\/#primaryimage\"},\"thumbnailUrl\":\"https:\/\/www.gereso.com\/actualites\/wp-content\/uploads\/2026\/04\/methodes-RH-gerer-conflits-intergenerationnels.jpg\",\"datePublished\":\"2026-04-29T15:41:21+00:00\",\"dateModified\":\"2026-04-29T15:41:24+00:00\",\"author\":{\"@id\":\"https:\/\/www.gereso.com\/actualites\/#\/schema\/person\/fe2e73667f63f1dd24934616f3b2cb2e\"},\"breadcrumb\":{\"@id\":\"https:\/\/www.gereso.com\/actualites\/2026\/04\/29\/methodes-rh-gerer-conflits-intergenerationnels\/#breadcrumb\"},\"inLanguage\":\"fr-FR\",\"potentialAction\":[{\"@type\":\"ReadAction\",\"target\":[\"https:\/\/www.gereso.com\/actualites\/2026\/04\/29\/methodes-rh-gerer-conflits-intergenerationnels\/\"]}]},{\"@type\":\"ImageObject\",\"inLanguage\":\"fr-FR\",\"@id\":\"https:\/\/www.gereso.com\/actualites\/2026\/04\/29\/methodes-rh-gerer-conflits-intergenerationnels\/#primaryimage\",\"url\":\"https:\/\/www.gereso.com\/actualites\/wp-content\/uploads\/2026\/04\/methodes-RH-gerer-conflits-intergenerationnels.jpg\",\"contentUrl\":\"https:\/\/www.gereso.com\/actualites\/wp-content\/uploads\/2026\/04\/methodes-RH-gerer-conflits-intergenerationnels.jpg\",\"width\":600,\"height\":400,\"caption\":\"Quand quatre g\u00e9n\u00e9rations cohabitent en entreprise, les RH ont un r\u00f4le cl\u00e9 pour transformer les diff\u00e9rences de codes en force collective.\"},{\"@type\":\"BreadcrumbList\",\"@id\":\"https:\/\/www.gereso.com\/actualites\/2026\/04\/29\/methodes-rh-gerer-conflits-intergenerationnels\/#breadcrumb\",\"itemListElement\":[{\"@type\":\"ListItem\",\"position\":1,\"name\":\"Home\",\"item\":\"https:\/\/www.gereso.com\/actualites\/\"},{\"@type\":\"ListItem\",\"position\":2,\"name\":\"Les m\u00e9thodes RH pour g\u00e9rer les conflits interg\u00e9n\u00e9rationnels\"}]},{\"@type\":\"WebSite\",\"@id\":\"https:\/\/www.gereso.com\/actualites\/#website\",\"url\":\"https:\/\/www.gereso.com\/actualites\/\",\"name\":\"Le Blog GERESO\",\"description\":\"Toute l&#039;actu RH, Finance, Fonction Publique, Management...\",\"potentialAction\":[{\"@type\":\"SearchAction\",\"target\":{\"@type\":\"EntryPoint\",\"urlTemplate\":\"https:\/\/www.gereso.com\/actualites\/?s={search_term_string}\"},\"query-input\":{\"@type\":\"PropertyValueSpecification\",\"valueRequired\":true,\"valueName\":\"search_term_string\"}}],\"inLanguage\":\"fr-FR\"},{\"@type\":\"Person\",\"@id\":\"https:\/\/www.gereso.com\/actualites\/#\/schema\/person\/fe2e73667f63f1dd24934616f3b2cb2e\",\"name\":\"Ma\u00ebva Chegueressian\",\"image\":{\"@type\":\"ImageObject\",\"inLanguage\":\"fr-FR\",\"@id\":\"https:\/\/www.gereso.com\/actualites\/#\/schema\/person\/image\/\",\"url\":\"https:\/\/www.gereso.com\/actualites\/wp-content\/uploads\/2025\/05\/Maeva-Chegueressian-120x120.png\",\"contentUrl\":\"https:\/\/www.gereso.com\/actualites\/wp-content\/uploads\/2025\/05\/Maeva-Chegueressian-120x120.png\",\"caption\":\"Ma\u00ebva Chegueressian\"},\"description\":\"Ma\u00ebva Chegueressian est content manager et r\u00e9dactrice depuis pr\u00e8s de 10 ans. \u00c0 travers ses articles, elle met un point d\u2019honneur \u00e0 rendre accessibles les th\u00e9matiques du d\u00e9veloppement personnel et de l\u2019efficacit\u00e9 professionnelle. Son ambition : offrir \u00e0 chacun des pistes de r\u00e9flexion simples et concr\u00e8tes pour mieux se conna\u00eetre, progresser \u00e0 son rythme et valoriser pleinement son potentiel.\",\"url\":\"https:\/\/www.gereso.com\/actualites\/author\/m-chegueressian\/\"}]}<\/script>\n<!-- \/ Yoast SEO plugin. -->","yoast_head_json":{"title":"Les m\u00e9thodes RH pour g\u00e9rer les conflits interg\u00e9n\u00e9rationnels - Le Blog GERESO","robots":{"index":"index","follow":"follow","max-snippet":"max-snippet:-1","max-image-preview":"max-image-preview:large","max-video-preview":"max-video-preview:-1"},"canonical":"https:\/\/www.gereso.com\/actualites\/2026\/04\/29\/methodes-rh-gerer-conflits-intergenerationnels\/","og_locale":"fr_FR","og_type":"article","og_title":"Les m\u00e9thodes RH pour g\u00e9rer les conflits interg\u00e9n\u00e9rationnels - Le Blog GERESO","og_description":"I. Comprendre les conflits entre g\u00e9n\u00e9rations en d\u00e9passant les clich\u00e9s 1. Des g\u00e9n\u00e9rations aux contours flous Il est souvent plus facile de justifier le comportement d\u2019un collaborateur parce qu\u2019il appartient \u00e0 une g\u00e9n\u00e9ration donn\u00e9e. On connait tous ce st\u00e9r\u00e9otype d\u2019un salari\u00e9 de la \u00ab g\u00e9n\u00e9ration Z \u00bb qui r\u00e9clame tout, tout de suite (du feedback, [&hellip;]","og_url":"https:\/\/www.gereso.com\/actualites\/2026\/04\/29\/methodes-rh-gerer-conflits-intergenerationnels\/","og_site_name":"Le Blog GERESO","article_published_time":"2026-04-29T15:41:21+00:00","article_modified_time":"2026-04-29T15:41:24+00:00","og_image":[{"width":600,"height":400,"url":"https:\/\/www.gereso.com\/actualites\/wp-content\/uploads\/2026\/04\/methodes-RH-gerer-conflits-intergenerationnels.jpg","type":"image\/jpeg"}],"author":"Ma\u00ebva Chegueressian","twitter_card":"summary_large_image","schema":{"@context":"https:\/\/schema.org","@graph":[{"@type":"WebPage","@id":"https:\/\/www.gereso.com\/actualites\/2026\/04\/29\/methodes-rh-gerer-conflits-intergenerationnels\/","url":"https:\/\/www.gereso.com\/actualites\/2026\/04\/29\/methodes-rh-gerer-conflits-intergenerationnels\/","name":"Les m\u00e9thodes RH pour g\u00e9rer les conflits interg\u00e9n\u00e9rationnels - Le Blog GERESO","isPartOf":{"@id":"https:\/\/www.gereso.com\/actualites\/#website"},"primaryImageOfPage":{"@id":"https:\/\/www.gereso.com\/actualites\/2026\/04\/29\/methodes-rh-gerer-conflits-intergenerationnels\/#primaryimage"},"image":{"@id":"https:\/\/www.gereso.com\/actualites\/2026\/04\/29\/methodes-rh-gerer-conflits-intergenerationnels\/#primaryimage"},"thumbnailUrl":"https:\/\/www.gereso.com\/actualites\/wp-content\/uploads\/2026\/04\/methodes-RH-gerer-conflits-intergenerationnels.jpg","datePublished":"2026-04-29T15:41:21+00:00","dateModified":"2026-04-29T15:41:24+00:00","author":{"@id":"https:\/\/www.gereso.com\/actualites\/#\/schema\/person\/fe2e73667f63f1dd24934616f3b2cb2e"},"breadcrumb":{"@id":"https:\/\/www.gereso.com\/actualites\/2026\/04\/29\/methodes-rh-gerer-conflits-intergenerationnels\/#breadcrumb"},"inLanguage":"fr-FR","potentialAction":[{"@type":"ReadAction","target":["https:\/\/www.gereso.com\/actualites\/2026\/04\/29\/methodes-rh-gerer-conflits-intergenerationnels\/"]}]},{"@type":"ImageObject","inLanguage":"fr-FR","@id":"https:\/\/www.gereso.com\/actualites\/2026\/04\/29\/methodes-rh-gerer-conflits-intergenerationnels\/#primaryimage","url":"https:\/\/www.gereso.com\/actualites\/wp-content\/uploads\/2026\/04\/methodes-RH-gerer-conflits-intergenerationnels.jpg","contentUrl":"https:\/\/www.gereso.com\/actualites\/wp-content\/uploads\/2026\/04\/methodes-RH-gerer-conflits-intergenerationnels.jpg","width":600,"height":400,"caption":"Quand quatre g\u00e9n\u00e9rations cohabitent en entreprise, les RH ont un r\u00f4le cl\u00e9 pour transformer les diff\u00e9rences de codes en force collective."},{"@type":"BreadcrumbList","@id":"https:\/\/www.gereso.com\/actualites\/2026\/04\/29\/methodes-rh-gerer-conflits-intergenerationnels\/#breadcrumb","itemListElement":[{"@type":"ListItem","position":1,"name":"Home","item":"https:\/\/www.gereso.com\/actualites\/"},{"@type":"ListItem","position":2,"name":"Les m\u00e9thodes RH pour g\u00e9rer les conflits interg\u00e9n\u00e9rationnels"}]},{"@type":"WebSite","@id":"https:\/\/www.gereso.com\/actualites\/#website","url":"https:\/\/www.gereso.com\/actualites\/","name":"Le Blog GERESO","description":"Toute l&#039;actu RH, Finance, Fonction Publique, Management...","potentialAction":[{"@type":"SearchAction","target":{"@type":"EntryPoint","urlTemplate":"https:\/\/www.gereso.com\/actualites\/?s={search_term_string}"},"query-input":{"@type":"PropertyValueSpecification","valueRequired":true,"valueName":"search_term_string"}}],"inLanguage":"fr-FR"},{"@type":"Person","@id":"https:\/\/www.gereso.com\/actualites\/#\/schema\/person\/fe2e73667f63f1dd24934616f3b2cb2e","name":"Ma\u00ebva Chegueressian","image":{"@type":"ImageObject","inLanguage":"fr-FR","@id":"https:\/\/www.gereso.com\/actualites\/#\/schema\/person\/image\/","url":"https:\/\/www.gereso.com\/actualites\/wp-content\/uploads\/2025\/05\/Maeva-Chegueressian-120x120.png","contentUrl":"https:\/\/www.gereso.com\/actualites\/wp-content\/uploads\/2025\/05\/Maeva-Chegueressian-120x120.png","caption":"Ma\u00ebva Chegueressian"},"description":"Ma\u00ebva Chegueressian est content manager et r\u00e9dactrice depuis pr\u00e8s de 10 ans. \u00c0 travers ses articles, elle met un point d\u2019honneur \u00e0 rendre accessibles les th\u00e9matiques du d\u00e9veloppement personnel et de l\u2019efficacit\u00e9 professionnelle. Son ambition : offrir \u00e0 chacun des pistes de r\u00e9flexion simples et concr\u00e8tes pour mieux se conna\u00eetre, progresser \u00e0 son rythme et valoriser pleinement son potentiel.","url":"https:\/\/www.gereso.com\/actualites\/author\/m-chegueressian\/"}]}},"_links":{"self":[{"href":"https:\/\/www.gereso.com\/actualites\/wp-json\/wp\/v2\/posts\/46621","targetHints":{"allow":["GET"]}}],"collection":[{"href":"https:\/\/www.gereso.com\/actualites\/wp-json\/wp\/v2\/posts"}],"about":[{"href":"https:\/\/www.gereso.com\/actualites\/wp-json\/wp\/v2\/types\/post"}],"author":[{"embeddable":true,"href":"https:\/\/www.gereso.com\/actualites\/wp-json\/wp\/v2\/users\/99"}],"replies":[{"embeddable":true,"href":"https:\/\/www.gereso.com\/actualites\/wp-json\/wp\/v2\/comments?post=46621"}],"version-history":[{"count":16,"href":"https:\/\/www.gereso.com\/actualites\/wp-json\/wp\/v2\/posts\/46621\/revisions"}],"predecessor-version":[{"id":46639,"href":"https:\/\/www.gereso.com\/actualites\/wp-json\/wp\/v2\/posts\/46621\/revisions\/46639"}],"wp:featuredmedia":[{"embeddable":true,"href":"https:\/\/www.gereso.com\/actualites\/wp-json\/wp\/v2\/media\/46637"}],"wp:attachment":[{"href":"https:\/\/www.gereso.com\/actualites\/wp-json\/wp\/v2\/media?parent=46621"}],"wp:term":[{"taxonomy":"category","embeddable":true,"href":"https:\/\/www.gereso.com\/actualites\/wp-json\/wp\/v2\/categories?post=46621"},{"taxonomy":"post_tag","embeddable":true,"href":"https:\/\/www.gereso.com\/actualites\/wp-json\/wp\/v2\/tags?post=46621"}],"curies":[{"name":"wp","href":"https:\/\/api.w.org\/{rel}","templated":true}]}}