{"id":4877,"date":"2016-01-15T14:14:22","date_gmt":"2016-01-15T13:14:22","guid":{"rendered":"https:\/\/www.gereso.com\/actualites\/?p=4877"},"modified":"2016-02-02T14:28:23","modified_gmt":"2016-02-02T13:28:23","slug":"lobjectif-du-pst3-le-troisieme-plan-de-sante-au-travail","status":"publish","type":"post","link":"https:\/\/www.gereso.com\/actualites\/2016\/01\/15\/lobjectif-du-pst3-le-troisieme-plan-de-sante-au-travail\/","title":{"rendered":"L\u2019objectif du PST3, le troisi\u00e8me plan de sant\u00e9 au travail"},"content":{"rendered":"<p>Le mardi 8 d\u00e9cembre 2015, le 3e plan \u00ab\u00a0Sant\u00e9 au Travail\u00a0\u00bb (PST3) a \u00e9t\u00e9 expos\u00e9 au Conseil d\u2019Orientation des Conditions de Travail (COCT). Cette nouvelle d\u00e9marche pour la p\u00e9riode 2016-2020 a pour but de renouveler les anciennes politiques de sant\u00e9 adopt\u00e9es, ce qui marque le d\u00e9but d\u2019un changement majeur.<\/p>\n<p>Si les deux premiers plans sant\u00e9 travail constituent des progr\u00e8s tangibles au niveau de l\u2019organisation des acteurs de la recherche, du perfectionnement des connaissances ou encore de l\u2019am\u00e9lioration des d\u00e9marches de pr\u00e9vention, le bilan sur le terrain montre que les solutions propos\u00e9es dans ces plans sont rarement mis en oeuvre dans les entreprises. Ce 3e plan a donc comme objectif avou\u00e9 de susciter une r\u00e9elle appropriation des mesures de sant\u00e9 au travail par tous les acteurs, en privil\u00e9giant notamment la pr\u00e9vention.<\/p>\n","protected":false},"excerpt":{"rendered":"<p>Le mardi 8 d\u00e9cembre 2015, le 3e plan \u00ab\u00a0Sant\u00e9 au Travail\u00a0\u00bb (PST3) a \u00e9t\u00e9 expos\u00e9 au Conseil d\u2019Orientation des Conditions de Travail (COCT). Cette nouvelle d\u00e9marche pour la p\u00e9riode 2016-2020 a pour but de renouveler les anciennes politiques de sant\u00e9 adopt\u00e9es, ce qui marque le d\u00e9but d\u2019un changement majeur. Si les deux premiers plans sant\u00e9 [&hellip;]<\/p>\n","protected":false},"author":17,"featured_media":0,"comment_status":"open","ping_status":"open","sticky":false,"template":"","format":"quote","meta":{"_acf_changed":false,"_mi_skip_tracking":false,"footnotes":""},"categories":[13],"tags":[539,576,439],"class_list":["post-4877","post","type-post","status-publish","format-quote","hentry","category-sante-et-securite-au-travail","tag-conditions-de-travail","tag-qvt","tag-sante-au-travail","post_format-post-format-quote"],"acf":[],"yoast_head":"<!-- This site is optimized with the Yoast SEO plugin v23.4 - https:\/\/yoast.com\/wordpress\/plugins\/seo\/ -->\n<title>L\u2019objectif du PST3, le troisi\u00e8me plan de sant\u00e9 au travail - Le Blog GERESO<\/title>\n<meta name=\"robots\" content=\"index, follow, max-snippet:-1, max-image-preview:large, max-video-preview:-1\" \/>\n<link rel=\"canonical\" href=\"https:\/\/www.gereso.com\/actualites\/2016\/01\/15\/lobjectif-du-pst3-le-troisieme-plan-de-sante-au-travail\/\" \/>\n<meta property=\"og:locale\" content=\"fr_FR\" \/>\n<meta property=\"og:type\" content=\"article\" \/>\n<meta property=\"og:title\" content=\"L\u2019objectif du PST3, le troisi\u00e8me plan de sant\u00e9 au travail - Le Blog GERESO\" \/>\n<meta property=\"og:description\" content=\"Le mardi 8 d\u00e9cembre 2015, le 3e plan \u00ab\u00a0Sant\u00e9 au Travail\u00a0\u00bb (PST3) a \u00e9t\u00e9 expos\u00e9 au Conseil d\u2019Orientation des Conditions de Travail (COCT). Cette nouvelle d\u00e9marche pour la p\u00e9riode 2016-2020 a pour but de renouveler les anciennes politiques de sant\u00e9 adopt\u00e9es, ce qui marque le d\u00e9but d\u2019un changement majeur. Si les deux premiers plans sant\u00e9 [&hellip;]\" \/>\n<meta property=\"og:url\" content=\"https:\/\/www.gereso.com\/actualites\/2016\/01\/15\/lobjectif-du-pst3-le-troisieme-plan-de-sante-au-travail\/\" \/>\n<meta property=\"og:site_name\" content=\"Le Blog GERESO\" \/>\n<meta property=\"article:published_time\" content=\"2016-01-15T13:14:22+00:00\" \/>\n<meta property=\"article:modified_time\" content=\"2016-02-02T13:28:23+00:00\" \/>\n<meta name=\"author\" content=\"Flash Expert\" \/>\n<meta name=\"twitter:card\" content=\"summary_large_image\" \/>\n<script type=\"application\/ld+json\" class=\"yoast-schema-graph\">{\"@context\":\"https:\/\/schema.org\",\"@graph\":[{\"@type\":\"WebPage\",\"@id\":\"https:\/\/www.gereso.com\/actualites\/2016\/01\/15\/lobjectif-du-pst3-le-troisieme-plan-de-sante-au-travail\/\",\"url\":\"https:\/\/www.gereso.com\/actualites\/2016\/01\/15\/lobjectif-du-pst3-le-troisieme-plan-de-sante-au-travail\/\",\"name\":\"L\u2019objectif du PST3, le troisi\u00e8me plan de sant\u00e9 au travail - Le Blog GERESO\",\"isPartOf\":{\"@id\":\"https:\/\/www.gereso.com\/actualites\/#website\"},\"datePublished\":\"2016-01-15T13:14:22+00:00\",\"dateModified\":\"2016-02-02T13:28:23+00:00\",\"author\":{\"@id\":\"https:\/\/www.gereso.com\/actualites\/#\/schema\/person\/a151fe125d0d42269ebf59ffcb5118c6\"},\"breadcrumb\":{\"@id\":\"https:\/\/www.gereso.com\/actualites\/2016\/01\/15\/lobjectif-du-pst3-le-troisieme-plan-de-sante-au-travail\/#breadcrumb\"},\"inLanguage\":\"fr-FR\",\"potentialAction\":[{\"@type\":\"ReadAction\",\"target\":[\"https:\/\/www.gereso.com\/actualites\/2016\/01\/15\/lobjectif-du-pst3-le-troisieme-plan-de-sante-au-travail\/\"]}]},{\"@type\":\"BreadcrumbList\",\"@id\":\"https:\/\/www.gereso.com\/actualites\/2016\/01\/15\/lobjectif-du-pst3-le-troisieme-plan-de-sante-au-travail\/#breadcrumb\",\"itemListElement\":[{\"@type\":\"ListItem\",\"position\":1,\"name\":\"Home\",\"item\":\"https:\/\/www.gereso.com\/actualites\/\"},{\"@type\":\"ListItem\",\"position\":2,\"name\":\"L\u2019objectif du PST3, le troisi\u00e8me plan de sant\u00e9 au travail\"}]},{\"@type\":\"WebSite\",\"@id\":\"https:\/\/www.gereso.com\/actualites\/#website\",\"url\":\"https:\/\/www.gereso.com\/actualites\/\",\"name\":\"Le Blog GERESO\",\"description\":\"Toute l&#039;actu RH, Finance, Fonction Publique, Management...\",\"potentialAction\":[{\"@type\":\"SearchAction\",\"target\":{\"@type\":\"EntryPoint\",\"urlTemplate\":\"https:\/\/www.gereso.com\/actualites\/?s={search_term_string}\"},\"query-input\":{\"@type\":\"PropertyValueSpecification\",\"valueRequired\":true,\"valueName\":\"search_term_string\"}}],\"inLanguage\":\"fr-FR\"},{\"@type\":\"Person\",\"@id\":\"https:\/\/www.gereso.com\/actualites\/#\/schema\/person\/a151fe125d0d42269ebf59ffcb5118c6\",\"name\":\"Flash Expert\",\"image\":{\"@type\":\"ImageObject\",\"inLanguage\":\"fr-FR\",\"@id\":\"https:\/\/www.gereso.com\/actualites\/#\/schema\/person\/image\/\",\"url\":\"https:\/\/www.gereso.com\/actualites\/wp-content\/uploads\/2013\/12\/avatar-gereso-1.png\",\"contentUrl\":\"https:\/\/www.gereso.com\/actualites\/wp-content\/uploads\/2013\/12\/avatar-gereso-1.png\",\"caption\":\"Flash Expert\"},\"url\":\"https:\/\/www.gereso.com\/actualites\/author\/flash-expert\/\"}]}<\/script>\n<!-- \/ Yoast SEO plugin. -->","yoast_head_json":{"title":"L\u2019objectif du PST3, le troisi\u00e8me plan de sant\u00e9 au travail - Le Blog GERESO","robots":{"index":"index","follow":"follow","max-snippet":"max-snippet:-1","max-image-preview":"max-image-preview:large","max-video-preview":"max-video-preview:-1"},"canonical":"https:\/\/www.gereso.com\/actualites\/2016\/01\/15\/lobjectif-du-pst3-le-troisieme-plan-de-sante-au-travail\/","og_locale":"fr_FR","og_type":"article","og_title":"L\u2019objectif du PST3, le troisi\u00e8me plan de sant\u00e9 au travail - Le Blog GERESO","og_description":"Le mardi 8 d\u00e9cembre 2015, le 3e plan \u00ab\u00a0Sant\u00e9 au Travail\u00a0\u00bb (PST3) a \u00e9t\u00e9 expos\u00e9 au Conseil d\u2019Orientation des Conditions de Travail (COCT). Cette nouvelle d\u00e9marche pour la p\u00e9riode 2016-2020 a pour but de renouveler les anciennes politiques de sant\u00e9 adopt\u00e9es, ce qui marque le d\u00e9but d\u2019un changement majeur. Si les deux premiers plans sant\u00e9 [&hellip;]","og_url":"https:\/\/www.gereso.com\/actualites\/2016\/01\/15\/lobjectif-du-pst3-le-troisieme-plan-de-sante-au-travail\/","og_site_name":"Le Blog GERESO","article_published_time":"2016-01-15T13:14:22+00:00","article_modified_time":"2016-02-02T13:28:23+00:00","author":"Flash Expert","twitter_card":"summary_large_image","schema":{"@context":"https:\/\/schema.org","@graph":[{"@type":"WebPage","@id":"https:\/\/www.gereso.com\/actualites\/2016\/01\/15\/lobjectif-du-pst3-le-troisieme-plan-de-sante-au-travail\/","url":"https:\/\/www.gereso.com\/actualites\/2016\/01\/15\/lobjectif-du-pst3-le-troisieme-plan-de-sante-au-travail\/","name":"L\u2019objectif du PST3, le troisi\u00e8me plan de sant\u00e9 au travail - Le Blog GERESO","isPartOf":{"@id":"https:\/\/www.gereso.com\/actualites\/#website"},"datePublished":"2016-01-15T13:14:22+00:00","dateModified":"2016-02-02T13:28:23+00:00","author":{"@id":"https:\/\/www.gereso.com\/actualites\/#\/schema\/person\/a151fe125d0d42269ebf59ffcb5118c6"},"breadcrumb":{"@id":"https:\/\/www.gereso.com\/actualites\/2016\/01\/15\/lobjectif-du-pst3-le-troisieme-plan-de-sante-au-travail\/#breadcrumb"},"inLanguage":"fr-FR","potentialAction":[{"@type":"ReadAction","target":["https:\/\/www.gereso.com\/actualites\/2016\/01\/15\/lobjectif-du-pst3-le-troisieme-plan-de-sante-au-travail\/"]}]},{"@type":"BreadcrumbList","@id":"https:\/\/www.gereso.com\/actualites\/2016\/01\/15\/lobjectif-du-pst3-le-troisieme-plan-de-sante-au-travail\/#breadcrumb","itemListElement":[{"@type":"ListItem","position":1,"name":"Home","item":"https:\/\/www.gereso.com\/actualites\/"},{"@type":"ListItem","position":2,"name":"L\u2019objectif du PST3, le troisi\u00e8me plan de sant\u00e9 au travail"}]},{"@type":"WebSite","@id":"https:\/\/www.gereso.com\/actualites\/#website","url":"https:\/\/www.gereso.com\/actualites\/","name":"Le Blog GERESO","description":"Toute l&#039;actu RH, Finance, Fonction Publique, Management...","potentialAction":[{"@type":"SearchAction","target":{"@type":"EntryPoint","urlTemplate":"https:\/\/www.gereso.com\/actualites\/?s={search_term_string}"},"query-input":{"@type":"PropertyValueSpecification","valueRequired":true,"valueName":"search_term_string"}}],"inLanguage":"fr-FR"},{"@type":"Person","@id":"https:\/\/www.gereso.com\/actualites\/#\/schema\/person\/a151fe125d0d42269ebf59ffcb5118c6","name":"Flash Expert","image":{"@type":"ImageObject","inLanguage":"fr-FR","@id":"https:\/\/www.gereso.com\/actualites\/#\/schema\/person\/image\/","url":"https:\/\/www.gereso.com\/actualites\/wp-content\/uploads\/2013\/12\/avatar-gereso-1.png","contentUrl":"https:\/\/www.gereso.com\/actualites\/wp-content\/uploads\/2013\/12\/avatar-gereso-1.png","caption":"Flash Expert"},"url":"https:\/\/www.gereso.com\/actualites\/author\/flash-expert\/"}]}},"_links":{"self":[{"href":"https:\/\/www.gereso.com\/actualites\/wp-json\/wp\/v2\/posts\/4877","targetHints":{"allow":["GET"]}}],"collection":[{"href":"https:\/\/www.gereso.com\/actualites\/wp-json\/wp\/v2\/posts"}],"about":[{"href":"https:\/\/www.gereso.com\/actualites\/wp-json\/wp\/v2\/types\/post"}],"author":[{"embeddable":true,"href":"https:\/\/www.gereso.com\/actualites\/wp-json\/wp\/v2\/users\/17"}],"replies":[{"embeddable":true,"href":"https:\/\/www.gereso.com\/actualites\/wp-json\/wp\/v2\/comments?post=4877"}],"version-history":[{"count":0,"href":"https:\/\/www.gereso.com\/actualites\/wp-json\/wp\/v2\/posts\/4877\/revisions"}],"wp:attachment":[{"href":"https:\/\/www.gereso.com\/actualites\/wp-json\/wp\/v2\/media?parent=4877"}],"wp:term":[{"taxonomy":"category","embeddable":true,"href":"https:\/\/www.gereso.com\/actualites\/wp-json\/wp\/v2\/categories?post=4877"},{"taxonomy":"post_tag","embeddable":true,"href":"https:\/\/www.gereso.com\/actualites\/wp-json\/wp\/v2\/tags?post=4877"}],"curies":[{"name":"wp","href":"https:\/\/api.w.org\/{rel}","templated":true}]}}