{"id":4897,"date":"2016-01-15T09:27:41","date_gmt":"2016-01-15T08:27:41","guid":{"rendered":"https:\/\/www.gereso.com\/actualites\/?p=4897"},"modified":"2016-02-02T14:28:30","modified_gmt":"2016-02-02T13:28:30","slug":"la-rupture-conventionnelle-un-probleme-pour-les-seniors-selon-les-syndicats","status":"publish","type":"post","link":"https:\/\/www.gereso.com\/actualites\/2016\/01\/15\/la-rupture-conventionnelle-un-probleme-pour-les-seniors-selon-les-syndicats\/","title":{"rendered":"La rupture conventionnelle, un probl\u00e8me pour les seniors selon les syndicats"},"content":{"rendered":"<p>Selon les conditions \u00e9tablies par la loi d&rsquo;ao\u00fbt 2008 \u00ab portant modernisation du march\u00e9 du travail \u00bb et dans les articles L.1237-11 \u00e0 L.1237-16 du Code du travail, un salari\u00e9 et un employeur, engag\u00e9s dans un contrat \u00e0 dur\u00e9e ind\u00e9termin\u00e9e, peuvent cesser leur engagement d\u2019un commun accord. Il s\u2019agit de la rupture conventionnelle.<\/p>\n<p>Bien que ce dispositif doive b\u00e9n\u00e9ficier aux employeurs comme aux salari\u00e9s, ce dispositif est non adapt\u00e9 pour les salari\u00e9s seniors, selon les syndicats. Le taux de rupture conventionnelle enregistr\u00e9 pour les salari\u00e9s de 58 \u00e0 60 ans s\u2019\u00e9l\u00e8ve, en effet, \u00e0 25% tandis que pour le reste des employ\u00e9s, le taux est de 16%. Le secr\u00e9taire g\u00e9n\u00e9ral de FO, Jean-Claude Mailly, estime qu&rsquo;il s&rsquo;agit l\u00e0 de \u00ab\u00a0pr\u00e9retraites d\u00e9guis\u00e9es\u00a0\u00bb, tout en pr\u00e9cisant que le contr\u00f4le de ce r\u00e9cent mode de rupture de CDI n\u2019est pas suffisant.<\/p>\n","protected":false},"excerpt":{"rendered":"<p>Selon les conditions \u00e9tablies par la loi d&rsquo;ao\u00fbt 2008 \u00ab portant modernisation du march\u00e9 du travail \u00bb et dans les articles L.1237-11 \u00e0 L.1237-16 du Code du travail, un salari\u00e9 et un employeur, engag\u00e9s dans un contrat \u00e0 dur\u00e9e ind\u00e9termin\u00e9e, peuvent cesser leur engagement d\u2019un commun accord. Il s\u2019agit de la rupture conventionnelle. Bien que [&hellip;]<\/p>\n","protected":false},"author":17,"featured_media":0,"comment_status":"open","ping_status":"open","sticky":false,"template":"","format":"quote","meta":{"_acf_changed":false,"_mi_skip_tracking":false,"footnotes":""},"categories":[5],"tags":[604,369,255],"class_list":["post-4897","post","type-post","status-publish","format-quote","hentry","category-droit-du-travail","tag-rupture","tag-rupture-contrat-de-travail","tag-rupture-conventionnelle","post_format-post-format-quote"],"acf":[],"yoast_head":"<!-- This site is optimized with the Yoast SEO plugin v23.4 - https:\/\/yoast.com\/wordpress\/plugins\/seo\/ -->\n<title>La rupture conventionnelle, un probl\u00e8me pour les seniors selon les syndicats - Le Blog GERESO<\/title>\n<meta name=\"robots\" content=\"index, follow, max-snippet:-1, max-image-preview:large, max-video-preview:-1\" \/>\n<link rel=\"canonical\" href=\"https:\/\/www.gereso.com\/actualites\/2016\/01\/15\/la-rupture-conventionnelle-un-probleme-pour-les-seniors-selon-les-syndicats\/\" \/>\n<meta property=\"og:locale\" content=\"fr_FR\" \/>\n<meta property=\"og:type\" content=\"article\" \/>\n<meta property=\"og:title\" content=\"La rupture conventionnelle, un probl\u00e8me pour les seniors selon les syndicats - Le Blog GERESO\" \/>\n<meta property=\"og:description\" content=\"Selon les conditions \u00e9tablies par la loi d&rsquo;ao\u00fbt 2008 \u00ab portant modernisation du march\u00e9 du travail \u00bb et dans les articles L.1237-11 \u00e0 L.1237-16 du Code du travail, un salari\u00e9 et un employeur, engag\u00e9s dans un contrat \u00e0 dur\u00e9e ind\u00e9termin\u00e9e, peuvent cesser leur engagement d\u2019un commun accord. Il s\u2019agit de la rupture conventionnelle. Bien que [&hellip;]\" \/>\n<meta property=\"og:url\" content=\"https:\/\/www.gereso.com\/actualites\/2016\/01\/15\/la-rupture-conventionnelle-un-probleme-pour-les-seniors-selon-les-syndicats\/\" \/>\n<meta property=\"og:site_name\" content=\"Le Blog GERESO\" \/>\n<meta property=\"article:published_time\" content=\"2016-01-15T08:27:41+00:00\" \/>\n<meta property=\"article:modified_time\" content=\"2016-02-02T13:28:30+00:00\" \/>\n<meta name=\"author\" content=\"Flash Expert\" \/>\n<meta name=\"twitter:card\" content=\"summary_large_image\" \/>\n<script type=\"application\/ld+json\" class=\"yoast-schema-graph\">{\"@context\":\"https:\/\/schema.org\",\"@graph\":[{\"@type\":\"WebPage\",\"@id\":\"https:\/\/www.gereso.com\/actualites\/2016\/01\/15\/la-rupture-conventionnelle-un-probleme-pour-les-seniors-selon-les-syndicats\/\",\"url\":\"https:\/\/www.gereso.com\/actualites\/2016\/01\/15\/la-rupture-conventionnelle-un-probleme-pour-les-seniors-selon-les-syndicats\/\",\"name\":\"La rupture conventionnelle, un probl\u00e8me pour les seniors selon les syndicats - Le Blog GERESO\",\"isPartOf\":{\"@id\":\"https:\/\/www.gereso.com\/actualites\/#website\"},\"datePublished\":\"2016-01-15T08:27:41+00:00\",\"dateModified\":\"2016-02-02T13:28:30+00:00\",\"author\":{\"@id\":\"https:\/\/www.gereso.com\/actualites\/#\/schema\/person\/a151fe125d0d42269ebf59ffcb5118c6\"},\"breadcrumb\":{\"@id\":\"https:\/\/www.gereso.com\/actualites\/2016\/01\/15\/la-rupture-conventionnelle-un-probleme-pour-les-seniors-selon-les-syndicats\/#breadcrumb\"},\"inLanguage\":\"fr-FR\",\"potentialAction\":[{\"@type\":\"ReadAction\",\"target\":[\"https:\/\/www.gereso.com\/actualites\/2016\/01\/15\/la-rupture-conventionnelle-un-probleme-pour-les-seniors-selon-les-syndicats\/\"]}]},{\"@type\":\"BreadcrumbList\",\"@id\":\"https:\/\/www.gereso.com\/actualites\/2016\/01\/15\/la-rupture-conventionnelle-un-probleme-pour-les-seniors-selon-les-syndicats\/#breadcrumb\",\"itemListElement\":[{\"@type\":\"ListItem\",\"position\":1,\"name\":\"Home\",\"item\":\"https:\/\/www.gereso.com\/actualites\/\"},{\"@type\":\"ListItem\",\"position\":2,\"name\":\"La rupture conventionnelle, un probl\u00e8me pour les seniors selon les syndicats\"}]},{\"@type\":\"WebSite\",\"@id\":\"https:\/\/www.gereso.com\/actualites\/#website\",\"url\":\"https:\/\/www.gereso.com\/actualites\/\",\"name\":\"Le Blog GERESO\",\"description\":\"Toute l&#039;actu RH, Finance, Fonction Publique, Management...\",\"potentialAction\":[{\"@type\":\"SearchAction\",\"target\":{\"@type\":\"EntryPoint\",\"urlTemplate\":\"https:\/\/www.gereso.com\/actualites\/?s={search_term_string}\"},\"query-input\":{\"@type\":\"PropertyValueSpecification\",\"valueRequired\":true,\"valueName\":\"search_term_string\"}}],\"inLanguage\":\"fr-FR\"},{\"@type\":\"Person\",\"@id\":\"https:\/\/www.gereso.com\/actualites\/#\/schema\/person\/a151fe125d0d42269ebf59ffcb5118c6\",\"name\":\"Flash Expert\",\"image\":{\"@type\":\"ImageObject\",\"inLanguage\":\"fr-FR\",\"@id\":\"https:\/\/www.gereso.com\/actualites\/#\/schema\/person\/image\/\",\"url\":\"https:\/\/www.gereso.com\/actualites\/wp-content\/uploads\/2013\/12\/avatar-gereso-1.png\",\"contentUrl\":\"https:\/\/www.gereso.com\/actualites\/wp-content\/uploads\/2013\/12\/avatar-gereso-1.png\",\"caption\":\"Flash Expert\"},\"url\":\"https:\/\/www.gereso.com\/actualites\/author\/flash-expert\/\"}]}<\/script>\n<!-- \/ Yoast SEO plugin. -->","yoast_head_json":{"title":"La rupture conventionnelle, un probl\u00e8me pour les seniors selon les syndicats - Le Blog GERESO","robots":{"index":"index","follow":"follow","max-snippet":"max-snippet:-1","max-image-preview":"max-image-preview:large","max-video-preview":"max-video-preview:-1"},"canonical":"https:\/\/www.gereso.com\/actualites\/2016\/01\/15\/la-rupture-conventionnelle-un-probleme-pour-les-seniors-selon-les-syndicats\/","og_locale":"fr_FR","og_type":"article","og_title":"La rupture conventionnelle, un probl\u00e8me pour les seniors selon les syndicats - Le Blog GERESO","og_description":"Selon les conditions \u00e9tablies par la loi d&rsquo;ao\u00fbt 2008 \u00ab portant modernisation du march\u00e9 du travail \u00bb et dans les articles L.1237-11 \u00e0 L.1237-16 du Code du travail, un salari\u00e9 et un employeur, engag\u00e9s dans un contrat \u00e0 dur\u00e9e ind\u00e9termin\u00e9e, peuvent cesser leur engagement d\u2019un commun accord. Il s\u2019agit de la rupture conventionnelle. Bien que [&hellip;]","og_url":"https:\/\/www.gereso.com\/actualites\/2016\/01\/15\/la-rupture-conventionnelle-un-probleme-pour-les-seniors-selon-les-syndicats\/","og_site_name":"Le Blog GERESO","article_published_time":"2016-01-15T08:27:41+00:00","article_modified_time":"2016-02-02T13:28:30+00:00","author":"Flash Expert","twitter_card":"summary_large_image","schema":{"@context":"https:\/\/schema.org","@graph":[{"@type":"WebPage","@id":"https:\/\/www.gereso.com\/actualites\/2016\/01\/15\/la-rupture-conventionnelle-un-probleme-pour-les-seniors-selon-les-syndicats\/","url":"https:\/\/www.gereso.com\/actualites\/2016\/01\/15\/la-rupture-conventionnelle-un-probleme-pour-les-seniors-selon-les-syndicats\/","name":"La rupture conventionnelle, un probl\u00e8me pour les seniors selon les syndicats - Le Blog GERESO","isPartOf":{"@id":"https:\/\/www.gereso.com\/actualites\/#website"},"datePublished":"2016-01-15T08:27:41+00:00","dateModified":"2016-02-02T13:28:30+00:00","author":{"@id":"https:\/\/www.gereso.com\/actualites\/#\/schema\/person\/a151fe125d0d42269ebf59ffcb5118c6"},"breadcrumb":{"@id":"https:\/\/www.gereso.com\/actualites\/2016\/01\/15\/la-rupture-conventionnelle-un-probleme-pour-les-seniors-selon-les-syndicats\/#breadcrumb"},"inLanguage":"fr-FR","potentialAction":[{"@type":"ReadAction","target":["https:\/\/www.gereso.com\/actualites\/2016\/01\/15\/la-rupture-conventionnelle-un-probleme-pour-les-seniors-selon-les-syndicats\/"]}]},{"@type":"BreadcrumbList","@id":"https:\/\/www.gereso.com\/actualites\/2016\/01\/15\/la-rupture-conventionnelle-un-probleme-pour-les-seniors-selon-les-syndicats\/#breadcrumb","itemListElement":[{"@type":"ListItem","position":1,"name":"Home","item":"https:\/\/www.gereso.com\/actualites\/"},{"@type":"ListItem","position":2,"name":"La rupture conventionnelle, un probl\u00e8me pour les seniors selon les syndicats"}]},{"@type":"WebSite","@id":"https:\/\/www.gereso.com\/actualites\/#website","url":"https:\/\/www.gereso.com\/actualites\/","name":"Le Blog GERESO","description":"Toute l&#039;actu RH, Finance, Fonction Publique, Management...","potentialAction":[{"@type":"SearchAction","target":{"@type":"EntryPoint","urlTemplate":"https:\/\/www.gereso.com\/actualites\/?s={search_term_string}"},"query-input":{"@type":"PropertyValueSpecification","valueRequired":true,"valueName":"search_term_string"}}],"inLanguage":"fr-FR"},{"@type":"Person","@id":"https:\/\/www.gereso.com\/actualites\/#\/schema\/person\/a151fe125d0d42269ebf59ffcb5118c6","name":"Flash Expert","image":{"@type":"ImageObject","inLanguage":"fr-FR","@id":"https:\/\/www.gereso.com\/actualites\/#\/schema\/person\/image\/","url":"https:\/\/www.gereso.com\/actualites\/wp-content\/uploads\/2013\/12\/avatar-gereso-1.png","contentUrl":"https:\/\/www.gereso.com\/actualites\/wp-content\/uploads\/2013\/12\/avatar-gereso-1.png","caption":"Flash Expert"},"url":"https:\/\/www.gereso.com\/actualites\/author\/flash-expert\/"}]}},"_links":{"self":[{"href":"https:\/\/www.gereso.com\/actualites\/wp-json\/wp\/v2\/posts\/4897","targetHints":{"allow":["GET"]}}],"collection":[{"href":"https:\/\/www.gereso.com\/actualites\/wp-json\/wp\/v2\/posts"}],"about":[{"href":"https:\/\/www.gereso.com\/actualites\/wp-json\/wp\/v2\/types\/post"}],"author":[{"embeddable":true,"href":"https:\/\/www.gereso.com\/actualites\/wp-json\/wp\/v2\/users\/17"}],"replies":[{"embeddable":true,"href":"https:\/\/www.gereso.com\/actualites\/wp-json\/wp\/v2\/comments?post=4897"}],"version-history":[{"count":0,"href":"https:\/\/www.gereso.com\/actualites\/wp-json\/wp\/v2\/posts\/4897\/revisions"}],"wp:attachment":[{"href":"https:\/\/www.gereso.com\/actualites\/wp-json\/wp\/v2\/media?parent=4897"}],"wp:term":[{"taxonomy":"category","embeddable":true,"href":"https:\/\/www.gereso.com\/actualites\/wp-json\/wp\/v2\/categories?post=4897"},{"taxonomy":"post_tag","embeddable":true,"href":"https:\/\/www.gereso.com\/actualites\/wp-json\/wp\/v2\/tags?post=4897"}],"curies":[{"name":"wp","href":"https:\/\/api.w.org\/{rel}","templated":true}]}}