{"id":4925,"date":"2016-01-15T16:40:24","date_gmt":"2016-01-15T15:40:24","guid":{"rendered":"https:\/\/www.gereso.com\/actualites\/?p=4925"},"modified":"2016-02-02T14:29:58","modified_gmt":"2016-02-02T13:29:58","slug":"publication-de-la-loi-de-finances-pour-2016","status":"publish","type":"post","link":"https:\/\/www.gereso.com\/actualites\/2016\/01\/15\/publication-de-la-loi-de-finances-pour-2016\/","title":{"rendered":"Publication de la loi de finances pour 2016"},"content":{"rendered":"<p>La loi de finances pour 2016 ainsi que la loi de finances rectificative pour 2015 ont \u00e9t\u00e9 publi\u00e9es au Journal officiel le 30 d\u00e9cembre 2015.<\/p>\n<p>Avant leur diffusion, elles ont fait l\u2019objet d\u2019un examen par le Conseil constitutionnel.<\/p>\n<p>Certaines dispositions ont \u00e9t\u00e9 censur\u00e9es. Ainsi, aux yeux du Conseil constitutionnel, les dispositions portant sur l\u2019instauration d\u2019une r\u00e9duction d\u00e9gressive de Contribution sociale g\u00e9n\u00e9ralis\u00e9e appel\u00e9e \u00ab amendement Ayrault \u00bb sont inconstitutionnelles. Les principales mesures fiscales concernant les entreprises pour 2016 sont les suivants :<\/p>\n<ul>\n<li>R\u00e9duction du seuil de d\u00e9clenchement de la taxation en France \u00e0 la TVA des ventes \u00e0 distance ;<\/li>\n<li>Restauration et am\u00e9nagement de certains avantages en relation \u00e0 l\u2019adh\u00e9sion \u00e0 un Organisme de Gestion Agr\u00e9\u00e9 (OGA )<\/li>\n<li>Jusqu\u2019au 31 d\u00e9cembre 2020, prorogation l\u2019exon\u00e9ration en zones de revitalisation rurale (ZRR) ;<\/li>\n<li>Instauration de l\u2019obligation d\u2019employer des syst\u00e8mes de caisse s\u00e9curis\u00e9e et des logiciels de comptabilit\u00e9 ;<\/li>\n<li>Introduction d\u2019un amortissement sp\u00e9cial pour les imprimantes 3D ;<\/li>\n<\/ul>\n<p>Loi n\u00b0 2015-1785 du 29 d\u00e9cembre 2015 : <a href=\"http:\/\/www.legifrance.gouv.fr\/eli\/loi\/2015\/12\/29\/FCPX1519907L\/jo\/texte\" target=\"_blank\" rel=\"nofollow\">http:\/\/www.legifrance.gouv.fr\/eli\/loi\/2015\/12\/29\/FCPX1519907L\/jo\/texte<\/a><\/p>\n<p><span style=\"color: #000000; font-family: Arial; font-size: 13px; line-height: normal; white-space: pre-wrap;\">\u00a0<\/span><\/p>\n","protected":false},"excerpt":{"rendered":"<p>La loi de finances pour 2016 ainsi que la loi de finances rectificative pour 2015 ont \u00e9t\u00e9 publi\u00e9es au Journal officiel le 30 d\u00e9cembre 2015. Avant leur diffusion, elles ont fait l\u2019objet d\u2019un examen par le Conseil constitutionnel. Certaines dispositions ont \u00e9t\u00e9 censur\u00e9es. Ainsi, aux yeux du Conseil constitutionnel, les dispositions portant sur l\u2019instauration d\u2019une [&hellip;]<\/p>\n","protected":false},"author":17,"featured_media":0,"comment_status":"open","ping_status":"open","sticky":false,"template":"","format":"quote","meta":{"_acf_changed":false,"_mi_skip_tracking":false,"footnotes":""},"categories":[3],"tags":[164],"class_list":["post-4925","post","type-post","status-publish","format-quote","hentry","category-comptabilite-fiscalite-et-gestion-financiere","tag-loi","post_format-post-format-quote"],"acf":[],"yoast_head":"<!-- This site is optimized with the Yoast SEO plugin v23.4 - https:\/\/yoast.com\/wordpress\/plugins\/seo\/ -->\n<title>Publication de la loi de finances pour 2016 - Le Blog GERESO<\/title>\n<meta name=\"robots\" content=\"index, follow, max-snippet:-1, max-image-preview:large, max-video-preview:-1\" \/>\n<link rel=\"canonical\" href=\"https:\/\/www.gereso.com\/actualites\/2016\/01\/15\/publication-de-la-loi-de-finances-pour-2016\/\" \/>\n<meta property=\"og:locale\" content=\"fr_FR\" \/>\n<meta property=\"og:type\" content=\"article\" \/>\n<meta property=\"og:title\" content=\"Publication de la loi de finances pour 2016 - Le Blog GERESO\" \/>\n<meta property=\"og:description\" content=\"La loi de finances pour 2016 ainsi que la loi de finances rectificative pour 2015 ont \u00e9t\u00e9 publi\u00e9es au Journal officiel le 30 d\u00e9cembre 2015. Avant leur diffusion, elles ont fait l\u2019objet d\u2019un examen par le Conseil constitutionnel. Certaines dispositions ont \u00e9t\u00e9 censur\u00e9es. Ainsi, aux yeux du Conseil constitutionnel, les dispositions portant sur l\u2019instauration d\u2019une [&hellip;]\" \/>\n<meta property=\"og:url\" content=\"https:\/\/www.gereso.com\/actualites\/2016\/01\/15\/publication-de-la-loi-de-finances-pour-2016\/\" \/>\n<meta property=\"og:site_name\" content=\"Le Blog GERESO\" \/>\n<meta property=\"article:published_time\" content=\"2016-01-15T15:40:24+00:00\" \/>\n<meta property=\"article:modified_time\" content=\"2016-02-02T13:29:58+00:00\" \/>\n<meta name=\"author\" content=\"Flash Expert\" \/>\n<meta name=\"twitter:card\" content=\"summary_large_image\" \/>\n<script type=\"application\/ld+json\" class=\"yoast-schema-graph\">{\"@context\":\"https:\/\/schema.org\",\"@graph\":[{\"@type\":\"WebPage\",\"@id\":\"https:\/\/www.gereso.com\/actualites\/2016\/01\/15\/publication-de-la-loi-de-finances-pour-2016\/\",\"url\":\"https:\/\/www.gereso.com\/actualites\/2016\/01\/15\/publication-de-la-loi-de-finances-pour-2016\/\",\"name\":\"Publication de la loi de finances pour 2016 - Le Blog GERESO\",\"isPartOf\":{\"@id\":\"https:\/\/www.gereso.com\/actualites\/#website\"},\"datePublished\":\"2016-01-15T15:40:24+00:00\",\"dateModified\":\"2016-02-02T13:29:58+00:00\",\"author\":{\"@id\":\"https:\/\/www.gereso.com\/actualites\/#\/schema\/person\/a151fe125d0d42269ebf59ffcb5118c6\"},\"breadcrumb\":{\"@id\":\"https:\/\/www.gereso.com\/actualites\/2016\/01\/15\/publication-de-la-loi-de-finances-pour-2016\/#breadcrumb\"},\"inLanguage\":\"fr-FR\",\"potentialAction\":[{\"@type\":\"ReadAction\",\"target\":[\"https:\/\/www.gereso.com\/actualites\/2016\/01\/15\/publication-de-la-loi-de-finances-pour-2016\/\"]}]},{\"@type\":\"BreadcrumbList\",\"@id\":\"https:\/\/www.gereso.com\/actualites\/2016\/01\/15\/publication-de-la-loi-de-finances-pour-2016\/#breadcrumb\",\"itemListElement\":[{\"@type\":\"ListItem\",\"position\":1,\"name\":\"Home\",\"item\":\"https:\/\/www.gereso.com\/actualites\/\"},{\"@type\":\"ListItem\",\"position\":2,\"name\":\"Publication de la loi de finances pour 2016\"}]},{\"@type\":\"WebSite\",\"@id\":\"https:\/\/www.gereso.com\/actualites\/#website\",\"url\":\"https:\/\/www.gereso.com\/actualites\/\",\"name\":\"Le Blog GERESO\",\"description\":\"Toute l&#039;actu RH, Finance, Fonction Publique, Management...\",\"potentialAction\":[{\"@type\":\"SearchAction\",\"target\":{\"@type\":\"EntryPoint\",\"urlTemplate\":\"https:\/\/www.gereso.com\/actualites\/?s={search_term_string}\"},\"query-input\":{\"@type\":\"PropertyValueSpecification\",\"valueRequired\":true,\"valueName\":\"search_term_string\"}}],\"inLanguage\":\"fr-FR\"},{\"@type\":\"Person\",\"@id\":\"https:\/\/www.gereso.com\/actualites\/#\/schema\/person\/a151fe125d0d42269ebf59ffcb5118c6\",\"name\":\"Flash Expert\",\"image\":{\"@type\":\"ImageObject\",\"inLanguage\":\"fr-FR\",\"@id\":\"https:\/\/www.gereso.com\/actualites\/#\/schema\/person\/image\/\",\"url\":\"https:\/\/www.gereso.com\/actualites\/wp-content\/uploads\/2013\/12\/avatar-gereso-1.png\",\"contentUrl\":\"https:\/\/www.gereso.com\/actualites\/wp-content\/uploads\/2013\/12\/avatar-gereso-1.png\",\"caption\":\"Flash Expert\"},\"url\":\"https:\/\/www.gereso.com\/actualites\/author\/flash-expert\/\"}]}<\/script>\n<!-- \/ Yoast SEO plugin. -->","yoast_head_json":{"title":"Publication de la loi de finances pour 2016 - Le Blog GERESO","robots":{"index":"index","follow":"follow","max-snippet":"max-snippet:-1","max-image-preview":"max-image-preview:large","max-video-preview":"max-video-preview:-1"},"canonical":"https:\/\/www.gereso.com\/actualites\/2016\/01\/15\/publication-de-la-loi-de-finances-pour-2016\/","og_locale":"fr_FR","og_type":"article","og_title":"Publication de la loi de finances pour 2016 - Le Blog GERESO","og_description":"La loi de finances pour 2016 ainsi que la loi de finances rectificative pour 2015 ont \u00e9t\u00e9 publi\u00e9es au Journal officiel le 30 d\u00e9cembre 2015. Avant leur diffusion, elles ont fait l\u2019objet d\u2019un examen par le Conseil constitutionnel. Certaines dispositions ont \u00e9t\u00e9 censur\u00e9es. Ainsi, aux yeux du Conseil constitutionnel, les dispositions portant sur l\u2019instauration d\u2019une [&hellip;]","og_url":"https:\/\/www.gereso.com\/actualites\/2016\/01\/15\/publication-de-la-loi-de-finances-pour-2016\/","og_site_name":"Le Blog GERESO","article_published_time":"2016-01-15T15:40:24+00:00","article_modified_time":"2016-02-02T13:29:58+00:00","author":"Flash Expert","twitter_card":"summary_large_image","schema":{"@context":"https:\/\/schema.org","@graph":[{"@type":"WebPage","@id":"https:\/\/www.gereso.com\/actualites\/2016\/01\/15\/publication-de-la-loi-de-finances-pour-2016\/","url":"https:\/\/www.gereso.com\/actualites\/2016\/01\/15\/publication-de-la-loi-de-finances-pour-2016\/","name":"Publication de la loi de finances pour 2016 - Le Blog GERESO","isPartOf":{"@id":"https:\/\/www.gereso.com\/actualites\/#website"},"datePublished":"2016-01-15T15:40:24+00:00","dateModified":"2016-02-02T13:29:58+00:00","author":{"@id":"https:\/\/www.gereso.com\/actualites\/#\/schema\/person\/a151fe125d0d42269ebf59ffcb5118c6"},"breadcrumb":{"@id":"https:\/\/www.gereso.com\/actualites\/2016\/01\/15\/publication-de-la-loi-de-finances-pour-2016\/#breadcrumb"},"inLanguage":"fr-FR","potentialAction":[{"@type":"ReadAction","target":["https:\/\/www.gereso.com\/actualites\/2016\/01\/15\/publication-de-la-loi-de-finances-pour-2016\/"]}]},{"@type":"BreadcrumbList","@id":"https:\/\/www.gereso.com\/actualites\/2016\/01\/15\/publication-de-la-loi-de-finances-pour-2016\/#breadcrumb","itemListElement":[{"@type":"ListItem","position":1,"name":"Home","item":"https:\/\/www.gereso.com\/actualites\/"},{"@type":"ListItem","position":2,"name":"Publication de la loi de finances pour 2016"}]},{"@type":"WebSite","@id":"https:\/\/www.gereso.com\/actualites\/#website","url":"https:\/\/www.gereso.com\/actualites\/","name":"Le Blog GERESO","description":"Toute l&#039;actu RH, Finance, Fonction Publique, Management...","potentialAction":[{"@type":"SearchAction","target":{"@type":"EntryPoint","urlTemplate":"https:\/\/www.gereso.com\/actualites\/?s={search_term_string}"},"query-input":{"@type":"PropertyValueSpecification","valueRequired":true,"valueName":"search_term_string"}}],"inLanguage":"fr-FR"},{"@type":"Person","@id":"https:\/\/www.gereso.com\/actualites\/#\/schema\/person\/a151fe125d0d42269ebf59ffcb5118c6","name":"Flash Expert","image":{"@type":"ImageObject","inLanguage":"fr-FR","@id":"https:\/\/www.gereso.com\/actualites\/#\/schema\/person\/image\/","url":"https:\/\/www.gereso.com\/actualites\/wp-content\/uploads\/2013\/12\/avatar-gereso-1.png","contentUrl":"https:\/\/www.gereso.com\/actualites\/wp-content\/uploads\/2013\/12\/avatar-gereso-1.png","caption":"Flash Expert"},"url":"https:\/\/www.gereso.com\/actualites\/author\/flash-expert\/"}]}},"_links":{"self":[{"href":"https:\/\/www.gereso.com\/actualites\/wp-json\/wp\/v2\/posts\/4925","targetHints":{"allow":["GET"]}}],"collection":[{"href":"https:\/\/www.gereso.com\/actualites\/wp-json\/wp\/v2\/posts"}],"about":[{"href":"https:\/\/www.gereso.com\/actualites\/wp-json\/wp\/v2\/types\/post"}],"author":[{"embeddable":true,"href":"https:\/\/www.gereso.com\/actualites\/wp-json\/wp\/v2\/users\/17"}],"replies":[{"embeddable":true,"href":"https:\/\/www.gereso.com\/actualites\/wp-json\/wp\/v2\/comments?post=4925"}],"version-history":[{"count":0,"href":"https:\/\/www.gereso.com\/actualites\/wp-json\/wp\/v2\/posts\/4925\/revisions"}],"wp:attachment":[{"href":"https:\/\/www.gereso.com\/actualites\/wp-json\/wp\/v2\/media?parent=4925"}],"wp:term":[{"taxonomy":"category","embeddable":true,"href":"https:\/\/www.gereso.com\/actualites\/wp-json\/wp\/v2\/categories?post=4925"},{"taxonomy":"post_tag","embeddable":true,"href":"https:\/\/www.gereso.com\/actualites\/wp-json\/wp\/v2\/tags?post=4925"}],"curies":[{"name":"wp","href":"https:\/\/api.w.org\/{rel}","templated":true}]}}